{"id":15997,"date":"2024-08-22T16:01:18","date_gmt":"2024-08-22T14:01:18","guid":{"rendered":"https:\/\/www.naturparkmagazin.de\/stechlin\/?p=15997"},"modified":"2024-08-26T15:42:42","modified_gmt":"2024-08-26T13:42:42","slug":"rollender-feldtag-zum-hanfanbau-am-10-september-2024","status":"publish","type":"post","link":"https:\/\/www.naturparkmagazin.de\/stechlin\/rollender-feldtag-zum-hanfanbau-am-10-september-2024\/","title":{"rendered":"Rollender Feldtag zum Hanfanbau am 10. September 2024"},"content":{"rendered":"<p>Der \u201e<em>Rollende Feldtag<\/em>\u201c im letzten Jahr hat nicht nur Spa\u00df gemacht. Die Bustour zu f\u00fcnf verschiedenen Hanfschl\u00e4gen hat aufgezeigt, dass der Anbau von Hanf f\u00fcr Landwirte sehr herausfordernd ist. Wir unterst\u00fctzen Landwirte auf diesem Weg und sorgen f\u00fcr fachlichen Austausch. Letztendlich liegt die Wahrheit doch auf dem Acker.<\/p>\n<div id=\"attachment_14150\" style=\"width: 510px\" class=\"wp-caption aligncenter\"><a href=\"https:\/\/www.naturparkmagazin.de\/stechlin\/wp-content\/uploads\/sites\/38\/200623_feldtag1.jpg\"><img aria-describedby=\"caption-attachment-14150\" decoding=\"async\" loading=\"lazy\" class=\"size-full wp-image-14150\" src=\"https:\/\/www.naturparkmagazin.de\/stechlin\/wp-content\/uploads\/sites\/38\/200623_feldtag1.jpg\" alt=\"\" width=\"500\" height=\"300\" srcset=\"https:\/\/www.naturparkmagazin.de\/stechlin\/wp-content\/uploads\/sites\/38\/200623_feldtag1.jpg 500w, https:\/\/www.naturparkmagazin.de\/stechlin\/wp-content\/uploads\/sites\/38\/200623_feldtag1-300x180.jpg 300w, https:\/\/www.naturparkmagazin.de\/stechlin\/wp-content\/uploads\/sites\/38\/200623_feldtag1-200x120.jpg 200w\" sizes=\"(max-width: 500px) 100vw, 500px\" \/><\/a><p id=\"caption-attachment-14150\" class=\"wp-caption-text\">Hanf-Feldtag auf der Bio Ranch Zempow\u00a9 Dr. Wilhelm Sch\u00e4kel<\/p><\/div>\n<p>Auch in diesem Jahr schauen wir uns den aktuellen Aufwuchs an und diskutieren mit den jeweiligen Landwirten direkt vor Ort. Der ehrliche Erfahrungsaustausch und das Lernen voneinander ist gerade f\u00fcr Landwirte, die noch keine oder wenig Erfahrung im Hanfanbau haben, wichtig f\u00fcr den Erfolg.<\/p>\n<p>Wir gehen am <strong>10. September 2024<\/strong> wieder auf Tour.<\/p>\n<div id=\"attachment_16039\" style=\"width: 510px\" class=\"wp-caption aligncenter\"><a href=\"https:\/\/www.naturparkmagazin.de\/stechlin\/wp-content\/uploads\/sites\/38\/20240910-Rollender-Feldtag-zum-Hanfanbau.jpg\"><img aria-describedby=\"caption-attachment-16039\" decoding=\"async\" loading=\"lazy\" class=\"size-full wp-image-16039\" src=\"https:\/\/www.naturparkmagazin.de\/stechlin\/wp-content\/uploads\/sites\/38\/20240910-Rollender-Feldtag-zum-Hanfanbau.jpg\" alt=\"\" width=\"500\" height=\"300\" srcset=\"https:\/\/www.naturparkmagazin.de\/stechlin\/wp-content\/uploads\/sites\/38\/20240910-Rollender-Feldtag-zum-Hanfanbau.jpg 500w, https:\/\/www.naturparkmagazin.de\/stechlin\/wp-content\/uploads\/sites\/38\/20240910-Rollender-Feldtag-zum-Hanfanbau-300x180.jpg 300w, https:\/\/www.naturparkmagazin.de\/stechlin\/wp-content\/uploads\/sites\/38\/20240910-Rollender-Feldtag-zum-Hanfanbau-200x120.jpg 200w\" sizes=\"(max-width: 500px) 100vw, 500px\" \/><\/a><p id=\"caption-attachment-16039\" class=\"wp-caption-text\">Mit dem Bus unterwegs zum &#8222;Rollenden Feldtag&#8220;.\u00a9 LPV Prignitz-Ruppiner Land e.V.<\/p><\/div>\n<p><strong>Start<\/strong>: <strong>Bahnhof Wittstock<\/strong><\/p>\n<p>Die Teilnahme ist kostenlos.<\/p>\n<p>Der genaue Fahrplan wird auf der <a href=\"http:\/\/neu.lpv-prignitz-ruppin.de\/lpv-prignitz-ruppiner-land.html\">Webseite des LPV<\/a> noch bekanntgegeben.<\/p>\n<p>F\u00fcr ein Mittagessen sorgen wir.<\/p>\n<p>Anmeldungen sind bereits m\u00f6glich unter: <a href=\"Hanf@lpv-prignitz-ruppin.de\">Hanf@lpv-prignitz-ruppin.de<\/a><\/p>\n","protected":false},"excerpt":{"rendered":"<p>Auch in diesem Jahr schauen wir uns den aktuellen Aufwuchs auf verschiedenen Hanfschl\u00e4gen  in der Region an und diskutieren mit den jeweiligen Landwirten direkt vor Ort.<\/p>\n","protected":false},"author":39,"featured_media":10703,"comment_status":"open","ping_status":"open","sticky":false,"template":"","format":"standard","meta":[],"categories":[11],"tags":[],"yoast_head":"<!-- This site is optimized with the Yoast SEO plugin v19.10 - https:\/\/yoast.com\/wordpress\/plugins\/seo\/ -->\n<title>Rollender Feldtag zum Hanfanbau am 10. September 2024 - Naturpark Stechlin-Ruppiner Land<\/title>\n<meta name=\"robots\" content=\"index, follow, max-snippet:-1, max-image-preview:large, max-video-preview:-1\" \/>\n<link rel=\"canonical\" href=\"https:\/\/www.naturparkmagazin.de\/stechlin\/rollender-feldtag-zum-hanfanbau-am-10-september-2024\/\" \/>\n<meta property=\"og:locale\" content=\"de_DE\" \/>\n<meta property=\"og:type\" content=\"article\" \/>\n<meta property=\"og:title\" content=\"Rollender Feldtag zum Hanfanbau am 10. September 2024 - Naturpark Stechlin-Ruppiner Land\" \/>\n<meta property=\"og:description\" content=\"Auch in diesem Jahr schauen wir uns den aktuellen Aufwuchs auf verschiedenen Hanfschl\u00e4gen in der Region an und diskutieren mit den jeweiligen Landwirten direkt vor Ort.\" \/>\n<meta property=\"og:url\" content=\"https:\/\/www.naturparkmagazin.de\/stechlin\/rollender-feldtag-zum-hanfanbau-am-10-september-2024\/\" \/>\n<meta property=\"og:site_name\" content=\"Naturpark Stechlin-Ruppiner Land\" \/>\n<meta property=\"article:published_time\" content=\"2024-08-22T14:01:18+00:00\" \/>\n<meta property=\"article:modified_time\" content=\"2024-08-26T13:42:42+00:00\" \/>\n<meta property=\"og:image\" content=\"https:\/\/www.naturparkmagazin.de\/stechlin\/wp-content\/uploads\/sites\/38\/hanf_1.jpg\" \/>\n\t<meta property=\"og:image:width\" content=\"200\" \/>\n\t<meta property=\"og:image:height\" content=\"200\" \/>\n\t<meta property=\"og:image:type\" content=\"image\/jpeg\" \/>\n<meta name=\"author\" content=\"marioschrumpf\" \/>\n<meta name=\"twitter:label1\" content=\"Verfasst von\" \/>\n\t<meta name=\"twitter:data1\" content=\"marioschrumpf\" \/>\n\t<meta name=\"twitter:label2\" content=\"Gesch\u00e4tzte Lesezeit\" \/>\n\t<meta name=\"twitter:data2\" content=\"2\u00a0Minuten\" \/>\n<script type=\"application\/ld+json\" class=\"yoast-schema-graph\">{\"@context\":\"https:\/\/schema.org\",\"@graph\":[{\"@type\":\"WebPage\",\"@id\":\"https:\/\/www.naturparkmagazin.de\/stechlin\/rollender-feldtag-zum-hanfanbau-am-10-september-2024\/\",\"url\":\"https:\/\/www.naturparkmagazin.de\/stechlin\/rollender-feldtag-zum-hanfanbau-am-10-september-2024\/\",\"name\":\"Rollender Feldtag zum Hanfanbau am 10. September 2024 - Naturpark Stechlin-Ruppiner Land\",\"isPartOf\":{\"@id\":\"https:\/\/www.naturparkmagazin.de\/stechlin\/#website\"},\"datePublished\":\"2024-08-22T14:01:18+00:00\",\"dateModified\":\"2024-08-26T13:42:42+00:00\",\"author\":{\"@id\":\"https:\/\/www.naturparkmagazin.de\/stechlin\/#\/schema\/person\/3f0d93203df21c806dd63c76d9bb28bc\"},\"breadcrumb\":{\"@id\":\"https:\/\/www.naturparkmagazin.de\/stechlin\/rollender-feldtag-zum-hanfanbau-am-10-september-2024\/#breadcrumb\"},\"inLanguage\":\"de\",\"potentialAction\":[{\"@type\":\"ReadAction\",\"target\":[\"https:\/\/www.naturparkmagazin.de\/stechlin\/rollender-feldtag-zum-hanfanbau-am-10-september-2024\/\"]}]},{\"@type\":\"BreadcrumbList\",\"@id\":\"https:\/\/www.naturparkmagazin.de\/stechlin\/rollender-feldtag-zum-hanfanbau-am-10-september-2024\/#breadcrumb\",\"itemListElement\":[{\"@type\":\"ListItem\",\"position\":1,\"name\":\"Home\",\"item\":\"https:\/\/www.naturparkmagazin.de\/stechlin\/\"},{\"@type\":\"ListItem\",\"position\":2,\"name\":\"Rollender Feldtag zum Hanfanbau am 10. September 2024\"}]},{\"@type\":\"WebSite\",\"@id\":\"https:\/\/www.naturparkmagazin.de\/stechlin\/#website\",\"url\":\"https:\/\/www.naturparkmagazin.de\/stechlin\/\",\"name\":\"Naturpark Stechlin-Ruppiner Land\",\"description\":\"\",\"potentialAction\":[{\"@type\":\"SearchAction\",\"target\":{\"@type\":\"EntryPoint\",\"urlTemplate\":\"https:\/\/www.naturparkmagazin.de\/stechlin\/?s={search_term_string}\"},\"query-input\":\"required name=search_term_string\"}],\"inLanguage\":\"de\"},{\"@type\":\"Person\",\"@id\":\"https:\/\/www.naturparkmagazin.de\/stechlin\/#\/schema\/person\/3f0d93203df21c806dd63c76d9bb28bc\",\"name\":\"marioschrumpf\",\"url\":\"https:\/\/www.naturparkmagazin.de\/stechlin\/author\/marioschrumpf\/\"}]}<\/script>\n<!-- \/ Yoast SEO plugin. -->","yoast_head_json":{"title":"Rollender Feldtag zum Hanfanbau am 10. September 2024 - Naturpark Stechlin-Ruppiner Land","robots":{"index":"index","follow":"follow","max-snippet":"max-snippet:-1","max-image-preview":"max-image-preview:large","max-video-preview":"max-video-preview:-1"},"canonical":"https:\/\/www.naturparkmagazin.de\/stechlin\/rollender-feldtag-zum-hanfanbau-am-10-september-2024\/","og_locale":"de_DE","og_type":"article","og_title":"Rollender Feldtag zum Hanfanbau am 10. September 2024 - Naturpark Stechlin-Ruppiner Land","og_description":"Auch in diesem Jahr schauen wir uns den aktuellen Aufwuchs auf verschiedenen Hanfschl\u00e4gen in der Region an und diskutieren mit den jeweiligen Landwirten direkt vor Ort.","og_url":"https:\/\/www.naturparkmagazin.de\/stechlin\/rollender-feldtag-zum-hanfanbau-am-10-september-2024\/","og_site_name":"Naturpark Stechlin-Ruppiner Land","article_published_time":"2024-08-22T14:01:18+00:00","article_modified_time":"2024-08-26T13:42:42+00:00","og_image":[{"width":200,"height":200,"url":"https:\/\/www.naturparkmagazin.de\/stechlin\/wp-content\/uploads\/sites\/38\/hanf_1.jpg","type":"image\/jpeg"}],"author":"marioschrumpf","twitter_misc":{"Verfasst von":"marioschrumpf","Gesch\u00e4tzte Lesezeit":"2\u00a0Minuten"},"schema":{"@context":"https:\/\/schema.org","@graph":[{"@type":"WebPage","@id":"https:\/\/www.naturparkmagazin.de\/stechlin\/rollender-feldtag-zum-hanfanbau-am-10-september-2024\/","url":"https:\/\/www.naturparkmagazin.de\/stechlin\/rollender-feldtag-zum-hanfanbau-am-10-september-2024\/","name":"Rollender Feldtag zum Hanfanbau am 10. September 2024 - Naturpark Stechlin-Ruppiner Land","isPartOf":{"@id":"https:\/\/www.naturparkmagazin.de\/stechlin\/#website"},"datePublished":"2024-08-22T14:01:18+00:00","dateModified":"2024-08-26T13:42:42+00:00","author":{"@id":"https:\/\/www.naturparkmagazin.de\/stechlin\/#\/schema\/person\/3f0d93203df21c806dd63c76d9bb28bc"},"breadcrumb":{"@id":"https:\/\/www.naturparkmagazin.de\/stechlin\/rollender-feldtag-zum-hanfanbau-am-10-september-2024\/#breadcrumb"},"inLanguage":"de","potentialAction":[{"@type":"ReadAction","target":["https:\/\/www.naturparkmagazin.de\/stechlin\/rollender-feldtag-zum-hanfanbau-am-10-september-2024\/"]}]},{"@type":"BreadcrumbList","@id":"https:\/\/www.naturparkmagazin.de\/stechlin\/rollender-feldtag-zum-hanfanbau-am-10-september-2024\/#breadcrumb","itemListElement":[{"@type":"ListItem","position":1,"name":"Home","item":"https:\/\/www.naturparkmagazin.de\/stechlin\/"},{"@type":"ListItem","position":2,"name":"Rollender Feldtag zum Hanfanbau am 10. September 2024"}]},{"@type":"WebSite","@id":"https:\/\/www.naturparkmagazin.de\/stechlin\/#website","url":"https:\/\/www.naturparkmagazin.de\/stechlin\/","name":"Naturpark Stechlin-Ruppiner Land","description":"","potentialAction":[{"@type":"SearchAction","target":{"@type":"EntryPoint","urlTemplate":"https:\/\/www.naturparkmagazin.de\/stechlin\/?s={search_term_string}"},"query-input":"required name=search_term_string"}],"inLanguage":"de"},{"@type":"Person","@id":"https:\/\/www.naturparkmagazin.de\/stechlin\/#\/schema\/person\/3f0d93203df21c806dd63c76d9bb28bc","name":"marioschrumpf","url":"https:\/\/www.naturparkmagazin.de\/stechlin\/author\/marioschrumpf\/"}]}},"_links":{"self":[{"href":"https:\/\/www.naturparkmagazin.de\/stechlin\/wp-json\/wp\/v2\/posts\/15997"}],"collection":[{"href":"https:\/\/www.naturparkmagazin.de\/stechlin\/wp-json\/wp\/v2\/posts"}],"about":[{"href":"https:\/\/www.naturparkmagazin.de\/stechlin\/wp-json\/wp\/v2\/types\/post"}],"author":[{"embeddable":true,"href":"https:\/\/www.naturparkmagazin.de\/stechlin\/wp-json\/wp\/v2\/users\/39"}],"replies":[{"embeddable":true,"href":"https:\/\/www.naturparkmagazin.de\/stechlin\/wp-json\/wp\/v2\/comments?post=15997"}],"version-history":[{"count":6,"href":"https:\/\/www.naturparkmagazin.de\/stechlin\/wp-json\/wp\/v2\/posts\/15997\/revisions"}],"predecessor-version":[{"id":16137,"href":"https:\/\/www.naturparkmagazin.de\/stechlin\/wp-json\/wp\/v2\/posts\/15997\/revisions\/16137"}],"wp:featuredmedia":[{"embeddable":true,"href":"https:\/\/www.naturparkmagazin.de\/stechlin\/wp-json\/wp\/v2\/media\/10703"}],"wp:attachment":[{"href":"https:\/\/www.naturparkmagazin.de\/stechlin\/wp-json\/wp\/v2\/media?parent=15997"}],"wp:term":[{"taxonomy":"category","embeddable":true,"href":"https:\/\/www.naturparkmagazin.de\/stechlin\/wp-json\/wp\/v2\/categories?post=15997"},{"taxonomy":"post_tag","embeddable":true,"href":"https:\/\/www.naturparkmagazin.de\/stechlin\/wp-json\/wp\/v2\/tags?post=15997"}],"curies":[{"name":"wp","href":"https:\/\/api.w.org\/{rel}","templated":true}]}}