{"id":15999,"date":"2024-08-22T16:02:53","date_gmt":"2024-08-22T14:02:53","guid":{"rendered":"https:\/\/www.naturparkmagazin.de\/stechlin\/?p=15999"},"modified":"2024-08-28T16:00:24","modified_gmt":"2024-08-28T14:00:24","slug":"5-temnitzer-heidelauf-am-7-september","status":"publish","type":"post","link":"https:\/\/www.naturparkmagazin.de\/stechlin\/5-temnitzer-heidelauf-am-7-september\/","title":{"rendered":"5. Temnitzer-Heidelauf am 7. September 2024"},"content":{"rendered":"<p><span style=\"font-size: 16px\">Die Vorbereitungen laufen auf Hochtouren. <\/span><strong>Am 7.9.2024 soll der Startschuss f\u00fcr den 5. Temnizter-Heide-Lauf fallen.<\/strong><\/p>\n<p>Es wird wieder mehrere Formate f\u00fcr Kinder und ambitionierte L\u00e4ufer geben.<\/p>\n<div id=\"attachment_13789\" style=\"width: 510px\" class=\"wp-caption aligncenter\"><a href=\"https:\/\/www.naturparkmagazin.de\/stechlin\/wp-content\/uploads\/sites\/38\/Start_Kinderlauf_THL_2019.jpg\"><img aria-describedby=\"caption-attachment-13789\" decoding=\"async\" loading=\"lazy\" class=\"wp-image-13789 size-full\" src=\"https:\/\/www.naturparkmagazin.de\/stechlin\/wp-content\/uploads\/sites\/38\/Start_Kinderlauf_THL_2019.jpg\" alt=\"\" width=\"500\" height=\"300\" srcset=\"https:\/\/www.naturparkmagazin.de\/stechlin\/wp-content\/uploads\/sites\/38\/Start_Kinderlauf_THL_2019.jpg 500w, https:\/\/www.naturparkmagazin.de\/stechlin\/wp-content\/uploads\/sites\/38\/Start_Kinderlauf_THL_2019-300x180.jpg 300w, https:\/\/www.naturparkmagazin.de\/stechlin\/wp-content\/uploads\/sites\/38\/Start_Kinderlauf_THL_2019-200x120.jpg 200w\" sizes=\"(max-width: 500px) 100vw, 500px\" \/><\/a><p id=\"caption-attachment-13789\" class=\"wp-caption-text\">Start f\u00fcr die J\u00fcngsten beim Temnitzer-Heide-Lauf\u00a9 Alexander Wolff<\/p><\/div>\n<p>Die L\u00e4ufer, Walker und Nordic Walker haben die Wahl zwischen unterschiedlichen Distanzen, entweder 10,5 km, 21,1 km oder 42,2 km. Kinder und Jugendliche gehen f\u00fcr 0,4 oder 2,3 km an den Start.<\/p>\n<div id=\"attachment_8811\" style=\"width: 510px\" class=\"wp-caption aligncenter\"><a href=\"https:\/\/www.naturparkmagazin.de\/stechlin\/wp-content\/uploads\/sites\/38\/sielmann-turm.jpeg\"><img aria-describedby=\"caption-attachment-8811\" decoding=\"async\" loading=\"lazy\" class=\"wp-image-8811 size-full\" src=\"https:\/\/www.naturparkmagazin.de\/stechlin\/wp-content\/uploads\/sites\/38\/sielmann-turm.jpeg\" alt=\"\" width=\"500\" height=\"300\" srcset=\"https:\/\/www.naturparkmagazin.de\/stechlin\/wp-content\/uploads\/sites\/38\/sielmann-turm.jpeg 500w, https:\/\/www.naturparkmagazin.de\/stechlin\/wp-content\/uploads\/sites\/38\/sielmann-turm-300x180.jpeg 300w, https:\/\/www.naturparkmagazin.de\/stechlin\/wp-content\/uploads\/sites\/38\/sielmann-turm-200x120.jpeg 200w\" sizes=\"(max-width: 500px) 100vw, 500px\" \/><\/a><p id=\"caption-attachment-8811\" class=\"wp-caption-text\">Laufstrecke in der Heide mit Naturbeobachtungsturm im Hintergrund\u00a9 Olaf Wolff<\/p><\/div>\n<p>Traditionell begleitet den Temnitzer-Heide-Lauf eine Wette zwischen dem Temnitzer Amtsdirektor Thomas Kresse und dem B\u00fcrgermeister der Gemeide Temnitzquell Bernd M\u00fcller.<\/p>\n<p><strong>In diesem Jahr steht die Wette unter einem ganz besonderem Motto:<\/strong><\/p>\n<p><strong>15 JAHRE FREIE HEIDE<\/strong><\/p>\n<p><em>Nach 15-j\u00e4hrigem Rechtsstreit hat das Oberverwaltungsgericht Berlin-Brandenburg am 27. M\u00e4rz 2009 entschieden, dass der Luft-Boden-Schie\u00dfplatz der Luftwaffe in der Kyritz-Ruppiner Heide in Nordbrandenburg,\u00a0<strong>das so genannte Bombodrom<\/strong>, auch k\u00fcnftig f\u00fcr Tiefflug\u00fcbungen gesperrt bleibt.<\/em><\/p>\n<p><em>Am 9. Juli 2009 erkl\u00e4rte der damalige Bundesverteidigungsminister Franz-Josef Jung, dass die Bundeswehr das Urteil akzeptiert und den Bombenabwurfplatz nicht in Betrieb nehmen werde.\u00a0<\/em><strong><em>Die Heide war endlich frei.<\/em><\/strong><\/p>\n<p>Heute schauen wir auf 15 Jahre friedliche Nutzung der Kyritz-Ruppiner Heide zur\u00fcck. Ein Grund f\u00fcr Freude, Dankbarkeit und zum Feiern!<\/p>\n<p>Gemeinsam mit Menschen aus unserer Region und hoffentlich mit vielen G\u00e4sten wollen wir am Tag des 5. Temnitz-Heide-Laufs daran erinnern.<\/p>\n<p><strong>Um diese Botschaft \u00fcber die Amtsgrenze hinauszutragen, soll die diesj\u00e4hrige WETTE mithelfen.<\/strong><\/p>\n<p><strong>Der B\u00fcrgermeister der Gemeinde Temnitzquell, Bernd M\u00fcller, wettet:<\/strong><\/p>\n<ul>\n<li>dass es dem Amtsdirektor des Amtes Temnitz,\u00a0<strong>Thomas Kresse<\/strong>, nicht gelingen wird,\u00a0<strong>15 Marathonl\u00e4ufer <\/strong>im Land Brandenburg zu finden, die ebenfalls Amtsdirektorin \/ Amtsdirektor oder B\u00fcrgermeisterin \/ B\u00fcrgermeister sind und beim 5. Temnitzer-Heide-Lauf durch das ZIEL laufen werden.<\/li>\n<li>Die Kollegen m\u00fcssen entweder selbst starten oder eine Vertreterin \/ einen Vertreter finden, die \/ der auf der Marathonstrecke f\u00fcr die jeweilige Stadt \/ Amt \/ Gemeinde startet.<\/li>\n<li>Alternativ k\u00f6nnen auch Hauptverwaltungsbeamte aus Mecklenburg-Vorpommern eingesetzt werden.<\/li>\n<li>Gemeinsam m\u00fcssen sie am 7. September in R\u00e4gelin auf dem Sportplatz sein oder alternativ eine Videobotschaft am Tag des Laufes hinterlassen.<\/li>\n<\/ul>\n<p><strong>WETTEINSATZ:\n<\/strong>Der Verlierer wird in einer <strong>Charity-Veranstaltung des Theatersommers Netzeband<\/strong> eine <strong>Gastrolle<\/strong>\u00a0\u00fcbernehmen.<\/p>\n<p>Der Erl\u00f6s dieser Veranstaltung wird wie immer Kindern und Jugendlichen aus Vereinen im Amt Temnitz zugute kommen.<\/p>\n<p>&nbsp;<\/p>\n<div id=\"attachment_10963\" style=\"width: 510px\" class=\"wp-caption aligncenter\"><a href=\"https:\/\/www.naturparkmagazin.de\/stechlin\/wp-content\/uploads\/sites\/38\/siegerehrung.jpg\"><img aria-describedby=\"caption-attachment-10963\" decoding=\"async\" loading=\"lazy\" class=\"wp-image-10963 size-full\" src=\"https:\/\/www.naturparkmagazin.de\/stechlin\/wp-content\/uploads\/sites\/38\/siegerehrung.jpg\" alt=\"\" width=\"500\" height=\"300\" srcset=\"https:\/\/www.naturparkmagazin.de\/stechlin\/wp-content\/uploads\/sites\/38\/siegerehrung.jpg 500w, https:\/\/www.naturparkmagazin.de\/stechlin\/wp-content\/uploads\/sites\/38\/siegerehrung-300x180.jpg 300w, https:\/\/www.naturparkmagazin.de\/stechlin\/wp-content\/uploads\/sites\/38\/siegerehrung-200x120.jpg 200w\" sizes=\"(max-width: 500px) 100vw, 500px\" \/><\/a><p id=\"caption-attachment-10963\" class=\"wp-caption-text\">Siegerehrung mit der Heidek\u00f6nigin\u00a9 Olaf Wolff<\/p><\/div>\n<p>Weitere Informationen und die M\u00f6glichkeit zur Anmeldung: <a href=\"http:\/\/www.temnitzer-heide-lauf.de\">www.temnitzer-heide-lauf.de<\/a><\/p>\n","protected":false},"excerpt":{"rendered":"<p>Die Vorbereitungen laufen auf Hochtouren f\u00fcr den 5. Temnitzer-Heide-Lauf.<\/p>\n","protected":false},"author":39,"featured_media":10961,"comment_status":"open","ping_status":"open","sticky":false,"template":"","format":"standard","meta":[],"categories":[11],"tags":[],"yoast_head":"<!-- This site is optimized with the Yoast SEO plugin v19.10 - https:\/\/yoast.com\/wordpress\/plugins\/seo\/ -->\n<title>5. Temnitzer-Heidelauf am 7. September 2024 - Naturpark Stechlin-Ruppiner Land<\/title>\n<meta name=\"robots\" content=\"index, follow, max-snippet:-1, max-image-preview:large, max-video-preview:-1\" \/>\n<link rel=\"canonical\" href=\"https:\/\/www.naturparkmagazin.de\/stechlin\/5-temnitzer-heidelauf-am-7-september\/\" \/>\n<meta property=\"og:locale\" content=\"de_DE\" \/>\n<meta property=\"og:type\" content=\"article\" \/>\n<meta property=\"og:title\" content=\"5. Temnitzer-Heidelauf am 7. September 2024 - Naturpark Stechlin-Ruppiner Land\" \/>\n<meta property=\"og:description\" content=\"Die Vorbereitungen laufen auf Hochtouren f\u00fcr den 5. Temnitzer-Heide-Lauf.\" \/>\n<meta property=\"og:url\" content=\"https:\/\/www.naturparkmagazin.de\/stechlin\/5-temnitzer-heidelauf-am-7-september\/\" \/>\n<meta property=\"og:site_name\" content=\"Naturpark Stechlin-Ruppiner Land\" \/>\n<meta property=\"article:published_time\" content=\"2024-08-22T14:02:53+00:00\" \/>\n<meta property=\"article:modified_time\" content=\"2024-08-28T14:00:24+00:00\" \/>\n<meta property=\"og:image\" content=\"https:\/\/www.naturparkmagazin.de\/stechlin\/wp-content\/uploads\/sites\/38\/heidelauf_a.jpg\" \/>\n\t<meta property=\"og:image:width\" content=\"200\" \/>\n\t<meta property=\"og:image:height\" content=\"200\" \/>\n\t<meta property=\"og:image:type\" content=\"image\/jpeg\" \/>\n<meta name=\"author\" content=\"marioschrumpf\" \/>\n<meta name=\"twitter:label1\" content=\"Verfasst von\" \/>\n\t<meta name=\"twitter:data1\" content=\"marioschrumpf\" \/>\n\t<meta name=\"twitter:label2\" content=\"Gesch\u00e4tzte Lesezeit\" \/>\n\t<meta name=\"twitter:data2\" content=\"3\u00a0Minuten\" \/>\n<script type=\"application\/ld+json\" class=\"yoast-schema-graph\">{\"@context\":\"https:\/\/schema.org\",\"@graph\":[{\"@type\":\"WebPage\",\"@id\":\"https:\/\/www.naturparkmagazin.de\/stechlin\/5-temnitzer-heidelauf-am-7-september\/\",\"url\":\"https:\/\/www.naturparkmagazin.de\/stechlin\/5-temnitzer-heidelauf-am-7-september\/\",\"name\":\"5. Temnitzer-Heidelauf am 7. September 2024 - Naturpark Stechlin-Ruppiner Land\",\"isPartOf\":{\"@id\":\"https:\/\/www.naturparkmagazin.de\/stechlin\/#website\"},\"datePublished\":\"2024-08-22T14:02:53+00:00\",\"dateModified\":\"2024-08-28T14:00:24+00:00\",\"author\":{\"@id\":\"https:\/\/www.naturparkmagazin.de\/stechlin\/#\/schema\/person\/3f0d93203df21c806dd63c76d9bb28bc\"},\"breadcrumb\":{\"@id\":\"https:\/\/www.naturparkmagazin.de\/stechlin\/5-temnitzer-heidelauf-am-7-september\/#breadcrumb\"},\"inLanguage\":\"de\",\"potentialAction\":[{\"@type\":\"ReadAction\",\"target\":[\"https:\/\/www.naturparkmagazin.de\/stechlin\/5-temnitzer-heidelauf-am-7-september\/\"]}]},{\"@type\":\"BreadcrumbList\",\"@id\":\"https:\/\/www.naturparkmagazin.de\/stechlin\/5-temnitzer-heidelauf-am-7-september\/#breadcrumb\",\"itemListElement\":[{\"@type\":\"ListItem\",\"position\":1,\"name\":\"Home\",\"item\":\"https:\/\/www.naturparkmagazin.de\/stechlin\/\"},{\"@type\":\"ListItem\",\"position\":2,\"name\":\"5. Temnitzer-Heidelauf am 7. September 2024\"}]},{\"@type\":\"WebSite\",\"@id\":\"https:\/\/www.naturparkmagazin.de\/stechlin\/#website\",\"url\":\"https:\/\/www.naturparkmagazin.de\/stechlin\/\",\"name\":\"Naturpark Stechlin-Ruppiner Land\",\"description\":\"\",\"potentialAction\":[{\"@type\":\"SearchAction\",\"target\":{\"@type\":\"EntryPoint\",\"urlTemplate\":\"https:\/\/www.naturparkmagazin.de\/stechlin\/?s={search_term_string}\"},\"query-input\":\"required name=search_term_string\"}],\"inLanguage\":\"de\"},{\"@type\":\"Person\",\"@id\":\"https:\/\/www.naturparkmagazin.de\/stechlin\/#\/schema\/person\/3f0d93203df21c806dd63c76d9bb28bc\",\"name\":\"marioschrumpf\",\"url\":\"https:\/\/www.naturparkmagazin.de\/stechlin\/author\/marioschrumpf\/\"}]}<\/script>\n<!-- \/ Yoast SEO plugin. -->","yoast_head_json":{"title":"5. Temnitzer-Heidelauf am 7. September 2024 - Naturpark Stechlin-Ruppiner Land","robots":{"index":"index","follow":"follow","max-snippet":"max-snippet:-1","max-image-preview":"max-image-preview:large","max-video-preview":"max-video-preview:-1"},"canonical":"https:\/\/www.naturparkmagazin.de\/stechlin\/5-temnitzer-heidelauf-am-7-september\/","og_locale":"de_DE","og_type":"article","og_title":"5. Temnitzer-Heidelauf am 7. September 2024 - Naturpark Stechlin-Ruppiner Land","og_description":"Die Vorbereitungen laufen auf Hochtouren f\u00fcr den 5. Temnitzer-Heide-Lauf.","og_url":"https:\/\/www.naturparkmagazin.de\/stechlin\/5-temnitzer-heidelauf-am-7-september\/","og_site_name":"Naturpark Stechlin-Ruppiner Land","article_published_time":"2024-08-22T14:02:53+00:00","article_modified_time":"2024-08-28T14:00:24+00:00","og_image":[{"width":200,"height":200,"url":"https:\/\/www.naturparkmagazin.de\/stechlin\/wp-content\/uploads\/sites\/38\/heidelauf_a.jpg","type":"image\/jpeg"}],"author":"marioschrumpf","twitter_misc":{"Verfasst von":"marioschrumpf","Gesch\u00e4tzte Lesezeit":"3\u00a0Minuten"},"schema":{"@context":"https:\/\/schema.org","@graph":[{"@type":"WebPage","@id":"https:\/\/www.naturparkmagazin.de\/stechlin\/5-temnitzer-heidelauf-am-7-september\/","url":"https:\/\/www.naturparkmagazin.de\/stechlin\/5-temnitzer-heidelauf-am-7-september\/","name":"5. Temnitzer-Heidelauf am 7. September 2024 - Naturpark Stechlin-Ruppiner Land","isPartOf":{"@id":"https:\/\/www.naturparkmagazin.de\/stechlin\/#website"},"datePublished":"2024-08-22T14:02:53+00:00","dateModified":"2024-08-28T14:00:24+00:00","author":{"@id":"https:\/\/www.naturparkmagazin.de\/stechlin\/#\/schema\/person\/3f0d93203df21c806dd63c76d9bb28bc"},"breadcrumb":{"@id":"https:\/\/www.naturparkmagazin.de\/stechlin\/5-temnitzer-heidelauf-am-7-september\/#breadcrumb"},"inLanguage":"de","potentialAction":[{"@type":"ReadAction","target":["https:\/\/www.naturparkmagazin.de\/stechlin\/5-temnitzer-heidelauf-am-7-september\/"]}]},{"@type":"BreadcrumbList","@id":"https:\/\/www.naturparkmagazin.de\/stechlin\/5-temnitzer-heidelauf-am-7-september\/#breadcrumb","itemListElement":[{"@type":"ListItem","position":1,"name":"Home","item":"https:\/\/www.naturparkmagazin.de\/stechlin\/"},{"@type":"ListItem","position":2,"name":"5. Temnitzer-Heidelauf am 7. September 2024"}]},{"@type":"WebSite","@id":"https:\/\/www.naturparkmagazin.de\/stechlin\/#website","url":"https:\/\/www.naturparkmagazin.de\/stechlin\/","name":"Naturpark Stechlin-Ruppiner Land","description":"","potentialAction":[{"@type":"SearchAction","target":{"@type":"EntryPoint","urlTemplate":"https:\/\/www.naturparkmagazin.de\/stechlin\/?s={search_term_string}"},"query-input":"required name=search_term_string"}],"inLanguage":"de"},{"@type":"Person","@id":"https:\/\/www.naturparkmagazin.de\/stechlin\/#\/schema\/person\/3f0d93203df21c806dd63c76d9bb28bc","name":"marioschrumpf","url":"https:\/\/www.naturparkmagazin.de\/stechlin\/author\/marioschrumpf\/"}]}},"_links":{"self":[{"href":"https:\/\/www.naturparkmagazin.de\/stechlin\/wp-json\/wp\/v2\/posts\/15999"}],"collection":[{"href":"https:\/\/www.naturparkmagazin.de\/stechlin\/wp-json\/wp\/v2\/posts"}],"about":[{"href":"https:\/\/www.naturparkmagazin.de\/stechlin\/wp-json\/wp\/v2\/types\/post"}],"author":[{"embeddable":true,"href":"https:\/\/www.naturparkmagazin.de\/stechlin\/wp-json\/wp\/v2\/users\/39"}],"replies":[{"embeddable":true,"href":"https:\/\/www.naturparkmagazin.de\/stechlin\/wp-json\/wp\/v2\/comments?post=15999"}],"version-history":[{"count":9,"href":"https:\/\/www.naturparkmagazin.de\/stechlin\/wp-json\/wp\/v2\/posts\/15999\/revisions"}],"predecessor-version":[{"id":16161,"href":"https:\/\/www.naturparkmagazin.de\/stechlin\/wp-json\/wp\/v2\/posts\/15999\/revisions\/16161"}],"wp:featuredmedia":[{"embeddable":true,"href":"https:\/\/www.naturparkmagazin.de\/stechlin\/wp-json\/wp\/v2\/media\/10961"}],"wp:attachment":[{"href":"https:\/\/www.naturparkmagazin.de\/stechlin\/wp-json\/wp\/v2\/media?parent=15999"}],"wp:term":[{"taxonomy":"category","embeddable":true,"href":"https:\/\/www.naturparkmagazin.de\/stechlin\/wp-json\/wp\/v2\/categories?post=15999"},{"taxonomy":"post_tag","embeddable":true,"href":"https:\/\/www.naturparkmagazin.de\/stechlin\/wp-json\/wp\/v2\/tags?post=15999"}],"curies":[{"name":"wp","href":"https:\/\/api.w.org\/{rel}","templated":true}]}}