{"id":16003,"date":"2024-08-22T16:04:52","date_gmt":"2024-08-22T14:04:52","guid":{"rendered":"https:\/\/www.naturparkmagazin.de\/stechlin\/?p=16003"},"modified":"2024-08-26T15:12:08","modified_gmt":"2024-08-26T13:12:08","slug":"earth-night-am-6-september-2024","status":"publish","type":"post","link":"https:\/\/www.naturparkmagazin.de\/stechlin\/earth-night-am-6-september-2024\/","title":{"rendered":"Earth Night am 6. September 2024"},"content":{"rendered":"<p>Am <strong>6. Septembe<\/strong>r hei\u00dft es wieder: <strong>LICHT AUS<\/strong> f\u00fcr eine Nacht!<\/p>\n<div id=\"attachment_16073\" style=\"width: 310px\" class=\"wp-caption aligncenter\"><a href=\"https:\/\/www.naturparkmagazin.de\/stechlin\/wp-content\/uploads\/sites\/38\/Burg_Storkow_mit_Milchstrasse_Earth_Night_2023-09-15_Rene_Curwy_DSC00821_h1080.jpg\"><img aria-describedby=\"caption-attachment-16073\" decoding=\"async\" loading=\"lazy\" class=\"size-full wp-image-16073\" src=\"https:\/\/www.naturparkmagazin.de\/stechlin\/wp-content\/uploads\/sites\/38\/Burg_Storkow_mit_Milchstrasse_Earth_Night_2023-09-15_Rene_Curwy_DSC00821_h1080.jpg\" alt=\"\" width=\"300\" height=\"500\" srcset=\"https:\/\/www.naturparkmagazin.de\/stechlin\/wp-content\/uploads\/sites\/38\/Burg_Storkow_mit_Milchstrasse_Earth_Night_2023-09-15_Rene_Curwy_DSC00821_h1080.jpg 300w, https:\/\/www.naturparkmagazin.de\/stechlin\/wp-content\/uploads\/sites\/38\/Burg_Storkow_mit_Milchstrasse_Earth_Night_2023-09-15_Rene_Curwy_DSC00821_h1080-200x333.jpg 200w\" sizes=\"(max-width: 300px) 100vw, 300px\" \/><\/a><p id=\"caption-attachment-16073\" class=\"wp-caption-text\">Burg Storkow mit Milchstra\u00dfe &#8211; Earth Night.\u00a9 Ren\u00e9 Curwy<\/p><\/div>\n<p>Setzen auch Sie mit Ihrer Gemeinde\/Stadt ein Zeichen gegen Lichtverschmutzung!<\/p>\n<p>Reduzieren Sie die Beleuchtung in Ihrem Gemeinde-\/Stadtgebiet. Schaffen Sie so das Erlebnis und den Genuss einer dunklen Nacht \u2013 wenigstens einmal im Jahr. Denn die N\u00e4chte werden immer heller, weil wir Menschen immer mehr Licht machen.<\/p>\n<p>Es leuchtet immer mehr, immer heller, immer l\u00e4nger, am Ziel vorbei und meist v\u00f6llig sinn- und nutzlos. Das t\u00f6tet pro Jahr Hunderte Milliarden Insekten (Best\u00e4uber), irritiert V\u00f6gel und viele andere Lebewesen (auch Pflanzen), macht den Schlaf weniger erholsam, f\u00f6rdert Krankheiten und l\u00e4sst den Sternenhimmel verschwinden.<\/p>\n<p>Vielleicht regt die Earth Night dazu an, Licht zu optimieren, zu reduzieren, verantwortungsvoller einzusetzen. Das spart Energie und sch\u00fctzt auch noch Natur und Umwelt und damit Leben.<\/p>\n<p><a href=\"https:\/\/www.stechlin-ruppiner-land-naturpark.de\/fileadmin\/user_upload\/PDF\/Stechlin-Ruppin\/Aktuelles\/earth-night-2024-mailing-pdf-gemeinden.pdf\">Hier finden Sie das Poster zum herunterladen!<\/a><\/p>\n<p><span style=\"color: #ff0000\"><strong>Au\u00dferdem<\/strong> <\/span>findet schon am <strong>3. September<\/strong> anl\u00e4sslich der Earth Night ein <strong>Vortrag \u00fcber Sternenparks in Deuschland<\/strong> mit anschlie\u00dfender Sternenf\u00fchrung statt.<\/p>\n<p><a href=\"https:\/\/www.naturparkmagazin.de\/stechlin\/?p=16014&amp;preview=true\">Hier geht es zum Beitrag!<\/a><\/p>\n","protected":false},"excerpt":{"rendered":"<p>Am 6. September hei\u00dft es wieder: LICHT AUS f\u00fcr eine Nacht! Setzen auch Sie mit Ihrer Kommune ein Zeichen gegen Lichtverschmutzung!<\/p>\n","protected":false},"author":39,"featured_media":16075,"comment_status":"open","ping_status":"open","sticky":false,"template":"","format":"standard","meta":[],"categories":[11],"tags":[],"yoast_head":"<!-- This site is optimized with the Yoast SEO plugin v19.10 - https:\/\/yoast.com\/wordpress\/plugins\/seo\/ -->\n<title>Earth Night am 6. September 2024 - Naturpark Stechlin-Ruppiner Land<\/title>\n<meta name=\"robots\" content=\"index, follow, max-snippet:-1, max-image-preview:large, max-video-preview:-1\" \/>\n<link rel=\"canonical\" href=\"https:\/\/www.naturparkmagazin.de\/stechlin\/earth-night-am-6-september-2024\/\" \/>\n<meta property=\"og:locale\" content=\"de_DE\" \/>\n<meta property=\"og:type\" content=\"article\" \/>\n<meta property=\"og:title\" content=\"Earth Night am 6. September 2024 - Naturpark Stechlin-Ruppiner Land\" \/>\n<meta property=\"og:description\" content=\"Am 6. September hei\u00dft es wieder: LICHT AUS f\u00fcr eine Nacht! Setzen auch Sie mit Ihrer Kommune ein Zeichen gegen Lichtverschmutzung!\" \/>\n<meta property=\"og:url\" content=\"https:\/\/www.naturparkmagazin.de\/stechlin\/earth-night-am-6-september-2024\/\" \/>\n<meta property=\"og:site_name\" content=\"Naturpark Stechlin-Ruppiner Land\" \/>\n<meta property=\"article:published_time\" content=\"2024-08-22T14:04:52+00:00\" \/>\n<meta property=\"article:modified_time\" content=\"2024-08-26T13:12:08+00:00\" \/>\n<meta property=\"og:image\" content=\"https:\/\/www.naturparkmagazin.de\/stechlin\/wp-content\/uploads\/sites\/38\/Burg_Storkow_mit_Milchstrasse_Earth_Night_2023-09-15_Rene_Curwy_DSC00821_h1080_a.jpg\" \/>\n\t<meta property=\"og:image:width\" content=\"200\" \/>\n\t<meta property=\"og:image:height\" content=\"200\" \/>\n\t<meta property=\"og:image:type\" content=\"image\/jpeg\" \/>\n<meta name=\"author\" content=\"marioschrumpf\" \/>\n<meta name=\"twitter:label1\" content=\"Verfasst von\" \/>\n\t<meta name=\"twitter:data1\" content=\"marioschrumpf\" \/>\n\t<meta name=\"twitter:label2\" content=\"Gesch\u00e4tzte Lesezeit\" \/>\n\t<meta name=\"twitter:data2\" content=\"2\u00a0Minuten\" \/>\n<script type=\"application\/ld+json\" class=\"yoast-schema-graph\">{\"@context\":\"https:\/\/schema.org\",\"@graph\":[{\"@type\":\"WebPage\",\"@id\":\"https:\/\/www.naturparkmagazin.de\/stechlin\/earth-night-am-6-september-2024\/\",\"url\":\"https:\/\/www.naturparkmagazin.de\/stechlin\/earth-night-am-6-september-2024\/\",\"name\":\"Earth Night am 6. September 2024 - Naturpark Stechlin-Ruppiner Land\",\"isPartOf\":{\"@id\":\"https:\/\/www.naturparkmagazin.de\/stechlin\/#website\"},\"datePublished\":\"2024-08-22T14:04:52+00:00\",\"dateModified\":\"2024-08-26T13:12:08+00:00\",\"author\":{\"@id\":\"https:\/\/www.naturparkmagazin.de\/stechlin\/#\/schema\/person\/3f0d93203df21c806dd63c76d9bb28bc\"},\"breadcrumb\":{\"@id\":\"https:\/\/www.naturparkmagazin.de\/stechlin\/earth-night-am-6-september-2024\/#breadcrumb\"},\"inLanguage\":\"de\",\"potentialAction\":[{\"@type\":\"ReadAction\",\"target\":[\"https:\/\/www.naturparkmagazin.de\/stechlin\/earth-night-am-6-september-2024\/\"]}]},{\"@type\":\"BreadcrumbList\",\"@id\":\"https:\/\/www.naturparkmagazin.de\/stechlin\/earth-night-am-6-september-2024\/#breadcrumb\",\"itemListElement\":[{\"@type\":\"ListItem\",\"position\":1,\"name\":\"Home\",\"item\":\"https:\/\/www.naturparkmagazin.de\/stechlin\/\"},{\"@type\":\"ListItem\",\"position\":2,\"name\":\"Earth Night am 6. September 2024\"}]},{\"@type\":\"WebSite\",\"@id\":\"https:\/\/www.naturparkmagazin.de\/stechlin\/#website\",\"url\":\"https:\/\/www.naturparkmagazin.de\/stechlin\/\",\"name\":\"Naturpark Stechlin-Ruppiner Land\",\"description\":\"\",\"potentialAction\":[{\"@type\":\"SearchAction\",\"target\":{\"@type\":\"EntryPoint\",\"urlTemplate\":\"https:\/\/www.naturparkmagazin.de\/stechlin\/?s={search_term_string}\"},\"query-input\":\"required name=search_term_string\"}],\"inLanguage\":\"de\"},{\"@type\":\"Person\",\"@id\":\"https:\/\/www.naturparkmagazin.de\/stechlin\/#\/schema\/person\/3f0d93203df21c806dd63c76d9bb28bc\",\"name\":\"marioschrumpf\",\"url\":\"https:\/\/www.naturparkmagazin.de\/stechlin\/author\/marioschrumpf\/\"}]}<\/script>\n<!-- \/ Yoast SEO plugin. -->","yoast_head_json":{"title":"Earth Night am 6. September 2024 - Naturpark Stechlin-Ruppiner Land","robots":{"index":"index","follow":"follow","max-snippet":"max-snippet:-1","max-image-preview":"max-image-preview:large","max-video-preview":"max-video-preview:-1"},"canonical":"https:\/\/www.naturparkmagazin.de\/stechlin\/earth-night-am-6-september-2024\/","og_locale":"de_DE","og_type":"article","og_title":"Earth Night am 6. September 2024 - Naturpark Stechlin-Ruppiner Land","og_description":"Am 6. September hei\u00dft es wieder: LICHT AUS f\u00fcr eine Nacht! Setzen auch Sie mit Ihrer Kommune ein Zeichen gegen Lichtverschmutzung!","og_url":"https:\/\/www.naturparkmagazin.de\/stechlin\/earth-night-am-6-september-2024\/","og_site_name":"Naturpark Stechlin-Ruppiner Land","article_published_time":"2024-08-22T14:04:52+00:00","article_modified_time":"2024-08-26T13:12:08+00:00","og_image":[{"width":200,"height":200,"url":"https:\/\/www.naturparkmagazin.de\/stechlin\/wp-content\/uploads\/sites\/38\/Burg_Storkow_mit_Milchstrasse_Earth_Night_2023-09-15_Rene_Curwy_DSC00821_h1080_a.jpg","type":"image\/jpeg"}],"author":"marioschrumpf","twitter_misc":{"Verfasst von":"marioschrumpf","Gesch\u00e4tzte Lesezeit":"2\u00a0Minuten"},"schema":{"@context":"https:\/\/schema.org","@graph":[{"@type":"WebPage","@id":"https:\/\/www.naturparkmagazin.de\/stechlin\/earth-night-am-6-september-2024\/","url":"https:\/\/www.naturparkmagazin.de\/stechlin\/earth-night-am-6-september-2024\/","name":"Earth Night am 6. September 2024 - Naturpark Stechlin-Ruppiner Land","isPartOf":{"@id":"https:\/\/www.naturparkmagazin.de\/stechlin\/#website"},"datePublished":"2024-08-22T14:04:52+00:00","dateModified":"2024-08-26T13:12:08+00:00","author":{"@id":"https:\/\/www.naturparkmagazin.de\/stechlin\/#\/schema\/person\/3f0d93203df21c806dd63c76d9bb28bc"},"breadcrumb":{"@id":"https:\/\/www.naturparkmagazin.de\/stechlin\/earth-night-am-6-september-2024\/#breadcrumb"},"inLanguage":"de","potentialAction":[{"@type":"ReadAction","target":["https:\/\/www.naturparkmagazin.de\/stechlin\/earth-night-am-6-september-2024\/"]}]},{"@type":"BreadcrumbList","@id":"https:\/\/www.naturparkmagazin.de\/stechlin\/earth-night-am-6-september-2024\/#breadcrumb","itemListElement":[{"@type":"ListItem","position":1,"name":"Home","item":"https:\/\/www.naturparkmagazin.de\/stechlin\/"},{"@type":"ListItem","position":2,"name":"Earth Night am 6. September 2024"}]},{"@type":"WebSite","@id":"https:\/\/www.naturparkmagazin.de\/stechlin\/#website","url":"https:\/\/www.naturparkmagazin.de\/stechlin\/","name":"Naturpark Stechlin-Ruppiner Land","description":"","potentialAction":[{"@type":"SearchAction","target":{"@type":"EntryPoint","urlTemplate":"https:\/\/www.naturparkmagazin.de\/stechlin\/?s={search_term_string}"},"query-input":"required name=search_term_string"}],"inLanguage":"de"},{"@type":"Person","@id":"https:\/\/www.naturparkmagazin.de\/stechlin\/#\/schema\/person\/3f0d93203df21c806dd63c76d9bb28bc","name":"marioschrumpf","url":"https:\/\/www.naturparkmagazin.de\/stechlin\/author\/marioschrumpf\/"}]}},"_links":{"self":[{"href":"https:\/\/www.naturparkmagazin.de\/stechlin\/wp-json\/wp\/v2\/posts\/16003"}],"collection":[{"href":"https:\/\/www.naturparkmagazin.de\/stechlin\/wp-json\/wp\/v2\/posts"}],"about":[{"href":"https:\/\/www.naturparkmagazin.de\/stechlin\/wp-json\/wp\/v2\/types\/post"}],"author":[{"embeddable":true,"href":"https:\/\/www.naturparkmagazin.de\/stechlin\/wp-json\/wp\/v2\/users\/39"}],"replies":[{"embeddable":true,"href":"https:\/\/www.naturparkmagazin.de\/stechlin\/wp-json\/wp\/v2\/comments?post=16003"}],"version-history":[{"count":14,"href":"https:\/\/www.naturparkmagazin.de\/stechlin\/wp-json\/wp\/v2\/posts\/16003\/revisions"}],"predecessor-version":[{"id":16127,"href":"https:\/\/www.naturparkmagazin.de\/stechlin\/wp-json\/wp\/v2\/posts\/16003\/revisions\/16127"}],"wp:featuredmedia":[{"embeddable":true,"href":"https:\/\/www.naturparkmagazin.de\/stechlin\/wp-json\/wp\/v2\/media\/16075"}],"wp:attachment":[{"href":"https:\/\/www.naturparkmagazin.de\/stechlin\/wp-json\/wp\/v2\/media?parent=16003"}],"wp:term":[{"taxonomy":"category","embeddable":true,"href":"https:\/\/www.naturparkmagazin.de\/stechlin\/wp-json\/wp\/v2\/categories?post=16003"},{"taxonomy":"post_tag","embeddable":true,"href":"https:\/\/www.naturparkmagazin.de\/stechlin\/wp-json\/wp\/v2\/tags?post=16003"}],"curies":[{"name":"wp","href":"https:\/\/api.w.org\/{rel}","templated":true}]}}