{"id":16005,"date":"2024-08-22T16:05:30","date_gmt":"2024-08-22T14:05:30","guid":{"rendered":"https:\/\/www.naturparkmagazin.de\/stechlin\/?p=16005"},"modified":"2024-08-26T15:08:21","modified_gmt":"2024-08-26T13:08:21","slug":"dokumentarfilmtage-im-bahnhof-dannenwalde","status":"publish","type":"post","link":"https:\/\/www.naturparkmagazin.de\/stechlin\/dokumentarfilmtage-im-bahnhof-dannenwalde\/","title":{"rendered":"Dokumentarfilmtage im Bahnhof Dannenwalde"},"content":{"rendered":"<p>Auch in diesem Jahr nimmt der Bahnhof Dannenwalde (Gransee) im Norden Brandenburgs an den \u201e<em>Brandenburger Dokumentarfilmtagen<\/em>\u201c teil.<\/p>\n<div id=\"attachment_12842\" style=\"width: 510px\" class=\"wp-caption aligncenter\"><a href=\"https:\/\/www.naturparkmagazin.de\/stechlin\/wp-content\/uploads\/sites\/38\/Willkommen_bearb.jpg\"><img aria-describedby=\"caption-attachment-12842\" decoding=\"async\" loading=\"lazy\" class=\"size-full wp-image-12842\" src=\"https:\/\/www.naturparkmagazin.de\/stechlin\/wp-content\/uploads\/sites\/38\/Willkommen_bearb.jpg\" alt=\"\" width=\"500\" height=\"300\" srcset=\"https:\/\/www.naturparkmagazin.de\/stechlin\/wp-content\/uploads\/sites\/38\/Willkommen_bearb.jpg 500w, https:\/\/www.naturparkmagazin.de\/stechlin\/wp-content\/uploads\/sites\/38\/Willkommen_bearb-300x180.jpg 300w, https:\/\/www.naturparkmagazin.de\/stechlin\/wp-content\/uploads\/sites\/38\/Willkommen_bearb-200x120.jpg 200w\" sizes=\"(max-width: 500px) 100vw, 500px\" \/><\/a><p id=\"caption-attachment-12842\" class=\"wp-caption-text\">\u00a9 Umweltbahnhof Dannenwalde UBD e.V.<\/p><\/div>\n<p>Am <strong>15. September 2024 (Sonntag)<\/strong> wird um 16:00 Uhr der Film <em><strong>\u201eLiving Bach\u201c<\/strong><\/em> gezeigt.<\/p>\n<p>Diese Dokumentation (2023, Regie: Anna Schmidt) geht auf eine au\u00dfergew\u00f6hnliche Reise zu sechs Kontinenten, um das universelle Geheimnis von Johann Sebastian Bach zu entdecken. Die Regisseurin trifft auf eine Vielzahl von Amateurmusikern und S\u00e4ngern, f\u00fcr die Bachs Musik au\u00dferordentlich wichtig ist. Sie alle teilen ein gemeinsames Ziel: Die Teilnahme am gr\u00f6\u00dften Treffen der Bach-Familie, das in Leipzig stattfinden soll.<\/p>\n<p>Gespr\u00e4chspartnerin ist Kathrin Freyburg-Scharnick, Kirchenmusikerin.<\/p>\n<p>Am darauffolgenden <strong>Samstag, den 21. September<\/strong> um 18:00 Uhr wird im Rahmen der \u201eTage der Schiene\u201c der sehr informative Film: <em><strong>\u201eBesser Bahnfahren \u2013 Was muss sich \u00e4ndern?<\/strong><\/em>\u201c (SWR 2023) aufgef\u00fchrt.<\/p>\n<p>Sven Pl\u00f6ger, \u00fcberzeugter Bahnfahrer, ist mit Fahrg\u00e4sten unterwegs, die bei der Aktion \u201e#besserBahnfahren\u201c mitgemacht haben. Fatma Mittler-Solak, Moderatorin des \u201eARD Buffet\u201c f\u00e4hrt hingegen lieber Auto. Was bringt sie zum Umsteigen?<\/p>\n<p>Gespr\u00e4chspartner ist Christoph Rudel, ehemaliger Gesch\u00e4ftsf\u00fchrer des VCD-Brandenburg.<\/p>\n<p>Am <strong>Sonntag, den 22. September<\/strong> folgt dann um 18:00 Uhr der Film: <em><strong>\u201eVergiss Meyn Nicht\u201c<\/strong><\/em> (2023).<\/p>\n<p>Im Jahr 2018 demonstrieren Aktivisten im Hambacher Forst, den der Energiekonzern RWE f\u00fcr die Erweiterung eines Tagebaus roden will. Dabei st\u00fcrzt der junge Filmstudent Steffen Meyn ab, der das Geschehen von einem Baumhaus aus filmt. Die Filmemacher F.Fragale, K. Kuhlendahl und J. M\u00fchlhoff kombinieren die Aufnahmen des verstorbenen jungen Mannes mit selbstgef\u00fchrten Interviews, um zu erforschen, wo die Grenzen des Aktivismus liegen sollten. Gespr\u00e4chspartner ist Bernd Herzog-Schlagk. Umweltaktivist.<\/p>\n<p><strong>Veranstalter ist der Verein Umweltbahnhof Dannenwalde e.V., der Eintritt ist frei.<\/strong><\/p>\n<p>Aus dem S\u00fcden ist der Bahnhof mit dem Regionalexpress RE5 in 55 Minuten von Berlin-Hauptbahnhof und in 22 Minuten von Oranienburg sowie aus dem Norden z.B. in 19 Minuten aus Neustrelitz oder in 7 Minuten aus F\u00fcrstenberg\/Havel erreichbar.<\/p>\n<p><a href=\"https:\/\/uwb-backup.ubd-test.de\/\">Hier geht es zur Webseite des Umweltbahnhofs.<\/a><\/p>\n","protected":false},"excerpt":{"rendered":"<p>Auch in diesem Jahr nimmt der Bahnhof Dannenwalde (Gransee) im Norden Brandenburgs an den \u201eBrandenburger Dokumentarfilmtagen\u201c teil. Am 15., 21. und 22. September werden Filme gezeigt.<\/p>\n","protected":false},"author":39,"featured_media":12841,"comment_status":"open","ping_status":"open","sticky":false,"template":"","format":"standard","meta":[],"categories":[11],"tags":[],"yoast_head":"<!-- This site is optimized with the Yoast SEO plugin v19.10 - https:\/\/yoast.com\/wordpress\/plugins\/seo\/ -->\n<title>Dokumentarfilmtage im Bahnhof Dannenwalde - Naturpark Stechlin-Ruppiner Land<\/title>\n<meta name=\"robots\" content=\"index, follow, max-snippet:-1, max-image-preview:large, max-video-preview:-1\" \/>\n<link rel=\"canonical\" href=\"https:\/\/www.naturparkmagazin.de\/stechlin\/dokumentarfilmtage-im-bahnhof-dannenwalde\/\" \/>\n<meta property=\"og:locale\" content=\"de_DE\" \/>\n<meta property=\"og:type\" content=\"article\" \/>\n<meta property=\"og:title\" content=\"Dokumentarfilmtage im Bahnhof Dannenwalde - Naturpark Stechlin-Ruppiner Land\" \/>\n<meta property=\"og:description\" content=\"Auch in diesem Jahr nimmt der Bahnhof Dannenwalde (Gransee) im Norden Brandenburgs an den \u201eBrandenburger Dokumentarfilmtagen\u201c teil. Am 15., 21. und 22. September werden Filme gezeigt.\" \/>\n<meta property=\"og:url\" content=\"https:\/\/www.naturparkmagazin.de\/stechlin\/dokumentarfilmtage-im-bahnhof-dannenwalde\/\" \/>\n<meta property=\"og:site_name\" content=\"Naturpark Stechlin-Ruppiner Land\" \/>\n<meta property=\"article:published_time\" content=\"2024-08-22T14:05:30+00:00\" \/>\n<meta property=\"article:modified_time\" content=\"2024-08-26T13:08:21+00:00\" \/>\n<meta property=\"og:image\" content=\"https:\/\/www.naturparkmagazin.de\/stechlin\/wp-content\/uploads\/sites\/38\/logo_a2.jpg\" \/>\n\t<meta property=\"og:image:width\" content=\"2362\" \/>\n\t<meta property=\"og:image:height\" content=\"2362\" \/>\n\t<meta property=\"og:image:type\" content=\"image\/jpeg\" \/>\n<meta name=\"author\" content=\"marioschrumpf\" \/>\n<meta name=\"twitter:label1\" content=\"Verfasst von\" \/>\n\t<meta name=\"twitter:data1\" content=\"marioschrumpf\" \/>\n\t<meta name=\"twitter:label2\" content=\"Gesch\u00e4tzte Lesezeit\" \/>\n\t<meta name=\"twitter:data2\" content=\"2\u00a0Minuten\" \/>\n<script type=\"application\/ld+json\" class=\"yoast-schema-graph\">{\"@context\":\"https:\/\/schema.org\",\"@graph\":[{\"@type\":\"WebPage\",\"@id\":\"https:\/\/www.naturparkmagazin.de\/stechlin\/dokumentarfilmtage-im-bahnhof-dannenwalde\/\",\"url\":\"https:\/\/www.naturparkmagazin.de\/stechlin\/dokumentarfilmtage-im-bahnhof-dannenwalde\/\",\"name\":\"Dokumentarfilmtage im Bahnhof Dannenwalde - Naturpark Stechlin-Ruppiner Land\",\"isPartOf\":{\"@id\":\"https:\/\/www.naturparkmagazin.de\/stechlin\/#website\"},\"datePublished\":\"2024-08-22T14:05:30+00:00\",\"dateModified\":\"2024-08-26T13:08:21+00:00\",\"author\":{\"@id\":\"https:\/\/www.naturparkmagazin.de\/stechlin\/#\/schema\/person\/3f0d93203df21c806dd63c76d9bb28bc\"},\"breadcrumb\":{\"@id\":\"https:\/\/www.naturparkmagazin.de\/stechlin\/dokumentarfilmtage-im-bahnhof-dannenwalde\/#breadcrumb\"},\"inLanguage\":\"de\",\"potentialAction\":[{\"@type\":\"ReadAction\",\"target\":[\"https:\/\/www.naturparkmagazin.de\/stechlin\/dokumentarfilmtage-im-bahnhof-dannenwalde\/\"]}]},{\"@type\":\"BreadcrumbList\",\"@id\":\"https:\/\/www.naturparkmagazin.de\/stechlin\/dokumentarfilmtage-im-bahnhof-dannenwalde\/#breadcrumb\",\"itemListElement\":[{\"@type\":\"ListItem\",\"position\":1,\"name\":\"Home\",\"item\":\"https:\/\/www.naturparkmagazin.de\/stechlin\/\"},{\"@type\":\"ListItem\",\"position\":2,\"name\":\"Dokumentarfilmtage im Bahnhof Dannenwalde\"}]},{\"@type\":\"WebSite\",\"@id\":\"https:\/\/www.naturparkmagazin.de\/stechlin\/#website\",\"url\":\"https:\/\/www.naturparkmagazin.de\/stechlin\/\",\"name\":\"Naturpark Stechlin-Ruppiner Land\",\"description\":\"\",\"potentialAction\":[{\"@type\":\"SearchAction\",\"target\":{\"@type\":\"EntryPoint\",\"urlTemplate\":\"https:\/\/www.naturparkmagazin.de\/stechlin\/?s={search_term_string}\"},\"query-input\":\"required name=search_term_string\"}],\"inLanguage\":\"de\"},{\"@type\":\"Person\",\"@id\":\"https:\/\/www.naturparkmagazin.de\/stechlin\/#\/schema\/person\/3f0d93203df21c806dd63c76d9bb28bc\",\"name\":\"marioschrumpf\",\"url\":\"https:\/\/www.naturparkmagazin.de\/stechlin\/author\/marioschrumpf\/\"}]}<\/script>\n<!-- \/ Yoast SEO plugin. -->","yoast_head_json":{"title":"Dokumentarfilmtage im Bahnhof Dannenwalde - Naturpark Stechlin-Ruppiner Land","robots":{"index":"index","follow":"follow","max-snippet":"max-snippet:-1","max-image-preview":"max-image-preview:large","max-video-preview":"max-video-preview:-1"},"canonical":"https:\/\/www.naturparkmagazin.de\/stechlin\/dokumentarfilmtage-im-bahnhof-dannenwalde\/","og_locale":"de_DE","og_type":"article","og_title":"Dokumentarfilmtage im Bahnhof Dannenwalde - Naturpark Stechlin-Ruppiner Land","og_description":"Auch in diesem Jahr nimmt der Bahnhof Dannenwalde (Gransee) im Norden Brandenburgs an den \u201eBrandenburger Dokumentarfilmtagen\u201c teil. Am 15., 21. und 22. September werden Filme gezeigt.","og_url":"https:\/\/www.naturparkmagazin.de\/stechlin\/dokumentarfilmtage-im-bahnhof-dannenwalde\/","og_site_name":"Naturpark Stechlin-Ruppiner Land","article_published_time":"2024-08-22T14:05:30+00:00","article_modified_time":"2024-08-26T13:08:21+00:00","og_image":[{"width":2362,"height":2362,"url":"https:\/\/www.naturparkmagazin.de\/stechlin\/wp-content\/uploads\/sites\/38\/logo_a2.jpg","type":"image\/jpeg"}],"author":"marioschrumpf","twitter_misc":{"Verfasst von":"marioschrumpf","Gesch\u00e4tzte Lesezeit":"2\u00a0Minuten"},"schema":{"@context":"https:\/\/schema.org","@graph":[{"@type":"WebPage","@id":"https:\/\/www.naturparkmagazin.de\/stechlin\/dokumentarfilmtage-im-bahnhof-dannenwalde\/","url":"https:\/\/www.naturparkmagazin.de\/stechlin\/dokumentarfilmtage-im-bahnhof-dannenwalde\/","name":"Dokumentarfilmtage im Bahnhof Dannenwalde - Naturpark Stechlin-Ruppiner Land","isPartOf":{"@id":"https:\/\/www.naturparkmagazin.de\/stechlin\/#website"},"datePublished":"2024-08-22T14:05:30+00:00","dateModified":"2024-08-26T13:08:21+00:00","author":{"@id":"https:\/\/www.naturparkmagazin.de\/stechlin\/#\/schema\/person\/3f0d93203df21c806dd63c76d9bb28bc"},"breadcrumb":{"@id":"https:\/\/www.naturparkmagazin.de\/stechlin\/dokumentarfilmtage-im-bahnhof-dannenwalde\/#breadcrumb"},"inLanguage":"de","potentialAction":[{"@type":"ReadAction","target":["https:\/\/www.naturparkmagazin.de\/stechlin\/dokumentarfilmtage-im-bahnhof-dannenwalde\/"]}]},{"@type":"BreadcrumbList","@id":"https:\/\/www.naturparkmagazin.de\/stechlin\/dokumentarfilmtage-im-bahnhof-dannenwalde\/#breadcrumb","itemListElement":[{"@type":"ListItem","position":1,"name":"Home","item":"https:\/\/www.naturparkmagazin.de\/stechlin\/"},{"@type":"ListItem","position":2,"name":"Dokumentarfilmtage im Bahnhof Dannenwalde"}]},{"@type":"WebSite","@id":"https:\/\/www.naturparkmagazin.de\/stechlin\/#website","url":"https:\/\/www.naturparkmagazin.de\/stechlin\/","name":"Naturpark Stechlin-Ruppiner Land","description":"","potentialAction":[{"@type":"SearchAction","target":{"@type":"EntryPoint","urlTemplate":"https:\/\/www.naturparkmagazin.de\/stechlin\/?s={search_term_string}"},"query-input":"required name=search_term_string"}],"inLanguage":"de"},{"@type":"Person","@id":"https:\/\/www.naturparkmagazin.de\/stechlin\/#\/schema\/person\/3f0d93203df21c806dd63c76d9bb28bc","name":"marioschrumpf","url":"https:\/\/www.naturparkmagazin.de\/stechlin\/author\/marioschrumpf\/"}]}},"_links":{"self":[{"href":"https:\/\/www.naturparkmagazin.de\/stechlin\/wp-json\/wp\/v2\/posts\/16005"}],"collection":[{"href":"https:\/\/www.naturparkmagazin.de\/stechlin\/wp-json\/wp\/v2\/posts"}],"about":[{"href":"https:\/\/www.naturparkmagazin.de\/stechlin\/wp-json\/wp\/v2\/types\/post"}],"author":[{"embeddable":true,"href":"https:\/\/www.naturparkmagazin.de\/stechlin\/wp-json\/wp\/v2\/users\/39"}],"replies":[{"embeddable":true,"href":"https:\/\/www.naturparkmagazin.de\/stechlin\/wp-json\/wp\/v2\/comments?post=16005"}],"version-history":[{"count":5,"href":"https:\/\/www.naturparkmagazin.de\/stechlin\/wp-json\/wp\/v2\/posts\/16005\/revisions"}],"predecessor-version":[{"id":16125,"href":"https:\/\/www.naturparkmagazin.de\/stechlin\/wp-json\/wp\/v2\/posts\/16005\/revisions\/16125"}],"wp:featuredmedia":[{"embeddable":true,"href":"https:\/\/www.naturparkmagazin.de\/stechlin\/wp-json\/wp\/v2\/media\/12841"}],"wp:attachment":[{"href":"https:\/\/www.naturparkmagazin.de\/stechlin\/wp-json\/wp\/v2\/media?parent=16005"}],"wp:term":[{"taxonomy":"category","embeddable":true,"href":"https:\/\/www.naturparkmagazin.de\/stechlin\/wp-json\/wp\/v2\/categories?post=16005"},{"taxonomy":"post_tag","embeddable":true,"href":"https:\/\/www.naturparkmagazin.de\/stechlin\/wp-json\/wp\/v2\/tags?post=16005"}],"curies":[{"name":"wp","href":"https:\/\/api.w.org\/{rel}","templated":true}]}}