{"id":16007,"date":"2024-08-22T16:06:33","date_gmt":"2024-08-22T14:06:33","guid":{"rendered":"https:\/\/www.naturparkmagazin.de\/stechlin\/?p=16007"},"modified":"2024-08-26T15:03:42","modified_gmt":"2024-08-26T13:03:42","slug":"fuerstenberger-kino-brueckenschlag-im-september-2024","status":"publish","type":"post","link":"https:\/\/www.naturparkmagazin.de\/stechlin\/fuerstenberger-kino-brueckenschlag-im-september-2024\/","title":{"rendered":"F\u00fcrstenberger Kino Br\u00fcckenschlag im September 2024"},"content":{"rendered":"<p>Immer <strong>Freitags<\/strong> l\u00e4dt der <strong>Verein Br\u00fcckenschlag e.V.<\/strong> zum gemeinsamen <strong>Kinoabend<\/strong> nach F\u00fcrstenberg\/Havel ein.<\/p>\n<p>Der Verein hat seinen Sitz in der <strong>Brandenburger Stra\u00dfe 38<\/strong> in <strong>16798 F\u00fcrstenberg\/Havel<\/strong>.<\/p>\n<p>Emailadresse: info@brueckenschlagfuerstenberg.de\nTelefon: 0172 3227421<\/p>\n<p><strong>6.9. um 20.00 Uhr &#8211; Back to Black<\/strong>\nBiopic | Gro\u00dfbritannien 2024 | 123 Minuten\nRegie: Sam Taylor-Johnson\nDer Film erz\u00e4hlt von den zehn Lebensjahren der S\u00e4ngerin Amy Winehouse bis zu ihrem viel zu fr\u00fchen Tod mit nur 27 Jahren. Mit der brillanten, hingebungsvollen Darstellerin Marisa Abela, die auch selbst \u00fcberzeugend singt, zeigt er dieses Leben ganz aus dem Geist der Musik heraus. So werden noch einmal ihre pr\u00e4genden Einfl\u00fcsse sp\u00fcrbar, ihre Liebe zum Jazz, zu Ella Fitzgerald und Sarah Vaughan. Im Privaten bleibt einiges unscharf, etwa das zwiesp\u00e4ltige Verh\u00e4ltnis zum Vater oder tiefere Gr\u00fcnde f\u00fcr ihre Abh\u00e4ngigkeit von Alkohol, Drogen und M\u00e4nnern. Doch insgesamt ber\u00fchrt der respektvolle Film als tragisches Portr\u00e4t einer K\u00fcnstlerin. (nach Elstermann)<\/p>\n<div id=\"attachment_16101\" style=\"width: 310px\" class=\"wp-caption aligncenter\"><a href=\"https:\/\/www.naturparkmagazin.de\/stechlin\/wp-content\/uploads\/sites\/38\/back-to-black.jpg\"><img aria-describedby=\"caption-attachment-16101\" decoding=\"async\" loading=\"lazy\" class=\"size-full wp-image-16101\" src=\"https:\/\/www.naturparkmagazin.de\/stechlin\/wp-content\/uploads\/sites\/38\/back-to-black.jpg\" alt=\"\" width=\"300\" height=\"424\" srcset=\"https:\/\/www.naturparkmagazin.de\/stechlin\/wp-content\/uploads\/sites\/38\/back-to-black.jpg 300w, https:\/\/www.naturparkmagazin.de\/stechlin\/wp-content\/uploads\/sites\/38\/back-to-black-200x283.jpg 200w\" sizes=\"(max-width: 300px) 100vw, 300px\" \/><\/a><p id=\"caption-attachment-16101\" class=\"wp-caption-text\">\u00a9 Br\u00fcckenschlag e.V.<\/p><\/div>\n<p><strong>13.9. um 19.00 Uhr &#8211; Die Mittagsfrau<\/strong>\nDrama | Deutschland\/Schweiz\/Luxemburg 2023 | 142 Minuten\nRegie: Barbara Albert\nDie Verfilmung des gefeierten Weltbestsellers von Julia Franck spannt einen Bogen von den 20er Jahren bis in die Nachkriegszeit in Deutschland. Helene kommt nach Berlin, will Medizin studieren und \u00c4rztin werden. In Karl findet sie die Liebe ihres Lebens. Die T\u00fcr zur Welt scheint f\u00fcr sie weit offen zu stehen. Nach Karls j\u00e4hem Tod und dem gesellschaftlichen Umsturz durch die Nazis begegnet sie Wilhelm, der sich unsterblich in sie verliebt. Doch ihre Lebensenergie und ihr starker Wille vertragen sich nicht mit Wilhelms traditionellen Rollenbildern und ihrer Mutterschaft. Helene trifft eine ungeheuerliche Entscheidung. Mala Emde spielt diese an ihrer Entwicklung gehinderte Frau, die nicht bereit ist den Traum von einem selbstbestimmten Leben aufzugeben, in einer faszinierenden, feinf\u00fchligen Darstellung. (nach wildbunch, filmdienst)<\/p>\n<div id=\"attachment_16103\" style=\"width: 310px\" class=\"wp-caption aligncenter\"><a href=\"https:\/\/www.naturparkmagazin.de\/stechlin\/wp-content\/uploads\/sites\/38\/mittagsfrau-die.jpg\"><img aria-describedby=\"caption-attachment-16103\" decoding=\"async\" loading=\"lazy\" class=\"size-full wp-image-16103\" src=\"https:\/\/www.naturparkmagazin.de\/stechlin\/wp-content\/uploads\/sites\/38\/mittagsfrau-die.jpg\" alt=\"\" width=\"300\" height=\"424\" srcset=\"https:\/\/www.naturparkmagazin.de\/stechlin\/wp-content\/uploads\/sites\/38\/mittagsfrau-die.jpg 300w, https:\/\/www.naturparkmagazin.de\/stechlin\/wp-content\/uploads\/sites\/38\/mittagsfrau-die-200x283.jpg 200w\" sizes=\"(max-width: 300px) 100vw, 300px\" \/><\/a><p id=\"caption-attachment-16103\" class=\"wp-caption-text\">\u00a9 Br\u00fcckenschlag e.V.<\/p><\/div>\n<p><strong>20.9. um 19.00 Uhr &#8211; Volksvertreter &#8211; <\/strong><span style=\"color: #993366\"><em>Im Rahmen von LETsDOK Filmgespr\u00e4ch mit Regisseur Andreas Wilcke<\/em><\/span>\nDokumentarfilm | Deutschland 2021 | 94 Minuten\nRegie: Andreas Wilcke\nDokumentarfilm \u00fcber vier Bundestagsabgeordnete der AfD, die zwischen 2017 und 2020 zu Sitzungen, bei B\u00fcrgerdialogen oder auf Auslandsreisen vier Jahre lang begleitet werden. Ohne jeden Off-Kommentar gelingen klugeTableaus zu Themen wie der medialen Selbstdarstellung der Abgeordneten, ihrem verqueren Geschichtsbild oder dem Populismus im Gespr\u00e4ch mit W\u00e4hlern, inklusive rassistischen und sexistischen \u00c4u\u00dferungen. (nach filmdienst) &#8222;Eine der Hauptklagen moderner rechtspopulistischer Parteien lautet, dass sie in den &#8218;Mainstreammedien&#8216; permanent durch ein d\u00e4monisierendes Deutungsmuster geschickt w\u00fcrden. &#8230; Auch die Protagonisten von Andreas Wilckes AfD-Langzeitbeobachtung &#8230; werfen sich permanent in die Pose des Opfers. Doch der Film tut ihnen gerade nicht den Gefallen, sie vorzuf\u00fchren. Das erledigen sie selbst.&#8220; (Die Zeit)<\/p>\n<div id=\"attachment_16104\" style=\"width: 310px\" class=\"wp-caption aligncenter\"><a href=\"https:\/\/www.naturparkmagazin.de\/stechlin\/wp-content\/uploads\/sites\/38\/volksvertreter.jpg\"><img aria-describedby=\"caption-attachment-16104\" decoding=\"async\" loading=\"lazy\" class=\"size-full wp-image-16104\" src=\"https:\/\/www.naturparkmagazin.de\/stechlin\/wp-content\/uploads\/sites\/38\/volksvertreter.jpg\" alt=\"\" width=\"300\" height=\"424\" srcset=\"https:\/\/www.naturparkmagazin.de\/stechlin\/wp-content\/uploads\/sites\/38\/volksvertreter.jpg 300w, https:\/\/www.naturparkmagazin.de\/stechlin\/wp-content\/uploads\/sites\/38\/volksvertreter-200x283.jpg 200w\" sizes=\"(max-width: 300px) 100vw, 300px\" \/><\/a><p id=\"caption-attachment-16104\" class=\"wp-caption-text\">\u00a9 Br\u00fcckenschlag e.V.<\/p><\/div>\n<p><strong>27.9. um 20.00 Uhr &#8211; Die Herrlichkeit des Lebens<\/strong>\nDrama | Deutschland 2024 | 99 Minuten\nRegie: Georg Maas\nIm Sommer 1923, ein Jahr vor seinem Tod, lernt der an Tuberkulose leidende Schriftsteller Franz Kafka an einem Ostseestrand die sch\u00f6ne, lebensfrohe Dora Diamant kennen, die aus Polen stammt. Hals \u00fcber Kopf verlieben sie sich und ziehen gemeinsam nach Berlin. Doch Kafkas Gesundheitszustand verschlimmert sich zusehends. Ein anspruchsvolles, herausragend gespieltes Liebesdrama, das sich zun\u00e4chst auf die romantische Ann\u00e4herung zwischen Mann und Frau konzentriert, aber auch das schriftstellerische Schaffen Kafkas, seine starke Selbstkritik und das belastete Verh\u00e4ltnis zum Vater nicht ausspart. (filmdienst)<\/p>\n<div id=\"attachment_16102\" style=\"width: 310px\" class=\"wp-caption aligncenter\"><a href=\"https:\/\/www.naturparkmagazin.de\/stechlin\/wp-content\/uploads\/sites\/38\/herrlichkeit-des-lebens-die.jpg\"><img aria-describedby=\"caption-attachment-16102\" decoding=\"async\" loading=\"lazy\" class=\"size-full wp-image-16102\" src=\"https:\/\/www.naturparkmagazin.de\/stechlin\/wp-content\/uploads\/sites\/38\/herrlichkeit-des-lebens-die.jpg\" alt=\"\" width=\"300\" height=\"424\" srcset=\"https:\/\/www.naturparkmagazin.de\/stechlin\/wp-content\/uploads\/sites\/38\/herrlichkeit-des-lebens-die.jpg 300w, https:\/\/www.naturparkmagazin.de\/stechlin\/wp-content\/uploads\/sites\/38\/herrlichkeit-des-lebens-die-200x283.jpg 200w\" sizes=\"(max-width: 300px) 100vw, 300px\" \/><\/a><p id=\"caption-attachment-16102\" class=\"wp-caption-text\">\u00a9 Br\u00fcckenschlag e.V.<\/p><\/div>\n","protected":false},"excerpt":{"rendered":"<p>Immer Freitags l\u00e4dt der Verein Br\u00fcckenschlag e.V. zum gemeinsamen Kinoabend nach F\u00fcrstenberg\/Havel ein. Im September 2024 wird am 6., 13., 20. und 27. gespielt.<\/p>\n","protected":false},"author":39,"featured_media":12836,"comment_status":"open","ping_status":"open","sticky":false,"template":"","format":"standard","meta":[],"categories":[11],"tags":[],"yoast_head":"<!-- This site is optimized with the Yoast SEO plugin v19.10 - https:\/\/yoast.com\/wordpress\/plugins\/seo\/ -->\n<title>F\u00fcrstenberger Kino Br\u00fcckenschlag im September 2024 - Naturpark Stechlin-Ruppiner Land<\/title>\n<meta name=\"robots\" content=\"index, follow, max-snippet:-1, max-image-preview:large, max-video-preview:-1\" \/>\n<link rel=\"canonical\" href=\"https:\/\/www.naturparkmagazin.de\/stechlin\/fuerstenberger-kino-brueckenschlag-im-september-2024\/\" \/>\n<meta property=\"og:locale\" content=\"de_DE\" \/>\n<meta property=\"og:type\" content=\"article\" \/>\n<meta property=\"og:title\" content=\"F\u00fcrstenberger Kino Br\u00fcckenschlag im September 2024 - Naturpark Stechlin-Ruppiner Land\" \/>\n<meta property=\"og:description\" content=\"Immer Freitags l\u00e4dt der Verein Br\u00fcckenschlag e.V. zum gemeinsamen Kinoabend nach F\u00fcrstenberg\/Havel ein. Im September 2024 wird am 6., 13., 20. und 27. gespielt.\" \/>\n<meta property=\"og:url\" content=\"https:\/\/www.naturparkmagazin.de\/stechlin\/fuerstenberger-kino-brueckenschlag-im-september-2024\/\" \/>\n<meta property=\"og:site_name\" content=\"Naturpark Stechlin-Ruppiner Land\" \/>\n<meta property=\"article:published_time\" content=\"2024-08-22T14:06:33+00:00\" \/>\n<meta property=\"article:modified_time\" content=\"2024-08-26T13:03:42+00:00\" \/>\n<meta property=\"og:image\" content=\"https:\/\/www.naturparkmagazin.de\/stechlin\/wp-content\/uploads\/sites\/38\/logo_a1.jpg\" \/>\n\t<meta property=\"og:image:width\" content=\"2362\" \/>\n\t<meta property=\"og:image:height\" content=\"2362\" \/>\n\t<meta property=\"og:image:type\" content=\"image\/jpeg\" \/>\n<meta name=\"author\" content=\"marioschrumpf\" \/>\n<meta name=\"twitter:label1\" content=\"Verfasst von\" \/>\n\t<meta name=\"twitter:data1\" content=\"marioschrumpf\" \/>\n\t<meta name=\"twitter:label2\" content=\"Gesch\u00e4tzte Lesezeit\" \/>\n\t<meta name=\"twitter:data2\" content=\"4\u00a0Minuten\" \/>\n<script type=\"application\/ld+json\" class=\"yoast-schema-graph\">{\"@context\":\"https:\/\/schema.org\",\"@graph\":[{\"@type\":\"WebPage\",\"@id\":\"https:\/\/www.naturparkmagazin.de\/stechlin\/fuerstenberger-kino-brueckenschlag-im-september-2024\/\",\"url\":\"https:\/\/www.naturparkmagazin.de\/stechlin\/fuerstenberger-kino-brueckenschlag-im-september-2024\/\",\"name\":\"F\u00fcrstenberger Kino Br\u00fcckenschlag im September 2024 - Naturpark Stechlin-Ruppiner Land\",\"isPartOf\":{\"@id\":\"https:\/\/www.naturparkmagazin.de\/stechlin\/#website\"},\"datePublished\":\"2024-08-22T14:06:33+00:00\",\"dateModified\":\"2024-08-26T13:03:42+00:00\",\"author\":{\"@id\":\"https:\/\/www.naturparkmagazin.de\/stechlin\/#\/schema\/person\/3f0d93203df21c806dd63c76d9bb28bc\"},\"breadcrumb\":{\"@id\":\"https:\/\/www.naturparkmagazin.de\/stechlin\/fuerstenberger-kino-brueckenschlag-im-september-2024\/#breadcrumb\"},\"inLanguage\":\"de\",\"potentialAction\":[{\"@type\":\"ReadAction\",\"target\":[\"https:\/\/www.naturparkmagazin.de\/stechlin\/fuerstenberger-kino-brueckenschlag-im-september-2024\/\"]}]},{\"@type\":\"BreadcrumbList\",\"@id\":\"https:\/\/www.naturparkmagazin.de\/stechlin\/fuerstenberger-kino-brueckenschlag-im-september-2024\/#breadcrumb\",\"itemListElement\":[{\"@type\":\"ListItem\",\"position\":1,\"name\":\"Home\",\"item\":\"https:\/\/www.naturparkmagazin.de\/stechlin\/\"},{\"@type\":\"ListItem\",\"position\":2,\"name\":\"F\u00fcrstenberger Kino Br\u00fcckenschlag im September 2024\"}]},{\"@type\":\"WebSite\",\"@id\":\"https:\/\/www.naturparkmagazin.de\/stechlin\/#website\",\"url\":\"https:\/\/www.naturparkmagazin.de\/stechlin\/\",\"name\":\"Naturpark Stechlin-Ruppiner Land\",\"description\":\"\",\"potentialAction\":[{\"@type\":\"SearchAction\",\"target\":{\"@type\":\"EntryPoint\",\"urlTemplate\":\"https:\/\/www.naturparkmagazin.de\/stechlin\/?s={search_term_string}\"},\"query-input\":\"required name=search_term_string\"}],\"inLanguage\":\"de\"},{\"@type\":\"Person\",\"@id\":\"https:\/\/www.naturparkmagazin.de\/stechlin\/#\/schema\/person\/3f0d93203df21c806dd63c76d9bb28bc\",\"name\":\"marioschrumpf\",\"url\":\"https:\/\/www.naturparkmagazin.de\/stechlin\/author\/marioschrumpf\/\"}]}<\/script>\n<!-- \/ Yoast SEO plugin. -->","yoast_head_json":{"title":"F\u00fcrstenberger Kino Br\u00fcckenschlag im September 2024 - Naturpark Stechlin-Ruppiner Land","robots":{"index":"index","follow":"follow","max-snippet":"max-snippet:-1","max-image-preview":"max-image-preview:large","max-video-preview":"max-video-preview:-1"},"canonical":"https:\/\/www.naturparkmagazin.de\/stechlin\/fuerstenberger-kino-brueckenschlag-im-september-2024\/","og_locale":"de_DE","og_type":"article","og_title":"F\u00fcrstenberger Kino Br\u00fcckenschlag im September 2024 - Naturpark Stechlin-Ruppiner Land","og_description":"Immer Freitags l\u00e4dt der Verein Br\u00fcckenschlag e.V. zum gemeinsamen Kinoabend nach F\u00fcrstenberg\/Havel ein. Im September 2024 wird am 6., 13., 20. und 27. gespielt.","og_url":"https:\/\/www.naturparkmagazin.de\/stechlin\/fuerstenberger-kino-brueckenschlag-im-september-2024\/","og_site_name":"Naturpark Stechlin-Ruppiner Land","article_published_time":"2024-08-22T14:06:33+00:00","article_modified_time":"2024-08-26T13:03:42+00:00","og_image":[{"width":2362,"height":2362,"url":"https:\/\/www.naturparkmagazin.de\/stechlin\/wp-content\/uploads\/sites\/38\/logo_a1.jpg","type":"image\/jpeg"}],"author":"marioschrumpf","twitter_misc":{"Verfasst von":"marioschrumpf","Gesch\u00e4tzte Lesezeit":"4\u00a0Minuten"},"schema":{"@context":"https:\/\/schema.org","@graph":[{"@type":"WebPage","@id":"https:\/\/www.naturparkmagazin.de\/stechlin\/fuerstenberger-kino-brueckenschlag-im-september-2024\/","url":"https:\/\/www.naturparkmagazin.de\/stechlin\/fuerstenberger-kino-brueckenschlag-im-september-2024\/","name":"F\u00fcrstenberger Kino Br\u00fcckenschlag im September 2024 - Naturpark Stechlin-Ruppiner Land","isPartOf":{"@id":"https:\/\/www.naturparkmagazin.de\/stechlin\/#website"},"datePublished":"2024-08-22T14:06:33+00:00","dateModified":"2024-08-26T13:03:42+00:00","author":{"@id":"https:\/\/www.naturparkmagazin.de\/stechlin\/#\/schema\/person\/3f0d93203df21c806dd63c76d9bb28bc"},"breadcrumb":{"@id":"https:\/\/www.naturparkmagazin.de\/stechlin\/fuerstenberger-kino-brueckenschlag-im-september-2024\/#breadcrumb"},"inLanguage":"de","potentialAction":[{"@type":"ReadAction","target":["https:\/\/www.naturparkmagazin.de\/stechlin\/fuerstenberger-kino-brueckenschlag-im-september-2024\/"]}]},{"@type":"BreadcrumbList","@id":"https:\/\/www.naturparkmagazin.de\/stechlin\/fuerstenberger-kino-brueckenschlag-im-september-2024\/#breadcrumb","itemListElement":[{"@type":"ListItem","position":1,"name":"Home","item":"https:\/\/www.naturparkmagazin.de\/stechlin\/"},{"@type":"ListItem","position":2,"name":"F\u00fcrstenberger Kino Br\u00fcckenschlag im September 2024"}]},{"@type":"WebSite","@id":"https:\/\/www.naturparkmagazin.de\/stechlin\/#website","url":"https:\/\/www.naturparkmagazin.de\/stechlin\/","name":"Naturpark Stechlin-Ruppiner Land","description":"","potentialAction":[{"@type":"SearchAction","target":{"@type":"EntryPoint","urlTemplate":"https:\/\/www.naturparkmagazin.de\/stechlin\/?s={search_term_string}"},"query-input":"required name=search_term_string"}],"inLanguage":"de"},{"@type":"Person","@id":"https:\/\/www.naturparkmagazin.de\/stechlin\/#\/schema\/person\/3f0d93203df21c806dd63c76d9bb28bc","name":"marioschrumpf","url":"https:\/\/www.naturparkmagazin.de\/stechlin\/author\/marioschrumpf\/"}]}},"_links":{"self":[{"href":"https:\/\/www.naturparkmagazin.de\/stechlin\/wp-json\/wp\/v2\/posts\/16007"}],"collection":[{"href":"https:\/\/www.naturparkmagazin.de\/stechlin\/wp-json\/wp\/v2\/posts"}],"about":[{"href":"https:\/\/www.naturparkmagazin.de\/stechlin\/wp-json\/wp\/v2\/types\/post"}],"author":[{"embeddable":true,"href":"https:\/\/www.naturparkmagazin.de\/stechlin\/wp-json\/wp\/v2\/users\/39"}],"replies":[{"embeddable":true,"href":"https:\/\/www.naturparkmagazin.de\/stechlin\/wp-json\/wp\/v2\/comments?post=16007"}],"version-history":[{"count":5,"href":"https:\/\/www.naturparkmagazin.de\/stechlin\/wp-json\/wp\/v2\/posts\/16007\/revisions"}],"predecessor-version":[{"id":16123,"href":"https:\/\/www.naturparkmagazin.de\/stechlin\/wp-json\/wp\/v2\/posts\/16007\/revisions\/16123"}],"wp:featuredmedia":[{"embeddable":true,"href":"https:\/\/www.naturparkmagazin.de\/stechlin\/wp-json\/wp\/v2\/media\/12836"}],"wp:attachment":[{"href":"https:\/\/www.naturparkmagazin.de\/stechlin\/wp-json\/wp\/v2\/media?parent=16007"}],"wp:term":[{"taxonomy":"category","embeddable":true,"href":"https:\/\/www.naturparkmagazin.de\/stechlin\/wp-json\/wp\/v2\/categories?post=16007"},{"taxonomy":"post_tag","embeddable":true,"href":"https:\/\/www.naturparkmagazin.de\/stechlin\/wp-json\/wp\/v2\/tags?post=16007"}],"curies":[{"name":"wp","href":"https:\/\/api.w.org\/{rel}","templated":true}]}}