{"id":16014,"date":"2024-08-22T16:08:39","date_gmt":"2024-08-22T14:08:39","guid":{"rendered":"https:\/\/www.naturparkmagazin.de\/stechlin\/?p=16014"},"modified":"2024-08-27T11:04:29","modified_gmt":"2024-08-27T09:04:29","slug":"gegen-die-lichtverschmutzung-vortrag-ueber-sternenparks-in-deutschland-mit-sternenfuehrung","status":"publish","type":"post","link":"https:\/\/www.naturparkmagazin.de\/stechlin\/gegen-die-lichtverschmutzung-vortrag-ueber-sternenparks-in-deutschland-mit-sternenfuehrung\/","title":{"rendered":"Gegen die Lichtverschmutzung &#8211; Vortrag \u00fcber Sternenparks in Deutschland mit Sternenf\u00fchrung"},"content":{"rendered":"<p>Es gibt in Deutschland nur noch ganz wenige Gegenden, die nicht unter der enormen Lichtverschmutzung zu leiden haben. Gegenden mit N\u00e4chten, die noch so stockfinster sind wie bis vor 150 Jahren, bevor sich das k\u00fcnstliche Licht der Menschen immer mehr ausbreiten konnte.<\/p>\n<p><strong>In einem spannenden Vortrag in R\u00e4gelin wird es am 3. September 2024, 19 Uhr um solche Gebiete gehen.<\/strong><\/p>\n<p>Zu Gast ist dann im Dorfgemeinschaftshaus R\u00e4gelin, am Rande der Kyritz-Ruppiner Heide, der als &#8222;<em>Deutschlands Sternenpapst<\/em>&#8220; bekannte <strong>Osnabr\u00fccker Astronom Dr. Andreas H\u00e4nel<\/strong>. Er wird die insgesamt acht Sternenparks, Sternenst\u00e4dte sowie Sterneninseln in Deutschland vorstellen, wo sich der Sternenhimmel in seiner besonders eindrucksvollen und einzigartig nat\u00fcrlichen Form bewundern lassen kann.<\/p>\n<div id=\"attachment_13020\" style=\"width: 510px\" class=\"wp-caption aligncenter\"><a href=\"https:\/\/www.naturparkmagazin.de\/stechlin\/wp-content\/uploads\/sites\/38\/20221027_191459_b.jpg\"><img aria-describedby=\"caption-attachment-13020\" decoding=\"async\" loading=\"lazy\" class=\"wp-image-13020 size-full\" src=\"https:\/\/www.naturparkmagazin.de\/stechlin\/wp-content\/uploads\/sites\/38\/20221027_191459_b.jpg\" alt=\"\" width=\"500\" height=\"300\" srcset=\"https:\/\/www.naturparkmagazin.de\/stechlin\/wp-content\/uploads\/sites\/38\/20221027_191459_b.jpg 500w, https:\/\/www.naturparkmagazin.de\/stechlin\/wp-content\/uploads\/sites\/38\/20221027_191459_b-300x180.jpg 300w, https:\/\/www.naturparkmagazin.de\/stechlin\/wp-content\/uploads\/sites\/38\/20221027_191459_b-200x120.jpg 200w\" sizes=\"(max-width: 500px) 100vw, 500px\" \/><\/a><p id=\"caption-attachment-13020\" class=\"wp-caption-text\">Dr. Andreas H\u00e4nel referiert \u00fcber den Schutz der Nacht\u00a9 Olaf Wolff<\/p><\/div>\n<p>M\u00f6glicherweise gesellt sich zu diesen dunklen Gegenden noch die <strong>Kyritz-Ruppiner Heide<\/strong> hinzu, denn dieses Gebiet, Bestandteil des Naturparks Stechlin-Ruppiner Land, <strong>soll<\/strong> ebenfalls <strong>Sternenpark werden<\/strong>. Dazu l\u00e4uft derzeit das offizielle Anerkennungsverfahren bei der Organisation DarkSky, die weltweit f\u00fcr die Zertifizierung von Sternenparks zust\u00e4ndig ist. Dr. H\u00e4nel wird unter anderem \u00fcber den Stand des Verfahrens berichten. Ebenso wird der &#8222;Sternenpapst&#8220;, der auch Mitglied der Fachgruppe Dark Sky bei der Vereinigung der Sternfreunde ist, Beispiele demonstrieren, wie eine gute Beleuchtung aussehen k\u00f6nnte, die die Lichtverschmutzung reduziert.<\/p>\n<p><strong>Ort: Dorfgemeinschaftshaus R\u00e4gelin, Neuruppiner Stra\u00dfe 32, 16818 R\u00e4gelin<\/strong><\/p>\n<p><strong>Beginn: 19.00 Uhr<\/strong><\/p>\n<p><strong>Entritt: Frei<\/strong><\/p>\n<p>Im Anschluss, voraussichtlich <strong>gegen 21.15 Uhr, wird es eine Sternenf\u00fchrung mit Treffpunkt am Heideparkplatz in Pfalzheim geben<\/strong> \u2013 vorausgesetzt nat\u00fcrlich, das Wetter spielt mit und l\u00e4sst an diesem Abend einen freien Blick auf den Himmel zu.<\/p>\n<p>F\u00fcr R\u00fcckfragen und weitere Informationen k\u00f6nnen sich Interessierte gerne an Olaf Wolff beim Naturpark Stechlin-Ruppiner Land wenden:<\/p>\n<p>Telefon 033082 \/ 40 718 oder per E-Mail an olaf.wolff@lfu.brandenburg.de<\/p>\n<p><a href=\"https:\/\/www.stechlin-ruppiner-land-naturpark.de\/fileadmin\/user_upload\/PDF\/Stechlin-Ruppin\/Aktuelles\/Plakat_Vortrag_Sternenfuehrung_03.09.2024.pdf\">Hier finden Sie das Poster zum herunterladen!<\/a><\/p>\n","protected":false},"excerpt":{"rendered":"<p>Deutschlands Sternenpapst Dr. Andreas H\u00e4nel aus Osnabr\u00fcck referiert am 3. September, 19 Uhr in R\u00e4gelin \u00fcber den Schutz der Nacht mit anschlie\u00dfender Sternenf\u00fchrung in der Kyritz-Ruppiner Heide. <\/p>\n","protected":false},"author":39,"featured_media":13263,"comment_status":"open","ping_status":"open","sticky":false,"template":"","format":"standard","meta":[],"categories":[11],"tags":[],"yoast_head":"<!-- This site is optimized with the Yoast SEO plugin v19.10 - https:\/\/yoast.com\/wordpress\/plugins\/seo\/ -->\n<title>Gegen die Lichtverschmutzung - Vortrag \u00fcber Sternenparks in Deutschland mit Sternenf\u00fchrung - Naturpark Stechlin-Ruppiner Land<\/title>\n<meta name=\"robots\" content=\"index, follow, max-snippet:-1, max-image-preview:large, max-video-preview:-1\" \/>\n<link rel=\"canonical\" href=\"https:\/\/www.naturparkmagazin.de\/stechlin\/gegen-die-lichtverschmutzung-vortrag-ueber-sternenparks-in-deutschland-mit-sternenfuehrung\/\" \/>\n<meta property=\"og:locale\" content=\"de_DE\" \/>\n<meta property=\"og:type\" content=\"article\" \/>\n<meta property=\"og:title\" content=\"Gegen die Lichtverschmutzung - Vortrag \u00fcber Sternenparks in Deutschland mit Sternenf\u00fchrung - Naturpark Stechlin-Ruppiner Land\" \/>\n<meta property=\"og:description\" content=\"Deutschlands Sternenpapst Dr. Andreas H\u00e4nel aus Osnabr\u00fcck referiert am 3. September, 19 Uhr in R\u00e4gelin \u00fcber den Schutz der Nacht mit anschlie\u00dfender Sternenf\u00fchrung in der Kyritz-Ruppiner Heide.\" \/>\n<meta property=\"og:url\" content=\"https:\/\/www.naturparkmagazin.de\/stechlin\/gegen-die-lichtverschmutzung-vortrag-ueber-sternenparks-in-deutschland-mit-sternenfuehrung\/\" \/>\n<meta property=\"og:site_name\" content=\"Naturpark Stechlin-Ruppiner Land\" \/>\n<meta property=\"article:published_time\" content=\"2024-08-22T14:08:39+00:00\" \/>\n<meta property=\"article:modified_time\" content=\"2024-08-27T09:04:29+00:00\" \/>\n<meta property=\"og:image\" content=\"https:\/\/www.naturparkmagazin.de\/stechlin\/wp-content\/uploads\/sites\/38\/Bild_Vortrag_a.jpg\" \/>\n\t<meta property=\"og:image:width\" content=\"200\" \/>\n\t<meta property=\"og:image:height\" content=\"200\" \/>\n\t<meta property=\"og:image:type\" content=\"image\/jpeg\" \/>\n<meta name=\"author\" content=\"marioschrumpf\" \/>\n<meta name=\"twitter:label1\" content=\"Verfasst von\" \/>\n\t<meta name=\"twitter:data1\" content=\"marioschrumpf\" \/>\n\t<meta name=\"twitter:label2\" content=\"Gesch\u00e4tzte Lesezeit\" \/>\n\t<meta name=\"twitter:data2\" content=\"2\u00a0Minuten\" \/>\n<script type=\"application\/ld+json\" class=\"yoast-schema-graph\">{\"@context\":\"https:\/\/schema.org\",\"@graph\":[{\"@type\":\"WebPage\",\"@id\":\"https:\/\/www.naturparkmagazin.de\/stechlin\/gegen-die-lichtverschmutzung-vortrag-ueber-sternenparks-in-deutschland-mit-sternenfuehrung\/\",\"url\":\"https:\/\/www.naturparkmagazin.de\/stechlin\/gegen-die-lichtverschmutzung-vortrag-ueber-sternenparks-in-deutschland-mit-sternenfuehrung\/\",\"name\":\"Gegen die Lichtverschmutzung - Vortrag \u00fcber Sternenparks in Deutschland mit Sternenf\u00fchrung - Naturpark Stechlin-Ruppiner Land\",\"isPartOf\":{\"@id\":\"https:\/\/www.naturparkmagazin.de\/stechlin\/#website\"},\"datePublished\":\"2024-08-22T14:08:39+00:00\",\"dateModified\":\"2024-08-27T09:04:29+00:00\",\"author\":{\"@id\":\"https:\/\/www.naturparkmagazin.de\/stechlin\/#\/schema\/person\/3f0d93203df21c806dd63c76d9bb28bc\"},\"breadcrumb\":{\"@id\":\"https:\/\/www.naturparkmagazin.de\/stechlin\/gegen-die-lichtverschmutzung-vortrag-ueber-sternenparks-in-deutschland-mit-sternenfuehrung\/#breadcrumb\"},\"inLanguage\":\"de\",\"potentialAction\":[{\"@type\":\"ReadAction\",\"target\":[\"https:\/\/www.naturparkmagazin.de\/stechlin\/gegen-die-lichtverschmutzung-vortrag-ueber-sternenparks-in-deutschland-mit-sternenfuehrung\/\"]}]},{\"@type\":\"BreadcrumbList\",\"@id\":\"https:\/\/www.naturparkmagazin.de\/stechlin\/gegen-die-lichtverschmutzung-vortrag-ueber-sternenparks-in-deutschland-mit-sternenfuehrung\/#breadcrumb\",\"itemListElement\":[{\"@type\":\"ListItem\",\"position\":1,\"name\":\"Home\",\"item\":\"https:\/\/www.naturparkmagazin.de\/stechlin\/\"},{\"@type\":\"ListItem\",\"position\":2,\"name\":\"Gegen die Lichtverschmutzung &#8211; Vortrag \u00fcber Sternenparks in Deutschland mit Sternenf\u00fchrung\"}]},{\"@type\":\"WebSite\",\"@id\":\"https:\/\/www.naturparkmagazin.de\/stechlin\/#website\",\"url\":\"https:\/\/www.naturparkmagazin.de\/stechlin\/\",\"name\":\"Naturpark Stechlin-Ruppiner Land\",\"description\":\"\",\"potentialAction\":[{\"@type\":\"SearchAction\",\"target\":{\"@type\":\"EntryPoint\",\"urlTemplate\":\"https:\/\/www.naturparkmagazin.de\/stechlin\/?s={search_term_string}\"},\"query-input\":\"required name=search_term_string\"}],\"inLanguage\":\"de\"},{\"@type\":\"Person\",\"@id\":\"https:\/\/www.naturparkmagazin.de\/stechlin\/#\/schema\/person\/3f0d93203df21c806dd63c76d9bb28bc\",\"name\":\"marioschrumpf\",\"url\":\"https:\/\/www.naturparkmagazin.de\/stechlin\/author\/marioschrumpf\/\"}]}<\/script>\n<!-- \/ Yoast SEO plugin. -->","yoast_head_json":{"title":"Gegen die Lichtverschmutzung - Vortrag \u00fcber Sternenparks in Deutschland mit Sternenf\u00fchrung - Naturpark Stechlin-Ruppiner Land","robots":{"index":"index","follow":"follow","max-snippet":"max-snippet:-1","max-image-preview":"max-image-preview:large","max-video-preview":"max-video-preview:-1"},"canonical":"https:\/\/www.naturparkmagazin.de\/stechlin\/gegen-die-lichtverschmutzung-vortrag-ueber-sternenparks-in-deutschland-mit-sternenfuehrung\/","og_locale":"de_DE","og_type":"article","og_title":"Gegen die Lichtverschmutzung - Vortrag \u00fcber Sternenparks in Deutschland mit Sternenf\u00fchrung - Naturpark Stechlin-Ruppiner Land","og_description":"Deutschlands Sternenpapst Dr. Andreas H\u00e4nel aus Osnabr\u00fcck referiert am 3. September, 19 Uhr in R\u00e4gelin \u00fcber den Schutz der Nacht mit anschlie\u00dfender Sternenf\u00fchrung in der Kyritz-Ruppiner Heide.","og_url":"https:\/\/www.naturparkmagazin.de\/stechlin\/gegen-die-lichtverschmutzung-vortrag-ueber-sternenparks-in-deutschland-mit-sternenfuehrung\/","og_site_name":"Naturpark Stechlin-Ruppiner Land","article_published_time":"2024-08-22T14:08:39+00:00","article_modified_time":"2024-08-27T09:04:29+00:00","og_image":[{"width":200,"height":200,"url":"https:\/\/www.naturparkmagazin.de\/stechlin\/wp-content\/uploads\/sites\/38\/Bild_Vortrag_a.jpg","type":"image\/jpeg"}],"author":"marioschrumpf","twitter_misc":{"Verfasst von":"marioschrumpf","Gesch\u00e4tzte Lesezeit":"2\u00a0Minuten"},"schema":{"@context":"https:\/\/schema.org","@graph":[{"@type":"WebPage","@id":"https:\/\/www.naturparkmagazin.de\/stechlin\/gegen-die-lichtverschmutzung-vortrag-ueber-sternenparks-in-deutschland-mit-sternenfuehrung\/","url":"https:\/\/www.naturparkmagazin.de\/stechlin\/gegen-die-lichtverschmutzung-vortrag-ueber-sternenparks-in-deutschland-mit-sternenfuehrung\/","name":"Gegen die Lichtverschmutzung - Vortrag \u00fcber Sternenparks in Deutschland mit Sternenf\u00fchrung - Naturpark Stechlin-Ruppiner Land","isPartOf":{"@id":"https:\/\/www.naturparkmagazin.de\/stechlin\/#website"},"datePublished":"2024-08-22T14:08:39+00:00","dateModified":"2024-08-27T09:04:29+00:00","author":{"@id":"https:\/\/www.naturparkmagazin.de\/stechlin\/#\/schema\/person\/3f0d93203df21c806dd63c76d9bb28bc"},"breadcrumb":{"@id":"https:\/\/www.naturparkmagazin.de\/stechlin\/gegen-die-lichtverschmutzung-vortrag-ueber-sternenparks-in-deutschland-mit-sternenfuehrung\/#breadcrumb"},"inLanguage":"de","potentialAction":[{"@type":"ReadAction","target":["https:\/\/www.naturparkmagazin.de\/stechlin\/gegen-die-lichtverschmutzung-vortrag-ueber-sternenparks-in-deutschland-mit-sternenfuehrung\/"]}]},{"@type":"BreadcrumbList","@id":"https:\/\/www.naturparkmagazin.de\/stechlin\/gegen-die-lichtverschmutzung-vortrag-ueber-sternenparks-in-deutschland-mit-sternenfuehrung\/#breadcrumb","itemListElement":[{"@type":"ListItem","position":1,"name":"Home","item":"https:\/\/www.naturparkmagazin.de\/stechlin\/"},{"@type":"ListItem","position":2,"name":"Gegen die Lichtverschmutzung &#8211; Vortrag \u00fcber Sternenparks in Deutschland mit Sternenf\u00fchrung"}]},{"@type":"WebSite","@id":"https:\/\/www.naturparkmagazin.de\/stechlin\/#website","url":"https:\/\/www.naturparkmagazin.de\/stechlin\/","name":"Naturpark Stechlin-Ruppiner Land","description":"","potentialAction":[{"@type":"SearchAction","target":{"@type":"EntryPoint","urlTemplate":"https:\/\/www.naturparkmagazin.de\/stechlin\/?s={search_term_string}"},"query-input":"required name=search_term_string"}],"inLanguage":"de"},{"@type":"Person","@id":"https:\/\/www.naturparkmagazin.de\/stechlin\/#\/schema\/person\/3f0d93203df21c806dd63c76d9bb28bc","name":"marioschrumpf","url":"https:\/\/www.naturparkmagazin.de\/stechlin\/author\/marioschrumpf\/"}]}},"_links":{"self":[{"href":"https:\/\/www.naturparkmagazin.de\/stechlin\/wp-json\/wp\/v2\/posts\/16014"}],"collection":[{"href":"https:\/\/www.naturparkmagazin.de\/stechlin\/wp-json\/wp\/v2\/posts"}],"about":[{"href":"https:\/\/www.naturparkmagazin.de\/stechlin\/wp-json\/wp\/v2\/types\/post"}],"author":[{"embeddable":true,"href":"https:\/\/www.naturparkmagazin.de\/stechlin\/wp-json\/wp\/v2\/users\/39"}],"replies":[{"embeddable":true,"href":"https:\/\/www.naturparkmagazin.de\/stechlin\/wp-json\/wp\/v2\/comments?post=16014"}],"version-history":[{"count":9,"href":"https:\/\/www.naturparkmagazin.de\/stechlin\/wp-json\/wp\/v2\/posts\/16014\/revisions"}],"predecessor-version":[{"id":16121,"href":"https:\/\/www.naturparkmagazin.de\/stechlin\/wp-json\/wp\/v2\/posts\/16014\/revisions\/16121"}],"wp:featuredmedia":[{"embeddable":true,"href":"https:\/\/www.naturparkmagazin.de\/stechlin\/wp-json\/wp\/v2\/media\/13263"}],"wp:attachment":[{"href":"https:\/\/www.naturparkmagazin.de\/stechlin\/wp-json\/wp\/v2\/media?parent=16014"}],"wp:term":[{"taxonomy":"category","embeddable":true,"href":"https:\/\/www.naturparkmagazin.de\/stechlin\/wp-json\/wp\/v2\/categories?post=16014"},{"taxonomy":"post_tag","embeddable":true,"href":"https:\/\/www.naturparkmagazin.de\/stechlin\/wp-json\/wp\/v2\/tags?post=16014"}],"curies":[{"name":"wp","href":"https:\/\/api.w.org\/{rel}","templated":true}]}}