{"id":16175,"date":"2024-09-19T15:04:04","date_gmt":"2024-09-19T13:04:04","guid":{"rendered":"https:\/\/www.naturparkmagazin.de\/stechlin\/?p=16175"},"modified":"2024-09-20T16:49:32","modified_gmt":"2024-09-20T14:49:32","slug":"ziegen-beweiden-bluehwiese-in-menz","status":"publish","type":"post","link":"https:\/\/www.naturparkmagazin.de\/stechlin\/ziegen-beweiden-bluehwiese-in-menz\/","title":{"rendered":"Ziegen beweiden Bl\u00fchwiese in Menz"},"content":{"rendered":"<p>In diesem Herbst haben Ziegen die Bl\u00fchwiese um die Kirche in Menz beweidet.<\/p>\n<div id=\"attachment_16229\" style=\"width: 510px\" class=\"wp-caption aligncenter\"><a href=\"https:\/\/www.naturparkmagazin.de\/stechlin\/wp-content\/uploads\/sites\/38\/IMG_20240822_131512_3.jpg\"><img aria-describedby=\"caption-attachment-16229\" decoding=\"async\" loading=\"lazy\" class=\"size-full wp-image-16229\" src=\"https:\/\/www.naturparkmagazin.de\/stechlin\/wp-content\/uploads\/sites\/38\/IMG_20240822_131512_3.jpg\" alt=\"\" width=\"500\" height=\"300\" srcset=\"https:\/\/www.naturparkmagazin.de\/stechlin\/wp-content\/uploads\/sites\/38\/IMG_20240822_131512_3.jpg 500w, https:\/\/www.naturparkmagazin.de\/stechlin\/wp-content\/uploads\/sites\/38\/IMG_20240822_131512_3-300x180.jpg 300w, https:\/\/www.naturparkmagazin.de\/stechlin\/wp-content\/uploads\/sites\/38\/IMG_20240822_131512_3-200x120.jpg 200w\" sizes=\"(max-width: 500px) 100vw, 500px\" \/><\/a><p id=\"caption-attachment-16229\" class=\"wp-caption-text\">Die wilde Bl\u00fchwiese um die Kirche in Menz wurde zur Weidekoppel.\u00a9 Heiko Strobel<\/p><\/div>\n<p>Angefangen hat Alles mit einer Saatmischung, die der Landschaftspflegeverband Norduckerm\u00e4rkische Seenlandschaft ausges\u00e4ht hatte und die pr\u00e4chtig aufgegangen war. So pr\u00e4chtig, dass es einigen Anwohnern dann doch etwas zu &#8222;unordentlich&#8220; vorkam.<\/p>\n<div id=\"attachment_16230\" style=\"width: 510px\" class=\"wp-caption aligncenter\"><a href=\"https:\/\/www.naturparkmagazin.de\/stechlin\/wp-content\/uploads\/sites\/38\/IMG_20240822_131609_1.jpg\"><img aria-describedby=\"caption-attachment-16230\" decoding=\"async\" loading=\"lazy\" class=\"size-full wp-image-16230\" src=\"https:\/\/www.naturparkmagazin.de\/stechlin\/wp-content\/uploads\/sites\/38\/IMG_20240822_131609_1.jpg\" alt=\"\" width=\"500\" height=\"300\" srcset=\"https:\/\/www.naturparkmagazin.de\/stechlin\/wp-content\/uploads\/sites\/38\/IMG_20240822_131609_1.jpg 500w, https:\/\/www.naturparkmagazin.de\/stechlin\/wp-content\/uploads\/sites\/38\/IMG_20240822_131609_1-300x180.jpg 300w, https:\/\/www.naturparkmagazin.de\/stechlin\/wp-content\/uploads\/sites\/38\/IMG_20240822_131609_1-200x120.jpg 200w\" sizes=\"(max-width: 500px) 100vw, 500px\" \/><\/a><p id=\"caption-attachment-16230\" class=\"wp-caption-text\">Die Ziegen von Reinhard Brehe sind rundum gl\u00fccklich. Gut und vielseitig zu fressen und durch Kirchenmauern gesch\u00fctzt.\u00a9 Heiko Strobel<\/p><\/div>\n<p>Unser &#8222;Verb\u00fcndeter&#8220;, Pfarrer Jens Jakobi, hat gut die Argumente zum Insektenschutz entgegengehalten und wir haben nun mit den Ziegen wieder eine gewisse Ordnung herstellen k\u00f6nnen, die die Gem\u00fcter bruhigen sollte und gleichzeitig die Samen f\u00fcr die neue Bl\u00fchwiese im n\u00e4chsten Jahr tief in den heiligen Boden eingedr\u00fcckt hat.<\/p>\n<p>In den n\u00e4chsten Jahren soll diese portionsweise Weide auch wieder stattfinden und sich eine m\u00f6glichst bunte und insektenfreundliche Vielfalt rund um die Kirche etabliert haben.<\/p>\n<div id=\"attachment_16231\" style=\"width: 310px\" class=\"wp-caption aligncenter\"><a href=\"https:\/\/www.naturparkmagazin.de\/stechlin\/wp-content\/uploads\/sites\/38\/IMG_20240822_131640_9.jpg\"><img aria-describedby=\"caption-attachment-16231\" decoding=\"async\" loading=\"lazy\" class=\"size-full wp-image-16231\" src=\"https:\/\/www.naturparkmagazin.de\/stechlin\/wp-content\/uploads\/sites\/38\/IMG_20240822_131640_9.jpg\" alt=\"\" width=\"300\" height=\"500\" srcset=\"https:\/\/www.naturparkmagazin.de\/stechlin\/wp-content\/uploads\/sites\/38\/IMG_20240822_131640_9.jpg 300w, https:\/\/www.naturparkmagazin.de\/stechlin\/wp-content\/uploads\/sites\/38\/IMG_20240822_131640_9-200x333.jpg 200w\" sizes=\"(max-width: 300px) 100vw, 300px\" \/><\/a><p id=\"caption-attachment-16231\" class=\"wp-caption-text\">Die Ziegen sind begeistert, mal im Ort aktiv zu werden.\u00a9 Heiko Strobel<\/p><\/div>\n","protected":false},"excerpt":{"rendered":"<p>In diesem Herbst haben Ziegen die Bl\u00fchwiese um die Kirche in Menz beweidet.<\/p>\n","protected":false},"author":39,"featured_media":16232,"comment_status":"open","ping_status":"open","sticky":false,"template":"","format":"standard","meta":[],"categories":[7],"tags":[],"yoast_head":"<!-- This site is optimized with the Yoast SEO plugin v19.10 - https:\/\/yoast.com\/wordpress\/plugins\/seo\/ -->\n<title>Ziegen beweiden Bl\u00fchwiese in Menz - Naturpark Stechlin-Ruppiner Land<\/title>\n<meta name=\"robots\" content=\"index, follow, max-snippet:-1, max-image-preview:large, max-video-preview:-1\" \/>\n<link rel=\"canonical\" href=\"https:\/\/www.naturparkmagazin.de\/stechlin\/ziegen-beweiden-bluehwiese-in-menz\/\" \/>\n<meta property=\"og:locale\" content=\"de_DE\" \/>\n<meta property=\"og:type\" content=\"article\" \/>\n<meta property=\"og:title\" content=\"Ziegen beweiden Bl\u00fchwiese in Menz - Naturpark Stechlin-Ruppiner Land\" \/>\n<meta property=\"og:description\" content=\"In diesem Herbst haben Ziegen die Bl\u00fchwiese um die Kirche in Menz beweidet.\" \/>\n<meta property=\"og:url\" content=\"https:\/\/www.naturparkmagazin.de\/stechlin\/ziegen-beweiden-bluehwiese-in-menz\/\" \/>\n<meta property=\"og:site_name\" content=\"Naturpark Stechlin-Ruppiner Land\" \/>\n<meta property=\"article:published_time\" content=\"2024-09-19T13:04:04+00:00\" \/>\n<meta property=\"article:modified_time\" content=\"2024-09-20T14:49:32+00:00\" \/>\n<meta property=\"og:image\" content=\"https:\/\/www.naturparkmagazin.de\/stechlin\/wp-content\/uploads\/sites\/38\/IMG_20240822_131742_2.jpg\" \/>\n\t<meta property=\"og:image:width\" content=\"200\" \/>\n\t<meta property=\"og:image:height\" content=\"200\" \/>\n\t<meta property=\"og:image:type\" content=\"image\/jpeg\" \/>\n<meta name=\"author\" content=\"marioschrumpf\" \/>\n<meta name=\"twitter:label1\" content=\"Verfasst von\" \/>\n\t<meta name=\"twitter:data1\" content=\"marioschrumpf\" \/>\n\t<meta name=\"twitter:label2\" content=\"Gesch\u00e4tzte Lesezeit\" \/>\n\t<meta name=\"twitter:data2\" content=\"2\u00a0Minuten\" \/>\n<script type=\"application\/ld+json\" class=\"yoast-schema-graph\">{\"@context\":\"https:\/\/schema.org\",\"@graph\":[{\"@type\":\"WebPage\",\"@id\":\"https:\/\/www.naturparkmagazin.de\/stechlin\/ziegen-beweiden-bluehwiese-in-menz\/\",\"url\":\"https:\/\/www.naturparkmagazin.de\/stechlin\/ziegen-beweiden-bluehwiese-in-menz\/\",\"name\":\"Ziegen beweiden Bl\u00fchwiese in Menz - Naturpark Stechlin-Ruppiner Land\",\"isPartOf\":{\"@id\":\"https:\/\/www.naturparkmagazin.de\/stechlin\/#website\"},\"datePublished\":\"2024-09-19T13:04:04+00:00\",\"dateModified\":\"2024-09-20T14:49:32+00:00\",\"author\":{\"@id\":\"https:\/\/www.naturparkmagazin.de\/stechlin\/#\/schema\/person\/3f0d93203df21c806dd63c76d9bb28bc\"},\"breadcrumb\":{\"@id\":\"https:\/\/www.naturparkmagazin.de\/stechlin\/ziegen-beweiden-bluehwiese-in-menz\/#breadcrumb\"},\"inLanguage\":\"de\",\"potentialAction\":[{\"@type\":\"ReadAction\",\"target\":[\"https:\/\/www.naturparkmagazin.de\/stechlin\/ziegen-beweiden-bluehwiese-in-menz\/\"]}]},{\"@type\":\"BreadcrumbList\",\"@id\":\"https:\/\/www.naturparkmagazin.de\/stechlin\/ziegen-beweiden-bluehwiese-in-menz\/#breadcrumb\",\"itemListElement\":[{\"@type\":\"ListItem\",\"position\":1,\"name\":\"Home\",\"item\":\"https:\/\/www.naturparkmagazin.de\/stechlin\/\"},{\"@type\":\"ListItem\",\"position\":2,\"name\":\"Ziegen beweiden Bl\u00fchwiese in Menz\"}]},{\"@type\":\"WebSite\",\"@id\":\"https:\/\/www.naturparkmagazin.de\/stechlin\/#website\",\"url\":\"https:\/\/www.naturparkmagazin.de\/stechlin\/\",\"name\":\"Naturpark Stechlin-Ruppiner Land\",\"description\":\"\",\"potentialAction\":[{\"@type\":\"SearchAction\",\"target\":{\"@type\":\"EntryPoint\",\"urlTemplate\":\"https:\/\/www.naturparkmagazin.de\/stechlin\/?s={search_term_string}\"},\"query-input\":\"required name=search_term_string\"}],\"inLanguage\":\"de\"},{\"@type\":\"Person\",\"@id\":\"https:\/\/www.naturparkmagazin.de\/stechlin\/#\/schema\/person\/3f0d93203df21c806dd63c76d9bb28bc\",\"name\":\"marioschrumpf\",\"url\":\"https:\/\/www.naturparkmagazin.de\/stechlin\/author\/marioschrumpf\/\"}]}<\/script>\n<!-- \/ Yoast SEO plugin. -->","yoast_head_json":{"title":"Ziegen beweiden Bl\u00fchwiese in Menz - Naturpark Stechlin-Ruppiner Land","robots":{"index":"index","follow":"follow","max-snippet":"max-snippet:-1","max-image-preview":"max-image-preview:large","max-video-preview":"max-video-preview:-1"},"canonical":"https:\/\/www.naturparkmagazin.de\/stechlin\/ziegen-beweiden-bluehwiese-in-menz\/","og_locale":"de_DE","og_type":"article","og_title":"Ziegen beweiden Bl\u00fchwiese in Menz - Naturpark Stechlin-Ruppiner Land","og_description":"In diesem Herbst haben Ziegen die Bl\u00fchwiese um die Kirche in Menz beweidet.","og_url":"https:\/\/www.naturparkmagazin.de\/stechlin\/ziegen-beweiden-bluehwiese-in-menz\/","og_site_name":"Naturpark Stechlin-Ruppiner Land","article_published_time":"2024-09-19T13:04:04+00:00","article_modified_time":"2024-09-20T14:49:32+00:00","og_image":[{"width":200,"height":200,"url":"https:\/\/www.naturparkmagazin.de\/stechlin\/wp-content\/uploads\/sites\/38\/IMG_20240822_131742_2.jpg","type":"image\/jpeg"}],"author":"marioschrumpf","twitter_misc":{"Verfasst von":"marioschrumpf","Gesch\u00e4tzte Lesezeit":"2\u00a0Minuten"},"schema":{"@context":"https:\/\/schema.org","@graph":[{"@type":"WebPage","@id":"https:\/\/www.naturparkmagazin.de\/stechlin\/ziegen-beweiden-bluehwiese-in-menz\/","url":"https:\/\/www.naturparkmagazin.de\/stechlin\/ziegen-beweiden-bluehwiese-in-menz\/","name":"Ziegen beweiden Bl\u00fchwiese in Menz - Naturpark Stechlin-Ruppiner Land","isPartOf":{"@id":"https:\/\/www.naturparkmagazin.de\/stechlin\/#website"},"datePublished":"2024-09-19T13:04:04+00:00","dateModified":"2024-09-20T14:49:32+00:00","author":{"@id":"https:\/\/www.naturparkmagazin.de\/stechlin\/#\/schema\/person\/3f0d93203df21c806dd63c76d9bb28bc"},"breadcrumb":{"@id":"https:\/\/www.naturparkmagazin.de\/stechlin\/ziegen-beweiden-bluehwiese-in-menz\/#breadcrumb"},"inLanguage":"de","potentialAction":[{"@type":"ReadAction","target":["https:\/\/www.naturparkmagazin.de\/stechlin\/ziegen-beweiden-bluehwiese-in-menz\/"]}]},{"@type":"BreadcrumbList","@id":"https:\/\/www.naturparkmagazin.de\/stechlin\/ziegen-beweiden-bluehwiese-in-menz\/#breadcrumb","itemListElement":[{"@type":"ListItem","position":1,"name":"Home","item":"https:\/\/www.naturparkmagazin.de\/stechlin\/"},{"@type":"ListItem","position":2,"name":"Ziegen beweiden Bl\u00fchwiese in Menz"}]},{"@type":"WebSite","@id":"https:\/\/www.naturparkmagazin.de\/stechlin\/#website","url":"https:\/\/www.naturparkmagazin.de\/stechlin\/","name":"Naturpark Stechlin-Ruppiner Land","description":"","potentialAction":[{"@type":"SearchAction","target":{"@type":"EntryPoint","urlTemplate":"https:\/\/www.naturparkmagazin.de\/stechlin\/?s={search_term_string}"},"query-input":"required name=search_term_string"}],"inLanguage":"de"},{"@type":"Person","@id":"https:\/\/www.naturparkmagazin.de\/stechlin\/#\/schema\/person\/3f0d93203df21c806dd63c76d9bb28bc","name":"marioschrumpf","url":"https:\/\/www.naturparkmagazin.de\/stechlin\/author\/marioschrumpf\/"}]}},"_links":{"self":[{"href":"https:\/\/www.naturparkmagazin.de\/stechlin\/wp-json\/wp\/v2\/posts\/16175"}],"collection":[{"href":"https:\/\/www.naturparkmagazin.de\/stechlin\/wp-json\/wp\/v2\/posts"}],"about":[{"href":"https:\/\/www.naturparkmagazin.de\/stechlin\/wp-json\/wp\/v2\/types\/post"}],"author":[{"embeddable":true,"href":"https:\/\/www.naturparkmagazin.de\/stechlin\/wp-json\/wp\/v2\/users\/39"}],"replies":[{"embeddable":true,"href":"https:\/\/www.naturparkmagazin.de\/stechlin\/wp-json\/wp\/v2\/comments?post=16175"}],"version-history":[{"count":4,"href":"https:\/\/www.naturparkmagazin.de\/stechlin\/wp-json\/wp\/v2\/posts\/16175\/revisions"}],"predecessor-version":[{"id":16239,"href":"https:\/\/www.naturparkmagazin.de\/stechlin\/wp-json\/wp\/v2\/posts\/16175\/revisions\/16239"}],"wp:featuredmedia":[{"embeddable":true,"href":"https:\/\/www.naturparkmagazin.de\/stechlin\/wp-json\/wp\/v2\/media\/16232"}],"wp:attachment":[{"href":"https:\/\/www.naturparkmagazin.de\/stechlin\/wp-json\/wp\/v2\/media?parent=16175"}],"wp:term":[{"taxonomy":"category","embeddable":true,"href":"https:\/\/www.naturparkmagazin.de\/stechlin\/wp-json\/wp\/v2\/categories?post=16175"},{"taxonomy":"post_tag","embeddable":true,"href":"https:\/\/www.naturparkmagazin.de\/stechlin\/wp-json\/wp\/v2\/tags?post=16175"}],"curies":[{"name":"wp","href":"https:\/\/api.w.org\/{rel}","templated":true}]}}