{"id":16177,"date":"2024-09-19T16:01:34","date_gmt":"2024-09-19T14:01:34","guid":{"rendered":"https:\/\/www.naturparkmagazin.de\/stechlin\/?p=16177"},"modified":"2024-09-20T16:53:04","modified_gmt":"2024-09-20T14:53:04","slug":"19-apfeltag-am-19-oktober-2024","status":"publish","type":"post","link":"https:\/\/www.naturparkmagazin.de\/stechlin\/19-apfeltag-am-19-oktober-2024\/","title":{"rendered":"19. Apfeltag am 19. Oktober 2024"},"content":{"rendered":"<p>In diesem Jahr findet der <strong>Menzer Apfeltag <\/strong>bereits zum <strong>19.<\/strong> <strong>Mal<\/strong> statt. An diesem Tag wird sich alles um die paradiesische Frucht drehen. Ein buntes Programm mit Vortrag, Regionalmarkt und Apfelausstellung erwartet die Besucherinnen und Besucher.<\/p>\n<p>Der \u201eF\u00f6rderverein Naturlandschaft Stechlin und Menzer Heide\u201c e.V., die Naturparkverwaltung und die Naturwacht laden am <strong>19. Oktober von 10 bis 15 Uhr<\/strong> auf den Friedensplatz rund um die Regionalwerkstatt Stechlin ein.<\/p>\n<div id=\"attachment_10454\" style=\"width: 310px\" class=\"wp-caption aligncenter\"><img aria-describedby=\"caption-attachment-10454\" decoding=\"async\" loading=\"lazy\" class=\"wp-image-10454 size-thumbnail\" src=\"https:\/\/www.naturparkmagazin.de\/stechlin\/wp-content\/uploads\/sites\/38\/P9010836-300x180.jpg\" alt=\"\u00a9Dr. Mario Schrumpf\" width=\"300\" height=\"180\" srcset=\"https:\/\/www.naturparkmagazin.de\/stechlin\/wp-content\/uploads\/sites\/38\/P9010836-300x180.jpg 300w, https:\/\/www.naturparkmagazin.de\/stechlin\/wp-content\/uploads\/sites\/38\/P9010836.jpg 500w, https:\/\/www.naturparkmagazin.de\/stechlin\/wp-content\/uploads\/sites\/38\/P9010836-200x120.jpg 200w\" sizes=\"(max-width: 300px) 100vw, 300px\" \/><p id=\"caption-attachment-10454\" class=\"wp-caption-text\">Auch die Streuobstwiese in Menz kann zum Apfeltag besichtigt werden.\u00a9 Dr. Mario Schrumpf<\/p><\/div>\n<p>Neben der traditionellen <strong>Apfelausstellung mit Sortenbestimmun<\/strong>g durch Urte Delft und Martin Rech vom Pomologenverein Berlin \u2013 Brandenburg e.V., wird auch wieder ein Fachvortrag angeboten. Dieses Mal haben wir <strong>Anke Stamer von der \u00d6lm\u00fchle Katerbow<\/strong> gewinnen k\u00f6nnen. Unter dem Titel <em>&#8222;Ohne \u00d6l fehlt dir was &#8211; \u00d6le aus regionaler Produktion<\/em>&#8220; wird sie ab 11.00 Uhr im Seminarraum der Regionalwerkstatt Stechlin \u00fcber ihre Arbeit berichten.<\/p>\n<div id=\"attachment_9131\" style=\"width: 310px\" class=\"wp-caption aligncenter\"><a href=\"https:\/\/www.naturparkmagazin.de\/stechlin\/wp-content\/uploads\/sites\/38\/Vivian-B\u00f6llersen_25.jpg\"><img aria-describedby=\"caption-attachment-9131\" decoding=\"async\" loading=\"lazy\" class=\"wp-image-9131 size-thumbnail\" src=\"https:\/\/www.naturparkmagazin.de\/stechlin\/wp-content\/uploads\/sites\/38\/Vivian-B\u00f6llersen_25-300x180.jpg\" alt=\"NP SRL\/Heiko Strobel\" width=\"300\" height=\"180\" srcset=\"https:\/\/www.naturparkmagazin.de\/stechlin\/wp-content\/uploads\/sites\/38\/Vivian-B\u00f6llersen_25-300x180.jpg 300w, https:\/\/www.naturparkmagazin.de\/stechlin\/wp-content\/uploads\/sites\/38\/Vivian-B\u00f6llersen_25.jpg 500w, https:\/\/www.naturparkmagazin.de\/stechlin\/wp-content\/uploads\/sites\/38\/Vivian-B\u00f6llersen_25-200x120.jpg 200w\" sizes=\"(max-width: 300px) 100vw, 300px\" \/><\/a><p id=\"caption-attachment-9131\" class=\"wp-caption-text\">Vivian B\u00f6llersen von der Walnussmeisterei Herzberg wird wieder Waln\u00fcsse und Verarbeitetes anbieten.\u00a9 Dr. Mario Schrumpf<\/p><\/div>\n<p>Auch in diesem Jahr wird die <strong>Biesenthaler Baumschule<\/strong> wieder vor Ort sein. Wer spezielle W\u00fcnsche hat, kann gern bei Herrn Pachali unter Tel. 03337-430300 rechtzeitig vorbestellen.<\/p>\n<p>Zum zweiten Mal wird Beate Frick von der <strong>Apfelwelt Rollenhagen<\/strong> mit ihrem <strong>Mostmobil<\/strong> vor Ort sein und Direktsaft aus mitgebrachten \u00c4pfeln pressen. <strong>Bitte unbedingt vorab einen Termin sichern.<\/strong> <strong>Anmeldungen<\/strong> bitte an Silke Oldorff, Tel. 033082-40717, e-mail: Silke.Oldorff@LfU.Brandenburg.de.<\/p>\n<p>Auch <strong>Marc Marquardt<\/strong>, von der <strong>Kelterei Schwarmlandhof in Heinrichsdorf<\/strong>, hat sein Kommen zugesagt.<\/p>\n<p>In diesem Jahr soll der Apfeltag noch st\u00e4rker zum <strong>Regionalmarkt<\/strong> ausgebaut werden. So wird sich die Anzahl der St\u00e4nde mit regionalen, heimischen Produkten erh\u00f6hen. Auch f\u00fcr Essen und Trinken ist gesorgt, neben dem schon vom Waldfest bekannten Stand von <strong>Gr\u00fcnzeug\u00b4s <\/strong>mit vegetarischen Burgern, wird es u.a. auch den <strong>Kuchenbasar<\/strong> der Naturparkschule Theodor Fontane Menz wieder geben, nebst weiteren regionalen Spezialit\u00e4ten aus der Naturparkregion.<\/p>\n<div id=\"attachment_11138\" style=\"width: 310px\" class=\"wp-caption aligncenter\"><a href=\"https:\/\/www.naturparkmagazin.de\/stechlin\/wp-content\/uploads\/sites\/38\/most.jpg\"><img aria-describedby=\"caption-attachment-11138\" decoding=\"async\" loading=\"lazy\" class=\"size-thumbnail wp-image-11138\" src=\"https:\/\/www.naturparkmagazin.de\/stechlin\/wp-content\/uploads\/sites\/38\/most-300x180.jpg\" alt=\"Das fertige Produkt - Apfelsaft vom eigenen Baum. \u00a9 Foto: Heiko Strobel\" width=\"300\" height=\"180\" srcset=\"https:\/\/www.naturparkmagazin.de\/stechlin\/wp-content\/uploads\/sites\/38\/most-300x180.jpg 300w, https:\/\/www.naturparkmagazin.de\/stechlin\/wp-content\/uploads\/sites\/38\/most.jpg 500w, https:\/\/www.naturparkmagazin.de\/stechlin\/wp-content\/uploads\/sites\/38\/most-200x120.jpg 200w\" sizes=\"(max-width: 300px) 100vw, 300px\" \/><\/a><p id=\"caption-attachment-11138\" class=\"wp-caption-text\">Apfelsaft vom eigenen Baum kann bei Beate Frick gepresst werden &#8211; bitte Termin tel. reservieren!\u00a9 Heiko Strobel<\/p><\/div>\n<p>Wer will, kann zur <strong>Menzer Streuobstwiese<\/strong> wandern oder sich durch einen Insider von der Naturwacht begleiten lassen.<\/p>\n","protected":false},"excerpt":{"rendered":"<p>In diesem Jahr findet der Menzer Apfeltag bereits zum 19. Mal statt. An diesem Tag wird sich alles um die paradiesische Frucht drehen. Ein buntes Programm mit Vortrag, Regionalmarkt und Apfelausstellung erwartet die Besucherinnen und Besucher.<\/p>\n","protected":false},"author":39,"featured_media":10942,"comment_status":"open","ping_status":"open","sticky":false,"template":"","format":"standard","meta":[],"categories":[11],"tags":[],"yoast_head":"<!-- This site is optimized with the Yoast SEO plugin v19.10 - https:\/\/yoast.com\/wordpress\/plugins\/seo\/ -->\n<title>19. Apfeltag am 19. Oktober 2024 - Naturpark Stechlin-Ruppiner Land<\/title>\n<meta name=\"robots\" content=\"index, follow, max-snippet:-1, max-image-preview:large, max-video-preview:-1\" \/>\n<link rel=\"canonical\" href=\"https:\/\/www.naturparkmagazin.de\/stechlin\/19-apfeltag-am-19-oktober-2024\/\" \/>\n<meta property=\"og:locale\" content=\"de_DE\" \/>\n<meta property=\"og:type\" content=\"article\" \/>\n<meta property=\"og:title\" content=\"19. Apfeltag am 19. Oktober 2024 - Naturpark Stechlin-Ruppiner Land\" \/>\n<meta property=\"og:description\" content=\"In diesem Jahr findet der Menzer Apfeltag bereits zum 19. Mal statt. An diesem Tag wird sich alles um die paradiesische Frucht drehen. Ein buntes Programm mit Vortrag, Regionalmarkt und Apfelausstellung erwartet die Besucherinnen und Besucher.\" \/>\n<meta property=\"og:url\" content=\"https:\/\/www.naturparkmagazin.de\/stechlin\/19-apfeltag-am-19-oktober-2024\/\" \/>\n<meta property=\"og:site_name\" content=\"Naturpark Stechlin-Ruppiner Land\" \/>\n<meta property=\"article:published_time\" content=\"2024-09-19T14:01:34+00:00\" \/>\n<meta property=\"article:modified_time\" content=\"2024-09-20T14:53:04+00:00\" \/>\n<meta property=\"og:image\" content=\"https:\/\/www.naturparkmagazin.de\/stechlin\/wp-content\/uploads\/sites\/38\/\u00e4pfel-sewekow.jpg\" \/>\n\t<meta property=\"og:image:width\" content=\"200\" \/>\n\t<meta property=\"og:image:height\" content=\"200\" \/>\n\t<meta property=\"og:image:type\" content=\"image\/jpeg\" \/>\n<meta name=\"author\" content=\"marioschrumpf\" \/>\n<meta name=\"twitter:label1\" content=\"Verfasst von\" \/>\n\t<meta name=\"twitter:data1\" content=\"marioschrumpf\" \/>\n\t<meta name=\"twitter:label2\" content=\"Gesch\u00e4tzte Lesezeit\" \/>\n\t<meta name=\"twitter:data2\" content=\"3\u00a0Minuten\" \/>\n<script type=\"application\/ld+json\" class=\"yoast-schema-graph\">{\"@context\":\"https:\/\/schema.org\",\"@graph\":[{\"@type\":\"WebPage\",\"@id\":\"https:\/\/www.naturparkmagazin.de\/stechlin\/19-apfeltag-am-19-oktober-2024\/\",\"url\":\"https:\/\/www.naturparkmagazin.de\/stechlin\/19-apfeltag-am-19-oktober-2024\/\",\"name\":\"19. Apfeltag am 19. Oktober 2024 - Naturpark Stechlin-Ruppiner Land\",\"isPartOf\":{\"@id\":\"https:\/\/www.naturparkmagazin.de\/stechlin\/#website\"},\"datePublished\":\"2024-09-19T14:01:34+00:00\",\"dateModified\":\"2024-09-20T14:53:04+00:00\",\"author\":{\"@id\":\"https:\/\/www.naturparkmagazin.de\/stechlin\/#\/schema\/person\/3f0d93203df21c806dd63c76d9bb28bc\"},\"breadcrumb\":{\"@id\":\"https:\/\/www.naturparkmagazin.de\/stechlin\/19-apfeltag-am-19-oktober-2024\/#breadcrumb\"},\"inLanguage\":\"de\",\"potentialAction\":[{\"@type\":\"ReadAction\",\"target\":[\"https:\/\/www.naturparkmagazin.de\/stechlin\/19-apfeltag-am-19-oktober-2024\/\"]}]},{\"@type\":\"BreadcrumbList\",\"@id\":\"https:\/\/www.naturparkmagazin.de\/stechlin\/19-apfeltag-am-19-oktober-2024\/#breadcrumb\",\"itemListElement\":[{\"@type\":\"ListItem\",\"position\":1,\"name\":\"Home\",\"item\":\"https:\/\/www.naturparkmagazin.de\/stechlin\/\"},{\"@type\":\"ListItem\",\"position\":2,\"name\":\"19. Apfeltag am 19. Oktober 2024\"}]},{\"@type\":\"WebSite\",\"@id\":\"https:\/\/www.naturparkmagazin.de\/stechlin\/#website\",\"url\":\"https:\/\/www.naturparkmagazin.de\/stechlin\/\",\"name\":\"Naturpark Stechlin-Ruppiner Land\",\"description\":\"\",\"potentialAction\":[{\"@type\":\"SearchAction\",\"target\":{\"@type\":\"EntryPoint\",\"urlTemplate\":\"https:\/\/www.naturparkmagazin.de\/stechlin\/?s={search_term_string}\"},\"query-input\":\"required name=search_term_string\"}],\"inLanguage\":\"de\"},{\"@type\":\"Person\",\"@id\":\"https:\/\/www.naturparkmagazin.de\/stechlin\/#\/schema\/person\/3f0d93203df21c806dd63c76d9bb28bc\",\"name\":\"marioschrumpf\",\"url\":\"https:\/\/www.naturparkmagazin.de\/stechlin\/author\/marioschrumpf\/\"}]}<\/script>\n<!-- \/ Yoast SEO plugin. -->","yoast_head_json":{"title":"19. Apfeltag am 19. Oktober 2024 - Naturpark Stechlin-Ruppiner Land","robots":{"index":"index","follow":"follow","max-snippet":"max-snippet:-1","max-image-preview":"max-image-preview:large","max-video-preview":"max-video-preview:-1"},"canonical":"https:\/\/www.naturparkmagazin.de\/stechlin\/19-apfeltag-am-19-oktober-2024\/","og_locale":"de_DE","og_type":"article","og_title":"19. Apfeltag am 19. Oktober 2024 - Naturpark Stechlin-Ruppiner Land","og_description":"In diesem Jahr findet der Menzer Apfeltag bereits zum 19. Mal statt. An diesem Tag wird sich alles um die paradiesische Frucht drehen. Ein buntes Programm mit Vortrag, Regionalmarkt und Apfelausstellung erwartet die Besucherinnen und Besucher.","og_url":"https:\/\/www.naturparkmagazin.de\/stechlin\/19-apfeltag-am-19-oktober-2024\/","og_site_name":"Naturpark Stechlin-Ruppiner Land","article_published_time":"2024-09-19T14:01:34+00:00","article_modified_time":"2024-09-20T14:53:04+00:00","og_image":[{"width":200,"height":200,"url":"https:\/\/www.naturparkmagazin.de\/stechlin\/wp-content\/uploads\/sites\/38\/\u00e4pfel-sewekow.jpg","type":"image\/jpeg"}],"author":"marioschrumpf","twitter_misc":{"Verfasst von":"marioschrumpf","Gesch\u00e4tzte Lesezeit":"3\u00a0Minuten"},"schema":{"@context":"https:\/\/schema.org","@graph":[{"@type":"WebPage","@id":"https:\/\/www.naturparkmagazin.de\/stechlin\/19-apfeltag-am-19-oktober-2024\/","url":"https:\/\/www.naturparkmagazin.de\/stechlin\/19-apfeltag-am-19-oktober-2024\/","name":"19. Apfeltag am 19. Oktober 2024 - Naturpark Stechlin-Ruppiner Land","isPartOf":{"@id":"https:\/\/www.naturparkmagazin.de\/stechlin\/#website"},"datePublished":"2024-09-19T14:01:34+00:00","dateModified":"2024-09-20T14:53:04+00:00","author":{"@id":"https:\/\/www.naturparkmagazin.de\/stechlin\/#\/schema\/person\/3f0d93203df21c806dd63c76d9bb28bc"},"breadcrumb":{"@id":"https:\/\/www.naturparkmagazin.de\/stechlin\/19-apfeltag-am-19-oktober-2024\/#breadcrumb"},"inLanguage":"de","potentialAction":[{"@type":"ReadAction","target":["https:\/\/www.naturparkmagazin.de\/stechlin\/19-apfeltag-am-19-oktober-2024\/"]}]},{"@type":"BreadcrumbList","@id":"https:\/\/www.naturparkmagazin.de\/stechlin\/19-apfeltag-am-19-oktober-2024\/#breadcrumb","itemListElement":[{"@type":"ListItem","position":1,"name":"Home","item":"https:\/\/www.naturparkmagazin.de\/stechlin\/"},{"@type":"ListItem","position":2,"name":"19. Apfeltag am 19. Oktober 2024"}]},{"@type":"WebSite","@id":"https:\/\/www.naturparkmagazin.de\/stechlin\/#website","url":"https:\/\/www.naturparkmagazin.de\/stechlin\/","name":"Naturpark Stechlin-Ruppiner Land","description":"","potentialAction":[{"@type":"SearchAction","target":{"@type":"EntryPoint","urlTemplate":"https:\/\/www.naturparkmagazin.de\/stechlin\/?s={search_term_string}"},"query-input":"required name=search_term_string"}],"inLanguage":"de"},{"@type":"Person","@id":"https:\/\/www.naturparkmagazin.de\/stechlin\/#\/schema\/person\/3f0d93203df21c806dd63c76d9bb28bc","name":"marioschrumpf","url":"https:\/\/www.naturparkmagazin.de\/stechlin\/author\/marioschrumpf\/"}]}},"_links":{"self":[{"href":"https:\/\/www.naturparkmagazin.de\/stechlin\/wp-json\/wp\/v2\/posts\/16177"}],"collection":[{"href":"https:\/\/www.naturparkmagazin.de\/stechlin\/wp-json\/wp\/v2\/posts"}],"about":[{"href":"https:\/\/www.naturparkmagazin.de\/stechlin\/wp-json\/wp\/v2\/types\/post"}],"author":[{"embeddable":true,"href":"https:\/\/www.naturparkmagazin.de\/stechlin\/wp-json\/wp\/v2\/users\/39"}],"replies":[{"embeddable":true,"href":"https:\/\/www.naturparkmagazin.de\/stechlin\/wp-json\/wp\/v2\/comments?post=16177"}],"version-history":[{"count":5,"href":"https:\/\/www.naturparkmagazin.de\/stechlin\/wp-json\/wp\/v2\/posts\/16177\/revisions"}],"predecessor-version":[{"id":16242,"href":"https:\/\/www.naturparkmagazin.de\/stechlin\/wp-json\/wp\/v2\/posts\/16177\/revisions\/16242"}],"wp:featuredmedia":[{"embeddable":true,"href":"https:\/\/www.naturparkmagazin.de\/stechlin\/wp-json\/wp\/v2\/media\/10942"}],"wp:attachment":[{"href":"https:\/\/www.naturparkmagazin.de\/stechlin\/wp-json\/wp\/v2\/media?parent=16177"}],"wp:term":[{"taxonomy":"category","embeddable":true,"href":"https:\/\/www.naturparkmagazin.de\/stechlin\/wp-json\/wp\/v2\/categories?post=16177"},{"taxonomy":"post_tag","embeddable":true,"href":"https:\/\/www.naturparkmagazin.de\/stechlin\/wp-json\/wp\/v2\/tags?post=16177"}],"curies":[{"name":"wp","href":"https:\/\/api.w.org\/{rel}","templated":true}]}}