{"id":16187,"date":"2024-11-21T15:01:17","date_gmt":"2024-11-21T14:01:17","guid":{"rendered":"https:\/\/www.naturparkmagazin.de\/stechlin\/?p=16187"},"modified":"2024-12-02T09:51:37","modified_gmt":"2024-12-02T08:51:37","slug":"auszeichnung-der-ersten-naturpark-partner","status":"publish","type":"post","link":"https:\/\/www.naturparkmagazin.de\/stechlin\/auszeichnung-der-ersten-naturpark-partner\/","title":{"rendered":"Auszeichnung der ersten Naturpark-Partner"},"content":{"rendered":"<p><strong><em>&#8222;Wir sind Botschafter des Naturparks und engagieren uns aktiv f\u00fcr Klimaschutz und eine nachhaltige Entwicklung in unserer Region.&#8220;<\/em><\/strong><\/p>\n<p>So steht es auf den Urkunden und Plaketten, die den ersten elf offiziellen Naturpark Partnern des Naturparks Stechlin-Ruppiner Land \u00fcberreicht wurden.<\/p>\n<p>Im feierlichen Rahmen wurden am 19.11.2024 die ersten Partner in das bundesweite Netzwerk &#8222;Partnerinitiative&#8220;aufgenommen.<\/p>\n<p>Aus den H\u00e4nden von Naturparkleiter Dr. Mario Schrumpf und Projektkoordinator Olaf Wolff erhielten sie ihre Urkunden und Plaketten. Letztere sind f\u00fcr die Eingangsbereiche gedacht, um f\u00fcr jedermann die Mitgliedschaft im Partnernetzwerk sichtbar zu machen.<\/p>\n<div id=\"attachment_16403\" style=\"width: 510px\" class=\"wp-caption aligncenter\"><a href=\"https:\/\/www.naturparkmagazin.de\/stechlin\/wp-content\/uploads\/sites\/38\/Frank-Rumpe-1.jpg\"><img aria-describedby=\"caption-attachment-16403\" decoding=\"async\" loading=\"lazy\" class=\"size-full wp-image-16403\" src=\"https:\/\/www.naturparkmagazin.de\/stechlin\/wp-content\/uploads\/sites\/38\/Frank-Rumpe-1.jpg\" alt=\"\" width=\"500\" height=\"300\" srcset=\"https:\/\/www.naturparkmagazin.de\/stechlin\/wp-content\/uploads\/sites\/38\/Frank-Rumpe-1.jpg 500w, https:\/\/www.naturparkmagazin.de\/stechlin\/wp-content\/uploads\/sites\/38\/Frank-Rumpe-1-300x180.jpg 300w, https:\/\/www.naturparkmagazin.de\/stechlin\/wp-content\/uploads\/sites\/38\/Frank-Rumpe-1-200x120.jpg 200w\" sizes=\"(max-width: 500px) 100vw, 500px\" \/><\/a><p id=\"caption-attachment-16403\" class=\"wp-caption-text\">Frank Rumpe vom Biohof Kepos Altglobsow wird ausgezeichnet.\u00a9\u00a0J\u00fcrgen Rammelt<\/p><\/div>\n<p>Die beteiligten Unternehmen und Vereine sind jetzt Botschafter eines Netzwerkes der Naturparke in ganz Deutschland, in dem sie sich f\u00fcr den Klimaschutz und die Entwicklung der Region engagieren. Weitere Schwerpunkte der Zusammenarbeit sind das nachhaltige Wirtschaften, eine aktive Kommunikation und die Mitarbeit in den Netzwerken des Naturparks.<\/p>\n<p>Die Botschafter des Naturparks kommen aus den Landkreisen Ostprignitz-Ruppin und Oberhavel.<\/p>\n<div id=\"attachment_16406\" style=\"width: 510px\" class=\"wp-caption aligncenter\"><a href=\"https:\/\/www.naturparkmagazin.de\/stechlin\/wp-content\/uploads\/sites\/38\/Yvonne-Naegel.jpg\"><img aria-describedby=\"caption-attachment-16406\" decoding=\"async\" loading=\"lazy\" class=\"size-full wp-image-16406\" src=\"https:\/\/www.naturparkmagazin.de\/stechlin\/wp-content\/uploads\/sites\/38\/Yvonne-Naegel.jpg\" alt=\"\" width=\"500\" height=\"300\" srcset=\"https:\/\/www.naturparkmagazin.de\/stechlin\/wp-content\/uploads\/sites\/38\/Yvonne-Naegel.jpg 500w, https:\/\/www.naturparkmagazin.de\/stechlin\/wp-content\/uploads\/sites\/38\/Yvonne-Naegel-300x180.jpg 300w, https:\/\/www.naturparkmagazin.de\/stechlin\/wp-content\/uploads\/sites\/38\/Yvonne-Naegel-200x120.jpg 200w\" sizes=\"(max-width: 500px) 100vw, 500px\" \/><\/a><p id=\"caption-attachment-16406\" class=\"wp-caption-text\">Yvonne N\u00e4gel erh\u00e4lt die Urkunde f\u00fcr die Jugendherberge Ravensbr\u00fcck\u00a9\u00a0J\u00fcrgen Rammelt<\/p><\/div>\n<p>Im Einzelnen sind es der Biohof Kepos Altglobsow, der Luisenhof Katerbow, der F\u00f6rderverein KulturGutshaus K\u00f6pernitz e.V., der Kremserhof Zerm\u00fctzel, die Creperie Bric a Brac Zernikow, die Rheinsberger Preussenquelle GmbH, der Fitness-TREFF-Natur e.V., die Wilde Heimat GbR F\u00fcrstenberg\/Havel, das Hotel und Restaurant Birkenhof Burow und der Prebelower Kinderland e.V. &#8211; KiEZ Prebelow.<\/p>\n<div id=\"attachment_16404\" style=\"width: 510px\" class=\"wp-caption aligncenter\"><a href=\"https:\/\/www.naturparkmagazin.de\/stechlin\/wp-content\/uploads\/sites\/38\/Naturpark-Partner.jpg\"><img aria-describedby=\"caption-attachment-16404\" decoding=\"async\" loading=\"lazy\" class=\"size-full wp-image-16404\" src=\"https:\/\/www.naturparkmagazin.de\/stechlin\/wp-content\/uploads\/sites\/38\/Naturpark-Partner.jpg\" alt=\"\" width=\"500\" height=\"300\" srcset=\"https:\/\/www.naturparkmagazin.de\/stechlin\/wp-content\/uploads\/sites\/38\/Naturpark-Partner.jpg 500w, https:\/\/www.naturparkmagazin.de\/stechlin\/wp-content\/uploads\/sites\/38\/Naturpark-Partner-300x180.jpg 300w, https:\/\/www.naturparkmagazin.de\/stechlin\/wp-content\/uploads\/sites\/38\/Naturpark-Partner-200x120.jpg 200w\" sizes=\"(max-width: 500px) 100vw, 500px\" \/><\/a><p id=\"caption-attachment-16404\" class=\"wp-caption-text\">Die ersten Naturpark-Partner im Naturpark Stechlin-Ruppiner Land.\u00a9 J\u00fcrgen Rammelt<\/p><\/div>\n<p>Wer Interesse hat, sich als Unternehmen oder Institution im Partnernetzwerk des Naturparks zu engagieren, der wende sich an den Projektkoordinator Olaf Wolff.<\/p>\n<p><strong>Kontakt:<\/strong><\/p>\n<p>e-mail: olaf.wolff@lfu.brandenburg.de, Tel.: 033082 40718<\/p>\n","protected":false},"excerpt":{"rendered":"<p>Wir sind Botschafter des Naturpark und engagieren uns aktiv f\u00fcr Klimaschutz und eine nachhaltige Entwicklung in unserer Region!<\/p>\n","protected":false},"author":39,"featured_media":16405,"comment_status":"open","ping_status":"open","sticky":false,"template":"","format":"standard","meta":[],"categories":[7],"tags":[],"yoast_head":"<!-- This site is optimized with the Yoast SEO plugin v19.10 - https:\/\/yoast.com\/wordpress\/plugins\/seo\/ -->\n<title>Auszeichnung der ersten Naturpark-Partner - Naturpark Stechlin-Ruppiner Land<\/title>\n<meta name=\"robots\" content=\"index, follow, max-snippet:-1, max-image-preview:large, max-video-preview:-1\" \/>\n<link rel=\"canonical\" href=\"https:\/\/www.naturparkmagazin.de\/stechlin\/auszeichnung-der-ersten-naturpark-partner\/\" \/>\n<meta property=\"og:locale\" content=\"de_DE\" \/>\n<meta property=\"og:type\" content=\"article\" \/>\n<meta property=\"og:title\" content=\"Auszeichnung der ersten Naturpark-Partner - Naturpark Stechlin-Ruppiner Land\" \/>\n<meta property=\"og:description\" content=\"Wir sind Botschafter des Naturpark und engagieren uns aktiv f\u00fcr Klimaschutz und eine nachhaltige Entwicklung in unserer Region!\" \/>\n<meta property=\"og:url\" content=\"https:\/\/www.naturparkmagazin.de\/stechlin\/auszeichnung-der-ersten-naturpark-partner\/\" \/>\n<meta property=\"og:site_name\" content=\"Naturpark Stechlin-Ruppiner Land\" \/>\n<meta property=\"article:published_time\" content=\"2024-11-21T14:01:17+00:00\" \/>\n<meta property=\"article:modified_time\" content=\"2024-12-02T08:51:37+00:00\" \/>\n<meta property=\"og:image\" content=\"https:\/\/www.naturparkmagazin.de\/stechlin\/wp-content\/uploads\/sites\/38\/Vorschau_Inforunde.jpg\" \/>\n\t<meta property=\"og:image:width\" content=\"200\" \/>\n\t<meta property=\"og:image:height\" content=\"200\" \/>\n\t<meta property=\"og:image:type\" content=\"image\/jpeg\" \/>\n<meta name=\"author\" content=\"marioschrumpf\" \/>\n<meta name=\"twitter:label1\" content=\"Verfasst von\" \/>\n\t<meta name=\"twitter:data1\" content=\"marioschrumpf\" \/>\n\t<meta name=\"twitter:label2\" content=\"Gesch\u00e4tzte Lesezeit\" \/>\n\t<meta name=\"twitter:data2\" content=\"3\u00a0Minuten\" \/>\n<script type=\"application\/ld+json\" class=\"yoast-schema-graph\">{\"@context\":\"https:\/\/schema.org\",\"@graph\":[{\"@type\":\"WebPage\",\"@id\":\"https:\/\/www.naturparkmagazin.de\/stechlin\/auszeichnung-der-ersten-naturpark-partner\/\",\"url\":\"https:\/\/www.naturparkmagazin.de\/stechlin\/auszeichnung-der-ersten-naturpark-partner\/\",\"name\":\"Auszeichnung der ersten Naturpark-Partner - Naturpark Stechlin-Ruppiner Land\",\"isPartOf\":{\"@id\":\"https:\/\/www.naturparkmagazin.de\/stechlin\/#website\"},\"datePublished\":\"2024-11-21T14:01:17+00:00\",\"dateModified\":\"2024-12-02T08:51:37+00:00\",\"author\":{\"@id\":\"https:\/\/www.naturparkmagazin.de\/stechlin\/#\/schema\/person\/3f0d93203df21c806dd63c76d9bb28bc\"},\"breadcrumb\":{\"@id\":\"https:\/\/www.naturparkmagazin.de\/stechlin\/auszeichnung-der-ersten-naturpark-partner\/#breadcrumb\"},\"inLanguage\":\"de\",\"potentialAction\":[{\"@type\":\"ReadAction\",\"target\":[\"https:\/\/www.naturparkmagazin.de\/stechlin\/auszeichnung-der-ersten-naturpark-partner\/\"]}]},{\"@type\":\"BreadcrumbList\",\"@id\":\"https:\/\/www.naturparkmagazin.de\/stechlin\/auszeichnung-der-ersten-naturpark-partner\/#breadcrumb\",\"itemListElement\":[{\"@type\":\"ListItem\",\"position\":1,\"name\":\"Home\",\"item\":\"https:\/\/www.naturparkmagazin.de\/stechlin\/\"},{\"@type\":\"ListItem\",\"position\":2,\"name\":\"Auszeichnung der ersten Naturpark-Partner\"}]},{\"@type\":\"WebSite\",\"@id\":\"https:\/\/www.naturparkmagazin.de\/stechlin\/#website\",\"url\":\"https:\/\/www.naturparkmagazin.de\/stechlin\/\",\"name\":\"Naturpark Stechlin-Ruppiner Land\",\"description\":\"\",\"potentialAction\":[{\"@type\":\"SearchAction\",\"target\":{\"@type\":\"EntryPoint\",\"urlTemplate\":\"https:\/\/www.naturparkmagazin.de\/stechlin\/?s={search_term_string}\"},\"query-input\":\"required name=search_term_string\"}],\"inLanguage\":\"de\"},{\"@type\":\"Person\",\"@id\":\"https:\/\/www.naturparkmagazin.de\/stechlin\/#\/schema\/person\/3f0d93203df21c806dd63c76d9bb28bc\",\"name\":\"marioschrumpf\",\"url\":\"https:\/\/www.naturparkmagazin.de\/stechlin\/author\/marioschrumpf\/\"}]}<\/script>\n<!-- \/ Yoast SEO plugin. -->","yoast_head_json":{"title":"Auszeichnung der ersten Naturpark-Partner - Naturpark Stechlin-Ruppiner Land","robots":{"index":"index","follow":"follow","max-snippet":"max-snippet:-1","max-image-preview":"max-image-preview:large","max-video-preview":"max-video-preview:-1"},"canonical":"https:\/\/www.naturparkmagazin.de\/stechlin\/auszeichnung-der-ersten-naturpark-partner\/","og_locale":"de_DE","og_type":"article","og_title":"Auszeichnung der ersten Naturpark-Partner - Naturpark Stechlin-Ruppiner Land","og_description":"Wir sind Botschafter des Naturpark und engagieren uns aktiv f\u00fcr Klimaschutz und eine nachhaltige Entwicklung in unserer Region!","og_url":"https:\/\/www.naturparkmagazin.de\/stechlin\/auszeichnung-der-ersten-naturpark-partner\/","og_site_name":"Naturpark Stechlin-Ruppiner Land","article_published_time":"2024-11-21T14:01:17+00:00","article_modified_time":"2024-12-02T08:51:37+00:00","og_image":[{"width":200,"height":200,"url":"https:\/\/www.naturparkmagazin.de\/stechlin\/wp-content\/uploads\/sites\/38\/Vorschau_Inforunde.jpg","type":"image\/jpeg"}],"author":"marioschrumpf","twitter_misc":{"Verfasst von":"marioschrumpf","Gesch\u00e4tzte Lesezeit":"3\u00a0Minuten"},"schema":{"@context":"https:\/\/schema.org","@graph":[{"@type":"WebPage","@id":"https:\/\/www.naturparkmagazin.de\/stechlin\/auszeichnung-der-ersten-naturpark-partner\/","url":"https:\/\/www.naturparkmagazin.de\/stechlin\/auszeichnung-der-ersten-naturpark-partner\/","name":"Auszeichnung der ersten Naturpark-Partner - Naturpark Stechlin-Ruppiner Land","isPartOf":{"@id":"https:\/\/www.naturparkmagazin.de\/stechlin\/#website"},"datePublished":"2024-11-21T14:01:17+00:00","dateModified":"2024-12-02T08:51:37+00:00","author":{"@id":"https:\/\/www.naturparkmagazin.de\/stechlin\/#\/schema\/person\/3f0d93203df21c806dd63c76d9bb28bc"},"breadcrumb":{"@id":"https:\/\/www.naturparkmagazin.de\/stechlin\/auszeichnung-der-ersten-naturpark-partner\/#breadcrumb"},"inLanguage":"de","potentialAction":[{"@type":"ReadAction","target":["https:\/\/www.naturparkmagazin.de\/stechlin\/auszeichnung-der-ersten-naturpark-partner\/"]}]},{"@type":"BreadcrumbList","@id":"https:\/\/www.naturparkmagazin.de\/stechlin\/auszeichnung-der-ersten-naturpark-partner\/#breadcrumb","itemListElement":[{"@type":"ListItem","position":1,"name":"Home","item":"https:\/\/www.naturparkmagazin.de\/stechlin\/"},{"@type":"ListItem","position":2,"name":"Auszeichnung der ersten Naturpark-Partner"}]},{"@type":"WebSite","@id":"https:\/\/www.naturparkmagazin.de\/stechlin\/#website","url":"https:\/\/www.naturparkmagazin.de\/stechlin\/","name":"Naturpark Stechlin-Ruppiner Land","description":"","potentialAction":[{"@type":"SearchAction","target":{"@type":"EntryPoint","urlTemplate":"https:\/\/www.naturparkmagazin.de\/stechlin\/?s={search_term_string}"},"query-input":"required name=search_term_string"}],"inLanguage":"de"},{"@type":"Person","@id":"https:\/\/www.naturparkmagazin.de\/stechlin\/#\/schema\/person\/3f0d93203df21c806dd63c76d9bb28bc","name":"marioschrumpf","url":"https:\/\/www.naturparkmagazin.de\/stechlin\/author\/marioschrumpf\/"}]}},"_links":{"self":[{"href":"https:\/\/www.naturparkmagazin.de\/stechlin\/wp-json\/wp\/v2\/posts\/16187"}],"collection":[{"href":"https:\/\/www.naturparkmagazin.de\/stechlin\/wp-json\/wp\/v2\/posts"}],"about":[{"href":"https:\/\/www.naturparkmagazin.de\/stechlin\/wp-json\/wp\/v2\/types\/post"}],"author":[{"embeddable":true,"href":"https:\/\/www.naturparkmagazin.de\/stechlin\/wp-json\/wp\/v2\/users\/39"}],"replies":[{"embeddable":true,"href":"https:\/\/www.naturparkmagazin.de\/stechlin\/wp-json\/wp\/v2\/comments?post=16187"}],"version-history":[{"count":9,"href":"https:\/\/www.naturparkmagazin.de\/stechlin\/wp-json\/wp\/v2\/posts\/16187\/revisions"}],"predecessor-version":[{"id":16491,"href":"https:\/\/www.naturparkmagazin.de\/stechlin\/wp-json\/wp\/v2\/posts\/16187\/revisions\/16491"}],"wp:featuredmedia":[{"embeddable":true,"href":"https:\/\/www.naturparkmagazin.de\/stechlin\/wp-json\/wp\/v2\/media\/16405"}],"wp:attachment":[{"href":"https:\/\/www.naturparkmagazin.de\/stechlin\/wp-json\/wp\/v2\/media?parent=16187"}],"wp:term":[{"taxonomy":"category","embeddable":true,"href":"https:\/\/www.naturparkmagazin.de\/stechlin\/wp-json\/wp\/v2\/categories?post=16187"},{"taxonomy":"post_tag","embeddable":true,"href":"https:\/\/www.naturparkmagazin.de\/stechlin\/wp-json\/wp\/v2\/tags?post=16187"}],"curies":[{"name":"wp","href":"https:\/\/api.w.org\/{rel}","templated":true}]}}