{"id":16245,"date":"2024-09-19T16:03:44","date_gmt":"2024-09-19T14:03:44","guid":{"rendered":"https:\/\/www.naturparkmagazin.de\/stechlin\/?p=16245"},"modified":"2024-09-20T17:49:44","modified_gmt":"2024-09-20T15:49:44","slug":"save-the-date-14-11-24-landwirtschaftstag-in-menz","status":"publish","type":"post","link":"https:\/\/www.naturparkmagazin.de\/stechlin\/save-the-date-14-11-24-landwirtschaftstag-in-menz\/","title":{"rendered":"Save the Date: 14.11.24 \u2013 Landwirtschaftstag in Menz"},"content":{"rendered":"<p>Durch nachhaltige Landwirtschaft lassen sich viele Herausforderungen des Klimawandels praktisch und nachweisbar bew\u00e4ltigen. \u00d6ko-Landbau f\u00f6rdert die Bio-Diversit\u00e4t, sorgt f\u00fcr gesunde B\u00f6den und damit verbunden f\u00fcr sauberes Grundwasser. Zudem sind chemisch-synthetische Pestizide, die prophylaktische Gabe von Antibiotika oder der Einsatz von Kunstd\u00fcnger in der Bio-Landwirtschaft verboten. Hinzu kommen deutlich h\u00f6here Standards f\u00fcr die Tierhaltung. Kurzum: \u00d6ko-Landbau ist nicht nur alternativlos, sondern bietet auch zahlreiche Vorteile f\u00fcr die Landwirt*innen.<\/p>\n<p>Dies ist die Botschaft unseres Landwirtschafttags. Zum siebten Mal laden wir gemeinsam mit dem Landschaftspflegeverband Prignitz-Ruppiner Land e.V. und dem Naturpark Stechlin-Ruppiner Land B\u00e4uerinnen und Bauern sowie Interessierte nach Menz, um mehr \u00fcber die Vorteile nachhaltiger Landwirtschaft zu erfahren. Gleichzeitig haben die Veranstalter stets ein offenes Ohr f\u00fcr die dr\u00e4ngensten Probleme in den Betrieben und richten nach diesen Interessen auch das Programm aus.<\/p>\n<p>In diesem Jahr erwartet die G\u00e4ste ein Bericht aus der Praxis eines brandenburgischen Betriebs, die Auswertung eines Kennartenprogramms, ein Vortrag zu den Ergebnissen eines Feldversuchs zur Aufwertung von Gr\u00fcnland und ein Erfahrungsbericht zum Thema \u201eVertragsanbau Faserhanf\u201c. Au\u00dferdem informieren wir zur aktuellen Marktentwicklung und laden wie immer zu Austausch und Gespr\u00e4ch.<\/p>\n<p>Wir sehen uns am 14. November in Menz!<\/p>\n<div id=\"attachment_16251\" style=\"width: 1510px\" class=\"wp-caption aligncenter\"><a href=\"https:\/\/www.naturparkmagazin.de\/stechlin\/wp-content\/uploads\/sites\/38\/Programm-7.-Landwirtschaftstag-1.jpg\"><img aria-describedby=\"caption-attachment-16251\" decoding=\"async\" loading=\"lazy\" class=\"size-full wp-image-16251\" src=\"https:\/\/www.naturparkmagazin.de\/stechlin\/wp-content\/uploads\/sites\/38\/Programm-7.-Landwirtschaftstag-1.jpg\" alt=\"\" width=\"1500\" height=\"2119\" srcset=\"https:\/\/www.naturparkmagazin.de\/stechlin\/wp-content\/uploads\/sites\/38\/Programm-7.-Landwirtschaftstag-1.jpg 1500w, https:\/\/www.naturparkmagazin.de\/stechlin\/wp-content\/uploads\/sites\/38\/Programm-7.-Landwirtschaftstag-1-620x876.jpg 620w, https:\/\/www.naturparkmagazin.de\/stechlin\/wp-content\/uploads\/sites\/38\/Programm-7.-Landwirtschaftstag-1-940x1328.jpg 940w, https:\/\/www.naturparkmagazin.de\/stechlin\/wp-content\/uploads\/sites\/38\/Programm-7.-Landwirtschaftstag-1-300x424.jpg 300w, https:\/\/www.naturparkmagazin.de\/stechlin\/wp-content\/uploads\/sites\/38\/Programm-7.-Landwirtschaftstag-1-1087x1536.jpg 1087w, https:\/\/www.naturparkmagazin.de\/stechlin\/wp-content\/uploads\/sites\/38\/Programm-7.-Landwirtschaftstag-1-1450x2048.jpg 1450w, https:\/\/www.naturparkmagazin.de\/stechlin\/wp-content\/uploads\/sites\/38\/Programm-7.-Landwirtschaftstag-1-670x946.jpg 670w, https:\/\/www.naturparkmagazin.de\/stechlin\/wp-content\/uploads\/sites\/38\/Programm-7.-Landwirtschaftstag-1-200x283.jpg 200w\" sizes=\"(max-width: 1500px) 100vw, 1500px\" \/><\/a><p id=\"caption-attachment-16251\" class=\"wp-caption-text\">Plakat mit vorl\u00e4ufigem Programm.\u00a9 Hilmar Hilger (Rheinsberger Preussenquelle)<\/p><\/div>\n","protected":false},"excerpt":{"rendered":"<p>Zum siebten Mal laden wir gemeinsam mit dem Landschaftspflegeverband Prignitz-Ruppiner Land e.V. und dem Naturpark Stechlin-Ruppiner Land B\u00e4uerinnen und Bauern sowie Interessierte nach Menz, um mehr \u00fcber die Vorteile nachhaltiger Landwirtschaft zu erfahren.<\/p>\n","protected":false},"author":39,"featured_media":16250,"comment_status":"open","ping_status":"open","sticky":false,"template":"","format":"standard","meta":[],"categories":[11],"tags":[],"yoast_head":"<!-- This site is optimized with the Yoast SEO plugin v19.10 - https:\/\/yoast.com\/wordpress\/plugins\/seo\/ -->\n<title>Save the Date: 14.11.24 \u2013 Landwirtschaftstag in Menz - Naturpark Stechlin-Ruppiner Land<\/title>\n<meta name=\"robots\" content=\"index, follow, max-snippet:-1, max-image-preview:large, max-video-preview:-1\" \/>\n<link rel=\"canonical\" href=\"https:\/\/www.naturparkmagazin.de\/stechlin\/save-the-date-14-11-24-landwirtschaftstag-in-menz\/\" \/>\n<meta property=\"og:locale\" content=\"de_DE\" \/>\n<meta property=\"og:type\" content=\"article\" \/>\n<meta property=\"og:title\" content=\"Save the Date: 14.11.24 \u2013 Landwirtschaftstag in Menz - Naturpark Stechlin-Ruppiner Land\" \/>\n<meta property=\"og:description\" content=\"Zum siebten Mal laden wir gemeinsam mit dem Landschaftspflegeverband Prignitz-Ruppiner Land e.V. und dem Naturpark Stechlin-Ruppiner Land B\u00e4uerinnen und Bauern sowie Interessierte nach Menz, um mehr \u00fcber die Vorteile nachhaltiger Landwirtschaft zu erfahren.\" \/>\n<meta property=\"og:url\" content=\"https:\/\/www.naturparkmagazin.de\/stechlin\/save-the-date-14-11-24-landwirtschaftstag-in-menz\/\" \/>\n<meta property=\"og:site_name\" content=\"Naturpark Stechlin-Ruppiner Land\" \/>\n<meta property=\"article:published_time\" content=\"2024-09-19T14:03:44+00:00\" \/>\n<meta property=\"article:modified_time\" content=\"2024-09-20T15:49:44+00:00\" \/>\n<meta property=\"og:image\" content=\"https:\/\/www.naturparkmagazin.de\/stechlin\/wp-content\/uploads\/sites\/38\/241114_LaWi-Tag-Header_Save-the-Date_RPQ-Website-2-1.jpg\" \/>\n\t<meta property=\"og:image:width\" content=\"200\" \/>\n\t<meta property=\"og:image:height\" content=\"200\" \/>\n\t<meta property=\"og:image:type\" content=\"image\/jpeg\" \/>\n<meta name=\"author\" content=\"marioschrumpf\" \/>\n<meta name=\"twitter:label1\" content=\"Verfasst von\" \/>\n\t<meta name=\"twitter:data1\" content=\"marioschrumpf\" \/>\n\t<meta name=\"twitter:label2\" content=\"Gesch\u00e4tzte Lesezeit\" \/>\n\t<meta name=\"twitter:data2\" content=\"2\u00a0Minuten\" \/>\n<script type=\"application\/ld+json\" class=\"yoast-schema-graph\">{\"@context\":\"https:\/\/schema.org\",\"@graph\":[{\"@type\":\"WebPage\",\"@id\":\"https:\/\/www.naturparkmagazin.de\/stechlin\/save-the-date-14-11-24-landwirtschaftstag-in-menz\/\",\"url\":\"https:\/\/www.naturparkmagazin.de\/stechlin\/save-the-date-14-11-24-landwirtschaftstag-in-menz\/\",\"name\":\"Save the Date: 14.11.24 \u2013 Landwirtschaftstag in Menz - Naturpark Stechlin-Ruppiner Land\",\"isPartOf\":{\"@id\":\"https:\/\/www.naturparkmagazin.de\/stechlin\/#website\"},\"datePublished\":\"2024-09-19T14:03:44+00:00\",\"dateModified\":\"2024-09-20T15:49:44+00:00\",\"author\":{\"@id\":\"https:\/\/www.naturparkmagazin.de\/stechlin\/#\/schema\/person\/3f0d93203df21c806dd63c76d9bb28bc\"},\"breadcrumb\":{\"@id\":\"https:\/\/www.naturparkmagazin.de\/stechlin\/save-the-date-14-11-24-landwirtschaftstag-in-menz\/#breadcrumb\"},\"inLanguage\":\"de\",\"potentialAction\":[{\"@type\":\"ReadAction\",\"target\":[\"https:\/\/www.naturparkmagazin.de\/stechlin\/save-the-date-14-11-24-landwirtschaftstag-in-menz\/\"]}]},{\"@type\":\"BreadcrumbList\",\"@id\":\"https:\/\/www.naturparkmagazin.de\/stechlin\/save-the-date-14-11-24-landwirtschaftstag-in-menz\/#breadcrumb\",\"itemListElement\":[{\"@type\":\"ListItem\",\"position\":1,\"name\":\"Home\",\"item\":\"https:\/\/www.naturparkmagazin.de\/stechlin\/\"},{\"@type\":\"ListItem\",\"position\":2,\"name\":\"Save the Date: 14.11.24 \u2013 Landwirtschaftstag in Menz\"}]},{\"@type\":\"WebSite\",\"@id\":\"https:\/\/www.naturparkmagazin.de\/stechlin\/#website\",\"url\":\"https:\/\/www.naturparkmagazin.de\/stechlin\/\",\"name\":\"Naturpark Stechlin-Ruppiner Land\",\"description\":\"\",\"potentialAction\":[{\"@type\":\"SearchAction\",\"target\":{\"@type\":\"EntryPoint\",\"urlTemplate\":\"https:\/\/www.naturparkmagazin.de\/stechlin\/?s={search_term_string}\"},\"query-input\":\"required name=search_term_string\"}],\"inLanguage\":\"de\"},{\"@type\":\"Person\",\"@id\":\"https:\/\/www.naturparkmagazin.de\/stechlin\/#\/schema\/person\/3f0d93203df21c806dd63c76d9bb28bc\",\"name\":\"marioschrumpf\",\"url\":\"https:\/\/www.naturparkmagazin.de\/stechlin\/author\/marioschrumpf\/\"}]}<\/script>\n<!-- \/ Yoast SEO plugin. -->","yoast_head_json":{"title":"Save the Date: 14.11.24 \u2013 Landwirtschaftstag in Menz - Naturpark Stechlin-Ruppiner Land","robots":{"index":"index","follow":"follow","max-snippet":"max-snippet:-1","max-image-preview":"max-image-preview:large","max-video-preview":"max-video-preview:-1"},"canonical":"https:\/\/www.naturparkmagazin.de\/stechlin\/save-the-date-14-11-24-landwirtschaftstag-in-menz\/","og_locale":"de_DE","og_type":"article","og_title":"Save the Date: 14.11.24 \u2013 Landwirtschaftstag in Menz - Naturpark Stechlin-Ruppiner Land","og_description":"Zum siebten Mal laden wir gemeinsam mit dem Landschaftspflegeverband Prignitz-Ruppiner Land e.V. und dem Naturpark Stechlin-Ruppiner Land B\u00e4uerinnen und Bauern sowie Interessierte nach Menz, um mehr \u00fcber die Vorteile nachhaltiger Landwirtschaft zu erfahren.","og_url":"https:\/\/www.naturparkmagazin.de\/stechlin\/save-the-date-14-11-24-landwirtschaftstag-in-menz\/","og_site_name":"Naturpark Stechlin-Ruppiner Land","article_published_time":"2024-09-19T14:03:44+00:00","article_modified_time":"2024-09-20T15:49:44+00:00","og_image":[{"width":200,"height":200,"url":"https:\/\/www.naturparkmagazin.de\/stechlin\/wp-content\/uploads\/sites\/38\/241114_LaWi-Tag-Header_Save-the-Date_RPQ-Website-2-1.jpg","type":"image\/jpeg"}],"author":"marioschrumpf","twitter_misc":{"Verfasst von":"marioschrumpf","Gesch\u00e4tzte Lesezeit":"2\u00a0Minuten"},"schema":{"@context":"https:\/\/schema.org","@graph":[{"@type":"WebPage","@id":"https:\/\/www.naturparkmagazin.de\/stechlin\/save-the-date-14-11-24-landwirtschaftstag-in-menz\/","url":"https:\/\/www.naturparkmagazin.de\/stechlin\/save-the-date-14-11-24-landwirtschaftstag-in-menz\/","name":"Save the Date: 14.11.24 \u2013 Landwirtschaftstag in Menz - Naturpark Stechlin-Ruppiner Land","isPartOf":{"@id":"https:\/\/www.naturparkmagazin.de\/stechlin\/#website"},"datePublished":"2024-09-19T14:03:44+00:00","dateModified":"2024-09-20T15:49:44+00:00","author":{"@id":"https:\/\/www.naturparkmagazin.de\/stechlin\/#\/schema\/person\/3f0d93203df21c806dd63c76d9bb28bc"},"breadcrumb":{"@id":"https:\/\/www.naturparkmagazin.de\/stechlin\/save-the-date-14-11-24-landwirtschaftstag-in-menz\/#breadcrumb"},"inLanguage":"de","potentialAction":[{"@type":"ReadAction","target":["https:\/\/www.naturparkmagazin.de\/stechlin\/save-the-date-14-11-24-landwirtschaftstag-in-menz\/"]}]},{"@type":"BreadcrumbList","@id":"https:\/\/www.naturparkmagazin.de\/stechlin\/save-the-date-14-11-24-landwirtschaftstag-in-menz\/#breadcrumb","itemListElement":[{"@type":"ListItem","position":1,"name":"Home","item":"https:\/\/www.naturparkmagazin.de\/stechlin\/"},{"@type":"ListItem","position":2,"name":"Save the Date: 14.11.24 \u2013 Landwirtschaftstag in Menz"}]},{"@type":"WebSite","@id":"https:\/\/www.naturparkmagazin.de\/stechlin\/#website","url":"https:\/\/www.naturparkmagazin.de\/stechlin\/","name":"Naturpark Stechlin-Ruppiner Land","description":"","potentialAction":[{"@type":"SearchAction","target":{"@type":"EntryPoint","urlTemplate":"https:\/\/www.naturparkmagazin.de\/stechlin\/?s={search_term_string}"},"query-input":"required name=search_term_string"}],"inLanguage":"de"},{"@type":"Person","@id":"https:\/\/www.naturparkmagazin.de\/stechlin\/#\/schema\/person\/3f0d93203df21c806dd63c76d9bb28bc","name":"marioschrumpf","url":"https:\/\/www.naturparkmagazin.de\/stechlin\/author\/marioschrumpf\/"}]}},"_links":{"self":[{"href":"https:\/\/www.naturparkmagazin.de\/stechlin\/wp-json\/wp\/v2\/posts\/16245"}],"collection":[{"href":"https:\/\/www.naturparkmagazin.de\/stechlin\/wp-json\/wp\/v2\/posts"}],"about":[{"href":"https:\/\/www.naturparkmagazin.de\/stechlin\/wp-json\/wp\/v2\/types\/post"}],"author":[{"embeddable":true,"href":"https:\/\/www.naturparkmagazin.de\/stechlin\/wp-json\/wp\/v2\/users\/39"}],"replies":[{"embeddable":true,"href":"https:\/\/www.naturparkmagazin.de\/stechlin\/wp-json\/wp\/v2\/comments?post=16245"}],"version-history":[{"count":5,"href":"https:\/\/www.naturparkmagazin.de\/stechlin\/wp-json\/wp\/v2\/posts\/16245\/revisions"}],"predecessor-version":[{"id":16254,"href":"https:\/\/www.naturparkmagazin.de\/stechlin\/wp-json\/wp\/v2\/posts\/16245\/revisions\/16254"}],"wp:featuredmedia":[{"embeddable":true,"href":"https:\/\/www.naturparkmagazin.de\/stechlin\/wp-json\/wp\/v2\/media\/16250"}],"wp:attachment":[{"href":"https:\/\/www.naturparkmagazin.de\/stechlin\/wp-json\/wp\/v2\/media?parent=16245"}],"wp:term":[{"taxonomy":"category","embeddable":true,"href":"https:\/\/www.naturparkmagazin.de\/stechlin\/wp-json\/wp\/v2\/categories?post=16245"},{"taxonomy":"post_tag","embeddable":true,"href":"https:\/\/www.naturparkmagazin.de\/stechlin\/wp-json\/wp\/v2\/tags?post=16245"}],"curies":[{"name":"wp","href":"https:\/\/api.w.org\/{rel}","templated":true}]}}