{"id":16273,"date":"2024-10-23T15:01:03","date_gmt":"2024-10-23T13:01:03","guid":{"rendered":"https:\/\/www.naturparkmagazin.de\/stechlin\/?p=16273"},"modified":"2025-01-24T10:04:51","modified_gmt":"2025-01-24T09:04:51","slug":"der-19-menzer-apfeltag-war-ein-besuchermagnet","status":"publish","type":"post","link":"https:\/\/www.naturparkmagazin.de\/stechlin\/der-19-menzer-apfeltag-war-ein-besuchermagnet\/","title":{"rendered":"Der 19. Menzer Apfeltag (2024) war ein Besuchermagnet"},"content":{"rendered":"<p>Mehr als 1.500 Besucher waren bei bestem Herbstwetter zu Gast beim 19. Menzer Apfeltag. Auch in diesem Jahr erwies sich die Traditionsveranstaltung als wahrer Besuchermagnet.\nObwohl in diesem Jahr aufgrund der erfrorenen Bl\u00fcten nur wenig \u00c4pfel gewachsen sind.<\/p>\n<div id=\"attachment_16307\" style=\"width: 510px\" class=\"wp-caption aligncenter\"><a href=\"https:\/\/www.naturparkmagazin.de\/stechlin\/wp-content\/uploads\/sites\/38\/DSC_0004-5.jpg\"><img aria-describedby=\"caption-attachment-16307\" decoding=\"async\" loading=\"lazy\" class=\"size-full wp-image-16307\" src=\"https:\/\/www.naturparkmagazin.de\/stechlin\/wp-content\/uploads\/sites\/38\/DSC_0004-5.jpg\" alt=\"\" width=\"500\" height=\"300\" srcset=\"https:\/\/www.naturparkmagazin.de\/stechlin\/wp-content\/uploads\/sites\/38\/DSC_0004-5.jpg 500w, https:\/\/www.naturparkmagazin.de\/stechlin\/wp-content\/uploads\/sites\/38\/DSC_0004-5-300x180.jpg 300w, https:\/\/www.naturparkmagazin.de\/stechlin\/wp-content\/uploads\/sites\/38\/DSC_0004-5-200x120.jpg 200w\" sizes=\"(max-width: 500px) 100vw, 500px\" \/><\/a><p id=\"caption-attachment-16307\" class=\"wp-caption-text\">130 Apfelhochst\u00e4mme wurden im Rahmen des Genressourcenprojektes Streuobst gegen Vereinbarung abgegeben \u00a9 Dr. Mario Schrumpf<\/p><\/div>\n<p>Mario Ledderhose, seit diesem Jahr neuer B\u00fcrgermeister der Gemeinde Stechlin, bezeichnete den Apfeltag in seiner Gru\u00dfrede als \u201e<em>kleine Schwester<\/em>\u201c des Menzer Waldfestes.<\/p>\n<p>Die Beteiligung am Apfelkuchenwettbewerb war wieder sehr gut! Die f\u00fcnfk\u00f6pfige Jury hatte 20 Kuchen zu verkosten. Gewinnerin war in diesem Jahr Andrea Libor aus G\u00fcldenhof. Sie kreierte einen Apfelkuchen mit Baiser und Mandeln. Alle Kuchen des Wettbewerbes gingen im Anschluss der Verkostung als Spende in den Kuchenbasar der Naturparkschule Theodor Fontane Menz ein.<\/p>\n<div id=\"attachment_16312\" style=\"width: 510px\" class=\"wp-caption aligncenter\"><a href=\"https:\/\/www.naturparkmagazin.de\/stechlin\/wp-content\/uploads\/sites\/38\/DSC_0150.jpg\"><img aria-describedby=\"caption-attachment-16312\" decoding=\"async\" loading=\"lazy\" class=\"size-full wp-image-16312\" src=\"https:\/\/www.naturparkmagazin.de\/stechlin\/wp-content\/uploads\/sites\/38\/DSC_0150.jpg\" alt=\"\" width=\"500\" height=\"300\" srcset=\"https:\/\/www.naturparkmagazin.de\/stechlin\/wp-content\/uploads\/sites\/38\/DSC_0150.jpg 500w, https:\/\/www.naturparkmagazin.de\/stechlin\/wp-content\/uploads\/sites\/38\/DSC_0150-300x180.jpg 300w, https:\/\/www.naturparkmagazin.de\/stechlin\/wp-content\/uploads\/sites\/38\/DSC_0150-200x120.jpg 200w\" sizes=\"(max-width: 500px) 100vw, 500px\" \/><\/a><p id=\"caption-attachment-16312\" class=\"wp-caption-text\">Die stolzen Preistr\u00e4gerinnnen des Apfelkuchenwettbewerbes\u00a9 Dr. Mario Schrumpf<\/p><\/div>\n<p>Anke Stamer vom Luisenhof Katerbow stellte in einem Vortrag ihre \u00d6lm\u00fchle vor. Thema \u201e<em>Ohne \u00d6l fehlt Dir was- \u00d6le aus regionalen Produkten<\/em>\u201c. Im Anschluss konnten ihre im Manufakturbetrieb gepressten \u00d6le verkostet werden.<\/p>\n<div id=\"attachment_16311\" style=\"width: 510px\" class=\"wp-caption aligncenter\"><a href=\"https:\/\/www.naturparkmagazin.de\/stechlin\/wp-content\/uploads\/sites\/38\/DSC_0081.jpg\"><img aria-describedby=\"caption-attachment-16311\" decoding=\"async\" loading=\"lazy\" class=\"size-full wp-image-16311\" src=\"https:\/\/www.naturparkmagazin.de\/stechlin\/wp-content\/uploads\/sites\/38\/DSC_0081.jpg\" alt=\"\" width=\"500\" height=\"300\" srcset=\"https:\/\/www.naturparkmagazin.de\/stechlin\/wp-content\/uploads\/sites\/38\/DSC_0081.jpg 500w, https:\/\/www.naturparkmagazin.de\/stechlin\/wp-content\/uploads\/sites\/38\/DSC_0081-300x180.jpg 300w, https:\/\/www.naturparkmagazin.de\/stechlin\/wp-content\/uploads\/sites\/38\/DSC_0081-200x120.jpg 200w\" sizes=\"(max-width: 500px) 100vw, 500px\" \/><\/a><p id=\"caption-attachment-16311\" class=\"wp-caption-text\">\u00d6lverkostung nach dem Vortrag von Anke Stamer vom Luisenhof Katerbow\u00a9 Dr. Mario Schrumpf<\/p><\/div>\n<p>Drei Mitglieder des Pomologischen Vereins Berlin \u2013 Brandenburg e.V. bestimmten die Sorten mitgebrachter Apfelproben. Des Weiteren pr\u00e4sentierten sie eine Apfelausstellung mit fast 100 Sorten.<\/p>\n<div id=\"attachment_16308\" style=\"width: 510px\" class=\"wp-caption aligncenter\"><a href=\"https:\/\/www.naturparkmagazin.de\/stechlin\/wp-content\/uploads\/sites\/38\/DSC_0018-2.jpg\"><img aria-describedby=\"caption-attachment-16308\" decoding=\"async\" loading=\"lazy\" class=\"size-full wp-image-16308\" src=\"https:\/\/www.naturparkmagazin.de\/stechlin\/wp-content\/uploads\/sites\/38\/DSC_0018-2.jpg\" alt=\"\" width=\"500\" height=\"300\" srcset=\"https:\/\/www.naturparkmagazin.de\/stechlin\/wp-content\/uploads\/sites\/38\/DSC_0018-2.jpg 500w, https:\/\/www.naturparkmagazin.de\/stechlin\/wp-content\/uploads\/sites\/38\/DSC_0018-2-300x180.jpg 300w, https:\/\/www.naturparkmagazin.de\/stechlin\/wp-content\/uploads\/sites\/38\/DSC_0018-2-200x120.jpg 200w\" sizes=\"(max-width: 500px) 100vw, 500px\" \/><\/a><p id=\"caption-attachment-16308\" class=\"wp-caption-text\">Fast 100 verschiedene Apfelsorten wurden vom Pomologischen Verein in der Apfelausstellung pr\u00e4sentiert \u00a9 Dr. Mario Schrumpf<\/p><\/div>\n<p>Auf dem vielf\u00e4ltigen Regionalmarkt wurden zahlreiche Produkte rund um die paradiesische Frucht verkauft. Am Stand der Naturwacht konnten Kinder Tragetaschen mit Apfel- und Birnendruckmotiven versch\u00f6nern.<\/p>\n<div id=\"attachment_16309\" style=\"width: 510px\" class=\"wp-caption aligncenter\"><a href=\"https:\/\/www.naturparkmagazin.de\/stechlin\/wp-content\/uploads\/sites\/38\/DSC_0029-1.jpg\"><img aria-describedby=\"caption-attachment-16309\" decoding=\"async\" loading=\"lazy\" class=\"size-full wp-image-16309\" src=\"https:\/\/www.naturparkmagazin.de\/stechlin\/wp-content\/uploads\/sites\/38\/DSC_0029-1.jpg\" alt=\"\" width=\"500\" height=\"300\" srcset=\"https:\/\/www.naturparkmagazin.de\/stechlin\/wp-content\/uploads\/sites\/38\/DSC_0029-1.jpg 500w, https:\/\/www.naturparkmagazin.de\/stechlin\/wp-content\/uploads\/sites\/38\/DSC_0029-1-300x180.jpg 300w, https:\/\/www.naturparkmagazin.de\/stechlin\/wp-content\/uploads\/sites\/38\/DSC_0029-1-200x120.jpg 200w\" sizes=\"(max-width: 500px) 100vw, 500px\" \/><\/a><p id=\"caption-attachment-16309\" class=\"wp-caption-text\">Vivian B\u00f6llersen von der Walnussmeisterei Herzberg bereicherte mit ihrem Walnusssortiment den Regionalmarkt \u00a9 Dr. Mario Schrumpf<\/p><\/div>\n<p>Ein herzliches Dankesch\u00f6n an alle flei\u00dfigen Helfer vor und hinter den Kulissen, die f\u00fcr einen reibungslosen Ablauf des Apfeltages gesorgt haben!<\/p>\n<p>Im n\u00e4chsten Jahr begehen wir das <strong>20-j\u00e4hrige Jubil\u00e4um des Menzer Apfeltages<\/strong>. Apfelfans sollten den Termin <strong>18. Oktober 2025<\/strong> schon dick im Kalender anstreichen!<\/p>\n","protected":false},"excerpt":{"rendered":"<p>Mehr als 1.500 Besucher waren bei bestem Herbstwetter zu Gast beim 19. Menzer Apfeltag.<\/p>\n","protected":false},"author":39,"featured_media":16310,"comment_status":"open","ping_status":"open","sticky":false,"template":"","format":"standard","meta":[],"categories":[7],"tags":[],"yoast_head":"<!-- This site is optimized with the Yoast SEO plugin v19.10 - https:\/\/yoast.com\/wordpress\/plugins\/seo\/ -->\n<title>Der 19. Menzer Apfeltag (2024) war ein Besuchermagnet - Naturpark Stechlin-Ruppiner Land<\/title>\n<meta name=\"robots\" content=\"index, follow, max-snippet:-1, max-image-preview:large, max-video-preview:-1\" \/>\n<link rel=\"canonical\" href=\"https:\/\/www.naturparkmagazin.de\/stechlin\/der-19-menzer-apfeltag-war-ein-besuchermagnet\/\" \/>\n<meta property=\"og:locale\" content=\"de_DE\" \/>\n<meta property=\"og:type\" content=\"article\" \/>\n<meta property=\"og:title\" content=\"Der 19. Menzer Apfeltag (2024) war ein Besuchermagnet - Naturpark Stechlin-Ruppiner Land\" \/>\n<meta property=\"og:description\" content=\"Mehr als 1.500 Besucher waren bei bestem Herbstwetter zu Gast beim 19. Menzer Apfeltag.\" \/>\n<meta property=\"og:url\" content=\"https:\/\/www.naturparkmagazin.de\/stechlin\/der-19-menzer-apfeltag-war-ein-besuchermagnet\/\" \/>\n<meta property=\"og:site_name\" content=\"Naturpark Stechlin-Ruppiner Land\" \/>\n<meta property=\"article:published_time\" content=\"2024-10-23T13:01:03+00:00\" \/>\n<meta property=\"article:modified_time\" content=\"2025-01-24T09:04:51+00:00\" \/>\n<meta property=\"og:image\" content=\"https:\/\/www.naturparkmagazin.de\/stechlin\/wp-content\/uploads\/sites\/38\/DSC_0064.jpg\" \/>\n\t<meta property=\"og:image:width\" content=\"200\" \/>\n\t<meta property=\"og:image:height\" content=\"200\" \/>\n\t<meta property=\"og:image:type\" content=\"image\/jpeg\" \/>\n<meta name=\"author\" content=\"marioschrumpf\" \/>\n<meta name=\"twitter:label1\" content=\"Verfasst von\" \/>\n\t<meta name=\"twitter:data1\" content=\"marioschrumpf\" \/>\n\t<meta name=\"twitter:label2\" content=\"Gesch\u00e4tzte Lesezeit\" \/>\n\t<meta name=\"twitter:data2\" content=\"3\u00a0Minuten\" \/>\n<script type=\"application\/ld+json\" class=\"yoast-schema-graph\">{\"@context\":\"https:\/\/schema.org\",\"@graph\":[{\"@type\":\"WebPage\",\"@id\":\"https:\/\/www.naturparkmagazin.de\/stechlin\/der-19-menzer-apfeltag-war-ein-besuchermagnet\/\",\"url\":\"https:\/\/www.naturparkmagazin.de\/stechlin\/der-19-menzer-apfeltag-war-ein-besuchermagnet\/\",\"name\":\"Der 19. Menzer Apfeltag (2024) war ein Besuchermagnet - Naturpark Stechlin-Ruppiner Land\",\"isPartOf\":{\"@id\":\"https:\/\/www.naturparkmagazin.de\/stechlin\/#website\"},\"datePublished\":\"2024-10-23T13:01:03+00:00\",\"dateModified\":\"2025-01-24T09:04:51+00:00\",\"author\":{\"@id\":\"https:\/\/www.naturparkmagazin.de\/stechlin\/#\/schema\/person\/3f0d93203df21c806dd63c76d9bb28bc\"},\"breadcrumb\":{\"@id\":\"https:\/\/www.naturparkmagazin.de\/stechlin\/der-19-menzer-apfeltag-war-ein-besuchermagnet\/#breadcrumb\"},\"inLanguage\":\"de\",\"potentialAction\":[{\"@type\":\"ReadAction\",\"target\":[\"https:\/\/www.naturparkmagazin.de\/stechlin\/der-19-menzer-apfeltag-war-ein-besuchermagnet\/\"]}]},{\"@type\":\"BreadcrumbList\",\"@id\":\"https:\/\/www.naturparkmagazin.de\/stechlin\/der-19-menzer-apfeltag-war-ein-besuchermagnet\/#breadcrumb\",\"itemListElement\":[{\"@type\":\"ListItem\",\"position\":1,\"name\":\"Home\",\"item\":\"https:\/\/www.naturparkmagazin.de\/stechlin\/\"},{\"@type\":\"ListItem\",\"position\":2,\"name\":\"Der 19. Menzer Apfeltag (2024) war ein Besuchermagnet\"}]},{\"@type\":\"WebSite\",\"@id\":\"https:\/\/www.naturparkmagazin.de\/stechlin\/#website\",\"url\":\"https:\/\/www.naturparkmagazin.de\/stechlin\/\",\"name\":\"Naturpark Stechlin-Ruppiner Land\",\"description\":\"\",\"potentialAction\":[{\"@type\":\"SearchAction\",\"target\":{\"@type\":\"EntryPoint\",\"urlTemplate\":\"https:\/\/www.naturparkmagazin.de\/stechlin\/?s={search_term_string}\"},\"query-input\":\"required name=search_term_string\"}],\"inLanguage\":\"de\"},{\"@type\":\"Person\",\"@id\":\"https:\/\/www.naturparkmagazin.de\/stechlin\/#\/schema\/person\/3f0d93203df21c806dd63c76d9bb28bc\",\"name\":\"marioschrumpf\",\"url\":\"https:\/\/www.naturparkmagazin.de\/stechlin\/author\/marioschrumpf\/\"}]}<\/script>\n<!-- \/ Yoast SEO plugin. -->","yoast_head_json":{"title":"Der 19. Menzer Apfeltag (2024) war ein Besuchermagnet - Naturpark Stechlin-Ruppiner Land","robots":{"index":"index","follow":"follow","max-snippet":"max-snippet:-1","max-image-preview":"max-image-preview:large","max-video-preview":"max-video-preview:-1"},"canonical":"https:\/\/www.naturparkmagazin.de\/stechlin\/der-19-menzer-apfeltag-war-ein-besuchermagnet\/","og_locale":"de_DE","og_type":"article","og_title":"Der 19. Menzer Apfeltag (2024) war ein Besuchermagnet - Naturpark Stechlin-Ruppiner Land","og_description":"Mehr als 1.500 Besucher waren bei bestem Herbstwetter zu Gast beim 19. Menzer Apfeltag.","og_url":"https:\/\/www.naturparkmagazin.de\/stechlin\/der-19-menzer-apfeltag-war-ein-besuchermagnet\/","og_site_name":"Naturpark Stechlin-Ruppiner Land","article_published_time":"2024-10-23T13:01:03+00:00","article_modified_time":"2025-01-24T09:04:51+00:00","og_image":[{"width":200,"height":200,"url":"https:\/\/www.naturparkmagazin.de\/stechlin\/wp-content\/uploads\/sites\/38\/DSC_0064.jpg","type":"image\/jpeg"}],"author":"marioschrumpf","twitter_misc":{"Verfasst von":"marioschrumpf","Gesch\u00e4tzte Lesezeit":"3\u00a0Minuten"},"schema":{"@context":"https:\/\/schema.org","@graph":[{"@type":"WebPage","@id":"https:\/\/www.naturparkmagazin.de\/stechlin\/der-19-menzer-apfeltag-war-ein-besuchermagnet\/","url":"https:\/\/www.naturparkmagazin.de\/stechlin\/der-19-menzer-apfeltag-war-ein-besuchermagnet\/","name":"Der 19. Menzer Apfeltag (2024) war ein Besuchermagnet - Naturpark Stechlin-Ruppiner Land","isPartOf":{"@id":"https:\/\/www.naturparkmagazin.de\/stechlin\/#website"},"datePublished":"2024-10-23T13:01:03+00:00","dateModified":"2025-01-24T09:04:51+00:00","author":{"@id":"https:\/\/www.naturparkmagazin.de\/stechlin\/#\/schema\/person\/3f0d93203df21c806dd63c76d9bb28bc"},"breadcrumb":{"@id":"https:\/\/www.naturparkmagazin.de\/stechlin\/der-19-menzer-apfeltag-war-ein-besuchermagnet\/#breadcrumb"},"inLanguage":"de","potentialAction":[{"@type":"ReadAction","target":["https:\/\/www.naturparkmagazin.de\/stechlin\/der-19-menzer-apfeltag-war-ein-besuchermagnet\/"]}]},{"@type":"BreadcrumbList","@id":"https:\/\/www.naturparkmagazin.de\/stechlin\/der-19-menzer-apfeltag-war-ein-besuchermagnet\/#breadcrumb","itemListElement":[{"@type":"ListItem","position":1,"name":"Home","item":"https:\/\/www.naturparkmagazin.de\/stechlin\/"},{"@type":"ListItem","position":2,"name":"Der 19. Menzer Apfeltag (2024) war ein Besuchermagnet"}]},{"@type":"WebSite","@id":"https:\/\/www.naturparkmagazin.de\/stechlin\/#website","url":"https:\/\/www.naturparkmagazin.de\/stechlin\/","name":"Naturpark Stechlin-Ruppiner Land","description":"","potentialAction":[{"@type":"SearchAction","target":{"@type":"EntryPoint","urlTemplate":"https:\/\/www.naturparkmagazin.de\/stechlin\/?s={search_term_string}"},"query-input":"required name=search_term_string"}],"inLanguage":"de"},{"@type":"Person","@id":"https:\/\/www.naturparkmagazin.de\/stechlin\/#\/schema\/person\/3f0d93203df21c806dd63c76d9bb28bc","name":"marioschrumpf","url":"https:\/\/www.naturparkmagazin.de\/stechlin\/author\/marioschrumpf\/"}]}},"_links":{"self":[{"href":"https:\/\/www.naturparkmagazin.de\/stechlin\/wp-json\/wp\/v2\/posts\/16273"}],"collection":[{"href":"https:\/\/www.naturparkmagazin.de\/stechlin\/wp-json\/wp\/v2\/posts"}],"about":[{"href":"https:\/\/www.naturparkmagazin.de\/stechlin\/wp-json\/wp\/v2\/types\/post"}],"author":[{"embeddable":true,"href":"https:\/\/www.naturparkmagazin.de\/stechlin\/wp-json\/wp\/v2\/users\/39"}],"replies":[{"embeddable":true,"href":"https:\/\/www.naturparkmagazin.de\/stechlin\/wp-json\/wp\/v2\/comments?post=16273"}],"version-history":[{"count":6,"href":"https:\/\/www.naturparkmagazin.de\/stechlin\/wp-json\/wp\/v2\/posts\/16273\/revisions"}],"predecessor-version":[{"id":16585,"href":"https:\/\/www.naturparkmagazin.de\/stechlin\/wp-json\/wp\/v2\/posts\/16273\/revisions\/16585"}],"wp:featuredmedia":[{"embeddable":true,"href":"https:\/\/www.naturparkmagazin.de\/stechlin\/wp-json\/wp\/v2\/media\/16310"}],"wp:attachment":[{"href":"https:\/\/www.naturparkmagazin.de\/stechlin\/wp-json\/wp\/v2\/media?parent=16273"}],"wp:term":[{"taxonomy":"category","embeddable":true,"href":"https:\/\/www.naturparkmagazin.de\/stechlin\/wp-json\/wp\/v2\/categories?post=16273"},{"taxonomy":"post_tag","embeddable":true,"href":"https:\/\/www.naturparkmagazin.de\/stechlin\/wp-json\/wp\/v2\/tags?post=16273"}],"curies":[{"name":"wp","href":"https:\/\/api.w.org\/{rel}","templated":true}]}}