{"id":16277,"date":"2024-10-23T15:03:21","date_gmt":"2024-10-23T13:03:21","guid":{"rendered":"https:\/\/www.naturparkmagazin.de\/stechlin\/?p=16277"},"modified":"2024-10-28T17:30:51","modified_gmt":"2024-10-28T16:30:51","slug":"lehrgang-fuer-natur-und-landschaftsfuehrende-in-den-brandenburger-naturparken-laeuft-erfolgreich","status":"publish","type":"post","link":"https:\/\/www.naturparkmagazin.de\/stechlin\/lehrgang-fuer-natur-und-landschaftsfuehrende-in-den-brandenburger-naturparken-laeuft-erfolgreich\/","title":{"rendered":"Lehrgang f\u00fcr Natur- und Landschaftsf\u00fchrende in den Brandenburger Naturparken l\u00e4uft erfolgreich"},"content":{"rendered":"<p>Die elf Naturparke sind als Teil der Brandenburger Naturlandschaften von \u00fcberregionaler Bedeutung f\u00fcr den Naturtourismus und eine nachhaltige Regionalentwicklung im l\u00e4ndlichen Raum.<\/p>\n<p>Sie engagierten sich in den zur\u00fcckliegenden Monaten daf\u00fcr, zertifizierte Natur- und Landschaftsf\u00fchrer (ZNL) zu qualifizieren. Denn der Bedarf an F\u00fchrungen, Touren und anderen Aktivangeboten im Naturtourismus ist ungebrochen hoch.<\/p>\n<p>Vom 11. bis 18. Oktober 2024 konnten sich bei einer Weiterbildung insgesamt 27 Interessierte aus den Naturparken Stechlin-Ruppiner Land, Uckerm\u00e4rkische Seen, M\u00e4rkische Schweiz und Barnim qualifizieren.<\/p>\n<div id=\"attachment_16296\" style=\"width: 510px\" class=\"wp-caption aligncenter\"><a href=\"https:\/\/www.naturparkmagazin.de\/stechlin\/wp-content\/uploads\/sites\/38\/Foto4_Kowal_ZNL_2024.jpg\"><img aria-describedby=\"caption-attachment-16296\" decoding=\"async\" loading=\"lazy\" class=\"wp-image-16296 size-full\" src=\"https:\/\/www.naturparkmagazin.de\/stechlin\/wp-content\/uploads\/sites\/38\/Foto4_Kowal_ZNL_2024.jpg\" alt=\"\" width=\"500\" height=\"300\" srcset=\"https:\/\/www.naturparkmagazin.de\/stechlin\/wp-content\/uploads\/sites\/38\/Foto4_Kowal_ZNL_2024.jpg 500w, https:\/\/www.naturparkmagazin.de\/stechlin\/wp-content\/uploads\/sites\/38\/Foto4_Kowal_ZNL_2024-300x180.jpg 300w, https:\/\/www.naturparkmagazin.de\/stechlin\/wp-content\/uploads\/sites\/38\/Foto4_Kowal_ZNL_2024-200x120.jpg 200w\" sizes=\"(max-width: 500px) 100vw, 500px\" \/><\/a><p id=\"caption-attachment-16296\" class=\"wp-caption-text\">Gruppenfoto vor dem \u201eVerstehbahnhof\u201c F\u00fcrstenberg\/Havel \u00a9 Daniel Kowal<\/p><\/div>\n<p>Der inhaltliche Bogen spannte sich dabei von didaktischen Modulen, der Konzeption eigener F\u00fchrungsinhalte bis hin zu Themen wie Geologie, Arch\u00e4ologie, \u00d6kologie sowie der Vorstellung wichtiger Partner im Naturpark- und Netzwerk der Natur- und Landschaftsf\u00fchrenden.<\/p>\n<div id=\"attachment_16297\" style=\"width: 510px\" class=\"wp-caption aligncenter\"><a href=\"https:\/\/www.naturparkmagazin.de\/stechlin\/wp-content\/uploads\/sites\/38\/Foto6_Kowal_ZNL_2024.jpg\"><img aria-describedby=\"caption-attachment-16297\" decoding=\"async\" loading=\"lazy\" class=\"size-full wp-image-16297\" src=\"https:\/\/www.naturparkmagazin.de\/stechlin\/wp-content\/uploads\/sites\/38\/Foto6_Kowal_ZNL_2024.jpg\" alt=\"\" width=\"500\" height=\"300\" srcset=\"https:\/\/www.naturparkmagazin.de\/stechlin\/wp-content\/uploads\/sites\/38\/Foto6_Kowal_ZNL_2024.jpg 500w, https:\/\/www.naturparkmagazin.de\/stechlin\/wp-content\/uploads\/sites\/38\/Foto6_Kowal_ZNL_2024-300x180.jpg 300w, https:\/\/www.naturparkmagazin.de\/stechlin\/wp-content\/uploads\/sites\/38\/Foto6_Kowal_ZNL_2024-200x120.jpg 200w\" sizes=\"(max-width: 500px) 100vw, 500px\" \/><\/a><p id=\"caption-attachment-16297\" class=\"wp-caption-text\">Didaktik \u2013 Teilnehmende \u00fcben eine F\u00fchrungssituation\u00a9 Daniel Kowal<\/p><\/div>\n<p>Zum Einsatz kamen unter anderem 15 Referentinnen und Referenten.<\/p>\n<p>Das intensive und abwechslungsreiche Programm im \u201eVerstehbahnhof F\u00fcrstenberg\/Havel\u201c kam bei allen gut an. Die Teilnehmenden waren hoch motiviert und bringen als zuk\u00fcnftige Botschafter der Naturparke vielf\u00e4ltige Erfahrungen aus ihren Berufen und Netzwerken mit.<\/p>\n<div id=\"attachment_16295\" style=\"width: 510px\" class=\"wp-caption aligncenter\"><a href=\"https:\/\/www.naturparkmagazin.de\/stechlin\/wp-content\/uploads\/sites\/38\/Foto1_Kowal_ZNL_2024.jpg\"><img aria-describedby=\"caption-attachment-16295\" decoding=\"async\" loading=\"lazy\" class=\"size-full wp-image-16295\" src=\"https:\/\/www.naturparkmagazin.de\/stechlin\/wp-content\/uploads\/sites\/38\/Foto1_Kowal_ZNL_2024.jpg\" alt=\"\" width=\"500\" height=\"300\" srcset=\"https:\/\/www.naturparkmagazin.de\/stechlin\/wp-content\/uploads\/sites\/38\/Foto1_Kowal_ZNL_2024.jpg 500w, https:\/\/www.naturparkmagazin.de\/stechlin\/wp-content\/uploads\/sites\/38\/Foto1_Kowal_ZNL_2024-300x180.jpg 300w, https:\/\/www.naturparkmagazin.de\/stechlin\/wp-content\/uploads\/sites\/38\/Foto1_Kowal_ZNL_2024-200x120.jpg 200w\" sizes=\"(max-width: 500px) 100vw, 500px\" \/><\/a><p id=\"caption-attachment-16295\" class=\"wp-caption-text\">Geologie \u2013 Gesteinsbestimmungen mit Olaf Juschus\u00a9 Daniel Kowal<\/p><\/div>\n<p><strong>\u00a0<\/strong>Im November geht es in den vier Naturparken weiter mit den dreit\u00e4gigen Regionalmodulen. Anschlie\u00dfend wird eine eigene F\u00fchrung im Gebiet als Hausarbeit erarbeitet. Im M\u00e4rz 2025 \ufb01nden die abschlie\u00dfenden Pr\u00fcfungen und die Zertifkats\u00fcbergabe statt.<\/p>\n<p><strong>\u00a0<\/strong>Das Landesamt f\u00fcr Umwelt und die Naturparkverwaltungen bedanken sich bei allen Beteiligten, die den Kurs erm\u00f6glicht und mit Leben gef\u00fcllt haben.<\/p>\n<p><strong>\u00a0<\/strong><u>Hintergrund: <\/u><\/p>\n<p>Ziel des ZNL-Lehrgangs nach BANU (Bundesweiter Arbeitskreis der staatlich getragenen Umweltbildungsst\u00e4tten) ist, die Teilnehmenden zu bef\u00e4higen, qualitativ hochwertige, zielgruppenorientierte Natur- und Landschaftsf\u00fchrungen zu planen und durchzuf\u00fchren. Als Botschafterinnen und Botschafter ihrer Region sind sie praxisnah arbeitende Vermittelnde und Multiplikatorinnen und Multiplikatoren im Hinblick auf die Sensibilisierung f\u00fcr Biodiversit\u00e4t, Natur- und Artenschutzbelange sowie die Ziele einer nachhaltigen Entwicklung.<\/p>\n<p>F\u00fcr den Lehrgang zur\/zum \u201eZertifizierten Natur- und Landschaftsf\u00fchrerin bzw. -f\u00fchrer\u201c (ZNL) sind von den Umweltakademien der L\u00e4nder bundeseinheitliche Standards erarbeitet worden, die seit 2015 urheberrechtlich gesch\u00fctzt sind und st\u00e4ndig weiterentwickelt werden. Kooperationspartner auf Bundesebene sind der Bundesverband Naturwacht e. V., die Arbeitsgemeinschaft Natur- und Umweltbildung e. V., Nationale Naturlandschaften e. V. und der Verband deutscher Naturparke e. V.<\/p>\n<p><u>F\u00fcr R\u00fcckfragen:<\/u><\/p>\n<p>Daniel Kowal<\/p>\n<p>Telefon: \u00a0\u00a0 035324\/ 305 12<\/p>\n<p>E-Mail:\u00a0\u00a0\u00a0\u00a0\u00a0 <a href=\"mailto:Daniel.Kowal@lfu.brandenburg.de\">Daniel.Kowal@lfu.brandenburg.de<\/a><\/p>\n","protected":false},"excerpt":{"rendered":"<p>Die elf Naturparke sind als Teil der Brandenburger Naturlandschaften von \u00fcberregionaler Bedeutung f\u00fcr den Naturtourismus und eine nachhaltige Regionalentwicklung im l\u00e4ndlichen Raum.<\/p>\n","protected":false},"author":39,"featured_media":16298,"comment_status":"open","ping_status":"open","sticky":false,"template":"","format":"standard","meta":[],"categories":[7],"tags":[],"yoast_head":"<!-- This site is optimized with the Yoast SEO plugin v19.10 - https:\/\/yoast.com\/wordpress\/plugins\/seo\/ -->\n<title>Lehrgang f\u00fcr Natur- und Landschaftsf\u00fchrende in den Brandenburger Naturparken l\u00e4uft erfolgreich - Naturpark Stechlin-Ruppiner Land<\/title>\n<meta name=\"robots\" content=\"index, follow, max-snippet:-1, max-image-preview:large, max-video-preview:-1\" \/>\n<link rel=\"canonical\" href=\"https:\/\/www.naturparkmagazin.de\/stechlin\/lehrgang-fuer-natur-und-landschaftsfuehrende-in-den-brandenburger-naturparken-laeuft-erfolgreich\/\" \/>\n<meta property=\"og:locale\" content=\"de_DE\" \/>\n<meta property=\"og:type\" content=\"article\" \/>\n<meta property=\"og:title\" content=\"Lehrgang f\u00fcr Natur- und Landschaftsf\u00fchrende in den Brandenburger Naturparken l\u00e4uft erfolgreich - Naturpark Stechlin-Ruppiner Land\" \/>\n<meta property=\"og:description\" content=\"Die elf Naturparke sind als Teil der Brandenburger Naturlandschaften von \u00fcberregionaler Bedeutung f\u00fcr den Naturtourismus und eine nachhaltige Regionalentwicklung im l\u00e4ndlichen Raum.\" \/>\n<meta property=\"og:url\" content=\"https:\/\/www.naturparkmagazin.de\/stechlin\/lehrgang-fuer-natur-und-landschaftsfuehrende-in-den-brandenburger-naturparken-laeuft-erfolgreich\/\" \/>\n<meta property=\"og:site_name\" content=\"Naturpark Stechlin-Ruppiner Land\" \/>\n<meta property=\"article:published_time\" content=\"2024-10-23T13:03:21+00:00\" \/>\n<meta property=\"article:modified_time\" content=\"2024-10-28T16:30:51+00:00\" \/>\n<meta property=\"og:image\" content=\"https:\/\/www.naturparkmagazin.de\/stechlin\/wp-content\/uploads\/sites\/38\/Vorschau-ZNLer-2024-Foto3_Kowal.jpg\" \/>\n\t<meta property=\"og:image:width\" content=\"200\" \/>\n\t<meta property=\"og:image:height\" content=\"200\" \/>\n\t<meta property=\"og:image:type\" content=\"image\/jpeg\" \/>\n<meta name=\"author\" content=\"marioschrumpf\" \/>\n<meta name=\"twitter:label1\" content=\"Verfasst von\" \/>\n\t<meta name=\"twitter:data1\" content=\"marioschrumpf\" \/>\n\t<meta name=\"twitter:label2\" content=\"Gesch\u00e4tzte Lesezeit\" \/>\n\t<meta name=\"twitter:data2\" content=\"3\u00a0Minuten\" \/>\n<script type=\"application\/ld+json\" class=\"yoast-schema-graph\">{\"@context\":\"https:\/\/schema.org\",\"@graph\":[{\"@type\":\"WebPage\",\"@id\":\"https:\/\/www.naturparkmagazin.de\/stechlin\/lehrgang-fuer-natur-und-landschaftsfuehrende-in-den-brandenburger-naturparken-laeuft-erfolgreich\/\",\"url\":\"https:\/\/www.naturparkmagazin.de\/stechlin\/lehrgang-fuer-natur-und-landschaftsfuehrende-in-den-brandenburger-naturparken-laeuft-erfolgreich\/\",\"name\":\"Lehrgang f\u00fcr Natur- und Landschaftsf\u00fchrende in den Brandenburger Naturparken l\u00e4uft erfolgreich - Naturpark Stechlin-Ruppiner Land\",\"isPartOf\":{\"@id\":\"https:\/\/www.naturparkmagazin.de\/stechlin\/#website\"},\"datePublished\":\"2024-10-23T13:03:21+00:00\",\"dateModified\":\"2024-10-28T16:30:51+00:00\",\"author\":{\"@id\":\"https:\/\/www.naturparkmagazin.de\/stechlin\/#\/schema\/person\/3f0d93203df21c806dd63c76d9bb28bc\"},\"breadcrumb\":{\"@id\":\"https:\/\/www.naturparkmagazin.de\/stechlin\/lehrgang-fuer-natur-und-landschaftsfuehrende-in-den-brandenburger-naturparken-laeuft-erfolgreich\/#breadcrumb\"},\"inLanguage\":\"de\",\"potentialAction\":[{\"@type\":\"ReadAction\",\"target\":[\"https:\/\/www.naturparkmagazin.de\/stechlin\/lehrgang-fuer-natur-und-landschaftsfuehrende-in-den-brandenburger-naturparken-laeuft-erfolgreich\/\"]}]},{\"@type\":\"BreadcrumbList\",\"@id\":\"https:\/\/www.naturparkmagazin.de\/stechlin\/lehrgang-fuer-natur-und-landschaftsfuehrende-in-den-brandenburger-naturparken-laeuft-erfolgreich\/#breadcrumb\",\"itemListElement\":[{\"@type\":\"ListItem\",\"position\":1,\"name\":\"Home\",\"item\":\"https:\/\/www.naturparkmagazin.de\/stechlin\/\"},{\"@type\":\"ListItem\",\"position\":2,\"name\":\"Lehrgang f\u00fcr Natur- und Landschaftsf\u00fchrende in den Brandenburger Naturparken l\u00e4uft erfolgreich\"}]},{\"@type\":\"WebSite\",\"@id\":\"https:\/\/www.naturparkmagazin.de\/stechlin\/#website\",\"url\":\"https:\/\/www.naturparkmagazin.de\/stechlin\/\",\"name\":\"Naturpark Stechlin-Ruppiner Land\",\"description\":\"\",\"potentialAction\":[{\"@type\":\"SearchAction\",\"target\":{\"@type\":\"EntryPoint\",\"urlTemplate\":\"https:\/\/www.naturparkmagazin.de\/stechlin\/?s={search_term_string}\"},\"query-input\":\"required name=search_term_string\"}],\"inLanguage\":\"de\"},{\"@type\":\"Person\",\"@id\":\"https:\/\/www.naturparkmagazin.de\/stechlin\/#\/schema\/person\/3f0d93203df21c806dd63c76d9bb28bc\",\"name\":\"marioschrumpf\",\"url\":\"https:\/\/www.naturparkmagazin.de\/stechlin\/author\/marioschrumpf\/\"}]}<\/script>\n<!-- \/ Yoast SEO plugin. -->","yoast_head_json":{"title":"Lehrgang f\u00fcr Natur- und Landschaftsf\u00fchrende in den Brandenburger Naturparken l\u00e4uft erfolgreich - Naturpark Stechlin-Ruppiner Land","robots":{"index":"index","follow":"follow","max-snippet":"max-snippet:-1","max-image-preview":"max-image-preview:large","max-video-preview":"max-video-preview:-1"},"canonical":"https:\/\/www.naturparkmagazin.de\/stechlin\/lehrgang-fuer-natur-und-landschaftsfuehrende-in-den-brandenburger-naturparken-laeuft-erfolgreich\/","og_locale":"de_DE","og_type":"article","og_title":"Lehrgang f\u00fcr Natur- und Landschaftsf\u00fchrende in den Brandenburger Naturparken l\u00e4uft erfolgreich - Naturpark Stechlin-Ruppiner Land","og_description":"Die elf Naturparke sind als Teil der Brandenburger Naturlandschaften von \u00fcberregionaler Bedeutung f\u00fcr den Naturtourismus und eine nachhaltige Regionalentwicklung im l\u00e4ndlichen Raum.","og_url":"https:\/\/www.naturparkmagazin.de\/stechlin\/lehrgang-fuer-natur-und-landschaftsfuehrende-in-den-brandenburger-naturparken-laeuft-erfolgreich\/","og_site_name":"Naturpark Stechlin-Ruppiner Land","article_published_time":"2024-10-23T13:03:21+00:00","article_modified_time":"2024-10-28T16:30:51+00:00","og_image":[{"width":200,"height":200,"url":"https:\/\/www.naturparkmagazin.de\/stechlin\/wp-content\/uploads\/sites\/38\/Vorschau-ZNLer-2024-Foto3_Kowal.jpg","type":"image\/jpeg"}],"author":"marioschrumpf","twitter_misc":{"Verfasst von":"marioschrumpf","Gesch\u00e4tzte Lesezeit":"3\u00a0Minuten"},"schema":{"@context":"https:\/\/schema.org","@graph":[{"@type":"WebPage","@id":"https:\/\/www.naturparkmagazin.de\/stechlin\/lehrgang-fuer-natur-und-landschaftsfuehrende-in-den-brandenburger-naturparken-laeuft-erfolgreich\/","url":"https:\/\/www.naturparkmagazin.de\/stechlin\/lehrgang-fuer-natur-und-landschaftsfuehrende-in-den-brandenburger-naturparken-laeuft-erfolgreich\/","name":"Lehrgang f\u00fcr Natur- und Landschaftsf\u00fchrende in den Brandenburger Naturparken l\u00e4uft erfolgreich - Naturpark Stechlin-Ruppiner Land","isPartOf":{"@id":"https:\/\/www.naturparkmagazin.de\/stechlin\/#website"},"datePublished":"2024-10-23T13:03:21+00:00","dateModified":"2024-10-28T16:30:51+00:00","author":{"@id":"https:\/\/www.naturparkmagazin.de\/stechlin\/#\/schema\/person\/3f0d93203df21c806dd63c76d9bb28bc"},"breadcrumb":{"@id":"https:\/\/www.naturparkmagazin.de\/stechlin\/lehrgang-fuer-natur-und-landschaftsfuehrende-in-den-brandenburger-naturparken-laeuft-erfolgreich\/#breadcrumb"},"inLanguage":"de","potentialAction":[{"@type":"ReadAction","target":["https:\/\/www.naturparkmagazin.de\/stechlin\/lehrgang-fuer-natur-und-landschaftsfuehrende-in-den-brandenburger-naturparken-laeuft-erfolgreich\/"]}]},{"@type":"BreadcrumbList","@id":"https:\/\/www.naturparkmagazin.de\/stechlin\/lehrgang-fuer-natur-und-landschaftsfuehrende-in-den-brandenburger-naturparken-laeuft-erfolgreich\/#breadcrumb","itemListElement":[{"@type":"ListItem","position":1,"name":"Home","item":"https:\/\/www.naturparkmagazin.de\/stechlin\/"},{"@type":"ListItem","position":2,"name":"Lehrgang f\u00fcr Natur- und Landschaftsf\u00fchrende in den Brandenburger Naturparken l\u00e4uft erfolgreich"}]},{"@type":"WebSite","@id":"https:\/\/www.naturparkmagazin.de\/stechlin\/#website","url":"https:\/\/www.naturparkmagazin.de\/stechlin\/","name":"Naturpark Stechlin-Ruppiner Land","description":"","potentialAction":[{"@type":"SearchAction","target":{"@type":"EntryPoint","urlTemplate":"https:\/\/www.naturparkmagazin.de\/stechlin\/?s={search_term_string}"},"query-input":"required name=search_term_string"}],"inLanguage":"de"},{"@type":"Person","@id":"https:\/\/www.naturparkmagazin.de\/stechlin\/#\/schema\/person\/3f0d93203df21c806dd63c76d9bb28bc","name":"marioschrumpf","url":"https:\/\/www.naturparkmagazin.de\/stechlin\/author\/marioschrumpf\/"}]}},"_links":{"self":[{"href":"https:\/\/www.naturparkmagazin.de\/stechlin\/wp-json\/wp\/v2\/posts\/16277"}],"collection":[{"href":"https:\/\/www.naturparkmagazin.de\/stechlin\/wp-json\/wp\/v2\/posts"}],"about":[{"href":"https:\/\/www.naturparkmagazin.de\/stechlin\/wp-json\/wp\/v2\/types\/post"}],"author":[{"embeddable":true,"href":"https:\/\/www.naturparkmagazin.de\/stechlin\/wp-json\/wp\/v2\/users\/39"}],"replies":[{"embeddable":true,"href":"https:\/\/www.naturparkmagazin.de\/stechlin\/wp-json\/wp\/v2\/comments?post=16277"}],"version-history":[{"count":5,"href":"https:\/\/www.naturparkmagazin.de\/stechlin\/wp-json\/wp\/v2\/posts\/16277\/revisions"}],"predecessor-version":[{"id":16382,"href":"https:\/\/www.naturparkmagazin.de\/stechlin\/wp-json\/wp\/v2\/posts\/16277\/revisions\/16382"}],"wp:featuredmedia":[{"embeddable":true,"href":"https:\/\/www.naturparkmagazin.de\/stechlin\/wp-json\/wp\/v2\/media\/16298"}],"wp:attachment":[{"href":"https:\/\/www.naturparkmagazin.de\/stechlin\/wp-json\/wp\/v2\/media?parent=16277"}],"wp:term":[{"taxonomy":"category","embeddable":true,"href":"https:\/\/www.naturparkmagazin.de\/stechlin\/wp-json\/wp\/v2\/categories?post=16277"},{"taxonomy":"post_tag","embeddable":true,"href":"https:\/\/www.naturparkmagazin.de\/stechlin\/wp-json\/wp\/v2\/tags?post=16277"}],"curies":[{"name":"wp","href":"https:\/\/api.w.org\/{rel}","templated":true}]}}