{"id":16283,"date":"2024-10-23T15:06:01","date_gmt":"2024-10-23T13:06:01","guid":{"rendered":"https:\/\/www.naturparkmagazin.de\/stechlin\/?p=16283"},"modified":"2024-10-28T17:13:01","modified_gmt":"2024-10-28T16:13:01","slug":"erfolgreicher-clean-up-day-am-gudelacksee","status":"publish","type":"post","link":"https:\/\/www.naturparkmagazin.de\/stechlin\/erfolgreicher-clean-up-day-am-gudelacksee\/","title":{"rendered":"Erfolgreicher Clean up day am Gudelacksee"},"content":{"rendered":"<p>Auch in diesem Jahr hat sich der NABU Rheinsberg-Lindow wieder am International Coastal Cleanup Day beteiligt.<\/p>\n<p>Am Sonnabend, den 14.9.2024 wurde von 10:00 bis 13:00 Uhr M\u00fcll von freiwilligen Helferinnen und Helfern an der Lindower Badestelle am Gudelacksee gesammelt.<\/p>\n<div id=\"attachment_16341\" style=\"width: 510px\" class=\"wp-caption aligncenter\"><a href=\"https:\/\/www.naturparkmagazin.de\/stechlin\/wp-content\/uploads\/sites\/38\/1-4.jpg\"><img aria-describedby=\"caption-attachment-16341\" decoding=\"async\" loading=\"lazy\" class=\"size-full wp-image-16341\" src=\"https:\/\/www.naturparkmagazin.de\/stechlin\/wp-content\/uploads\/sites\/38\/1-4.jpg\" alt=\"\" width=\"500\" height=\"300\" srcset=\"https:\/\/www.naturparkmagazin.de\/stechlin\/wp-content\/uploads\/sites\/38\/1-4.jpg 500w, https:\/\/www.naturparkmagazin.de\/stechlin\/wp-content\/uploads\/sites\/38\/1-4-300x180.jpg 300w, https:\/\/www.naturparkmagazin.de\/stechlin\/wp-content\/uploads\/sites\/38\/1-4-200x120.jpg 200w\" sizes=\"(max-width: 500px) 100vw, 500px\" \/><\/a><p id=\"caption-attachment-16341\" class=\"wp-caption-text\">Gruppenfoto der Helfer:innen\u00a9 Annette Baumann<\/p><\/div>\n<p>Ziel des j\u00e4hrlich stattfindenden <strong>Clean Up Days<\/strong> sei es, zum einen den wilden M\u00fcll zu beseitigen, zum anderen aber auch der Gesellschaft das Thema Umweltverschmutzung und Naturschutz n\u00e4herzubringen. So erkl\u00e4rte zu Beginn der Aktion Naturschutztaucherin Silke Oldorff die weitreichenden Folgen der Verschmutzung und betonte die Wichtigkeit, diese nicht erst zu entfernen, wenn sie in der Natur sind, sondern Abf\u00e4lle bereits im Voraus zu vermeiden.<\/p>\n<div id=\"attachment_16342\" style=\"width: 510px\" class=\"wp-caption aligncenter\"><a href=\"https:\/\/www.naturparkmagazin.de\/stechlin\/wp-content\/uploads\/sites\/38\/2-3.jpg\"><img aria-describedby=\"caption-attachment-16342\" decoding=\"async\" loading=\"lazy\" class=\"size-full wp-image-16342\" src=\"https:\/\/www.naturparkmagazin.de\/stechlin\/wp-content\/uploads\/sites\/38\/2-3.jpg\" alt=\"\" width=\"500\" height=\"300\" srcset=\"https:\/\/www.naturparkmagazin.de\/stechlin\/wp-content\/uploads\/sites\/38\/2-3.jpg 500w, https:\/\/www.naturparkmagazin.de\/stechlin\/wp-content\/uploads\/sites\/38\/2-3-300x180.jpg 300w, https:\/\/www.naturparkmagazin.de\/stechlin\/wp-content\/uploads\/sites\/38\/2-3-200x120.jpg 200w\" sizes=\"(max-width: 500px) 100vw, 500px\" \/><\/a><p id=\"caption-attachment-16342\" class=\"wp-caption-text\">B\u00fcrgermeister Udo R\u00f6nnefahrt hilft den Tauchern, ihre Ausr\u00fcstung klar zu machen \u00a9 Elena Trahasch<\/p><\/div>\n<p>Die Helfer:innen und ihr Ergebnis:<\/p>\n<p>Insgesamt wurden von Mitarbeitenden der Stadt- und Naturparkverwaltung, den NABU Naturschutztauchern und der Jugendfeuerwehr \u2013 zu Land und aus dem See \u2013 84 Kilogramm M\u00fcll gesammelt, eine wilde Mischung: ein Paddel, zwei Anker, ein Nummernschild, Kocht\u00f6pfe, Flaschen etc. \u2013 jedoch weniger als im Vorjahr als 295 kg auf die Waage gebracht wurden.<\/p>\n<div id=\"attachment_16344\" style=\"width: 510px\" class=\"wp-caption aligncenter\"><a href=\"https:\/\/www.naturparkmagazin.de\/stechlin\/wp-content\/uploads\/sites\/38\/3-2.jpg\"><img aria-describedby=\"caption-attachment-16344\" decoding=\"async\" loading=\"lazy\" class=\"size-full wp-image-16344\" src=\"https:\/\/www.naturparkmagazin.de\/stechlin\/wp-content\/uploads\/sites\/38\/3-2.jpg\" alt=\"\" width=\"500\" height=\"300\" srcset=\"https:\/\/www.naturparkmagazin.de\/stechlin\/wp-content\/uploads\/sites\/38\/3-2.jpg 500w, https:\/\/www.naturparkmagazin.de\/stechlin\/wp-content\/uploads\/sites\/38\/3-2-300x180.jpg 300w, https:\/\/www.naturparkmagazin.de\/stechlin\/wp-content\/uploads\/sites\/38\/3-2-200x120.jpg 200w\" sizes=\"(max-width: 500px) 100vw, 500px\" \/><\/a><p id=\"caption-attachment-16344\" class=\"wp-caption-text\">Weniger M\u00fcll ist gut, aber besser w\u00e4re, keinen M\u00fcll mehr in unseren Gew\u00e4ssern zu haben.\u00a9 Elena Trahasch<\/p><\/div>\n<p>Die Organisatoren sprechen von einem erfolgreichen Tag und blicken zufrieden auf die Aktion zur\u00fcck.<\/p>\n<p>Im n\u00e4chsten Jahr ist eine Wiederholung des gemeinsamen Sammelns vorgesehen. Sch\u00f6n w\u00e4re, wenn sich wieder zahlreiche Helfer:innen einfinden, egal ob Neuling oder Dauergast \u2013 alle sind herzlich eingeladen, sich am Kampf gegen die Umweltverschmutzung zu beteiligen!<\/p>\n","protected":false},"excerpt":{"rendered":"<p>Auch in diesem Jahr hat sich der NABU Rheinsberg-Lindow wieder am International Coastal Cleanup Day beteiligt.<\/p>\n","protected":false},"author":39,"featured_media":16343,"comment_status":"open","ping_status":"open","sticky":false,"template":"","format":"standard","meta":[],"categories":[7],"tags":[],"yoast_head":"<!-- This site is optimized with the Yoast SEO plugin v19.10 - https:\/\/yoast.com\/wordpress\/plugins\/seo\/ -->\n<title>Erfolgreicher Clean up day am Gudelacksee - Naturpark Stechlin-Ruppiner Land<\/title>\n<meta name=\"robots\" content=\"index, follow, max-snippet:-1, max-image-preview:large, max-video-preview:-1\" \/>\n<link rel=\"canonical\" href=\"https:\/\/www.naturparkmagazin.de\/stechlin\/erfolgreicher-clean-up-day-am-gudelacksee\/\" \/>\n<meta property=\"og:locale\" content=\"de_DE\" \/>\n<meta property=\"og:type\" content=\"article\" \/>\n<meta property=\"og:title\" content=\"Erfolgreicher Clean up day am Gudelacksee - Naturpark Stechlin-Ruppiner Land\" \/>\n<meta property=\"og:description\" content=\"Auch in diesem Jahr hat sich der NABU Rheinsberg-Lindow wieder am International Coastal Cleanup Day beteiligt.\" \/>\n<meta property=\"og:url\" content=\"https:\/\/www.naturparkmagazin.de\/stechlin\/erfolgreicher-clean-up-day-am-gudelacksee\/\" \/>\n<meta property=\"og:site_name\" content=\"Naturpark Stechlin-Ruppiner Land\" \/>\n<meta property=\"article:published_time\" content=\"2024-10-23T13:06:01+00:00\" \/>\n<meta property=\"article:modified_time\" content=\"2024-10-28T16:13:01+00:00\" \/>\n<meta property=\"og:image\" content=\"https:\/\/www.naturparkmagazin.de\/stechlin\/wp-content\/uploads\/sites\/38\/2_a-2.jpg\" \/>\n\t<meta property=\"og:image:width\" content=\"200\" \/>\n\t<meta property=\"og:image:height\" content=\"200\" \/>\n\t<meta property=\"og:image:type\" content=\"image\/jpeg\" \/>\n<meta name=\"author\" content=\"marioschrumpf\" \/>\n<meta name=\"twitter:label1\" content=\"Verfasst von\" \/>\n\t<meta name=\"twitter:data1\" content=\"marioschrumpf\" \/>\n\t<meta name=\"twitter:label2\" content=\"Gesch\u00e4tzte Lesezeit\" \/>\n\t<meta name=\"twitter:data2\" content=\"3\u00a0Minuten\" \/>\n<script type=\"application\/ld+json\" class=\"yoast-schema-graph\">{\"@context\":\"https:\/\/schema.org\",\"@graph\":[{\"@type\":\"WebPage\",\"@id\":\"https:\/\/www.naturparkmagazin.de\/stechlin\/erfolgreicher-clean-up-day-am-gudelacksee\/\",\"url\":\"https:\/\/www.naturparkmagazin.de\/stechlin\/erfolgreicher-clean-up-day-am-gudelacksee\/\",\"name\":\"Erfolgreicher Clean up day am Gudelacksee - Naturpark Stechlin-Ruppiner Land\",\"isPartOf\":{\"@id\":\"https:\/\/www.naturparkmagazin.de\/stechlin\/#website\"},\"datePublished\":\"2024-10-23T13:06:01+00:00\",\"dateModified\":\"2024-10-28T16:13:01+00:00\",\"author\":{\"@id\":\"https:\/\/www.naturparkmagazin.de\/stechlin\/#\/schema\/person\/3f0d93203df21c806dd63c76d9bb28bc\"},\"breadcrumb\":{\"@id\":\"https:\/\/www.naturparkmagazin.de\/stechlin\/erfolgreicher-clean-up-day-am-gudelacksee\/#breadcrumb\"},\"inLanguage\":\"de\",\"potentialAction\":[{\"@type\":\"ReadAction\",\"target\":[\"https:\/\/www.naturparkmagazin.de\/stechlin\/erfolgreicher-clean-up-day-am-gudelacksee\/\"]}]},{\"@type\":\"BreadcrumbList\",\"@id\":\"https:\/\/www.naturparkmagazin.de\/stechlin\/erfolgreicher-clean-up-day-am-gudelacksee\/#breadcrumb\",\"itemListElement\":[{\"@type\":\"ListItem\",\"position\":1,\"name\":\"Home\",\"item\":\"https:\/\/www.naturparkmagazin.de\/stechlin\/\"},{\"@type\":\"ListItem\",\"position\":2,\"name\":\"Erfolgreicher Clean up day am Gudelacksee\"}]},{\"@type\":\"WebSite\",\"@id\":\"https:\/\/www.naturparkmagazin.de\/stechlin\/#website\",\"url\":\"https:\/\/www.naturparkmagazin.de\/stechlin\/\",\"name\":\"Naturpark Stechlin-Ruppiner Land\",\"description\":\"\",\"potentialAction\":[{\"@type\":\"SearchAction\",\"target\":{\"@type\":\"EntryPoint\",\"urlTemplate\":\"https:\/\/www.naturparkmagazin.de\/stechlin\/?s={search_term_string}\"},\"query-input\":\"required name=search_term_string\"}],\"inLanguage\":\"de\"},{\"@type\":\"Person\",\"@id\":\"https:\/\/www.naturparkmagazin.de\/stechlin\/#\/schema\/person\/3f0d93203df21c806dd63c76d9bb28bc\",\"name\":\"marioschrumpf\",\"url\":\"https:\/\/www.naturparkmagazin.de\/stechlin\/author\/marioschrumpf\/\"}]}<\/script>\n<!-- \/ Yoast SEO plugin. -->","yoast_head_json":{"title":"Erfolgreicher Clean up day am Gudelacksee - Naturpark Stechlin-Ruppiner Land","robots":{"index":"index","follow":"follow","max-snippet":"max-snippet:-1","max-image-preview":"max-image-preview:large","max-video-preview":"max-video-preview:-1"},"canonical":"https:\/\/www.naturparkmagazin.de\/stechlin\/erfolgreicher-clean-up-day-am-gudelacksee\/","og_locale":"de_DE","og_type":"article","og_title":"Erfolgreicher Clean up day am Gudelacksee - Naturpark Stechlin-Ruppiner Land","og_description":"Auch in diesem Jahr hat sich der NABU Rheinsberg-Lindow wieder am International Coastal Cleanup Day beteiligt.","og_url":"https:\/\/www.naturparkmagazin.de\/stechlin\/erfolgreicher-clean-up-day-am-gudelacksee\/","og_site_name":"Naturpark Stechlin-Ruppiner Land","article_published_time":"2024-10-23T13:06:01+00:00","article_modified_time":"2024-10-28T16:13:01+00:00","og_image":[{"width":200,"height":200,"url":"https:\/\/www.naturparkmagazin.de\/stechlin\/wp-content\/uploads\/sites\/38\/2_a-2.jpg","type":"image\/jpeg"}],"author":"marioschrumpf","twitter_misc":{"Verfasst von":"marioschrumpf","Gesch\u00e4tzte Lesezeit":"3\u00a0Minuten"},"schema":{"@context":"https:\/\/schema.org","@graph":[{"@type":"WebPage","@id":"https:\/\/www.naturparkmagazin.de\/stechlin\/erfolgreicher-clean-up-day-am-gudelacksee\/","url":"https:\/\/www.naturparkmagazin.de\/stechlin\/erfolgreicher-clean-up-day-am-gudelacksee\/","name":"Erfolgreicher Clean up day am Gudelacksee - Naturpark Stechlin-Ruppiner Land","isPartOf":{"@id":"https:\/\/www.naturparkmagazin.de\/stechlin\/#website"},"datePublished":"2024-10-23T13:06:01+00:00","dateModified":"2024-10-28T16:13:01+00:00","author":{"@id":"https:\/\/www.naturparkmagazin.de\/stechlin\/#\/schema\/person\/3f0d93203df21c806dd63c76d9bb28bc"},"breadcrumb":{"@id":"https:\/\/www.naturparkmagazin.de\/stechlin\/erfolgreicher-clean-up-day-am-gudelacksee\/#breadcrumb"},"inLanguage":"de","potentialAction":[{"@type":"ReadAction","target":["https:\/\/www.naturparkmagazin.de\/stechlin\/erfolgreicher-clean-up-day-am-gudelacksee\/"]}]},{"@type":"BreadcrumbList","@id":"https:\/\/www.naturparkmagazin.de\/stechlin\/erfolgreicher-clean-up-day-am-gudelacksee\/#breadcrumb","itemListElement":[{"@type":"ListItem","position":1,"name":"Home","item":"https:\/\/www.naturparkmagazin.de\/stechlin\/"},{"@type":"ListItem","position":2,"name":"Erfolgreicher Clean up day am Gudelacksee"}]},{"@type":"WebSite","@id":"https:\/\/www.naturparkmagazin.de\/stechlin\/#website","url":"https:\/\/www.naturparkmagazin.de\/stechlin\/","name":"Naturpark Stechlin-Ruppiner Land","description":"","potentialAction":[{"@type":"SearchAction","target":{"@type":"EntryPoint","urlTemplate":"https:\/\/www.naturparkmagazin.de\/stechlin\/?s={search_term_string}"},"query-input":"required name=search_term_string"}],"inLanguage":"de"},{"@type":"Person","@id":"https:\/\/www.naturparkmagazin.de\/stechlin\/#\/schema\/person\/3f0d93203df21c806dd63c76d9bb28bc","name":"marioschrumpf","url":"https:\/\/www.naturparkmagazin.de\/stechlin\/author\/marioschrumpf\/"}]}},"_links":{"self":[{"href":"https:\/\/www.naturparkmagazin.de\/stechlin\/wp-json\/wp\/v2\/posts\/16283"}],"collection":[{"href":"https:\/\/www.naturparkmagazin.de\/stechlin\/wp-json\/wp\/v2\/posts"}],"about":[{"href":"https:\/\/www.naturparkmagazin.de\/stechlin\/wp-json\/wp\/v2\/types\/post"}],"author":[{"embeddable":true,"href":"https:\/\/www.naturparkmagazin.de\/stechlin\/wp-json\/wp\/v2\/users\/39"}],"replies":[{"embeddable":true,"href":"https:\/\/www.naturparkmagazin.de\/stechlin\/wp-json\/wp\/v2\/comments?post=16283"}],"version-history":[{"count":4,"href":"https:\/\/www.naturparkmagazin.de\/stechlin\/wp-json\/wp\/v2\/posts\/16283\/revisions"}],"predecessor-version":[{"id":16378,"href":"https:\/\/www.naturparkmagazin.de\/stechlin\/wp-json\/wp\/v2\/posts\/16283\/revisions\/16378"}],"wp:featuredmedia":[{"embeddable":true,"href":"https:\/\/www.naturparkmagazin.de\/stechlin\/wp-json\/wp\/v2\/media\/16343"}],"wp:attachment":[{"href":"https:\/\/www.naturparkmagazin.de\/stechlin\/wp-json\/wp\/v2\/media?parent=16283"}],"wp:term":[{"taxonomy":"category","embeddable":true,"href":"https:\/\/www.naturparkmagazin.de\/stechlin\/wp-json\/wp\/v2\/categories?post=16283"},{"taxonomy":"post_tag","embeddable":true,"href":"https:\/\/www.naturparkmagazin.de\/stechlin\/wp-json\/wp\/v2\/tags?post=16283"}],"curies":[{"name":"wp","href":"https:\/\/api.w.org\/{rel}","templated":true}]}}