{"id":16285,"date":"2024-10-23T16:02:03","date_gmt":"2024-10-23T14:02:03","guid":{"rendered":"https:\/\/www.naturparkmagazin.de\/stechlin\/?p=16285"},"modified":"2024-10-28T16:53:20","modified_gmt":"2024-10-28T15:53:20","slug":"herzlich-willkommen-zum-7-landwirtschaftstag-am-14-november-2024-in-menz","status":"publish","type":"post","link":"https:\/\/www.naturparkmagazin.de\/stechlin\/herzlich-willkommen-zum-7-landwirtschaftstag-am-14-november-2024-in-menz\/","title":{"rendered":"Herzlich Willkommen zum 7. Landwirtschaftstag am 14. November 2024 in Menz"},"content":{"rendered":"<p>Liebe Interessierte an nachhaltiger Landwirtschaft,<\/p>\n<p>der Naturpark Stechlin-Ruppiner Land, der Landschaftspflegeverband Prignitz-Ruppiner Land und die Rheinsberger Preussenquelle laden Sie herzlich zum <strong>7. Landwirtschaftstag am 14. November<\/strong> in die <strong>Regionalwerkstatt Stechlin<\/strong> nach <strong>Menz<\/strong> ein.<\/p>\n<p>Auch in diesem Jahr haben wir ein interessantes und informatives Programm zusammengestellt, um Sie bei der nachhaltigen Bewirtschaftung Ihrer Betriebe zu unterst\u00fctzen. Von den aktuellen Zahlen aus dem \u00d6ko-Landbau der Region, \u00fcber Beispiele aus der Praxis, der Auswertung des Kennartenprogramms, den Ergebnissen zur Aufwertung von Gr\u00fcnland bis hin zum Erfahrungsbericht zu Vertragsanbau von Faserhanf ist alles dabei. Nat\u00fcrlich bleibt wie immer ausreichend Gelegenheit f\u00fcr Fragen und Austausch mit den Referentinnen und Referenten.<\/p>\n<div id=\"attachment_16332\" style=\"width: 1424px\" class=\"wp-caption aligncenter\"><a href=\"https:\/\/www.naturparkmagazin.de\/stechlin\/wp-content\/uploads\/sites\/38\/Programm-7.-Landwirtschaftstag.jpg\"><img aria-describedby=\"caption-attachment-16332\" decoding=\"async\" loading=\"lazy\" class=\"size-full wp-image-16332\" src=\"https:\/\/www.naturparkmagazin.de\/stechlin\/wp-content\/uploads\/sites\/38\/Programm-7.-Landwirtschaftstag.jpg\" alt=\"\" width=\"1414\" height=\"2000\" srcset=\"https:\/\/www.naturparkmagazin.de\/stechlin\/wp-content\/uploads\/sites\/38\/Programm-7.-Landwirtschaftstag.jpg 1414w, https:\/\/www.naturparkmagazin.de\/stechlin\/wp-content\/uploads\/sites\/38\/Programm-7.-Landwirtschaftstag-620x877.jpg 620w, https:\/\/www.naturparkmagazin.de\/stechlin\/wp-content\/uploads\/sites\/38\/Programm-7.-Landwirtschaftstag-940x1330.jpg 940w, https:\/\/www.naturparkmagazin.de\/stechlin\/wp-content\/uploads\/sites\/38\/Programm-7.-Landwirtschaftstag-300x424.jpg 300w, https:\/\/www.naturparkmagazin.de\/stechlin\/wp-content\/uploads\/sites\/38\/Programm-7.-Landwirtschaftstag-1086x1536.jpg 1086w, https:\/\/www.naturparkmagazin.de\/stechlin\/wp-content\/uploads\/sites\/38\/Programm-7.-Landwirtschaftstag-670x948.jpg 670w, https:\/\/www.naturparkmagazin.de\/stechlin\/wp-content\/uploads\/sites\/38\/Programm-7.-Landwirtschaftstag-200x283.jpg 200w\" sizes=\"(max-width: 1414px) 100vw, 1414px\" \/><\/a><p id=\"caption-attachment-16332\" class=\"wp-caption-text\">Programm des 7. Landwirtschaftstages\u00a9 Landschaftspflegeverband Prignitz-Ruppiner Land e.V., Rheinsberger Preussenquelle und Naturpark Stechlin-Ruppiner Land<\/p><\/div>\n","protected":false},"excerpt":{"rendered":"<p>Der Naturpark Stechlin-Ruppiner Land, der Landschaftspflegeverband Prignitz-Ruppiner Land und die Rheinsberger Preussenquelle laden herzlich zum 7. Landwirtschaftstag am 14. November in Menz ein.<\/p>\n","protected":false},"author":39,"featured_media":12683,"comment_status":"open","ping_status":"open","sticky":false,"template":"","format":"standard","meta":[],"categories":[11],"tags":[],"yoast_head":"<!-- This site is optimized with the Yoast SEO plugin v19.10 - https:\/\/yoast.com\/wordpress\/plugins\/seo\/ -->\n<title>Herzlich Willkommen zum 7. Landwirtschaftstag am 14. November 2024 in Menz - Naturpark Stechlin-Ruppiner Land<\/title>\n<meta name=\"robots\" content=\"index, follow, max-snippet:-1, max-image-preview:large, max-video-preview:-1\" \/>\n<link rel=\"canonical\" href=\"https:\/\/www.naturparkmagazin.de\/stechlin\/herzlich-willkommen-zum-7-landwirtschaftstag-am-14-november-2024-in-menz\/\" \/>\n<meta property=\"og:locale\" content=\"de_DE\" \/>\n<meta property=\"og:type\" content=\"article\" \/>\n<meta property=\"og:title\" content=\"Herzlich Willkommen zum 7. Landwirtschaftstag am 14. November 2024 in Menz - Naturpark Stechlin-Ruppiner Land\" \/>\n<meta property=\"og:description\" content=\"Der Naturpark Stechlin-Ruppiner Land, der Landschaftspflegeverband Prignitz-Ruppiner Land und die Rheinsberger Preussenquelle laden herzlich zum 7. Landwirtschaftstag am 14. November in Menz ein.\" \/>\n<meta property=\"og:url\" content=\"https:\/\/www.naturparkmagazin.de\/stechlin\/herzlich-willkommen-zum-7-landwirtschaftstag-am-14-november-2024-in-menz\/\" \/>\n<meta property=\"og:site_name\" content=\"Naturpark Stechlin-Ruppiner Land\" \/>\n<meta property=\"article:published_time\" content=\"2024-10-23T14:02:03+00:00\" \/>\n<meta property=\"article:modified_time\" content=\"2024-10-28T15:53:20+00:00\" \/>\n<meta property=\"og:image\" content=\"https:\/\/www.naturparkmagazin.de\/stechlin\/wp-content\/uploads\/sites\/38\/header_a.jpg\" \/>\n\t<meta property=\"og:image:width\" content=\"200\" \/>\n\t<meta property=\"og:image:height\" content=\"200\" \/>\n\t<meta property=\"og:image:type\" content=\"image\/jpeg\" \/>\n<meta name=\"author\" content=\"marioschrumpf\" \/>\n<meta name=\"twitter:label1\" content=\"Verfasst von\" \/>\n\t<meta name=\"twitter:data1\" content=\"marioschrumpf\" \/>\n\t<meta name=\"twitter:label2\" content=\"Gesch\u00e4tzte Lesezeit\" \/>\n\t<meta name=\"twitter:data2\" content=\"1\u00a0Minute\" \/>\n<script type=\"application\/ld+json\" class=\"yoast-schema-graph\">{\"@context\":\"https:\/\/schema.org\",\"@graph\":[{\"@type\":\"WebPage\",\"@id\":\"https:\/\/www.naturparkmagazin.de\/stechlin\/herzlich-willkommen-zum-7-landwirtschaftstag-am-14-november-2024-in-menz\/\",\"url\":\"https:\/\/www.naturparkmagazin.de\/stechlin\/herzlich-willkommen-zum-7-landwirtschaftstag-am-14-november-2024-in-menz\/\",\"name\":\"Herzlich Willkommen zum 7. Landwirtschaftstag am 14. November 2024 in Menz - Naturpark Stechlin-Ruppiner Land\",\"isPartOf\":{\"@id\":\"https:\/\/www.naturparkmagazin.de\/stechlin\/#website\"},\"datePublished\":\"2024-10-23T14:02:03+00:00\",\"dateModified\":\"2024-10-28T15:53:20+00:00\",\"author\":{\"@id\":\"https:\/\/www.naturparkmagazin.de\/stechlin\/#\/schema\/person\/3f0d93203df21c806dd63c76d9bb28bc\"},\"breadcrumb\":{\"@id\":\"https:\/\/www.naturparkmagazin.de\/stechlin\/herzlich-willkommen-zum-7-landwirtschaftstag-am-14-november-2024-in-menz\/#breadcrumb\"},\"inLanguage\":\"de\",\"potentialAction\":[{\"@type\":\"ReadAction\",\"target\":[\"https:\/\/www.naturparkmagazin.de\/stechlin\/herzlich-willkommen-zum-7-landwirtschaftstag-am-14-november-2024-in-menz\/\"]}]},{\"@type\":\"BreadcrumbList\",\"@id\":\"https:\/\/www.naturparkmagazin.de\/stechlin\/herzlich-willkommen-zum-7-landwirtschaftstag-am-14-november-2024-in-menz\/#breadcrumb\",\"itemListElement\":[{\"@type\":\"ListItem\",\"position\":1,\"name\":\"Home\",\"item\":\"https:\/\/www.naturparkmagazin.de\/stechlin\/\"},{\"@type\":\"ListItem\",\"position\":2,\"name\":\"Herzlich Willkommen zum 7. Landwirtschaftstag am 14. November 2024 in Menz\"}]},{\"@type\":\"WebSite\",\"@id\":\"https:\/\/www.naturparkmagazin.de\/stechlin\/#website\",\"url\":\"https:\/\/www.naturparkmagazin.de\/stechlin\/\",\"name\":\"Naturpark Stechlin-Ruppiner Land\",\"description\":\"\",\"potentialAction\":[{\"@type\":\"SearchAction\",\"target\":{\"@type\":\"EntryPoint\",\"urlTemplate\":\"https:\/\/www.naturparkmagazin.de\/stechlin\/?s={search_term_string}\"},\"query-input\":\"required name=search_term_string\"}],\"inLanguage\":\"de\"},{\"@type\":\"Person\",\"@id\":\"https:\/\/www.naturparkmagazin.de\/stechlin\/#\/schema\/person\/3f0d93203df21c806dd63c76d9bb28bc\",\"name\":\"marioschrumpf\",\"url\":\"https:\/\/www.naturparkmagazin.de\/stechlin\/author\/marioschrumpf\/\"}]}<\/script>\n<!-- \/ Yoast SEO plugin. -->","yoast_head_json":{"title":"Herzlich Willkommen zum 7. Landwirtschaftstag am 14. November 2024 in Menz - Naturpark Stechlin-Ruppiner Land","robots":{"index":"index","follow":"follow","max-snippet":"max-snippet:-1","max-image-preview":"max-image-preview:large","max-video-preview":"max-video-preview:-1"},"canonical":"https:\/\/www.naturparkmagazin.de\/stechlin\/herzlich-willkommen-zum-7-landwirtschaftstag-am-14-november-2024-in-menz\/","og_locale":"de_DE","og_type":"article","og_title":"Herzlich Willkommen zum 7. Landwirtschaftstag am 14. November 2024 in Menz - Naturpark Stechlin-Ruppiner Land","og_description":"Der Naturpark Stechlin-Ruppiner Land, der Landschaftspflegeverband Prignitz-Ruppiner Land und die Rheinsberger Preussenquelle laden herzlich zum 7. Landwirtschaftstag am 14. November in Menz ein.","og_url":"https:\/\/www.naturparkmagazin.de\/stechlin\/herzlich-willkommen-zum-7-landwirtschaftstag-am-14-november-2024-in-menz\/","og_site_name":"Naturpark Stechlin-Ruppiner Land","article_published_time":"2024-10-23T14:02:03+00:00","article_modified_time":"2024-10-28T15:53:20+00:00","og_image":[{"width":200,"height":200,"url":"https:\/\/www.naturparkmagazin.de\/stechlin\/wp-content\/uploads\/sites\/38\/header_a.jpg","type":"image\/jpeg"}],"author":"marioschrumpf","twitter_misc":{"Verfasst von":"marioschrumpf","Gesch\u00e4tzte Lesezeit":"1\u00a0Minute"},"schema":{"@context":"https:\/\/schema.org","@graph":[{"@type":"WebPage","@id":"https:\/\/www.naturparkmagazin.de\/stechlin\/herzlich-willkommen-zum-7-landwirtschaftstag-am-14-november-2024-in-menz\/","url":"https:\/\/www.naturparkmagazin.de\/stechlin\/herzlich-willkommen-zum-7-landwirtschaftstag-am-14-november-2024-in-menz\/","name":"Herzlich Willkommen zum 7. Landwirtschaftstag am 14. November 2024 in Menz - Naturpark Stechlin-Ruppiner Land","isPartOf":{"@id":"https:\/\/www.naturparkmagazin.de\/stechlin\/#website"},"datePublished":"2024-10-23T14:02:03+00:00","dateModified":"2024-10-28T15:53:20+00:00","author":{"@id":"https:\/\/www.naturparkmagazin.de\/stechlin\/#\/schema\/person\/3f0d93203df21c806dd63c76d9bb28bc"},"breadcrumb":{"@id":"https:\/\/www.naturparkmagazin.de\/stechlin\/herzlich-willkommen-zum-7-landwirtschaftstag-am-14-november-2024-in-menz\/#breadcrumb"},"inLanguage":"de","potentialAction":[{"@type":"ReadAction","target":["https:\/\/www.naturparkmagazin.de\/stechlin\/herzlich-willkommen-zum-7-landwirtschaftstag-am-14-november-2024-in-menz\/"]}]},{"@type":"BreadcrumbList","@id":"https:\/\/www.naturparkmagazin.de\/stechlin\/herzlich-willkommen-zum-7-landwirtschaftstag-am-14-november-2024-in-menz\/#breadcrumb","itemListElement":[{"@type":"ListItem","position":1,"name":"Home","item":"https:\/\/www.naturparkmagazin.de\/stechlin\/"},{"@type":"ListItem","position":2,"name":"Herzlich Willkommen zum 7. Landwirtschaftstag am 14. November 2024 in Menz"}]},{"@type":"WebSite","@id":"https:\/\/www.naturparkmagazin.de\/stechlin\/#website","url":"https:\/\/www.naturparkmagazin.de\/stechlin\/","name":"Naturpark Stechlin-Ruppiner Land","description":"","potentialAction":[{"@type":"SearchAction","target":{"@type":"EntryPoint","urlTemplate":"https:\/\/www.naturparkmagazin.de\/stechlin\/?s={search_term_string}"},"query-input":"required name=search_term_string"}],"inLanguage":"de"},{"@type":"Person","@id":"https:\/\/www.naturparkmagazin.de\/stechlin\/#\/schema\/person\/3f0d93203df21c806dd63c76d9bb28bc","name":"marioschrumpf","url":"https:\/\/www.naturparkmagazin.de\/stechlin\/author\/marioschrumpf\/"}]}},"_links":{"self":[{"href":"https:\/\/www.naturparkmagazin.de\/stechlin\/wp-json\/wp\/v2\/posts\/16285"}],"collection":[{"href":"https:\/\/www.naturparkmagazin.de\/stechlin\/wp-json\/wp\/v2\/posts"}],"about":[{"href":"https:\/\/www.naturparkmagazin.de\/stechlin\/wp-json\/wp\/v2\/types\/post"}],"author":[{"embeddable":true,"href":"https:\/\/www.naturparkmagazin.de\/stechlin\/wp-json\/wp\/v2\/users\/39"}],"replies":[{"embeddable":true,"href":"https:\/\/www.naturparkmagazin.de\/stechlin\/wp-json\/wp\/v2\/comments?post=16285"}],"version-history":[{"count":4,"href":"https:\/\/www.naturparkmagazin.de\/stechlin\/wp-json\/wp\/v2\/posts\/16285\/revisions"}],"predecessor-version":[{"id":16375,"href":"https:\/\/www.naturparkmagazin.de\/stechlin\/wp-json\/wp\/v2\/posts\/16285\/revisions\/16375"}],"wp:featuredmedia":[{"embeddable":true,"href":"https:\/\/www.naturparkmagazin.de\/stechlin\/wp-json\/wp\/v2\/media\/12683"}],"wp:attachment":[{"href":"https:\/\/www.naturparkmagazin.de\/stechlin\/wp-json\/wp\/v2\/media?parent=16285"}],"wp:term":[{"taxonomy":"category","embeddable":true,"href":"https:\/\/www.naturparkmagazin.de\/stechlin\/wp-json\/wp\/v2\/categories?post=16285"},{"taxonomy":"post_tag","embeddable":true,"href":"https:\/\/www.naturparkmagazin.de\/stechlin\/wp-json\/wp\/v2\/tags?post=16285"}],"curies":[{"name":"wp","href":"https:\/\/api.w.org\/{rel}","templated":true}]}}