{"id":1633,"date":"2014-12-04T14:31:05","date_gmt":"2014-12-04T13:31:05","guid":{"rendered":"http:\/\/www.naturparkmagazin.de\/stechlin\/?p=1633"},"modified":"2014-12-15T15:59:49","modified_gmt":"2014-12-15T14:59:49","slug":"dr-juergen-ruetz","status":"publish","type":"post","link":"https:\/\/www.naturparkmagazin.de\/stechlin\/dr-juergen-ruetz\/","title":{"rendered":"Ehrung f\u00fcr Dr. J\u00fcrgen R\u00fctz"},"content":{"rendered":"<div id=\"attachment_1635\" style=\"width: 510px\" class=\"wp-caption alignnone\"><a href=\"https:\/\/www.naturparkmagazin.de\/stechlin\/wp-content\/uploads\/sites\/38\/Tauchclub2.jpg\"><img aria-describedby=\"caption-attachment-1635\" decoding=\"async\" loading=\"lazy\" class=\"size-full wp-image-1635\" alt=\"NP SRL\/Silke Oldorff\" src=\"https:\/\/www.naturparkmagazin.de\/stechlin\/wp-content\/uploads\/sites\/38\/Tauchclub2.jpg\" width=\"500\" height=\"375\" srcset=\"https:\/\/www.naturparkmagazin.de\/stechlin\/wp-content\/uploads\/sites\/38\/Tauchclub2.jpg 500w, https:\/\/www.naturparkmagazin.de\/stechlin\/wp-content\/uploads\/sites\/38\/Tauchclub2-300x225.jpg 300w, https:\/\/www.naturparkmagazin.de\/stechlin\/wp-content\/uploads\/sites\/38\/Tauchclub2-420x315.jpg 420w, https:\/\/www.naturparkmagazin.de\/stechlin\/wp-content\/uploads\/sites\/38\/Tauchclub2-180x135.jpg 180w, https:\/\/www.naturparkmagazin.de\/stechlin\/wp-content\/uploads\/sites\/38\/Tauchclub2-95x71.jpg 95w, https:\/\/www.naturparkmagazin.de\/stechlin\/wp-content\/uploads\/sites\/38\/Tauchclub2-200x150.jpg 200w\" sizes=\"(max-width: 500px) 100vw, 500px\" \/><\/a><p id=\"caption-attachment-1635\" class=\"wp-caption-text\">J\u00fcrgen R\u00fctz (rechts) im Gespr\u00e4ch mit einem Fachkollegen<\/p><\/div>\n<p>Am 27. November 2014 wurde Dr. J\u00fcrgen R\u00fctz f\u00fcr seine ehrenamtliche Arbeit nicht nur f\u00fcr den Tauchsport mit der Goldenen Nadel des Verbandes Deutscher Sporttaucher (VDST) geehrt. Er kann auf 50 Jahre Tauchsport zur\u00fcck blicken. Als Gr\u00fcnder des Tauchclubs Nehmitzsee und als jahrelanges Vorstandmitglied hat er wesentlich die Geschicke des Vereins gelenkt. Ralf Zichert vom Landessportverband Brandenburg w\u00fcrdigte seine Verdienste auf der Jahreshauptversammlung des Tauchclub Nehmitzsee e.V. mit folgender Laudatio:<\/p>\n<p><em>Geboren wurde J\u00fcrgen R\u00fctz am 7. April 1941 in Pommern. Aufgewachsen und zur Grundschule gegangen ist\u00a0er in der Wasserstadt F\u00fcrstenberg\/Havel, Oberschule, sein\u00a0Abitur hat er in Zehdenick abgelegt. Ausfl\u00fcge zum Peetschsee oder Gro\u00dfen Stechlinsee waren schon damals f\u00fcr \u201eF\u00fcrstenberger Jungs\u201c ein pr\u00e4gendes Erlebnis. Im klaren Wasser Fische und Krebse zu beobachten und zu fangen- ob bewusst oder unbewusst, mag von solchen Schl\u00fcsselerlebnissen aus fr\u00fcher Jugend seine Leidenschaft zum nassen Element r\u00fchren.<\/em><\/p>\n<p><em>Angefangen hat J\u00fcrgen mit dem Tauchsport w\u00e4hrend seines Luftfahrttechnik- bzw. Str\u00f6mungstechnik-Studiums in Dresden. Er fand dort Gleichgesinnte, die er dann auch mit in seine Heimat brachte und ihnen den einmaligen Stechlin voller Stolz zeigte. Die technischen Herausforderungen beim Tauchsport waren das Eine, das T\u00fcfteln, das Experimentieren mit selbstgebauter Ausr\u00fcstung, die Notwendigkeit zur Improvisation und das Organisationsgeschick, auch\u00a0 bei der Beschaffung kamen hinzu. F\u00fcr die erst k\u00fcrzlich zum Tauchsport gekommenen, kaum noch vorstellbar. Doch J\u00fcrgen kann mit einem gro\u00dfen Arsenal diesbez\u00fcglicher Anekdoten aufwarten. Daneben war es aber auch die sportliche Herausforderung. Der Tauchsport steckte damals in den Anf\u00e4ngen. J\u00fcrgen z\u00e4hlt hier zu den Pionieren unserer Zunft.<\/em><\/p>\n<p><em>Seit dem taucht er seit \u00fcber 50 Jahren!<\/em><\/p>\n<p><em>Zusammen mit, Horst G\u00fcnther, Horst Amelang, Achim Lisch, Clemens Ulbrich, Radi Radoy, Gerd Schuhmacher und weiteren Sportfreunden gr\u00fcndetet er im Jahr 1967 unseren heutigen Tauchclub Nehmitzsee e.V.\u00a0 Sp\u00e4ter\u00a0in der Sektion Tauchen der GST-Gruppe Bruno Leuschner im Kernkraftwerk Rheinsberg setzte er als\u00a0erster Vorsitzender den Schwerpunkt der Arbeit in der Ausbildung von jungen Sporttauchern. Damals gab es praktisch keine Tauchl\u00e4den und man musste sich seine Ausr\u00fcstung gr\u00f6\u00dftenteils selbst bauen. In der DDR gab es wenn \u00fcberhaupt Tauchanz\u00fcge aus der Tschechoslowakei, die steif und unbequem und deren Rei\u00dfverschl\u00fcsse oft kaputt waren. \u00dcber das Kernkraftwerk war es ihm m\u00f6glich, \u00fcber den Chemiehandel Leipzig die ersten Neopren-Tauchanz\u00fcge aus dem \u201eWesten\u201c in dem Fall aus Frankreich als Arbeitsschutzmittel zu ordern. Sicherheit stand auch damals immer an erster Stelle. Zu den von J\u00fcrgen selbstgebauten Reglern hatte man im Verein eine selbstgebaute Pr\u00fcfbank entwickelt. Ab 1974 war J\u00fcrgen Grundorganisationsleiter der GST Bruno Leuschner, also Chef vom sogenannten Dachverband aller Sektionen der GST in Rheinsberg.<\/em><\/p>\n<p><em>Er selbst beteiligte sich erfolgreich am Orientierungs- und Wettkampftauchen. Auch Tieftauchg\u00e4nge waren in den 60-70er Jahren eine gro\u00dfe Herausforderung. An einer Knotenleine ging in der Nordbucht des Stechlinsees es meist zu dritt 30-35 m tief auf den Grund des Stechlinsees. Dort angekommen musste man auch gleich wieder aufsteigen, da die Pressluftflaschen nur 7 Liter Volumen hatten. Meist hatte man zu dritt nur eine Taucherlampe. Als Vorsitzender pflegte er ein enges Verh\u00e4ltnis zum Tauchclub Ziegelwerke Zehdenick und zu dessen Vorsitzenden Gerd Timm.<\/em><\/p>\n<p><em>J\u00fcrgens St\u00e4rke ist seine F\u00e4higkeit, auf andere gesellschaftliche Gruppen zuzugehen und beharrlich Vorurteile abzubauen. So war das auch, als nach 1990 das Tauchen in den neu entstehenden Schutzgebieten eingeschr\u00e4nkt wurde. J\u00fcrgen hat immer den Dialog mit dem Naturschutz gesucht, im Rahmen der einstweiligen Unterschutzstellung des Naturschutzgebietes Stechlin suchte er Kontakt zur Unteren Naturschutzbeh\u00f6rde. Sp\u00e4ter unterst\u00fctzte Dank seiner Vorarbeit der TCN das EU-LIFE-Projekt Stechlin bei einer ersten Tauchuntersuchung der Unterwasserpflanzen. Nach Ende des Projektes wollte J\u00fcrgen diese Rollenverteilung zwischen Tauchsport und Naturschutz nicht aufgeben und suchte weiter den Kontakt zum Naturpark und auch zum NABU. Schlie\u00dflich entstand 2007 daraus die Idee zum \u201enaturkundlichen Tauchen\u201c, einem Projekt, welches seit dem l\u00e4uft und sich mehr und mehr zum Selbstl\u00e4ufer und Erfolgsmodell entwickelt, gekr\u00f6nt durch die Auszeichnung des Projektes \u201eTauchen f\u00fcr den Naturschutz\u201c mit dem Deutschen Naturschutzpreis 2013 durch das Bundesamt f\u00fcr Naturschutz. Ohne J\u00fcrgens Beharrlichkeit w\u00e4re es wohl nie dazu gekommen.<\/em><\/p>\n<div>\n<p>&nbsp;<\/p>\n<p><a href=\"https:\/\/www.naturparkmagazin.de\/stechlin\/wp-content\/uploads\/sites\/38\/Tauchclub3.jpg\"><img decoding=\"async\" loading=\"lazy\" class=\"alignnone size-full wp-image-1636\" alt=\"NP SRL\/Silke Oldorff\" src=\"https:\/\/www.naturparkmagazin.de\/stechlin\/wp-content\/uploads\/sites\/38\/Tauchclub3.jpg\" width=\"500\" height=\"375\" srcset=\"https:\/\/www.naturparkmagazin.de\/stechlin\/wp-content\/uploads\/sites\/38\/Tauchclub3.jpg 500w, https:\/\/www.naturparkmagazin.de\/stechlin\/wp-content\/uploads\/sites\/38\/Tauchclub3-300x225.jpg 300w, https:\/\/www.naturparkmagazin.de\/stechlin\/wp-content\/uploads\/sites\/38\/Tauchclub3-420x315.jpg 420w, https:\/\/www.naturparkmagazin.de\/stechlin\/wp-content\/uploads\/sites\/38\/Tauchclub3-180x135.jpg 180w, https:\/\/www.naturparkmagazin.de\/stechlin\/wp-content\/uploads\/sites\/38\/Tauchclub3-95x71.jpg 95w, https:\/\/www.naturparkmagazin.de\/stechlin\/wp-content\/uploads\/sites\/38\/Tauchclub3-200x150.jpg 200w\" sizes=\"(max-width: 500px) 100vw, 500px\" \/><\/a><\/p>\n<\/div>\n<p>&nbsp;<\/p>\n","protected":false},"excerpt":{"rendered":"<p>Am 27. November 2014 wurde Dr. J\u00fcrgen R\u00fctz f\u00fcr seine ehrenamtliche Arbeit nicht nur f\u00fcr den Tauchsport mit der Goldenen Nadel des Verbandes Deutscher Sporttaucher (VDST) geehrt.<\/p>\n","protected":false},"author":39,"featured_media":1634,"comment_status":"open","ping_status":"open","sticky":false,"template":"","format":"standard","meta":[],"categories":[8],"tags":[],"yoast_head":"<!-- This site is optimized with the Yoast SEO plugin v19.10 - https:\/\/yoast.com\/wordpress\/plugins\/seo\/ -->\n<title>Ehrung f\u00fcr Dr. J\u00fcrgen R\u00fctz - Naturpark Stechlin-Ruppiner Land<\/title>\n<meta name=\"robots\" content=\"index, follow, max-snippet:-1, max-image-preview:large, max-video-preview:-1\" \/>\n<link rel=\"canonical\" href=\"https:\/\/www.naturparkmagazin.de\/stechlin\/dr-juergen-ruetz\/\" \/>\n<meta property=\"og:locale\" content=\"de_DE\" \/>\n<meta property=\"og:type\" content=\"article\" \/>\n<meta property=\"og:title\" content=\"Ehrung f\u00fcr Dr. J\u00fcrgen R\u00fctz - Naturpark Stechlin-Ruppiner Land\" \/>\n<meta property=\"og:description\" content=\"Am 27. November 2014 wurde Dr. J\u00fcrgen R\u00fctz f\u00fcr seine ehrenamtliche Arbeit nicht nur f\u00fcr den Tauchsport mit der Goldenen Nadel des Verbandes Deutscher Sporttaucher (VDST) geehrt.\" \/>\n<meta property=\"og:url\" content=\"https:\/\/www.naturparkmagazin.de\/stechlin\/dr-juergen-ruetz\/\" \/>\n<meta property=\"og:site_name\" content=\"Naturpark Stechlin-Ruppiner Land\" \/>\n<meta property=\"article:published_time\" content=\"2014-12-04T13:31:05+00:00\" \/>\n<meta property=\"article:modified_time\" content=\"2014-12-15T14:59:49+00:00\" \/>\n<meta property=\"og:image\" content=\"https:\/\/www.naturparkmagazin.de\/stechlin\/wp-content\/uploads\/sites\/38\/J\u00fcrgen-R\u00fctz.jpg\" \/>\n\t<meta property=\"og:image:width\" content=\"769\" \/>\n\t<meta property=\"og:image:height\" content=\"658\" \/>\n\t<meta property=\"og:image:type\" content=\"image\/jpeg\" \/>\n<meta name=\"author\" content=\"marioschrumpf\" \/>\n<meta name=\"twitter:label1\" content=\"Verfasst von\" \/>\n\t<meta name=\"twitter:data1\" content=\"marioschrumpf\" \/>\n\t<meta name=\"twitter:label2\" content=\"Gesch\u00e4tzte Lesezeit\" \/>\n\t<meta name=\"twitter:data2\" content=\"4\u00a0Minuten\" \/>\n<script type=\"application\/ld+json\" class=\"yoast-schema-graph\">{\"@context\":\"https:\/\/schema.org\",\"@graph\":[{\"@type\":\"WebPage\",\"@id\":\"https:\/\/www.naturparkmagazin.de\/stechlin\/dr-juergen-ruetz\/\",\"url\":\"https:\/\/www.naturparkmagazin.de\/stechlin\/dr-juergen-ruetz\/\",\"name\":\"Ehrung f\u00fcr Dr. J\u00fcrgen R\u00fctz - Naturpark Stechlin-Ruppiner Land\",\"isPartOf\":{\"@id\":\"https:\/\/www.naturparkmagazin.de\/stechlin\/#website\"},\"datePublished\":\"2014-12-04T13:31:05+00:00\",\"dateModified\":\"2014-12-15T14:59:49+00:00\",\"author\":{\"@id\":\"https:\/\/www.naturparkmagazin.de\/stechlin\/#\/schema\/person\/3f0d93203df21c806dd63c76d9bb28bc\"},\"breadcrumb\":{\"@id\":\"https:\/\/www.naturparkmagazin.de\/stechlin\/dr-juergen-ruetz\/#breadcrumb\"},\"inLanguage\":\"de\",\"potentialAction\":[{\"@type\":\"ReadAction\",\"target\":[\"https:\/\/www.naturparkmagazin.de\/stechlin\/dr-juergen-ruetz\/\"]}]},{\"@type\":\"BreadcrumbList\",\"@id\":\"https:\/\/www.naturparkmagazin.de\/stechlin\/dr-juergen-ruetz\/#breadcrumb\",\"itemListElement\":[{\"@type\":\"ListItem\",\"position\":1,\"name\":\"Home\",\"item\":\"https:\/\/www.naturparkmagazin.de\/stechlin\/\"},{\"@type\":\"ListItem\",\"position\":2,\"name\":\"Ehrung f\u00fcr Dr. J\u00fcrgen R\u00fctz\"}]},{\"@type\":\"WebSite\",\"@id\":\"https:\/\/www.naturparkmagazin.de\/stechlin\/#website\",\"url\":\"https:\/\/www.naturparkmagazin.de\/stechlin\/\",\"name\":\"Naturpark Stechlin-Ruppiner Land\",\"description\":\"\",\"potentialAction\":[{\"@type\":\"SearchAction\",\"target\":{\"@type\":\"EntryPoint\",\"urlTemplate\":\"https:\/\/www.naturparkmagazin.de\/stechlin\/?s={search_term_string}\"},\"query-input\":\"required name=search_term_string\"}],\"inLanguage\":\"de\"},{\"@type\":\"Person\",\"@id\":\"https:\/\/www.naturparkmagazin.de\/stechlin\/#\/schema\/person\/3f0d93203df21c806dd63c76d9bb28bc\",\"name\":\"marioschrumpf\",\"url\":\"https:\/\/www.naturparkmagazin.de\/stechlin\/author\/marioschrumpf\/\"}]}<\/script>\n<!-- \/ Yoast SEO plugin. -->","yoast_head_json":{"title":"Ehrung f\u00fcr Dr. J\u00fcrgen R\u00fctz - Naturpark Stechlin-Ruppiner Land","robots":{"index":"index","follow":"follow","max-snippet":"max-snippet:-1","max-image-preview":"max-image-preview:large","max-video-preview":"max-video-preview:-1"},"canonical":"https:\/\/www.naturparkmagazin.de\/stechlin\/dr-juergen-ruetz\/","og_locale":"de_DE","og_type":"article","og_title":"Ehrung f\u00fcr Dr. J\u00fcrgen R\u00fctz - Naturpark Stechlin-Ruppiner Land","og_description":"Am 27. November 2014 wurde Dr. J\u00fcrgen R\u00fctz f\u00fcr seine ehrenamtliche Arbeit nicht nur f\u00fcr den Tauchsport mit der Goldenen Nadel des Verbandes Deutscher Sporttaucher (VDST) geehrt.","og_url":"https:\/\/www.naturparkmagazin.de\/stechlin\/dr-juergen-ruetz\/","og_site_name":"Naturpark Stechlin-Ruppiner Land","article_published_time":"2014-12-04T13:31:05+00:00","article_modified_time":"2014-12-15T14:59:49+00:00","og_image":[{"width":769,"height":658,"url":"https:\/\/www.naturparkmagazin.de\/stechlin\/wp-content\/uploads\/sites\/38\/J\u00fcrgen-R\u00fctz.jpg","type":"image\/jpeg"}],"author":"marioschrumpf","twitter_misc":{"Verfasst von":"marioschrumpf","Gesch\u00e4tzte Lesezeit":"4\u00a0Minuten"},"schema":{"@context":"https:\/\/schema.org","@graph":[{"@type":"WebPage","@id":"https:\/\/www.naturparkmagazin.de\/stechlin\/dr-juergen-ruetz\/","url":"https:\/\/www.naturparkmagazin.de\/stechlin\/dr-juergen-ruetz\/","name":"Ehrung f\u00fcr Dr. J\u00fcrgen R\u00fctz - Naturpark Stechlin-Ruppiner Land","isPartOf":{"@id":"https:\/\/www.naturparkmagazin.de\/stechlin\/#website"},"datePublished":"2014-12-04T13:31:05+00:00","dateModified":"2014-12-15T14:59:49+00:00","author":{"@id":"https:\/\/www.naturparkmagazin.de\/stechlin\/#\/schema\/person\/3f0d93203df21c806dd63c76d9bb28bc"},"breadcrumb":{"@id":"https:\/\/www.naturparkmagazin.de\/stechlin\/dr-juergen-ruetz\/#breadcrumb"},"inLanguage":"de","potentialAction":[{"@type":"ReadAction","target":["https:\/\/www.naturparkmagazin.de\/stechlin\/dr-juergen-ruetz\/"]}]},{"@type":"BreadcrumbList","@id":"https:\/\/www.naturparkmagazin.de\/stechlin\/dr-juergen-ruetz\/#breadcrumb","itemListElement":[{"@type":"ListItem","position":1,"name":"Home","item":"https:\/\/www.naturparkmagazin.de\/stechlin\/"},{"@type":"ListItem","position":2,"name":"Ehrung f\u00fcr Dr. J\u00fcrgen R\u00fctz"}]},{"@type":"WebSite","@id":"https:\/\/www.naturparkmagazin.de\/stechlin\/#website","url":"https:\/\/www.naturparkmagazin.de\/stechlin\/","name":"Naturpark Stechlin-Ruppiner Land","description":"","potentialAction":[{"@type":"SearchAction","target":{"@type":"EntryPoint","urlTemplate":"https:\/\/www.naturparkmagazin.de\/stechlin\/?s={search_term_string}"},"query-input":"required name=search_term_string"}],"inLanguage":"de"},{"@type":"Person","@id":"https:\/\/www.naturparkmagazin.de\/stechlin\/#\/schema\/person\/3f0d93203df21c806dd63c76d9bb28bc","name":"marioschrumpf","url":"https:\/\/www.naturparkmagazin.de\/stechlin\/author\/marioschrumpf\/"}]}},"_links":{"self":[{"href":"https:\/\/www.naturparkmagazin.de\/stechlin\/wp-json\/wp\/v2\/posts\/1633"}],"collection":[{"href":"https:\/\/www.naturparkmagazin.de\/stechlin\/wp-json\/wp\/v2\/posts"}],"about":[{"href":"https:\/\/www.naturparkmagazin.de\/stechlin\/wp-json\/wp\/v2\/types\/post"}],"author":[{"embeddable":true,"href":"https:\/\/www.naturparkmagazin.de\/stechlin\/wp-json\/wp\/v2\/users\/39"}],"replies":[{"embeddable":true,"href":"https:\/\/www.naturparkmagazin.de\/stechlin\/wp-json\/wp\/v2\/comments?post=1633"}],"version-history":[{"count":5,"href":"https:\/\/www.naturparkmagazin.de\/stechlin\/wp-json\/wp\/v2\/posts\/1633\/revisions"}],"predecessor-version":[{"id":1712,"href":"https:\/\/www.naturparkmagazin.de\/stechlin\/wp-json\/wp\/v2\/posts\/1633\/revisions\/1712"}],"wp:featuredmedia":[{"embeddable":true,"href":"https:\/\/www.naturparkmagazin.de\/stechlin\/wp-json\/wp\/v2\/media\/1634"}],"wp:attachment":[{"href":"https:\/\/www.naturparkmagazin.de\/stechlin\/wp-json\/wp\/v2\/media?parent=1633"}],"wp:term":[{"taxonomy":"category","embeddable":true,"href":"https:\/\/www.naturparkmagazin.de\/stechlin\/wp-json\/wp\/v2\/categories?post=1633"},{"taxonomy":"post_tag","embeddable":true,"href":"https:\/\/www.naturparkmagazin.de\/stechlin\/wp-json\/wp\/v2\/tags?post=1633"}],"curies":[{"name":"wp","href":"https:\/\/api.w.org\/{rel}","templated":true}]}}