{"id":16407,"date":"2024-11-21T15:06:02","date_gmt":"2024-11-21T14:06:02","guid":{"rendered":"https:\/\/www.naturparkmagazin.de\/stechlin\/?p=16407"},"modified":"2024-12-02T09:47:39","modified_gmt":"2024-12-02T08:47:39","slug":"neue-natur-und-landschaftsfuehrende-fuer-naturpark-in-ausbildung","status":"publish","type":"post","link":"https:\/\/www.naturparkmagazin.de\/stechlin\/neue-natur-und-landschaftsfuehrende-fuer-naturpark-in-ausbildung\/","title":{"rendered":"Neue Natur- und Landschaftsf\u00fchrende f\u00fcr Naturpark in Ausbildung"},"content":{"rendered":"<p>Vom 14. bis 16. November fanden im Naturpark Stechlin-Ruppiner Land dreit\u00e4gige sogenannten Regionalmodule f\u00fcr angehende Natur- und Landschaftsf\u00fchrer:innen statt.<\/p>\n<p>Dabei lernten die &#8222;<em>Neuen<\/em>&#8220; nicht nur die Besonderheiten und Einzigartigkeiten der Fauna und Flora des Naturparks, sondern auch viele wichtige Kooperationspartner kennen.<\/p>\n<div id=\"attachment_16399\" style=\"width: 510px\" class=\"wp-caption aligncenter\"><a href=\"https:\/\/www.naturparkmagazin.de\/stechlin\/wp-content\/uploads\/sites\/38\/Exkursion_znl_III.jpg\"><img aria-describedby=\"caption-attachment-16399\" decoding=\"async\" loading=\"lazy\" class=\"size-full wp-image-16399\" src=\"https:\/\/www.naturparkmagazin.de\/stechlin\/wp-content\/uploads\/sites\/38\/Exkursion_znl_III.jpg\" alt=\"\" width=\"500\" height=\"300\" srcset=\"https:\/\/www.naturparkmagazin.de\/stechlin\/wp-content\/uploads\/sites\/38\/Exkursion_znl_III.jpg 500w, https:\/\/www.naturparkmagazin.de\/stechlin\/wp-content\/uploads\/sites\/38\/Exkursion_znl_III-300x180.jpg 300w, https:\/\/www.naturparkmagazin.de\/stechlin\/wp-content\/uploads\/sites\/38\/Exkursion_znl_III-200x120.jpg 200w\" sizes=\"(max-width: 500px) 100vw, 500px\" \/><\/a><p id=\"caption-attachment-16399\" class=\"wp-caption-text\">Informationen zur Kyritz-Ruppiner Heide gab die Bundesforst.\u00a9\u00a0Olaf Wolff<\/p><\/div>\n<div id=\"attachment_16402\" style=\"width: 510px\" class=\"wp-caption aligncenter\"><a href=\"https:\/\/www.naturparkmagazin.de\/stechlin\/wp-content\/uploads\/sites\/38\/Exkursion_znl_II.jpg\"><img aria-describedby=\"caption-attachment-16402\" decoding=\"async\" loading=\"lazy\" class=\"size-full wp-image-16402\" src=\"https:\/\/www.naturparkmagazin.de\/stechlin\/wp-content\/uploads\/sites\/38\/Exkursion_znl_II.jpg\" alt=\"\" width=\"500\" height=\"300\" srcset=\"https:\/\/www.naturparkmagazin.de\/stechlin\/wp-content\/uploads\/sites\/38\/Exkursion_znl_II.jpg 500w, https:\/\/www.naturparkmagazin.de\/stechlin\/wp-content\/uploads\/sites\/38\/Exkursion_znl_II-300x180.jpg 300w, https:\/\/www.naturparkmagazin.de\/stechlin\/wp-content\/uploads\/sites\/38\/Exkursion_znl_II-200x120.jpg 200w\" sizes=\"(max-width: 500px) 100vw, 500px\" \/><\/a><p id=\"caption-attachment-16402\" class=\"wp-caption-text\">Die Schloss- und Stadtgeschichte Rheinsbergs wird erkl\u00e4rt von der erfahrenen Natur- und Landschaftsf\u00fchrerin Jeanette Lehmann.\u00a9\u00a0Olaf Wolff<\/p><\/div>\n<p>So gab es auf Exkursionen f\u00fcr sie viel zu erfahren und zu erleben von der Naturwacht,\u00a0 den Revierf\u00f6rstern der Landesforst, dem Bundesforstbetrieb Westbrandenburg, der Heinz Sielmann Stiftung, dem Amt Temnitz, dem Tourismusverband Ruppiner Seenland und dem NaturParkHaus Stechlin als Besucherzentrum des Naturparks.<\/p>\n<div id=\"attachment_16398\" style=\"width: 510px\" class=\"wp-caption aligncenter\"><a href=\"https:\/\/www.naturparkmagazin.de\/stechlin\/wp-content\/uploads\/sites\/38\/Exkursion_znl_I.jpg\"><img aria-describedby=\"caption-attachment-16398\" decoding=\"async\" loading=\"lazy\" class=\"size-full wp-image-16398\" src=\"https:\/\/www.naturparkmagazin.de\/stechlin\/wp-content\/uploads\/sites\/38\/Exkursion_znl_I.jpg\" alt=\"\" width=\"500\" height=\"300\" srcset=\"https:\/\/www.naturparkmagazin.de\/stechlin\/wp-content\/uploads\/sites\/38\/Exkursion_znl_I.jpg 500w, https:\/\/www.naturparkmagazin.de\/stechlin\/wp-content\/uploads\/sites\/38\/Exkursion_znl_I-300x180.jpg 300w, https:\/\/www.naturparkmagazin.de\/stechlin\/wp-content\/uploads\/sites\/38\/Exkursion_znl_I-200x120.jpg 200w\" sizes=\"(max-width: 500px) 100vw, 500px\" \/><\/a><p id=\"caption-attachment-16398\" class=\"wp-caption-text\">Naturwachtleiterin Anke Rudnik gibt Tipps zur Vorbereitung einer F\u00fchrung.\u00a9\u00a0Olaf Wolff<\/p><\/div>\n<p>Zuvor nahmen die 6 angehenden Natur- und Landschaftsf\u00fchrenden zusammen mit\u00a0 21 weiteren Interessenten aus den Naturparken Uckerm\u00e4rkische Seen, M\u00e4rkische Schweiz und Barnim im Oktober an einem einw\u00f6chigen Basis-Kurs im Verstehbahnhof F\u00fcrstenberg\/Havel teil.<\/p>\n<div id=\"attachment_16401\" style=\"width: 510px\" class=\"wp-caption aligncenter\"><a href=\"https:\/\/www.naturparkmagazin.de\/stechlin\/wp-content\/uploads\/sites\/38\/ZNL_Gruppe.jpg\"><img aria-describedby=\"caption-attachment-16401\" decoding=\"async\" loading=\"lazy\" class=\"wp-image-16401 size-full\" src=\"https:\/\/www.naturparkmagazin.de\/stechlin\/wp-content\/uploads\/sites\/38\/ZNL_Gruppe.jpg\" alt=\"\" width=\"500\" height=\"300\" srcset=\"https:\/\/www.naturparkmagazin.de\/stechlin\/wp-content\/uploads\/sites\/38\/ZNL_Gruppe.jpg 500w, https:\/\/www.naturparkmagazin.de\/stechlin\/wp-content\/uploads\/sites\/38\/ZNL_Gruppe-300x180.jpg 300w, https:\/\/www.naturparkmagazin.de\/stechlin\/wp-content\/uploads\/sites\/38\/ZNL_Gruppe-200x120.jpg 200w\" sizes=\"(max-width: 500px) 100vw, 500px\" \/><\/a><p id=\"caption-attachment-16401\" class=\"wp-caption-text\">Die angehenden Natur- und Landschaftsf\u00fchrer:innen im Naturpark Stechlin-Ruppiner Land mit Olaf Wolff vom Naturpark.\u00a9\u00a0Olaf Wolff<\/p><\/div>\n<p>Inhalte waren didaktische Module, die Konzeption eigener F\u00fchrungsinhalte, Themen wie Geologie, Arch\u00e4ologie und \u00d6kologie.<\/p>\n<p>Nach den jetzt stattfindenden Regionalmodulen wird eine eigene F\u00fchrung im Gebiet als Hausarbeit erarbeitet.<\/p>\n<p>Im M\u00e4rz 2025 \ufb01nden die abschlie\u00dfenden Pr\u00fcfungen und die Zertifikats\u00fcbergabe statt.<\/p>\n<p>Mit der Kombination von zentralen und regionalen Modulen setzt das Landesamt f\u00fcr Umwelt erstmalig das Konzept einer gemeinsamen, gebiets\u00fcbergreifenden Ausbildung f\u00fcr Natur- und Landschaftsf\u00fchrende in den Naturparken Nordbrandenburgs um.<\/p>\n<p><u>Hintergrund:<\/u><\/p>\n<p>Ziel des ZNL-Lehrgangs ist, die Teilnehmenden zu bef\u00e4higen, qualitativ hochwertige, zielgruppenorientierte Natur- und Landschaftsf\u00fchrungen anzubieten. Als Botschafterinnen und Botschafter ihrer Region sind sie praxisnah arbeitende Vermittelnde und Multiplikatoren, um Menschen f\u00fcr Biodiversit\u00e4t, Natur- und Artenschutzbelange sowie die Ziele einer nachhaltigen Entwicklung zu sensibilisieren.<\/p>\n<p>F\u00fcr den Lehrgang zur\/zum \u201eZertifizierten Natur- und Landschaftsf\u00fchrerin bzw. -f\u00fchrer\u201c (ZNL) sind von den Umweltakademien der L\u00e4nder bundeseinheitliche Standards erarbeitet worden, die seit 2015 urheberrechtlich gesch\u00fctzt sind und st\u00e4ndig weiterentwickelt werden. Das\u00a0Landesamt f\u00fcr Umwelt fungiert im Land Brandenburg als f\u00fcr die Ausbildung der ZNL zust\u00e4ndige Landesnaturschutzakademie.<\/p>\n<p>Kooperationspartner auf Bundesebene sind der Bundesverband Naturwacht e.V., die Arbeitsgemeinschaft Natur- und Umweltbildung e.V., Nationale Naturlandschaften e.V. und der Verband Deutscher Naturparke e.V.<\/p>\n<p><u>F\u00fcr R\u00fcckfragen:<\/u><\/p>\n<p>Daniel Kowal<\/p>\n<p>Telefon: 035324\/ 305 12<\/p>\n<p>E-Mail:\u00a0\u00a0\u00a0<a href=\"mailto:Daniel.Kowal@lfu.brandenburg.de\">Daniel.Kowal@lfu.brandenburg.de<\/a><\/p>\n","protected":false},"excerpt":{"rendered":"<p>Mit der Kombination von zentralen und regionalen Modulen setzt das Landesamt f\u00fcr Umwelt erstmalig eine gemeinsame, gebiets\u00fcbergreifende Ausbildung f\u00fcr Natur- und Landschaftsf\u00fchrende um.<\/p>\n","protected":false},"author":39,"featured_media":16400,"comment_status":"open","ping_status":"open","sticky":false,"template":"","format":"standard","meta":[],"categories":[7],"tags":[],"yoast_head":"<!-- This site is optimized with the Yoast SEO plugin v19.10 - https:\/\/yoast.com\/wordpress\/plugins\/seo\/ -->\n<title>Neue Natur- und Landschaftsf\u00fchrende f\u00fcr Naturpark in Ausbildung - Naturpark Stechlin-Ruppiner Land<\/title>\n<meta name=\"robots\" content=\"index, follow, max-snippet:-1, max-image-preview:large, max-video-preview:-1\" \/>\n<link rel=\"canonical\" href=\"https:\/\/www.naturparkmagazin.de\/stechlin\/neue-natur-und-landschaftsfuehrende-fuer-naturpark-in-ausbildung\/\" \/>\n<meta property=\"og:locale\" content=\"de_DE\" \/>\n<meta property=\"og:type\" content=\"article\" \/>\n<meta property=\"og:title\" content=\"Neue Natur- und Landschaftsf\u00fchrende f\u00fcr Naturpark in Ausbildung - Naturpark Stechlin-Ruppiner Land\" \/>\n<meta property=\"og:description\" content=\"Mit der Kombination von zentralen und regionalen Modulen setzt das Landesamt f\u00fcr Umwelt erstmalig eine gemeinsame, gebiets\u00fcbergreifende Ausbildung f\u00fcr Natur- und Landschaftsf\u00fchrende um.\" \/>\n<meta property=\"og:url\" content=\"https:\/\/www.naturparkmagazin.de\/stechlin\/neue-natur-und-landschaftsfuehrende-fuer-naturpark-in-ausbildung\/\" \/>\n<meta property=\"og:site_name\" content=\"Naturpark Stechlin-Ruppiner Land\" \/>\n<meta property=\"article:published_time\" content=\"2024-11-21T14:06:02+00:00\" \/>\n<meta property=\"article:modified_time\" content=\"2024-12-02T08:47:39+00:00\" \/>\n<meta property=\"og:image\" content=\"https:\/\/www.naturparkmagazin.de\/stechlin\/wp-content\/uploads\/sites\/38\/ZNL-Vorschau.jpg\" \/>\n\t<meta property=\"og:image:width\" content=\"200\" \/>\n\t<meta property=\"og:image:height\" content=\"200\" \/>\n\t<meta property=\"og:image:type\" content=\"image\/jpeg\" \/>\n<meta name=\"author\" content=\"marioschrumpf\" \/>\n<meta name=\"twitter:label1\" content=\"Verfasst von\" \/>\n\t<meta name=\"twitter:data1\" content=\"marioschrumpf\" \/>\n\t<meta name=\"twitter:label2\" content=\"Gesch\u00e4tzte Lesezeit\" \/>\n\t<meta name=\"twitter:data2\" content=\"3\u00a0Minuten\" \/>\n<script type=\"application\/ld+json\" class=\"yoast-schema-graph\">{\"@context\":\"https:\/\/schema.org\",\"@graph\":[{\"@type\":\"WebPage\",\"@id\":\"https:\/\/www.naturparkmagazin.de\/stechlin\/neue-natur-und-landschaftsfuehrende-fuer-naturpark-in-ausbildung\/\",\"url\":\"https:\/\/www.naturparkmagazin.de\/stechlin\/neue-natur-und-landschaftsfuehrende-fuer-naturpark-in-ausbildung\/\",\"name\":\"Neue Natur- und Landschaftsf\u00fchrende f\u00fcr Naturpark in Ausbildung - Naturpark Stechlin-Ruppiner Land\",\"isPartOf\":{\"@id\":\"https:\/\/www.naturparkmagazin.de\/stechlin\/#website\"},\"datePublished\":\"2024-11-21T14:06:02+00:00\",\"dateModified\":\"2024-12-02T08:47:39+00:00\",\"author\":{\"@id\":\"https:\/\/www.naturparkmagazin.de\/stechlin\/#\/schema\/person\/3f0d93203df21c806dd63c76d9bb28bc\"},\"breadcrumb\":{\"@id\":\"https:\/\/www.naturparkmagazin.de\/stechlin\/neue-natur-und-landschaftsfuehrende-fuer-naturpark-in-ausbildung\/#breadcrumb\"},\"inLanguage\":\"de\",\"potentialAction\":[{\"@type\":\"ReadAction\",\"target\":[\"https:\/\/www.naturparkmagazin.de\/stechlin\/neue-natur-und-landschaftsfuehrende-fuer-naturpark-in-ausbildung\/\"]}]},{\"@type\":\"BreadcrumbList\",\"@id\":\"https:\/\/www.naturparkmagazin.de\/stechlin\/neue-natur-und-landschaftsfuehrende-fuer-naturpark-in-ausbildung\/#breadcrumb\",\"itemListElement\":[{\"@type\":\"ListItem\",\"position\":1,\"name\":\"Home\",\"item\":\"https:\/\/www.naturparkmagazin.de\/stechlin\/\"},{\"@type\":\"ListItem\",\"position\":2,\"name\":\"Neue Natur- und Landschaftsf\u00fchrende f\u00fcr Naturpark in Ausbildung\"}]},{\"@type\":\"WebSite\",\"@id\":\"https:\/\/www.naturparkmagazin.de\/stechlin\/#website\",\"url\":\"https:\/\/www.naturparkmagazin.de\/stechlin\/\",\"name\":\"Naturpark Stechlin-Ruppiner Land\",\"description\":\"\",\"potentialAction\":[{\"@type\":\"SearchAction\",\"target\":{\"@type\":\"EntryPoint\",\"urlTemplate\":\"https:\/\/www.naturparkmagazin.de\/stechlin\/?s={search_term_string}\"},\"query-input\":\"required name=search_term_string\"}],\"inLanguage\":\"de\"},{\"@type\":\"Person\",\"@id\":\"https:\/\/www.naturparkmagazin.de\/stechlin\/#\/schema\/person\/3f0d93203df21c806dd63c76d9bb28bc\",\"name\":\"marioschrumpf\",\"url\":\"https:\/\/www.naturparkmagazin.de\/stechlin\/author\/marioschrumpf\/\"}]}<\/script>\n<!-- \/ Yoast SEO plugin. -->","yoast_head_json":{"title":"Neue Natur- und Landschaftsf\u00fchrende f\u00fcr Naturpark in Ausbildung - Naturpark Stechlin-Ruppiner Land","robots":{"index":"index","follow":"follow","max-snippet":"max-snippet:-1","max-image-preview":"max-image-preview:large","max-video-preview":"max-video-preview:-1"},"canonical":"https:\/\/www.naturparkmagazin.de\/stechlin\/neue-natur-und-landschaftsfuehrende-fuer-naturpark-in-ausbildung\/","og_locale":"de_DE","og_type":"article","og_title":"Neue Natur- und Landschaftsf\u00fchrende f\u00fcr Naturpark in Ausbildung - Naturpark Stechlin-Ruppiner Land","og_description":"Mit der Kombination von zentralen und regionalen Modulen setzt das Landesamt f\u00fcr Umwelt erstmalig eine gemeinsame, gebiets\u00fcbergreifende Ausbildung f\u00fcr Natur- und Landschaftsf\u00fchrende um.","og_url":"https:\/\/www.naturparkmagazin.de\/stechlin\/neue-natur-und-landschaftsfuehrende-fuer-naturpark-in-ausbildung\/","og_site_name":"Naturpark Stechlin-Ruppiner Land","article_published_time":"2024-11-21T14:06:02+00:00","article_modified_time":"2024-12-02T08:47:39+00:00","og_image":[{"width":200,"height":200,"url":"https:\/\/www.naturparkmagazin.de\/stechlin\/wp-content\/uploads\/sites\/38\/ZNL-Vorschau.jpg","type":"image\/jpeg"}],"author":"marioschrumpf","twitter_misc":{"Verfasst von":"marioschrumpf","Gesch\u00e4tzte Lesezeit":"3\u00a0Minuten"},"schema":{"@context":"https:\/\/schema.org","@graph":[{"@type":"WebPage","@id":"https:\/\/www.naturparkmagazin.de\/stechlin\/neue-natur-und-landschaftsfuehrende-fuer-naturpark-in-ausbildung\/","url":"https:\/\/www.naturparkmagazin.de\/stechlin\/neue-natur-und-landschaftsfuehrende-fuer-naturpark-in-ausbildung\/","name":"Neue Natur- und Landschaftsf\u00fchrende f\u00fcr Naturpark in Ausbildung - Naturpark Stechlin-Ruppiner Land","isPartOf":{"@id":"https:\/\/www.naturparkmagazin.de\/stechlin\/#website"},"datePublished":"2024-11-21T14:06:02+00:00","dateModified":"2024-12-02T08:47:39+00:00","author":{"@id":"https:\/\/www.naturparkmagazin.de\/stechlin\/#\/schema\/person\/3f0d93203df21c806dd63c76d9bb28bc"},"breadcrumb":{"@id":"https:\/\/www.naturparkmagazin.de\/stechlin\/neue-natur-und-landschaftsfuehrende-fuer-naturpark-in-ausbildung\/#breadcrumb"},"inLanguage":"de","potentialAction":[{"@type":"ReadAction","target":["https:\/\/www.naturparkmagazin.de\/stechlin\/neue-natur-und-landschaftsfuehrende-fuer-naturpark-in-ausbildung\/"]}]},{"@type":"BreadcrumbList","@id":"https:\/\/www.naturparkmagazin.de\/stechlin\/neue-natur-und-landschaftsfuehrende-fuer-naturpark-in-ausbildung\/#breadcrumb","itemListElement":[{"@type":"ListItem","position":1,"name":"Home","item":"https:\/\/www.naturparkmagazin.de\/stechlin\/"},{"@type":"ListItem","position":2,"name":"Neue Natur- und Landschaftsf\u00fchrende f\u00fcr Naturpark in Ausbildung"}]},{"@type":"WebSite","@id":"https:\/\/www.naturparkmagazin.de\/stechlin\/#website","url":"https:\/\/www.naturparkmagazin.de\/stechlin\/","name":"Naturpark Stechlin-Ruppiner Land","description":"","potentialAction":[{"@type":"SearchAction","target":{"@type":"EntryPoint","urlTemplate":"https:\/\/www.naturparkmagazin.de\/stechlin\/?s={search_term_string}"},"query-input":"required name=search_term_string"}],"inLanguage":"de"},{"@type":"Person","@id":"https:\/\/www.naturparkmagazin.de\/stechlin\/#\/schema\/person\/3f0d93203df21c806dd63c76d9bb28bc","name":"marioschrumpf","url":"https:\/\/www.naturparkmagazin.de\/stechlin\/author\/marioschrumpf\/"}]}},"_links":{"self":[{"href":"https:\/\/www.naturparkmagazin.de\/stechlin\/wp-json\/wp\/v2\/posts\/16407"}],"collection":[{"href":"https:\/\/www.naturparkmagazin.de\/stechlin\/wp-json\/wp\/v2\/posts"}],"about":[{"href":"https:\/\/www.naturparkmagazin.de\/stechlin\/wp-json\/wp\/v2\/types\/post"}],"author":[{"embeddable":true,"href":"https:\/\/www.naturparkmagazin.de\/stechlin\/wp-json\/wp\/v2\/users\/39"}],"replies":[{"embeddable":true,"href":"https:\/\/www.naturparkmagazin.de\/stechlin\/wp-json\/wp\/v2\/comments?post=16407"}],"version-history":[{"count":7,"href":"https:\/\/www.naturparkmagazin.de\/stechlin\/wp-json\/wp\/v2\/posts\/16407\/revisions"}],"predecessor-version":[{"id":16495,"href":"https:\/\/www.naturparkmagazin.de\/stechlin\/wp-json\/wp\/v2\/posts\/16407\/revisions\/16495"}],"wp:featuredmedia":[{"embeddable":true,"href":"https:\/\/www.naturparkmagazin.de\/stechlin\/wp-json\/wp\/v2\/media\/16400"}],"wp:attachment":[{"href":"https:\/\/www.naturparkmagazin.de\/stechlin\/wp-json\/wp\/v2\/media?parent=16407"}],"wp:term":[{"taxonomy":"category","embeddable":true,"href":"https:\/\/www.naturparkmagazin.de\/stechlin\/wp-json\/wp\/v2\/categories?post=16407"},{"taxonomy":"post_tag","embeddable":true,"href":"https:\/\/www.naturparkmagazin.de\/stechlin\/wp-json\/wp\/v2\/tags?post=16407"}],"curies":[{"name":"wp","href":"https:\/\/api.w.org\/{rel}","templated":true}]}}