{"id":1644,"date":"2014-12-15T09:18:03","date_gmt":"2014-12-15T08:18:03","guid":{"rendered":"http:\/\/www.naturparkmagazin.de\/stechlin\/?p=1644"},"modified":"2014-12-17T07:03:37","modified_gmt":"2014-12-17T06:03:37","slug":"auf-fontanes-spuren-unterwegs-faltblatt-wurde-ueberarbeitet","status":"publish","type":"post","link":"https:\/\/www.naturparkmagazin.de\/stechlin\/auf-fontanes-spuren-unterwegs-faltblatt-wurde-ueberarbeitet\/","title":{"rendered":"&#8230; auf Fontanes Spuren &#8211; Unterwegs-Faltblatt wurde \u00fcberarbeitet"},"content":{"rendered":"<div id=\"attachment_1650\" style=\"width: 630px\" class=\"wp-caption alignnone\"><a href=\"https:\/\/www.naturparkmagazin.de\/stechlin\/wp-content\/uploads\/sites\/38\/k-DSC_00271.jpg\"><img aria-describedby=\"caption-attachment-1650\" decoding=\"async\" loading=\"lazy\" class=\"size-medium wp-image-1650\" alt=\"Die Strittmatter-Gedenkstele in Dollgow informiert \u00fcber das Leben des Dichterehepaars.\" src=\"https:\/\/www.naturparkmagazin.de\/stechlin\/wp-content\/uploads\/sites\/38\/k-DSC_00271-620x465.jpg\" width=\"620\" height=\"465\" srcset=\"https:\/\/www.naturparkmagazin.de\/stechlin\/wp-content\/uploads\/sites\/38\/k-DSC_00271-620x465.jpg 620w, https:\/\/www.naturparkmagazin.de\/stechlin\/wp-content\/uploads\/sites\/38\/k-DSC_00271-300x225.jpg 300w, https:\/\/www.naturparkmagazin.de\/stechlin\/wp-content\/uploads\/sites\/38\/k-DSC_00271-580x435.jpg 580w, https:\/\/www.naturparkmagazin.de\/stechlin\/wp-content\/uploads\/sites\/38\/k-DSC_00271-420x315.jpg 420w, https:\/\/www.naturparkmagazin.de\/stechlin\/wp-content\/uploads\/sites\/38\/k-DSC_00271-180x135.jpg 180w, https:\/\/www.naturparkmagazin.de\/stechlin\/wp-content\/uploads\/sites\/38\/k-DSC_00271-95x71.jpg 95w, https:\/\/www.naturparkmagazin.de\/stechlin\/wp-content\/uploads\/sites\/38\/k-DSC_00271-200x150.jpg 200w, https:\/\/www.naturparkmagazin.de\/stechlin\/wp-content\/uploads\/sites\/38\/k-DSC_00271.jpg 640w\" sizes=\"(max-width: 620px) 100vw, 620px\" \/><\/a><p id=\"caption-attachment-1650\" class=\"wp-caption-text\">Die Strittmatter-Gedenkstele in Dollgow informiert \u00fcber das Leben des Dichterehepaars.<\/p><\/div>\n<p>Aufgrund der gro\u00dfen Nachfrage wurde das 2012 erstmalig erschienene Faltblatt &#8222;Unterwegs auf Fontanes Spuren nach K\u00f6pernitz&#8220; in einer 2. \u00fcberarbeiteten Auflage herausgegeben.<\/p>\n<p>Gemeinsam mit dem KulturGutshaus K\u00f6pernitz e.V. entstand 2012 die Idee anl\u00e4\u00dflich des Jubil\u00e4ums der Erstausgabe von Theodor Fontanes &#8222;Wanderungen durch die Mark Brandenburg&#8220; die im Kapitel &#8222;Die Menzer Forst und der Gro\u00dfe Stechlin&#8220; beschriebenen Strecken f\u00fcr Wanderer, Radfahrer und Kremserfahrer nacherlebbar zu machen. Aufgrund des \u00fcberw\u00e4ltigenden Erfolgs der angeboten Touren wurden im Anschluss die Strecken zum individuellen Nachwandern im Rahmen der Unterwegs-Faltblatt-Reihe beschrieben. So werden u.a. eine 40 km lange Radtour von Rheinsberg \u00fcber Menz, Neuglobsow, Altglobsow, Zernikow, Dollgow nach K\u00f6pernitz; eine 11 km lange Kremsertour von Menz nach K\u00f6pernitz und eine 10 km lange Wandertour durch den K\u00f6pernitzer Forst inclusive Karte und zahlreicher Fotos vorgestellt.<\/p>\n<p>Die Neuauflage\u00a0liegt im Besucherzentrum NaturParkHaus Stechlin in Menz sowie in den Tourist-Informationen kostenlos f\u00fcr Besucher bereit.<\/p>\n<div id=\"attachment_1654\" style=\"width: 630px\" class=\"wp-caption alignnone\"><a href=\"https:\/\/www.naturparkmagazin.de\/stechlin\/wp-content\/uploads\/sites\/38\/k-DSC_00282.jpg\"><img aria-describedby=\"caption-attachment-1654\" decoding=\"async\" loading=\"lazy\" class=\"size-medium wp-image-1654\" alt=\"Kremser-Halt in Dollgow\" src=\"https:\/\/www.naturparkmagazin.de\/stechlin\/wp-content\/uploads\/sites\/38\/k-DSC_00282-620x465.jpg\" width=\"620\" height=\"465\" srcset=\"https:\/\/www.naturparkmagazin.de\/stechlin\/wp-content\/uploads\/sites\/38\/k-DSC_00282-620x465.jpg 620w, https:\/\/www.naturparkmagazin.de\/stechlin\/wp-content\/uploads\/sites\/38\/k-DSC_00282-300x225.jpg 300w, https:\/\/www.naturparkmagazin.de\/stechlin\/wp-content\/uploads\/sites\/38\/k-DSC_00282-580x435.jpg 580w, https:\/\/www.naturparkmagazin.de\/stechlin\/wp-content\/uploads\/sites\/38\/k-DSC_00282-420x315.jpg 420w, https:\/\/www.naturparkmagazin.de\/stechlin\/wp-content\/uploads\/sites\/38\/k-DSC_00282-180x135.jpg 180w, https:\/\/www.naturparkmagazin.de\/stechlin\/wp-content\/uploads\/sites\/38\/k-DSC_00282-95x71.jpg 95w, https:\/\/www.naturparkmagazin.de\/stechlin\/wp-content\/uploads\/sites\/38\/k-DSC_00282-200x150.jpg 200w, https:\/\/www.naturparkmagazin.de\/stechlin\/wp-content\/uploads\/sites\/38\/k-DSC_00282.jpg 640w\" sizes=\"(max-width: 620px) 100vw, 620px\" \/><\/a><p id=\"caption-attachment-1654\" class=\"wp-caption-text\">Kremser-Halt in Dollgow<\/p><\/div>\n<p>&nbsp;<\/p>\n<div id=\"attachment_1655\" style=\"width: 630px\" class=\"wp-caption alignnone\"><a href=\"https:\/\/www.naturparkmagazin.de\/stechlin\/wp-content\/uploads\/sites\/38\/k-DSC_0426.jpg\"><img aria-describedby=\"caption-attachment-1655\" decoding=\"async\" loading=\"lazy\" class=\"size-medium wp-image-1655\" alt=\"Unterwegs mit dem Rad auf historischen Pflasterstra\u00dfen.\" src=\"https:\/\/www.naturparkmagazin.de\/stechlin\/wp-content\/uploads\/sites\/38\/k-DSC_0426-620x465.jpg\" width=\"620\" height=\"465\" srcset=\"https:\/\/www.naturparkmagazin.de\/stechlin\/wp-content\/uploads\/sites\/38\/k-DSC_0426-620x465.jpg 620w, https:\/\/www.naturparkmagazin.de\/stechlin\/wp-content\/uploads\/sites\/38\/k-DSC_0426-300x225.jpg 300w, https:\/\/www.naturparkmagazin.de\/stechlin\/wp-content\/uploads\/sites\/38\/k-DSC_0426-580x435.jpg 580w, https:\/\/www.naturparkmagazin.de\/stechlin\/wp-content\/uploads\/sites\/38\/k-DSC_0426-420x315.jpg 420w, https:\/\/www.naturparkmagazin.de\/stechlin\/wp-content\/uploads\/sites\/38\/k-DSC_0426-180x135.jpg 180w, https:\/\/www.naturparkmagazin.de\/stechlin\/wp-content\/uploads\/sites\/38\/k-DSC_0426-95x71.jpg 95w, https:\/\/www.naturparkmagazin.de\/stechlin\/wp-content\/uploads\/sites\/38\/k-DSC_0426-200x150.jpg 200w, https:\/\/www.naturparkmagazin.de\/stechlin\/wp-content\/uploads\/sites\/38\/k-DSC_0426.jpg 640w\" sizes=\"(max-width: 620px) 100vw, 620px\" \/><\/a><p id=\"caption-attachment-1655\" class=\"wp-caption-text\">Unterwegs mit dem Rad auf historischen Pflasterstra\u00dfen.<\/p><\/div>\n<p>&nbsp;<\/p>\n","protected":false},"excerpt":{"rendered":"<p>Aufgrund der gro\u00dfen Nachfrage wurde das 2012 erstmalig herausgegebene Faltblatt &#8222;Unterwegs auf Fontanes Spuren nach K\u00f6pernitz&#8220; in einer 2. \u00fcberarbeiteten Auflage herausgegeben.<\/p>\n","protected":false},"author":39,"featured_media":1724,"comment_status":"open","ping_status":"open","sticky":false,"template":"","format":"standard","meta":[],"categories":[7],"tags":[],"yoast_head":"<!-- This site is optimized with the Yoast SEO plugin v19.10 - https:\/\/yoast.com\/wordpress\/plugins\/seo\/ -->\n<title>... auf Fontanes Spuren - Unterwegs-Faltblatt wurde \u00fcberarbeitet  - Naturpark Stechlin-Ruppiner Land<\/title>\n<meta name=\"robots\" content=\"index, follow, max-snippet:-1, max-image-preview:large, max-video-preview:-1\" \/>\n<link rel=\"canonical\" href=\"https:\/\/www.naturparkmagazin.de\/stechlin\/auf-fontanes-spuren-unterwegs-faltblatt-wurde-ueberarbeitet\/\" \/>\n<meta property=\"og:locale\" content=\"de_DE\" \/>\n<meta property=\"og:type\" content=\"article\" \/>\n<meta property=\"og:title\" content=\"... auf Fontanes Spuren - Unterwegs-Faltblatt wurde \u00fcberarbeitet  - Naturpark Stechlin-Ruppiner Land\" \/>\n<meta property=\"og:description\" content=\"Aufgrund der gro\u00dfen Nachfrage wurde das 2012 erstmalig herausgegebene Faltblatt &quot;Unterwegs auf Fontanes Spuren nach K\u00f6pernitz&quot; in einer 2. \u00fcberarbeiteten Auflage herausgegeben.\" \/>\n<meta property=\"og:url\" content=\"https:\/\/www.naturparkmagazin.de\/stechlin\/auf-fontanes-spuren-unterwegs-faltblatt-wurde-ueberarbeitet\/\" \/>\n<meta property=\"og:site_name\" content=\"Naturpark Stechlin-Ruppiner Land\" \/>\n<meta property=\"article:published_time\" content=\"2014-12-15T08:18:03+00:00\" \/>\n<meta property=\"article:modified_time\" content=\"2014-12-17T06:03:37+00:00\" \/>\n<meta property=\"og:image\" content=\"https:\/\/www.naturparkmagazin.de\/stechlin\/wp-content\/uploads\/sites\/38\/Fontane-Flyer-Neu-2014_verkleinert.jpg\" \/>\n\t<meta property=\"og:image:width\" content=\"86\" \/>\n\t<meta property=\"og:image:height\" content=\"180\" \/>\n\t<meta property=\"og:image:type\" content=\"image\/jpeg\" \/>\n<meta name=\"author\" content=\"marioschrumpf\" \/>\n<meta name=\"twitter:label1\" content=\"Verfasst von\" \/>\n\t<meta name=\"twitter:data1\" content=\"marioschrumpf\" \/>\n\t<meta name=\"twitter:label2\" content=\"Gesch\u00e4tzte Lesezeit\" \/>\n\t<meta name=\"twitter:data2\" content=\"1\u00a0Minute\" \/>\n<script type=\"application\/ld+json\" class=\"yoast-schema-graph\">{\"@context\":\"https:\/\/schema.org\",\"@graph\":[{\"@type\":\"WebPage\",\"@id\":\"https:\/\/www.naturparkmagazin.de\/stechlin\/auf-fontanes-spuren-unterwegs-faltblatt-wurde-ueberarbeitet\/\",\"url\":\"https:\/\/www.naturparkmagazin.de\/stechlin\/auf-fontanes-spuren-unterwegs-faltblatt-wurde-ueberarbeitet\/\",\"name\":\"... auf Fontanes Spuren - Unterwegs-Faltblatt wurde \u00fcberarbeitet - Naturpark Stechlin-Ruppiner Land\",\"isPartOf\":{\"@id\":\"https:\/\/www.naturparkmagazin.de\/stechlin\/#website\"},\"datePublished\":\"2014-12-15T08:18:03+00:00\",\"dateModified\":\"2014-12-17T06:03:37+00:00\",\"author\":{\"@id\":\"https:\/\/www.naturparkmagazin.de\/stechlin\/#\/schema\/person\/3f0d93203df21c806dd63c76d9bb28bc\"},\"breadcrumb\":{\"@id\":\"https:\/\/www.naturparkmagazin.de\/stechlin\/auf-fontanes-spuren-unterwegs-faltblatt-wurde-ueberarbeitet\/#breadcrumb\"},\"inLanguage\":\"de\",\"potentialAction\":[{\"@type\":\"ReadAction\",\"target\":[\"https:\/\/www.naturparkmagazin.de\/stechlin\/auf-fontanes-spuren-unterwegs-faltblatt-wurde-ueberarbeitet\/\"]}]},{\"@type\":\"BreadcrumbList\",\"@id\":\"https:\/\/www.naturparkmagazin.de\/stechlin\/auf-fontanes-spuren-unterwegs-faltblatt-wurde-ueberarbeitet\/#breadcrumb\",\"itemListElement\":[{\"@type\":\"ListItem\",\"position\":1,\"name\":\"Home\",\"item\":\"https:\/\/www.naturparkmagazin.de\/stechlin\/\"},{\"@type\":\"ListItem\",\"position\":2,\"name\":\"&#8230; auf Fontanes Spuren &#8211; Unterwegs-Faltblatt wurde \u00fcberarbeitet\"}]},{\"@type\":\"WebSite\",\"@id\":\"https:\/\/www.naturparkmagazin.de\/stechlin\/#website\",\"url\":\"https:\/\/www.naturparkmagazin.de\/stechlin\/\",\"name\":\"Naturpark Stechlin-Ruppiner Land\",\"description\":\"\",\"potentialAction\":[{\"@type\":\"SearchAction\",\"target\":{\"@type\":\"EntryPoint\",\"urlTemplate\":\"https:\/\/www.naturparkmagazin.de\/stechlin\/?s={search_term_string}\"},\"query-input\":\"required name=search_term_string\"}],\"inLanguage\":\"de\"},{\"@type\":\"Person\",\"@id\":\"https:\/\/www.naturparkmagazin.de\/stechlin\/#\/schema\/person\/3f0d93203df21c806dd63c76d9bb28bc\",\"name\":\"marioschrumpf\",\"url\":\"https:\/\/www.naturparkmagazin.de\/stechlin\/author\/marioschrumpf\/\"}]}<\/script>\n<!-- \/ Yoast SEO plugin. -->","yoast_head_json":{"title":"... auf Fontanes Spuren - Unterwegs-Faltblatt wurde \u00fcberarbeitet  - Naturpark Stechlin-Ruppiner Land","robots":{"index":"index","follow":"follow","max-snippet":"max-snippet:-1","max-image-preview":"max-image-preview:large","max-video-preview":"max-video-preview:-1"},"canonical":"https:\/\/www.naturparkmagazin.de\/stechlin\/auf-fontanes-spuren-unterwegs-faltblatt-wurde-ueberarbeitet\/","og_locale":"de_DE","og_type":"article","og_title":"... auf Fontanes Spuren - Unterwegs-Faltblatt wurde \u00fcberarbeitet  - Naturpark Stechlin-Ruppiner Land","og_description":"Aufgrund der gro\u00dfen Nachfrage wurde das 2012 erstmalig herausgegebene Faltblatt \"Unterwegs auf Fontanes Spuren nach K\u00f6pernitz\" in einer 2. \u00fcberarbeiteten Auflage herausgegeben.","og_url":"https:\/\/www.naturparkmagazin.de\/stechlin\/auf-fontanes-spuren-unterwegs-faltblatt-wurde-ueberarbeitet\/","og_site_name":"Naturpark Stechlin-Ruppiner Land","article_published_time":"2014-12-15T08:18:03+00:00","article_modified_time":"2014-12-17T06:03:37+00:00","og_image":[{"width":86,"height":180,"url":"https:\/\/www.naturparkmagazin.de\/stechlin\/wp-content\/uploads\/sites\/38\/Fontane-Flyer-Neu-2014_verkleinert.jpg","type":"image\/jpeg"}],"author":"marioschrumpf","twitter_misc":{"Verfasst von":"marioschrumpf","Gesch\u00e4tzte Lesezeit":"1\u00a0Minute"},"schema":{"@context":"https:\/\/schema.org","@graph":[{"@type":"WebPage","@id":"https:\/\/www.naturparkmagazin.de\/stechlin\/auf-fontanes-spuren-unterwegs-faltblatt-wurde-ueberarbeitet\/","url":"https:\/\/www.naturparkmagazin.de\/stechlin\/auf-fontanes-spuren-unterwegs-faltblatt-wurde-ueberarbeitet\/","name":"... auf Fontanes Spuren - Unterwegs-Faltblatt wurde \u00fcberarbeitet - Naturpark Stechlin-Ruppiner Land","isPartOf":{"@id":"https:\/\/www.naturparkmagazin.de\/stechlin\/#website"},"datePublished":"2014-12-15T08:18:03+00:00","dateModified":"2014-12-17T06:03:37+00:00","author":{"@id":"https:\/\/www.naturparkmagazin.de\/stechlin\/#\/schema\/person\/3f0d93203df21c806dd63c76d9bb28bc"},"breadcrumb":{"@id":"https:\/\/www.naturparkmagazin.de\/stechlin\/auf-fontanes-spuren-unterwegs-faltblatt-wurde-ueberarbeitet\/#breadcrumb"},"inLanguage":"de","potentialAction":[{"@type":"ReadAction","target":["https:\/\/www.naturparkmagazin.de\/stechlin\/auf-fontanes-spuren-unterwegs-faltblatt-wurde-ueberarbeitet\/"]}]},{"@type":"BreadcrumbList","@id":"https:\/\/www.naturparkmagazin.de\/stechlin\/auf-fontanes-spuren-unterwegs-faltblatt-wurde-ueberarbeitet\/#breadcrumb","itemListElement":[{"@type":"ListItem","position":1,"name":"Home","item":"https:\/\/www.naturparkmagazin.de\/stechlin\/"},{"@type":"ListItem","position":2,"name":"&#8230; auf Fontanes Spuren &#8211; Unterwegs-Faltblatt wurde \u00fcberarbeitet"}]},{"@type":"WebSite","@id":"https:\/\/www.naturparkmagazin.de\/stechlin\/#website","url":"https:\/\/www.naturparkmagazin.de\/stechlin\/","name":"Naturpark Stechlin-Ruppiner Land","description":"","potentialAction":[{"@type":"SearchAction","target":{"@type":"EntryPoint","urlTemplate":"https:\/\/www.naturparkmagazin.de\/stechlin\/?s={search_term_string}"},"query-input":"required name=search_term_string"}],"inLanguage":"de"},{"@type":"Person","@id":"https:\/\/www.naturparkmagazin.de\/stechlin\/#\/schema\/person\/3f0d93203df21c806dd63c76d9bb28bc","name":"marioschrumpf","url":"https:\/\/www.naturparkmagazin.de\/stechlin\/author\/marioschrumpf\/"}]}},"_links":{"self":[{"href":"https:\/\/www.naturparkmagazin.de\/stechlin\/wp-json\/wp\/v2\/posts\/1644"}],"collection":[{"href":"https:\/\/www.naturparkmagazin.de\/stechlin\/wp-json\/wp\/v2\/posts"}],"about":[{"href":"https:\/\/www.naturparkmagazin.de\/stechlin\/wp-json\/wp\/v2\/types\/post"}],"author":[{"embeddable":true,"href":"https:\/\/www.naturparkmagazin.de\/stechlin\/wp-json\/wp\/v2\/users\/39"}],"replies":[{"embeddable":true,"href":"https:\/\/www.naturparkmagazin.de\/stechlin\/wp-json\/wp\/v2\/comments?post=1644"}],"version-history":[{"count":6,"href":"https:\/\/www.naturparkmagazin.de\/stechlin\/wp-json\/wp\/v2\/posts\/1644\/revisions"}],"predecessor-version":[{"id":1711,"href":"https:\/\/www.naturparkmagazin.de\/stechlin\/wp-json\/wp\/v2\/posts\/1644\/revisions\/1711"}],"wp:featuredmedia":[{"embeddable":true,"href":"https:\/\/www.naturparkmagazin.de\/stechlin\/wp-json\/wp\/v2\/media\/1724"}],"wp:attachment":[{"href":"https:\/\/www.naturparkmagazin.de\/stechlin\/wp-json\/wp\/v2\/media?parent=1644"}],"wp:term":[{"taxonomy":"category","embeddable":true,"href":"https:\/\/www.naturparkmagazin.de\/stechlin\/wp-json\/wp\/v2\/categories?post=1644"},{"taxonomy":"post_tag","embeddable":true,"href":"https:\/\/www.naturparkmagazin.de\/stechlin\/wp-json\/wp\/v2\/tags?post=1644"}],"curies":[{"name":"wp","href":"https:\/\/api.w.org\/{rel}","templated":true}]}}