{"id":1653,"date":"2015-12-14T16:00:24","date_gmt":"2015-12-14T15:00:24","guid":{"rendered":"http:\/\/www.naturparkmagazin.de\/stechlin\/?p=1653"},"modified":"2015-12-28T16:39:05","modified_gmt":"2015-12-28T15:39:05","slug":"winterschulung-fuer-natur-und-landschaftsfuehrer","status":"publish","type":"post","link":"https:\/\/www.naturparkmagazin.de\/stechlin\/winterschulung-fuer-natur-und-landschaftsfuehrer\/","title":{"rendered":"Winterschulung f\u00fcr Natur- und Landschaftsf\u00fchrer in Neuglienicke"},"content":{"rendered":"<p>abgestimmt <a href=\"https:\/\/www.naturparkmagazin.de\/stechlin\/wp-content\/uploads\/sites\/38\/k-DSC_00061.jpg\"><img decoding=\"async\" loading=\"lazy\" class=\"alignnone size-medium wp-image-1666\" src=\"https:\/\/www.naturparkmagazin.de\/stechlin\/wp-content\/uploads\/sites\/38\/k-DSC_00061-620x465.jpg\" alt=\"NP SRL\/Dr. Mario Schrumpf\" width=\"620\" height=\"465\" srcset=\"https:\/\/www.naturparkmagazin.de\/stechlin\/wp-content\/uploads\/sites\/38\/k-DSC_00061-620x465.jpg 620w, https:\/\/www.naturparkmagazin.de\/stechlin\/wp-content\/uploads\/sites\/38\/k-DSC_00061-300x225.jpg 300w, https:\/\/www.naturparkmagazin.de\/stechlin\/wp-content\/uploads\/sites\/38\/k-DSC_00061-580x435.jpg 580w, https:\/\/www.naturparkmagazin.de\/stechlin\/wp-content\/uploads\/sites\/38\/k-DSC_00061-420x315.jpg 420w, https:\/\/www.naturparkmagazin.de\/stechlin\/wp-content\/uploads\/sites\/38\/k-DSC_00061-180x135.jpg 180w, https:\/\/www.naturparkmagazin.de\/stechlin\/wp-content\/uploads\/sites\/38\/k-DSC_00061-95x71.jpg 95w, https:\/\/www.naturparkmagazin.de\/stechlin\/wp-content\/uploads\/sites\/38\/k-DSC_00061-200x150.jpg 200w, https:\/\/www.naturparkmagazin.de\/stechlin\/wp-content\/uploads\/sites\/38\/k-DSC_00061.jpg 640w\" sizes=\"(max-width: 620px) 100vw, 620px\" \/><\/a><\/p>\n<p>Am <strong>19. Januar<\/strong> treffen sich <strong>um<\/strong> <strong>10 Uhr<\/strong> <strong>im &#8222;Kleinen Waldhaus&#8220; in Neuglienicke<\/strong> die zertifizierten Natur- und Landschaftsf\u00fchrer des Naturparks zu ihrer traditionellen Winterschulung.\u00a0 Der Tagungsort ist Ausgangspunkt f\u00fcr die seit einigen Jahren angebotenen Kremsertouren in die Kyritz-Ruppiner Heide.<\/p>\n<p>Auf der Tagesordnung steht die Auswertung der Tourismussaison 2015 und Vorhaben f\u00fcr das\u00a0Jahr 2016. So werden u.a. die gemeisamen Aktivit\u00e4ten zum Weltg\u00e4stef\u00fchrertag und die Pr\u00e4sentation auf der Jahrespressekonferenz des Naturparks abgestimmt. Naturparkleiter Dr. Mario Schrumpf wird aus erster Hand \u00fcber Neuigkeiten im Naturpark informieren.<\/p>\n<p>Neben der Arbeit als G\u00e4stef\u00fchrer an sich,\u00a0ist die Weiterbildung ein wichtiger Schwerpunkt f\u00fcr die Guides. So ist f\u00fcr 2016 ein Besuch des neu entstandenen Besucherzentrums Barnim-Panorama in Wandlitz im Naturpark Barnim vorgesehen.<\/p>\n<p>Die Dokumentation der Weiterbildungen erfolgt im von der BANU bundeseinheitlich konzipierten Nachweisheft. Nur wer j\u00e4hrlich mindestens 6 Stunden Weiterbildung nachweist, bekommt nach 5 Jahren eine Verl\u00e4ngerung seines G\u00e4stef\u00fchrerzertifikates.<\/p>\n","protected":false},"excerpt":{"rendered":"<p>Am 19. Januar treffen sich um 10 Uhr im &#8222;Kleinen Waldhaus&#8220; in Neuglienicke die zertifizierten Natur- und Landschaftsf\u00fchrer des Naturparks zu ihrer traditionellen Winterschulung.<\/p>\n","protected":false},"author":39,"featured_media":3197,"comment_status":"open","ping_status":"open","sticky":false,"template":"","format":"standard","meta":[],"categories":[11],"tags":[],"yoast_head":"<!-- This site is optimized with the Yoast SEO plugin v19.10 - https:\/\/yoast.com\/wordpress\/plugins\/seo\/ -->\n<title>Winterschulung f\u00fcr Natur- und Landschaftsf\u00fchrer in Neuglienicke - Naturpark Stechlin-Ruppiner Land<\/title>\n<meta name=\"robots\" content=\"index, follow, max-snippet:-1, max-image-preview:large, max-video-preview:-1\" \/>\n<link rel=\"canonical\" href=\"https:\/\/www.naturparkmagazin.de\/stechlin\/winterschulung-fuer-natur-und-landschaftsfuehrer\/\" \/>\n<meta property=\"og:locale\" content=\"de_DE\" \/>\n<meta property=\"og:type\" content=\"article\" \/>\n<meta property=\"og:title\" content=\"Winterschulung f\u00fcr Natur- und Landschaftsf\u00fchrer in Neuglienicke - Naturpark Stechlin-Ruppiner Land\" \/>\n<meta property=\"og:description\" content=\"Am 19. Januar treffen sich um 10 Uhr im &quot;Kleinen Waldhaus&quot; in Neuglienicke die zertifizierten Natur- und Landschaftsf\u00fchrer des Naturparks zu ihrer traditionellen Winterschulung.\" \/>\n<meta property=\"og:url\" content=\"https:\/\/www.naturparkmagazin.de\/stechlin\/winterschulung-fuer-natur-und-landschaftsfuehrer\/\" \/>\n<meta property=\"og:site_name\" content=\"Naturpark Stechlin-Ruppiner Land\" \/>\n<meta property=\"article:published_time\" content=\"2015-12-14T15:00:24+00:00\" \/>\n<meta property=\"article:modified_time\" content=\"2015-12-28T15:39:05+00:00\" \/>\n<meta property=\"og:image\" content=\"https:\/\/www.naturparkmagazin.de\/stechlin\/wp-content\/uploads\/sites\/38\/F\u00fchrer.jpg\" \/>\n\t<meta property=\"og:image:width\" content=\"200\" \/>\n\t<meta property=\"og:image:height\" content=\"200\" \/>\n\t<meta property=\"og:image:type\" content=\"image\/jpeg\" \/>\n<meta name=\"author\" content=\"marioschrumpf\" \/>\n<meta name=\"twitter:label1\" content=\"Verfasst von\" \/>\n\t<meta name=\"twitter:data1\" content=\"marioschrumpf\" \/>\n\t<meta name=\"twitter:label2\" content=\"Gesch\u00e4tzte Lesezeit\" \/>\n\t<meta name=\"twitter:data2\" content=\"1\u00a0Minute\" \/>\n<script type=\"application\/ld+json\" class=\"yoast-schema-graph\">{\"@context\":\"https:\/\/schema.org\",\"@graph\":[{\"@type\":\"WebPage\",\"@id\":\"https:\/\/www.naturparkmagazin.de\/stechlin\/winterschulung-fuer-natur-und-landschaftsfuehrer\/\",\"url\":\"https:\/\/www.naturparkmagazin.de\/stechlin\/winterschulung-fuer-natur-und-landschaftsfuehrer\/\",\"name\":\"Winterschulung f\u00fcr Natur- und Landschaftsf\u00fchrer in Neuglienicke - Naturpark Stechlin-Ruppiner Land\",\"isPartOf\":{\"@id\":\"https:\/\/www.naturparkmagazin.de\/stechlin\/#website\"},\"datePublished\":\"2015-12-14T15:00:24+00:00\",\"dateModified\":\"2015-12-28T15:39:05+00:00\",\"author\":{\"@id\":\"https:\/\/www.naturparkmagazin.de\/stechlin\/#\/schema\/person\/3f0d93203df21c806dd63c76d9bb28bc\"},\"breadcrumb\":{\"@id\":\"https:\/\/www.naturparkmagazin.de\/stechlin\/winterschulung-fuer-natur-und-landschaftsfuehrer\/#breadcrumb\"},\"inLanguage\":\"de\",\"potentialAction\":[{\"@type\":\"ReadAction\",\"target\":[\"https:\/\/www.naturparkmagazin.de\/stechlin\/winterschulung-fuer-natur-und-landschaftsfuehrer\/\"]}]},{\"@type\":\"BreadcrumbList\",\"@id\":\"https:\/\/www.naturparkmagazin.de\/stechlin\/winterschulung-fuer-natur-und-landschaftsfuehrer\/#breadcrumb\",\"itemListElement\":[{\"@type\":\"ListItem\",\"position\":1,\"name\":\"Home\",\"item\":\"https:\/\/www.naturparkmagazin.de\/stechlin\/\"},{\"@type\":\"ListItem\",\"position\":2,\"name\":\"Winterschulung f\u00fcr Natur- und Landschaftsf\u00fchrer in Neuglienicke\"}]},{\"@type\":\"WebSite\",\"@id\":\"https:\/\/www.naturparkmagazin.de\/stechlin\/#website\",\"url\":\"https:\/\/www.naturparkmagazin.de\/stechlin\/\",\"name\":\"Naturpark Stechlin-Ruppiner Land\",\"description\":\"\",\"potentialAction\":[{\"@type\":\"SearchAction\",\"target\":{\"@type\":\"EntryPoint\",\"urlTemplate\":\"https:\/\/www.naturparkmagazin.de\/stechlin\/?s={search_term_string}\"},\"query-input\":\"required name=search_term_string\"}],\"inLanguage\":\"de\"},{\"@type\":\"Person\",\"@id\":\"https:\/\/www.naturparkmagazin.de\/stechlin\/#\/schema\/person\/3f0d93203df21c806dd63c76d9bb28bc\",\"name\":\"marioschrumpf\",\"url\":\"https:\/\/www.naturparkmagazin.de\/stechlin\/author\/marioschrumpf\/\"}]}<\/script>\n<!-- \/ Yoast SEO plugin. -->","yoast_head_json":{"title":"Winterschulung f\u00fcr Natur- und Landschaftsf\u00fchrer in Neuglienicke - Naturpark Stechlin-Ruppiner Land","robots":{"index":"index","follow":"follow","max-snippet":"max-snippet:-1","max-image-preview":"max-image-preview:large","max-video-preview":"max-video-preview:-1"},"canonical":"https:\/\/www.naturparkmagazin.de\/stechlin\/winterschulung-fuer-natur-und-landschaftsfuehrer\/","og_locale":"de_DE","og_type":"article","og_title":"Winterschulung f\u00fcr Natur- und Landschaftsf\u00fchrer in Neuglienicke - Naturpark Stechlin-Ruppiner Land","og_description":"Am 19. Januar treffen sich um 10 Uhr im \"Kleinen Waldhaus\" in Neuglienicke die zertifizierten Natur- und Landschaftsf\u00fchrer des Naturparks zu ihrer traditionellen Winterschulung.","og_url":"https:\/\/www.naturparkmagazin.de\/stechlin\/winterschulung-fuer-natur-und-landschaftsfuehrer\/","og_site_name":"Naturpark Stechlin-Ruppiner Land","article_published_time":"2015-12-14T15:00:24+00:00","article_modified_time":"2015-12-28T15:39:05+00:00","og_image":[{"width":200,"height":200,"url":"https:\/\/www.naturparkmagazin.de\/stechlin\/wp-content\/uploads\/sites\/38\/F\u00fchrer.jpg","type":"image\/jpeg"}],"author":"marioschrumpf","twitter_misc":{"Verfasst von":"marioschrumpf","Gesch\u00e4tzte Lesezeit":"1\u00a0Minute"},"schema":{"@context":"https:\/\/schema.org","@graph":[{"@type":"WebPage","@id":"https:\/\/www.naturparkmagazin.de\/stechlin\/winterschulung-fuer-natur-und-landschaftsfuehrer\/","url":"https:\/\/www.naturparkmagazin.de\/stechlin\/winterschulung-fuer-natur-und-landschaftsfuehrer\/","name":"Winterschulung f\u00fcr Natur- und Landschaftsf\u00fchrer in Neuglienicke - Naturpark Stechlin-Ruppiner Land","isPartOf":{"@id":"https:\/\/www.naturparkmagazin.de\/stechlin\/#website"},"datePublished":"2015-12-14T15:00:24+00:00","dateModified":"2015-12-28T15:39:05+00:00","author":{"@id":"https:\/\/www.naturparkmagazin.de\/stechlin\/#\/schema\/person\/3f0d93203df21c806dd63c76d9bb28bc"},"breadcrumb":{"@id":"https:\/\/www.naturparkmagazin.de\/stechlin\/winterschulung-fuer-natur-und-landschaftsfuehrer\/#breadcrumb"},"inLanguage":"de","potentialAction":[{"@type":"ReadAction","target":["https:\/\/www.naturparkmagazin.de\/stechlin\/winterschulung-fuer-natur-und-landschaftsfuehrer\/"]}]},{"@type":"BreadcrumbList","@id":"https:\/\/www.naturparkmagazin.de\/stechlin\/winterschulung-fuer-natur-und-landschaftsfuehrer\/#breadcrumb","itemListElement":[{"@type":"ListItem","position":1,"name":"Home","item":"https:\/\/www.naturparkmagazin.de\/stechlin\/"},{"@type":"ListItem","position":2,"name":"Winterschulung f\u00fcr Natur- und Landschaftsf\u00fchrer in Neuglienicke"}]},{"@type":"WebSite","@id":"https:\/\/www.naturparkmagazin.de\/stechlin\/#website","url":"https:\/\/www.naturparkmagazin.de\/stechlin\/","name":"Naturpark Stechlin-Ruppiner Land","description":"","potentialAction":[{"@type":"SearchAction","target":{"@type":"EntryPoint","urlTemplate":"https:\/\/www.naturparkmagazin.de\/stechlin\/?s={search_term_string}"},"query-input":"required name=search_term_string"}],"inLanguage":"de"},{"@type":"Person","@id":"https:\/\/www.naturparkmagazin.de\/stechlin\/#\/schema\/person\/3f0d93203df21c806dd63c76d9bb28bc","name":"marioschrumpf","url":"https:\/\/www.naturparkmagazin.de\/stechlin\/author\/marioschrumpf\/"}]}},"_links":{"self":[{"href":"https:\/\/www.naturparkmagazin.de\/stechlin\/wp-json\/wp\/v2\/posts\/1653"}],"collection":[{"href":"https:\/\/www.naturparkmagazin.de\/stechlin\/wp-json\/wp\/v2\/posts"}],"about":[{"href":"https:\/\/www.naturparkmagazin.de\/stechlin\/wp-json\/wp\/v2\/types\/post"}],"author":[{"embeddable":true,"href":"https:\/\/www.naturparkmagazin.de\/stechlin\/wp-json\/wp\/v2\/users\/39"}],"replies":[{"embeddable":true,"href":"https:\/\/www.naturparkmagazin.de\/stechlin\/wp-json\/wp\/v2\/comments?post=1653"}],"version-history":[{"count":7,"href":"https:\/\/www.naturparkmagazin.de\/stechlin\/wp-json\/wp\/v2\/posts\/1653\/revisions"}],"predecessor-version":[{"id":3128,"href":"https:\/\/www.naturparkmagazin.de\/stechlin\/wp-json\/wp\/v2\/posts\/1653\/revisions\/3128"}],"wp:featuredmedia":[{"embeddable":true,"href":"https:\/\/www.naturparkmagazin.de\/stechlin\/wp-json\/wp\/v2\/media\/3197"}],"wp:attachment":[{"href":"https:\/\/www.naturparkmagazin.de\/stechlin\/wp-json\/wp\/v2\/media?parent=1653"}],"wp:term":[{"taxonomy":"category","embeddable":true,"href":"https:\/\/www.naturparkmagazin.de\/stechlin\/wp-json\/wp\/v2\/categories?post=1653"},{"taxonomy":"post_tag","embeddable":true,"href":"https:\/\/www.naturparkmagazin.de\/stechlin\/wp-json\/wp\/v2\/tags?post=1653"}],"curies":[{"name":"wp","href":"https:\/\/api.w.org\/{rel}","templated":true}]}}