{"id":1668,"date":"2014-12-15T18:00:16","date_gmt":"2014-12-15T17:00:16","guid":{"rendered":"http:\/\/www.naturparkmagazin.de\/stechlin\/?p=1668"},"modified":"2014-12-18T15:17:28","modified_gmt":"2014-12-18T14:17:28","slug":"du-bist-was-du-isst-ernaehrung-wie-im-maerchen","status":"publish","type":"post","link":"https:\/\/www.naturparkmagazin.de\/stechlin\/du-bist-was-du-isst-ernaehrung-wie-im-maerchen\/","title":{"rendered":"&#8222;Du bist, was Du isst!&#8220; &#8211; Ern\u00e4hrung wie im M\u00e4rchen"},"content":{"rendered":"<p>&nbsp;<\/p>\n<div id=\"attachment_1677\" style=\"width: 630px\" class=\"wp-caption alignnone\"><a href=\"https:\/\/www.naturparkmagazin.de\/stechlin\/wp-content\/uploads\/sites\/38\/Das-tapfere-Schneiderlein.jpg\"><img aria-describedby=\"caption-attachment-1677\" decoding=\"async\" loading=\"lazy\" class=\"size-medium wp-image-1677\" alt=\"Das tapfere Schneiderlein!\" src=\"https:\/\/www.naturparkmagazin.de\/stechlin\/wp-content\/uploads\/sites\/38\/Das-tapfere-Schneiderlein-620x468.jpg\" width=\"620\" height=\"468\" srcset=\"https:\/\/www.naturparkmagazin.de\/stechlin\/wp-content\/uploads\/sites\/38\/Das-tapfere-Schneiderlein-620x468.jpg 620w, https:\/\/www.naturparkmagazin.de\/stechlin\/wp-content\/uploads\/sites\/38\/Das-tapfere-Schneiderlein-300x227.jpg 300w, https:\/\/www.naturparkmagazin.de\/stechlin\/wp-content\/uploads\/sites\/38\/Das-tapfere-Schneiderlein-940x710.jpg 940w, https:\/\/www.naturparkmagazin.de\/stechlin\/wp-content\/uploads\/sites\/38\/Das-tapfere-Schneiderlein-180x135.jpg 180w, https:\/\/www.naturparkmagazin.de\/stechlin\/wp-content\/uploads\/sites\/38\/Das-tapfere-Schneiderlein-95x71.jpg 95w, https:\/\/www.naturparkmagazin.de\/stechlin\/wp-content\/uploads\/sites\/38\/Das-tapfere-Schneiderlein-670x506.jpg 670w, https:\/\/www.naturparkmagazin.de\/stechlin\/wp-content\/uploads\/sites\/38\/Das-tapfere-Schneiderlein-200x151.jpg 200w, https:\/\/www.naturparkmagazin.de\/stechlin\/wp-content\/uploads\/sites\/38\/Das-tapfere-Schneiderlein.jpg 1148w\" sizes=\"(max-width: 620px) 100vw, 620px\" \/><\/a><p id=\"caption-attachment-1677\" class=\"wp-caption-text\">Das tapfere Schneiderlein!<\/p><\/div>\n<p>Am <strong>16. Januar, 18 Uhr\u00a0<\/strong>er\u00f6ffnet der Leiter des Biosph\u00e4renreservates Flusslandschaft Elbe Brandenburg, Dr. Sven Rannow in der Regionalwerkstatt Stechlin in Menz eine Ausstellung zum Thema Ern\u00e4hrung.<\/p>\n<p>Die Ausstellung wurde zum Jahr der Ern\u00e4hrung 2012 im Rahmen der UN-Dekade Bildung f\u00fcr nachhaltige Entwicklung vom Team des Biosph\u00e4renreservates konzipiert.<\/p>\n<p>In der Ausstellung <strong>&#8222;Du bist, was Du isst!&#8220;<\/strong> wird das Thema Ern\u00e4hrung durch die M\u00e4rchen der Gebr\u00fcder Grimm erz\u00e4hlt. In fast jedem M\u00e4rchen spielen Nahrungsmittel eine gro\u00dfe Rolle: Rotk\u00e4ppchen bringt ihrer kranken Gro\u00dfmutter zur Genesung einen Korb mit Kuchen und Wein. Das tapfere Schneiderlein verteidigt seine leckere Stulle mit selbstgemachtem Pflaumenmus gegen sieben Fliegen. Und Rapunzels Mutter benennt sogar ihre Tochter nach Feldsalat.<\/p>\n<p>In den M\u00e4rchen werden sowohl die existentielle Bedeutung als auch der kulturhistorische Wandel von Ern\u00e4hrung durch die Jahrhunderte deutlich. Interessant sind die verschiedenen Ansichten unter denen Ern\u00e4hrung betrachtet wird: Hunger, \u00dcberfluss, Gesundheit, Genuss, Erntezeit und\u00a0Regionalit\u00e4t sind nur einige der Aspekte aus den M\u00e4rchen, die in der Ausstellung auf die heutige Ern\u00e4hrung \u00fcbertragen werden.<\/p>\n<p>Begleitend zur Ausstellung kann in der Naturparkverwaltung eine Brosch\u00fcre kostenfrei bezogen werden.<\/p>\n<p>Die Ausstellung wurde als <strong>offizielles Projekt der Weltdekade der Vereinten Nationen 2005-2014 Bildung f\u00fcr nachhaltige Entwicklung<\/strong> ausgezeichnet.<\/p>\n<p>&nbsp;<\/p>\n","protected":false},"excerpt":{"rendered":"<p>Am 16. Januar, 18 Uhr er\u00f6ffnet der Leiter des Biosph\u00e4renreservates Flusslandschaft Elbe Brandenburg, Dr. Sven Rannow in der Regionalwerkstatt Stechlin in Menz eine Ausstellung zum Thema Ern\u00e4hrung.<\/p>\n","protected":false},"author":39,"featured_media":1676,"comment_status":"open","ping_status":"open","sticky":false,"template":"","format":"standard","meta":[],"categories":[11],"tags":[],"yoast_head":"<!-- This site is optimized with the Yoast SEO plugin v19.10 - https:\/\/yoast.com\/wordpress\/plugins\/seo\/ -->\n<title>&quot;Du bist, was Du isst!&quot; - Ern\u00e4hrung wie im M\u00e4rchen - Naturpark Stechlin-Ruppiner Land<\/title>\n<meta name=\"robots\" content=\"index, follow, max-snippet:-1, max-image-preview:large, max-video-preview:-1\" \/>\n<link rel=\"canonical\" href=\"https:\/\/www.naturparkmagazin.de\/stechlin\/du-bist-was-du-isst-ernaehrung-wie-im-maerchen\/\" \/>\n<meta property=\"og:locale\" content=\"de_DE\" \/>\n<meta property=\"og:type\" content=\"article\" \/>\n<meta property=\"og:title\" content=\"&quot;Du bist, was Du isst!&quot; - Ern\u00e4hrung wie im M\u00e4rchen - Naturpark Stechlin-Ruppiner Land\" \/>\n<meta property=\"og:description\" content=\"Am 16. Januar, 18 Uhr er\u00f6ffnet der Leiter des Biosph\u00e4renreservates Flusslandschaft Elbe Brandenburg, Dr. Sven Rannow in der Regionalwerkstatt Stechlin in Menz eine Ausstellung zum Thema Ern\u00e4hrung.\" \/>\n<meta property=\"og:url\" content=\"https:\/\/www.naturparkmagazin.de\/stechlin\/du-bist-was-du-isst-ernaehrung-wie-im-maerchen\/\" \/>\n<meta property=\"og:site_name\" content=\"Naturpark Stechlin-Ruppiner Land\" \/>\n<meta property=\"article:published_time\" content=\"2014-12-15T17:00:16+00:00\" \/>\n<meta property=\"article:modified_time\" content=\"2014-12-18T14:17:28+00:00\" \/>\n<meta property=\"og:image\" content=\"https:\/\/www.naturparkmagazin.de\/stechlin\/wp-content\/uploads\/sites\/38\/Tischlein-deck-Dich.jpg\" \/>\n\t<meta property=\"og:image:width\" content=\"873\" \/>\n\t<meta property=\"og:image:height\" content=\"829\" \/>\n\t<meta property=\"og:image:type\" content=\"image\/jpeg\" \/>\n<meta name=\"author\" content=\"marioschrumpf\" \/>\n<meta name=\"twitter:label1\" content=\"Verfasst von\" \/>\n\t<meta name=\"twitter:data1\" content=\"marioschrumpf\" \/>\n\t<meta name=\"twitter:label2\" content=\"Gesch\u00e4tzte Lesezeit\" \/>\n\t<meta name=\"twitter:data2\" content=\"1\u00a0Minute\" \/>\n<script type=\"application\/ld+json\" class=\"yoast-schema-graph\">{\"@context\":\"https:\/\/schema.org\",\"@graph\":[{\"@type\":\"WebPage\",\"@id\":\"https:\/\/www.naturparkmagazin.de\/stechlin\/du-bist-was-du-isst-ernaehrung-wie-im-maerchen\/\",\"url\":\"https:\/\/www.naturparkmagazin.de\/stechlin\/du-bist-was-du-isst-ernaehrung-wie-im-maerchen\/\",\"name\":\"\\\"Du bist, was Du isst!\\\" - Ern\u00e4hrung wie im M\u00e4rchen - Naturpark Stechlin-Ruppiner Land\",\"isPartOf\":{\"@id\":\"https:\/\/www.naturparkmagazin.de\/stechlin\/#website\"},\"datePublished\":\"2014-12-15T17:00:16+00:00\",\"dateModified\":\"2014-12-18T14:17:28+00:00\",\"author\":{\"@id\":\"https:\/\/www.naturparkmagazin.de\/stechlin\/#\/schema\/person\/3f0d93203df21c806dd63c76d9bb28bc\"},\"breadcrumb\":{\"@id\":\"https:\/\/www.naturparkmagazin.de\/stechlin\/du-bist-was-du-isst-ernaehrung-wie-im-maerchen\/#breadcrumb\"},\"inLanguage\":\"de\",\"potentialAction\":[{\"@type\":\"ReadAction\",\"target\":[\"https:\/\/www.naturparkmagazin.de\/stechlin\/du-bist-was-du-isst-ernaehrung-wie-im-maerchen\/\"]}]},{\"@type\":\"BreadcrumbList\",\"@id\":\"https:\/\/www.naturparkmagazin.de\/stechlin\/du-bist-was-du-isst-ernaehrung-wie-im-maerchen\/#breadcrumb\",\"itemListElement\":[{\"@type\":\"ListItem\",\"position\":1,\"name\":\"Home\",\"item\":\"https:\/\/www.naturparkmagazin.de\/stechlin\/\"},{\"@type\":\"ListItem\",\"position\":2,\"name\":\"&#8222;Du bist, was Du isst!&#8220; &#8211; Ern\u00e4hrung wie im M\u00e4rchen\"}]},{\"@type\":\"WebSite\",\"@id\":\"https:\/\/www.naturparkmagazin.de\/stechlin\/#website\",\"url\":\"https:\/\/www.naturparkmagazin.de\/stechlin\/\",\"name\":\"Naturpark Stechlin-Ruppiner Land\",\"description\":\"\",\"potentialAction\":[{\"@type\":\"SearchAction\",\"target\":{\"@type\":\"EntryPoint\",\"urlTemplate\":\"https:\/\/www.naturparkmagazin.de\/stechlin\/?s={search_term_string}\"},\"query-input\":\"required name=search_term_string\"}],\"inLanguage\":\"de\"},{\"@type\":\"Person\",\"@id\":\"https:\/\/www.naturparkmagazin.de\/stechlin\/#\/schema\/person\/3f0d93203df21c806dd63c76d9bb28bc\",\"name\":\"marioschrumpf\",\"url\":\"https:\/\/www.naturparkmagazin.de\/stechlin\/author\/marioschrumpf\/\"}]}<\/script>\n<!-- \/ Yoast SEO plugin. -->","yoast_head_json":{"title":"\"Du bist, was Du isst!\" - Ern\u00e4hrung wie im M\u00e4rchen - Naturpark Stechlin-Ruppiner Land","robots":{"index":"index","follow":"follow","max-snippet":"max-snippet:-1","max-image-preview":"max-image-preview:large","max-video-preview":"max-video-preview:-1"},"canonical":"https:\/\/www.naturparkmagazin.de\/stechlin\/du-bist-was-du-isst-ernaehrung-wie-im-maerchen\/","og_locale":"de_DE","og_type":"article","og_title":"\"Du bist, was Du isst!\" - Ern\u00e4hrung wie im M\u00e4rchen - Naturpark Stechlin-Ruppiner Land","og_description":"Am 16. Januar, 18 Uhr er\u00f6ffnet der Leiter des Biosph\u00e4renreservates Flusslandschaft Elbe Brandenburg, Dr. Sven Rannow in der Regionalwerkstatt Stechlin in Menz eine Ausstellung zum Thema Ern\u00e4hrung.","og_url":"https:\/\/www.naturparkmagazin.de\/stechlin\/du-bist-was-du-isst-ernaehrung-wie-im-maerchen\/","og_site_name":"Naturpark Stechlin-Ruppiner Land","article_published_time":"2014-12-15T17:00:16+00:00","article_modified_time":"2014-12-18T14:17:28+00:00","og_image":[{"width":873,"height":829,"url":"https:\/\/www.naturparkmagazin.de\/stechlin\/wp-content\/uploads\/sites\/38\/Tischlein-deck-Dich.jpg","type":"image\/jpeg"}],"author":"marioschrumpf","twitter_misc":{"Verfasst von":"marioschrumpf","Gesch\u00e4tzte Lesezeit":"1\u00a0Minute"},"schema":{"@context":"https:\/\/schema.org","@graph":[{"@type":"WebPage","@id":"https:\/\/www.naturparkmagazin.de\/stechlin\/du-bist-was-du-isst-ernaehrung-wie-im-maerchen\/","url":"https:\/\/www.naturparkmagazin.de\/stechlin\/du-bist-was-du-isst-ernaehrung-wie-im-maerchen\/","name":"\"Du bist, was Du isst!\" - Ern\u00e4hrung wie im M\u00e4rchen - Naturpark Stechlin-Ruppiner Land","isPartOf":{"@id":"https:\/\/www.naturparkmagazin.de\/stechlin\/#website"},"datePublished":"2014-12-15T17:00:16+00:00","dateModified":"2014-12-18T14:17:28+00:00","author":{"@id":"https:\/\/www.naturparkmagazin.de\/stechlin\/#\/schema\/person\/3f0d93203df21c806dd63c76d9bb28bc"},"breadcrumb":{"@id":"https:\/\/www.naturparkmagazin.de\/stechlin\/du-bist-was-du-isst-ernaehrung-wie-im-maerchen\/#breadcrumb"},"inLanguage":"de","potentialAction":[{"@type":"ReadAction","target":["https:\/\/www.naturparkmagazin.de\/stechlin\/du-bist-was-du-isst-ernaehrung-wie-im-maerchen\/"]}]},{"@type":"BreadcrumbList","@id":"https:\/\/www.naturparkmagazin.de\/stechlin\/du-bist-was-du-isst-ernaehrung-wie-im-maerchen\/#breadcrumb","itemListElement":[{"@type":"ListItem","position":1,"name":"Home","item":"https:\/\/www.naturparkmagazin.de\/stechlin\/"},{"@type":"ListItem","position":2,"name":"&#8222;Du bist, was Du isst!&#8220; &#8211; Ern\u00e4hrung wie im M\u00e4rchen"}]},{"@type":"WebSite","@id":"https:\/\/www.naturparkmagazin.de\/stechlin\/#website","url":"https:\/\/www.naturparkmagazin.de\/stechlin\/","name":"Naturpark Stechlin-Ruppiner Land","description":"","potentialAction":[{"@type":"SearchAction","target":{"@type":"EntryPoint","urlTemplate":"https:\/\/www.naturparkmagazin.de\/stechlin\/?s={search_term_string}"},"query-input":"required name=search_term_string"}],"inLanguage":"de"},{"@type":"Person","@id":"https:\/\/www.naturparkmagazin.de\/stechlin\/#\/schema\/person\/3f0d93203df21c806dd63c76d9bb28bc","name":"marioschrumpf","url":"https:\/\/www.naturparkmagazin.de\/stechlin\/author\/marioschrumpf\/"}]}},"_links":{"self":[{"href":"https:\/\/www.naturparkmagazin.de\/stechlin\/wp-json\/wp\/v2\/posts\/1668"}],"collection":[{"href":"https:\/\/www.naturparkmagazin.de\/stechlin\/wp-json\/wp\/v2\/posts"}],"about":[{"href":"https:\/\/www.naturparkmagazin.de\/stechlin\/wp-json\/wp\/v2\/types\/post"}],"author":[{"embeddable":true,"href":"https:\/\/www.naturparkmagazin.de\/stechlin\/wp-json\/wp\/v2\/users\/39"}],"replies":[{"embeddable":true,"href":"https:\/\/www.naturparkmagazin.de\/stechlin\/wp-json\/wp\/v2\/comments?post=1668"}],"version-history":[{"count":5,"href":"https:\/\/www.naturparkmagazin.de\/stechlin\/wp-json\/wp\/v2\/posts\/1668\/revisions"}],"predecessor-version":[{"id":1714,"href":"https:\/\/www.naturparkmagazin.de\/stechlin\/wp-json\/wp\/v2\/posts\/1668\/revisions\/1714"}],"wp:featuredmedia":[{"embeddable":true,"href":"https:\/\/www.naturparkmagazin.de\/stechlin\/wp-json\/wp\/v2\/media\/1676"}],"wp:attachment":[{"href":"https:\/\/www.naturparkmagazin.de\/stechlin\/wp-json\/wp\/v2\/media?parent=1668"}],"wp:term":[{"taxonomy":"category","embeddable":true,"href":"https:\/\/www.naturparkmagazin.de\/stechlin\/wp-json\/wp\/v2\/categories?post=1668"},{"taxonomy":"post_tag","embeddable":true,"href":"https:\/\/www.naturparkmagazin.de\/stechlin\/wp-json\/wp\/v2\/tags?post=1668"}],"curies":[{"name":"wp","href":"https:\/\/api.w.org\/{rel}","templated":true}]}}