{"id":16702,"date":"2025-02-20T16:02:33","date_gmt":"2025-02-20T15:02:33","guid":{"rendered":"https:\/\/www.naturparkmagazin.de\/stechlin\/?p=16702"},"modified":"2025-02-24T16:37:22","modified_gmt":"2025-02-24T15:37:22","slug":"oekofilmtour-macht-station-im-naturpark","status":"publish","type":"post","link":"https:\/\/www.naturparkmagazin.de\/stechlin\/oekofilmtour-macht-station-im-naturpark\/","title":{"rendered":"\u00d6kofilmtour macht auch 2025 wieder Station im Naturpark"},"content":{"rendered":"<p>Die \u00d6kofilmtour macht im M\u00e4rz und April 2025 an 5 verschiedenen Spielorten im Naturpark Stechlin-Ruppiner Land Station.<\/p>\n<p>Neben Menz (siehe Beitrag) wird das Festival im Umweltbahnhof Dannenwalde, in der Alten Reederei in F\u00fcrstenberg\/Havel, in der Remise in Rheinsberg und in der Waldarbeitsschule Kunsterspring\u00a0 Station machen. Genaue Termine und die geplanten Filme entnehmen Sie bitte der <a href=\"https:\/\/oekofilmtour.de\/\">Webseite zur \u00d6kofilmtour<\/a>.<\/p>\n<p>In der <strong>Regionalwerkstatt Stechlin in Menz<\/strong> werden im <strong>Abendprogramm<\/strong> am <strong>17. M\u00e4rz<\/strong>, ab <strong>18:00 Uhr<\/strong> der Film<strong> \u201eDie Bodenretter. Ackern mit Zukunft\u201c<\/strong> von von Stefanie Otto und Felix Kr\u00fcger und im Anschluss der Film<strong> &#8222;Ohne Pestizide &#8211; F\u00fcr eine giftfreie Zukunft&#8220;<\/strong> von Tanja Reinhard und Marika Liebsch gezeigt.<\/p>\n<h3>Die Bodenretter. Ackern mit Zukunft<\/h3>\n<p>D\u00fcrrejahre, N\u00e4sse-Rekorde und Missernten zeigen, wie sensibel unsere Umwelt auf extreme Wetterlagen reagiert. Bei Landwirten stehen Existenzen auf dem Spiel, bei Verbrauchern bezahlbare Lebensmittel. Die Skepsis gegen\u00fcber einer Landwirtschaft, die nur auf maximale Ertr\u00e4ge setzt, w\u00e4chst. In Ostdeutschland, besonders in Brandenburg, sind die Bodenqualit\u00e4ten schlecht. Erosion und Sandst\u00fcrme sind normal, und die fruchtbare Humusschicht schrumpft. Forschende und innovative Bauern suchen L\u00f6sungen f\u00fcr die \u201em\u00e4rki\u00adsche Streusandb\u00fcchse\u201c. Lena und Philipp Adler setzen auf mechanische Unkrautbek\u00e4mpfung und Brachfl\u00e4chen. Isabella Krause f\u00f6rdert mit einem Netzwerk den Anbau von Kichererbsen, die hitzeresistent sind und den Boden verbessern. Der Film zeigt, wie Menschen den Boden als \u201eLebensversicherung\u201c wiederentdecken..<\/p>\n<div id=\"attachment_16712\" style=\"width: 510px\" class=\"wp-caption aligncenter\"><a href=\"https:\/\/www.naturparkmagazin.de\/stechlin\/wp-content\/uploads\/sites\/38\/lena-und-philipp-adler.jpg\"><img aria-describedby=\"caption-attachment-16712\" decoding=\"async\" loading=\"lazy\" class=\"size-full wp-image-16712\" src=\"https:\/\/www.naturparkmagazin.de\/stechlin\/wp-content\/uploads\/sites\/38\/lena-und-philipp-adler.jpg\" alt=\"\" width=\"500\" height=\"300\" srcset=\"https:\/\/www.naturparkmagazin.de\/stechlin\/wp-content\/uploads\/sites\/38\/lena-und-philipp-adler.jpg 500w, https:\/\/www.naturparkmagazin.de\/stechlin\/wp-content\/uploads\/sites\/38\/lena-und-philipp-adler-300x180.jpg 300w, https:\/\/www.naturparkmagazin.de\/stechlin\/wp-content\/uploads\/sites\/38\/lena-und-philipp-adler-200x120.jpg 200w\" sizes=\"(max-width: 500px) 100vw, 500px\" \/><\/a><p id=\"caption-attachment-16712\" class=\"wp-caption-text\">Lena und Philipp Adler in ihrer Biog\u00e4rtnerei in Altglobsow\u00a9 F\u00d6N e.V.<\/p><\/div>\n<p>Dokumentation, 44 Minuten, 2024<\/p>\n<h3>Ohne Pestizide &#8211; F\u00fcr eine giftfreie Zukunft<\/h3>\n<p>J\u00e4hrlich werden weltweit vier Millionen Tonnen Pestizide verspr\u00fcht, deren R\u00fcckst\u00e4nde \u00fcber Obst und Gem\u00fcse auf unseren Tellern landen. Viele Menschen f\u00fcrchten die gesundheitlichen Sch\u00e4den und das Artensterben, das durch diese Gifte beschleunigt wird. Doch es gibt giftfreie L\u00f6sungen. Andr\u00e9 D\u00fclks aus Meerbusch m\u00f6chte die Landwirtschaft revolutionieren, indem er Maschinen entwickelt, die Unkr\u00e4uter pr\u00e4zise mit KI-gesteuerten rotierenden Hacken entfernen, sodass keine Unkrautvernichter mehr n\u00f6tig sind. In Freiburg wurde bereits 1994 beschlossen, keine Pestizide mehr auf st\u00e4dtischen Fl\u00e4chen zu verwenden. Die Stadt ist Vorreiter f\u00fcr 600 deutsche St\u00e4dte. In der italienischen Poebene zeigt Landwirtschaftsexperte Lorenzo Furlan, dass pestizidfreie Felder mehr Insekten und geringere Gesundheitsrisiken f\u00fcr Landwirte bieten.<\/p>\n<div id=\"attachment_16713\" style=\"width: 510px\" class=\"wp-caption aligncenter\"><a href=\"https:\/\/www.naturparkmagazin.de\/stechlin\/wp-content\/uploads\/sites\/38\/ohne-pestizide.jpg\"><img aria-describedby=\"caption-attachment-16713\" decoding=\"async\" loading=\"lazy\" class=\"size-full wp-image-16713\" src=\"https:\/\/www.naturparkmagazin.de\/stechlin\/wp-content\/uploads\/sites\/38\/ohne-pestizide.jpg\" alt=\"\" width=\"500\" height=\"300\" srcset=\"https:\/\/www.naturparkmagazin.de\/stechlin\/wp-content\/uploads\/sites\/38\/ohne-pestizide.jpg 500w, https:\/\/www.naturparkmagazin.de\/stechlin\/wp-content\/uploads\/sites\/38\/ohne-pestizide-300x180.jpg 300w, https:\/\/www.naturparkmagazin.de\/stechlin\/wp-content\/uploads\/sites\/38\/ohne-pestizide-200x120.jpg 200w\" sizes=\"(max-width: 500px) 100vw, 500px\" \/><\/a><p id=\"caption-attachment-16713\" class=\"wp-caption-text\">\u00a9 F\u00d6N e.V.<\/p><\/div>\n<p>Dokumentation, 30 Minuten, 2024<\/p>\n<p>Anschlie\u00dfendes <strong>Publikumsgespr\u00e4ch<\/strong> mit Lena Adler (Biolandwirtin), Philipp Adler (Biolandwirt), Frank Rumpe (Biolandwirt, Vertreter f\u00fcr die Regionalwert-AG Berlin-Brandenbrug).<\/p>\n<p><a href=\"https:\/\/www.stechlin-ruppiner-land-naturpark.de\/fileadmin\/user_upload\/PDF\/Stechlin-Ruppin\/Aktuelles\/Menz_17.3._Druck_final_compressed.pdf\" target=\"_blank\" rel=\"noopener\">Hier k\u00f6nnen Sie das Plakat zur Veranstaltung herunterladen (pdf, 2,1 MB)!<\/a><\/p>\n","protected":false},"excerpt":{"rendered":"<p>Die \u00d6kofilmtour macht im M\u00e4rz und April 2025 an 5 verschiedenen Spielorten im Naturpark Stechlin-Ruppiner Land Station.<\/p>\n","protected":false},"author":39,"featured_media":14999,"comment_status":"open","ping_status":"open","sticky":false,"template":"","format":"standard","meta":[],"categories":[11],"tags":[],"yoast_head":"<!-- This site is optimized with the Yoast SEO plugin v19.10 - https:\/\/yoast.com\/wordpress\/plugins\/seo\/ -->\n<title>\u00d6kofilmtour macht auch 2025 wieder Station im Naturpark - Naturpark Stechlin-Ruppiner Land<\/title>\n<meta name=\"robots\" content=\"index, follow, max-snippet:-1, max-image-preview:large, max-video-preview:-1\" \/>\n<link rel=\"canonical\" href=\"https:\/\/www.naturparkmagazin.de\/stechlin\/oekofilmtour-macht-station-im-naturpark\/\" \/>\n<meta property=\"og:locale\" content=\"de_DE\" \/>\n<meta property=\"og:type\" content=\"article\" \/>\n<meta property=\"og:title\" content=\"\u00d6kofilmtour macht auch 2025 wieder Station im Naturpark - Naturpark Stechlin-Ruppiner Land\" \/>\n<meta property=\"og:description\" content=\"Die \u00d6kofilmtour macht im M\u00e4rz und April 2025 an 5 verschiedenen Spielorten im Naturpark Stechlin-Ruppiner Land Station.\" \/>\n<meta property=\"og:url\" content=\"https:\/\/www.naturparkmagazin.de\/stechlin\/oekofilmtour-macht-station-im-naturpark\/\" \/>\n<meta property=\"og:site_name\" content=\"Naturpark Stechlin-Ruppiner Land\" \/>\n<meta property=\"article:published_time\" content=\"2025-02-20T15:02:33+00:00\" \/>\n<meta property=\"article:modified_time\" content=\"2025-02-24T15:37:22+00:00\" \/>\n<meta property=\"og:image\" content=\"https:\/\/www.naturparkmagazin.de\/stechlin\/wp-content\/uploads\/sites\/38\/logo-3.jpg\" \/>\n\t<meta property=\"og:image:width\" content=\"200\" \/>\n\t<meta property=\"og:image:height\" content=\"200\" \/>\n\t<meta property=\"og:image:type\" content=\"image\/jpeg\" \/>\n<meta name=\"author\" content=\"marioschrumpf\" \/>\n<meta name=\"twitter:label1\" content=\"Verfasst von\" \/>\n\t<meta name=\"twitter:data1\" content=\"marioschrumpf\" \/>\n\t<meta name=\"twitter:label2\" content=\"Gesch\u00e4tzte Lesezeit\" \/>\n\t<meta name=\"twitter:data2\" content=\"3\u00a0Minuten\" \/>\n<script type=\"application\/ld+json\" class=\"yoast-schema-graph\">{\"@context\":\"https:\/\/schema.org\",\"@graph\":[{\"@type\":\"WebPage\",\"@id\":\"https:\/\/www.naturparkmagazin.de\/stechlin\/oekofilmtour-macht-station-im-naturpark\/\",\"url\":\"https:\/\/www.naturparkmagazin.de\/stechlin\/oekofilmtour-macht-station-im-naturpark\/\",\"name\":\"\u00d6kofilmtour macht auch 2025 wieder Station im Naturpark - Naturpark Stechlin-Ruppiner Land\",\"isPartOf\":{\"@id\":\"https:\/\/www.naturparkmagazin.de\/stechlin\/#website\"},\"datePublished\":\"2025-02-20T15:02:33+00:00\",\"dateModified\":\"2025-02-24T15:37:22+00:00\",\"author\":{\"@id\":\"https:\/\/www.naturparkmagazin.de\/stechlin\/#\/schema\/person\/3f0d93203df21c806dd63c76d9bb28bc\"},\"breadcrumb\":{\"@id\":\"https:\/\/www.naturparkmagazin.de\/stechlin\/oekofilmtour-macht-station-im-naturpark\/#breadcrumb\"},\"inLanguage\":\"de\",\"potentialAction\":[{\"@type\":\"ReadAction\",\"target\":[\"https:\/\/www.naturparkmagazin.de\/stechlin\/oekofilmtour-macht-station-im-naturpark\/\"]}]},{\"@type\":\"BreadcrumbList\",\"@id\":\"https:\/\/www.naturparkmagazin.de\/stechlin\/oekofilmtour-macht-station-im-naturpark\/#breadcrumb\",\"itemListElement\":[{\"@type\":\"ListItem\",\"position\":1,\"name\":\"Home\",\"item\":\"https:\/\/www.naturparkmagazin.de\/stechlin\/\"},{\"@type\":\"ListItem\",\"position\":2,\"name\":\"\u00d6kofilmtour macht auch 2025 wieder Station im Naturpark\"}]},{\"@type\":\"WebSite\",\"@id\":\"https:\/\/www.naturparkmagazin.de\/stechlin\/#website\",\"url\":\"https:\/\/www.naturparkmagazin.de\/stechlin\/\",\"name\":\"Naturpark Stechlin-Ruppiner Land\",\"description\":\"\",\"potentialAction\":[{\"@type\":\"SearchAction\",\"target\":{\"@type\":\"EntryPoint\",\"urlTemplate\":\"https:\/\/www.naturparkmagazin.de\/stechlin\/?s={search_term_string}\"},\"query-input\":\"required name=search_term_string\"}],\"inLanguage\":\"de\"},{\"@type\":\"Person\",\"@id\":\"https:\/\/www.naturparkmagazin.de\/stechlin\/#\/schema\/person\/3f0d93203df21c806dd63c76d9bb28bc\",\"name\":\"marioschrumpf\",\"url\":\"https:\/\/www.naturparkmagazin.de\/stechlin\/author\/marioschrumpf\/\"}]}<\/script>\n<!-- \/ Yoast SEO plugin. -->","yoast_head_json":{"title":"\u00d6kofilmtour macht auch 2025 wieder Station im Naturpark - Naturpark Stechlin-Ruppiner Land","robots":{"index":"index","follow":"follow","max-snippet":"max-snippet:-1","max-image-preview":"max-image-preview:large","max-video-preview":"max-video-preview:-1"},"canonical":"https:\/\/www.naturparkmagazin.de\/stechlin\/oekofilmtour-macht-station-im-naturpark\/","og_locale":"de_DE","og_type":"article","og_title":"\u00d6kofilmtour macht auch 2025 wieder Station im Naturpark - Naturpark Stechlin-Ruppiner Land","og_description":"Die \u00d6kofilmtour macht im M\u00e4rz und April 2025 an 5 verschiedenen Spielorten im Naturpark Stechlin-Ruppiner Land Station.","og_url":"https:\/\/www.naturparkmagazin.de\/stechlin\/oekofilmtour-macht-station-im-naturpark\/","og_site_name":"Naturpark Stechlin-Ruppiner Land","article_published_time":"2025-02-20T15:02:33+00:00","article_modified_time":"2025-02-24T15:37:22+00:00","og_image":[{"width":200,"height":200,"url":"https:\/\/www.naturparkmagazin.de\/stechlin\/wp-content\/uploads\/sites\/38\/logo-3.jpg","type":"image\/jpeg"}],"author":"marioschrumpf","twitter_misc":{"Verfasst von":"marioschrumpf","Gesch\u00e4tzte Lesezeit":"3\u00a0Minuten"},"schema":{"@context":"https:\/\/schema.org","@graph":[{"@type":"WebPage","@id":"https:\/\/www.naturparkmagazin.de\/stechlin\/oekofilmtour-macht-station-im-naturpark\/","url":"https:\/\/www.naturparkmagazin.de\/stechlin\/oekofilmtour-macht-station-im-naturpark\/","name":"\u00d6kofilmtour macht auch 2025 wieder Station im Naturpark - Naturpark Stechlin-Ruppiner Land","isPartOf":{"@id":"https:\/\/www.naturparkmagazin.de\/stechlin\/#website"},"datePublished":"2025-02-20T15:02:33+00:00","dateModified":"2025-02-24T15:37:22+00:00","author":{"@id":"https:\/\/www.naturparkmagazin.de\/stechlin\/#\/schema\/person\/3f0d93203df21c806dd63c76d9bb28bc"},"breadcrumb":{"@id":"https:\/\/www.naturparkmagazin.de\/stechlin\/oekofilmtour-macht-station-im-naturpark\/#breadcrumb"},"inLanguage":"de","potentialAction":[{"@type":"ReadAction","target":["https:\/\/www.naturparkmagazin.de\/stechlin\/oekofilmtour-macht-station-im-naturpark\/"]}]},{"@type":"BreadcrumbList","@id":"https:\/\/www.naturparkmagazin.de\/stechlin\/oekofilmtour-macht-station-im-naturpark\/#breadcrumb","itemListElement":[{"@type":"ListItem","position":1,"name":"Home","item":"https:\/\/www.naturparkmagazin.de\/stechlin\/"},{"@type":"ListItem","position":2,"name":"\u00d6kofilmtour macht auch 2025 wieder Station im Naturpark"}]},{"@type":"WebSite","@id":"https:\/\/www.naturparkmagazin.de\/stechlin\/#website","url":"https:\/\/www.naturparkmagazin.de\/stechlin\/","name":"Naturpark Stechlin-Ruppiner Land","description":"","potentialAction":[{"@type":"SearchAction","target":{"@type":"EntryPoint","urlTemplate":"https:\/\/www.naturparkmagazin.de\/stechlin\/?s={search_term_string}"},"query-input":"required name=search_term_string"}],"inLanguage":"de"},{"@type":"Person","@id":"https:\/\/www.naturparkmagazin.de\/stechlin\/#\/schema\/person\/3f0d93203df21c806dd63c76d9bb28bc","name":"marioschrumpf","url":"https:\/\/www.naturparkmagazin.de\/stechlin\/author\/marioschrumpf\/"}]}},"_links":{"self":[{"href":"https:\/\/www.naturparkmagazin.de\/stechlin\/wp-json\/wp\/v2\/posts\/16702"}],"collection":[{"href":"https:\/\/www.naturparkmagazin.de\/stechlin\/wp-json\/wp\/v2\/posts"}],"about":[{"href":"https:\/\/www.naturparkmagazin.de\/stechlin\/wp-json\/wp\/v2\/types\/post"}],"author":[{"embeddable":true,"href":"https:\/\/www.naturparkmagazin.de\/stechlin\/wp-json\/wp\/v2\/users\/39"}],"replies":[{"embeddable":true,"href":"https:\/\/www.naturparkmagazin.de\/stechlin\/wp-json\/wp\/v2\/comments?post=16702"}],"version-history":[{"count":12,"href":"https:\/\/www.naturparkmagazin.de\/stechlin\/wp-json\/wp\/v2\/posts\/16702\/revisions"}],"predecessor-version":[{"id":16830,"href":"https:\/\/www.naturparkmagazin.de\/stechlin\/wp-json\/wp\/v2\/posts\/16702\/revisions\/16830"}],"wp:featuredmedia":[{"embeddable":true,"href":"https:\/\/www.naturparkmagazin.de\/stechlin\/wp-json\/wp\/v2\/media\/14999"}],"wp:attachment":[{"href":"https:\/\/www.naturparkmagazin.de\/stechlin\/wp-json\/wp\/v2\/media?parent=16702"}],"wp:term":[{"taxonomy":"category","embeddable":true,"href":"https:\/\/www.naturparkmagazin.de\/stechlin\/wp-json\/wp\/v2\/categories?post=16702"},{"taxonomy":"post_tag","embeddable":true,"href":"https:\/\/www.naturparkmagazin.de\/stechlin\/wp-json\/wp\/v2\/tags?post=16702"}],"curies":[{"name":"wp","href":"https:\/\/api.w.org\/{rel}","templated":true}]}}