{"id":16704,"date":"2025-02-20T16:03:20","date_gmt":"2025-02-20T15:03:20","guid":{"rendered":"https:\/\/www.naturparkmagazin.de\/stechlin\/?p=16704"},"modified":"2025-02-21T10:46:42","modified_gmt":"2025-02-21T09:46:42","slug":"alte-sorten-fragestunde-am-21-maerz-2025","status":"publish","type":"post","link":"https:\/\/www.naturparkmagazin.de\/stechlin\/alte-sorten-fragestunde-am-21-maerz-2025\/","title":{"rendered":"Alte Sorten Fragestunde am 21. M\u00e4rz 2025"},"content":{"rendered":"<p>Viele Gartenfreunde warten schon ungeduldig auf den Beginn der Gartensaison. Wenn die Sonne h\u00f6her steigt und mit ihr fr\u00fchlingshafte Temparaturen ins Freie lockt, ist am <strong>21. M\u00e4rz 2025 um 18.00 Uhr<\/strong> auch Zeit f\u00fcr die allj\u00e4hrliche \u201eAlte Sorten Fragestunde\u201c <strong>in der Regionalwerkstatt Stechlin in Menz<\/strong>.<\/p>\n<p>Auch in diesem Jahr wird es wieder einen Vortrag geben. <em>Dr. Rudolf V\u00f6gel<\/em> vom <strong>VERN e.V.<\/strong> wird uns \u00fcber <em><strong>&#8222;Neue alte Kulturpflanzen &#8211; Erdnuss, Kichererbse und Binkelweizen&#8220;<\/strong><\/em> berichten und das Publikum in eine spannende Diskussion &#8222;<em>verwickeln<\/em>&#8222;.<\/p>\n<p>Das <a href=\"https:\/\/vern.de\/wp-content\/uploads\/Compendium-2025.pdf\" target=\"_blank\" rel=\"noopener\">aktuelle Compendium<\/a> (Katalog f\u00fcr seltene Kulturpflanzen) kann auf der <a href=\"https:\/\/vern.de\/\" target=\"_blank\" rel=\"noopener\">Webseite des Vereins<\/a> zur Erhaltung und Rekultivierung von Nutzpflanzen, kurz VERN e.V., eingesehen werden.<\/p>\n<p>An diesem Abend werden nat\u00fcrlich auch Pflanzkartoffeln und S\u00e4mereien aus den Best\u00e4nden des VERN e.V. zum Verkauf angeboten.<\/p>\n<div id=\"attachment_16741\" style=\"width: 1010px\" class=\"wp-caption aligncenter\"><a href=\"https:\/\/www.naturparkmagazin.de\/stechlin\/wp-content\/uploads\/sites\/38\/Alte-Sorten-Fragestunde_final_c.jpg\"><img aria-describedby=\"caption-attachment-16741\" decoding=\"async\" loading=\"lazy\" class=\"size-full wp-image-16741\" src=\"https:\/\/www.naturparkmagazin.de\/stechlin\/wp-content\/uploads\/sites\/38\/Alte-Sorten-Fragestunde_final_c.jpg\" alt=\"\" width=\"1000\" height=\"1414\" srcset=\"https:\/\/www.naturparkmagazin.de\/stechlin\/wp-content\/uploads\/sites\/38\/Alte-Sorten-Fragestunde_final_c.jpg 1000w, https:\/\/www.naturparkmagazin.de\/stechlin\/wp-content\/uploads\/sites\/38\/Alte-Sorten-Fragestunde_final_c-620x877.jpg 620w, https:\/\/www.naturparkmagazin.de\/stechlin\/wp-content\/uploads\/sites\/38\/Alte-Sorten-Fragestunde_final_c-940x1329.jpg 940w, https:\/\/www.naturparkmagazin.de\/stechlin\/wp-content\/uploads\/sites\/38\/Alte-Sorten-Fragestunde_final_c-300x424.jpg 300w, https:\/\/www.naturparkmagazin.de\/stechlin\/wp-content\/uploads\/sites\/38\/Alte-Sorten-Fragestunde_final_c-670x947.jpg 670w, https:\/\/www.naturparkmagazin.de\/stechlin\/wp-content\/uploads\/sites\/38\/Alte-Sorten-Fragestunde_final_c-200x283.jpg 200w\" sizes=\"(max-width: 1000px) 100vw, 1000px\" \/><\/a><p id=\"caption-attachment-16741\" class=\"wp-caption-text\">Poster f\u00fcr die Veranstaltung\u00a9 Rudi V\u00f6gel<\/p><\/div>\n","protected":false},"excerpt":{"rendered":"<p>Wenn die Sonne h\u00f6her steigt und mit ihr fr\u00fchlingshafte Temparaturen ins Freie locken, ist am 21. M\u00e4rz 2025 um 18.00 Uhr auch Zeit f\u00fcr die allj\u00e4hrliche \u201eAlte Sorten Fragestunde\u201c in der Regionalwerkstatt Stechlin in Menz.<\/p>\n","protected":false},"author":39,"featured_media":16743,"comment_status":"open","ping_status":"open","sticky":false,"template":"","format":"standard","meta":[],"categories":[11],"tags":[],"yoast_head":"<!-- This site is optimized with the Yoast SEO plugin v19.10 - https:\/\/yoast.com\/wordpress\/plugins\/seo\/ -->\n<title>Alte Sorten Fragestunde am 21. M\u00e4rz 2025 - Naturpark Stechlin-Ruppiner Land<\/title>\n<meta name=\"robots\" content=\"index, follow, max-snippet:-1, max-image-preview:large, max-video-preview:-1\" \/>\n<link rel=\"canonical\" href=\"https:\/\/www.naturparkmagazin.de\/stechlin\/alte-sorten-fragestunde-am-21-maerz-2025\/\" \/>\n<meta property=\"og:locale\" content=\"de_DE\" \/>\n<meta property=\"og:type\" content=\"article\" \/>\n<meta property=\"og:title\" content=\"Alte Sorten Fragestunde am 21. M\u00e4rz 2025 - Naturpark Stechlin-Ruppiner Land\" \/>\n<meta property=\"og:description\" content=\"Wenn die Sonne h\u00f6her steigt und mit ihr fr\u00fchlingshafte Temparaturen ins Freie locken, ist am 21. M\u00e4rz 2025 um 18.00 Uhr auch Zeit f\u00fcr die allj\u00e4hrliche \u201eAlte Sorten Fragestunde\u201c in der Regionalwerkstatt Stechlin in Menz.\" \/>\n<meta property=\"og:url\" content=\"https:\/\/www.naturparkmagazin.de\/stechlin\/alte-sorten-fragestunde-am-21-maerz-2025\/\" \/>\n<meta property=\"og:site_name\" content=\"Naturpark Stechlin-Ruppiner Land\" \/>\n<meta property=\"article:published_time\" content=\"2025-02-20T15:03:20+00:00\" \/>\n<meta property=\"article:modified_time\" content=\"2025-02-21T09:46:42+00:00\" \/>\n<meta property=\"og:image\" content=\"https:\/\/www.naturparkmagazin.de\/stechlin\/wp-content\/uploads\/sites\/38\/Blaurot-Samtiger-Binkel-1024x768-1.jpg\" \/>\n\t<meta property=\"og:image:width\" content=\"200\" \/>\n\t<meta property=\"og:image:height\" content=\"200\" \/>\n\t<meta property=\"og:image:type\" content=\"image\/jpeg\" \/>\n<meta name=\"author\" content=\"marioschrumpf\" \/>\n<meta name=\"twitter:label1\" content=\"Verfasst von\" \/>\n\t<meta name=\"twitter:data1\" content=\"marioschrumpf\" \/>\n\t<meta name=\"twitter:label2\" content=\"Gesch\u00e4tzte Lesezeit\" \/>\n\t<meta name=\"twitter:data2\" content=\"1\u00a0Minute\" \/>\n<script type=\"application\/ld+json\" class=\"yoast-schema-graph\">{\"@context\":\"https:\/\/schema.org\",\"@graph\":[{\"@type\":\"WebPage\",\"@id\":\"https:\/\/www.naturparkmagazin.de\/stechlin\/alte-sorten-fragestunde-am-21-maerz-2025\/\",\"url\":\"https:\/\/www.naturparkmagazin.de\/stechlin\/alte-sorten-fragestunde-am-21-maerz-2025\/\",\"name\":\"Alte Sorten Fragestunde am 21. M\u00e4rz 2025 - Naturpark Stechlin-Ruppiner Land\",\"isPartOf\":{\"@id\":\"https:\/\/www.naturparkmagazin.de\/stechlin\/#website\"},\"datePublished\":\"2025-02-20T15:03:20+00:00\",\"dateModified\":\"2025-02-21T09:46:42+00:00\",\"author\":{\"@id\":\"https:\/\/www.naturparkmagazin.de\/stechlin\/#\/schema\/person\/3f0d93203df21c806dd63c76d9bb28bc\"},\"breadcrumb\":{\"@id\":\"https:\/\/www.naturparkmagazin.de\/stechlin\/alte-sorten-fragestunde-am-21-maerz-2025\/#breadcrumb\"},\"inLanguage\":\"de\",\"potentialAction\":[{\"@type\":\"ReadAction\",\"target\":[\"https:\/\/www.naturparkmagazin.de\/stechlin\/alte-sorten-fragestunde-am-21-maerz-2025\/\"]}]},{\"@type\":\"BreadcrumbList\",\"@id\":\"https:\/\/www.naturparkmagazin.de\/stechlin\/alte-sorten-fragestunde-am-21-maerz-2025\/#breadcrumb\",\"itemListElement\":[{\"@type\":\"ListItem\",\"position\":1,\"name\":\"Home\",\"item\":\"https:\/\/www.naturparkmagazin.de\/stechlin\/\"},{\"@type\":\"ListItem\",\"position\":2,\"name\":\"Alte Sorten Fragestunde am 21. M\u00e4rz 2025\"}]},{\"@type\":\"WebSite\",\"@id\":\"https:\/\/www.naturparkmagazin.de\/stechlin\/#website\",\"url\":\"https:\/\/www.naturparkmagazin.de\/stechlin\/\",\"name\":\"Naturpark Stechlin-Ruppiner Land\",\"description\":\"\",\"potentialAction\":[{\"@type\":\"SearchAction\",\"target\":{\"@type\":\"EntryPoint\",\"urlTemplate\":\"https:\/\/www.naturparkmagazin.de\/stechlin\/?s={search_term_string}\"},\"query-input\":\"required name=search_term_string\"}],\"inLanguage\":\"de\"},{\"@type\":\"Person\",\"@id\":\"https:\/\/www.naturparkmagazin.de\/stechlin\/#\/schema\/person\/3f0d93203df21c806dd63c76d9bb28bc\",\"name\":\"marioschrumpf\",\"url\":\"https:\/\/www.naturparkmagazin.de\/stechlin\/author\/marioschrumpf\/\"}]}<\/script>\n<!-- \/ Yoast SEO plugin. -->","yoast_head_json":{"title":"Alte Sorten Fragestunde am 21. M\u00e4rz 2025 - Naturpark Stechlin-Ruppiner Land","robots":{"index":"index","follow":"follow","max-snippet":"max-snippet:-1","max-image-preview":"max-image-preview:large","max-video-preview":"max-video-preview:-1"},"canonical":"https:\/\/www.naturparkmagazin.de\/stechlin\/alte-sorten-fragestunde-am-21-maerz-2025\/","og_locale":"de_DE","og_type":"article","og_title":"Alte Sorten Fragestunde am 21. M\u00e4rz 2025 - Naturpark Stechlin-Ruppiner Land","og_description":"Wenn die Sonne h\u00f6her steigt und mit ihr fr\u00fchlingshafte Temparaturen ins Freie locken, ist am 21. M\u00e4rz 2025 um 18.00 Uhr auch Zeit f\u00fcr die allj\u00e4hrliche \u201eAlte Sorten Fragestunde\u201c in der Regionalwerkstatt Stechlin in Menz.","og_url":"https:\/\/www.naturparkmagazin.de\/stechlin\/alte-sorten-fragestunde-am-21-maerz-2025\/","og_site_name":"Naturpark Stechlin-Ruppiner Land","article_published_time":"2025-02-20T15:03:20+00:00","article_modified_time":"2025-02-21T09:46:42+00:00","og_image":[{"width":200,"height":200,"url":"https:\/\/www.naturparkmagazin.de\/stechlin\/wp-content\/uploads\/sites\/38\/Blaurot-Samtiger-Binkel-1024x768-1.jpg","type":"image\/jpeg"}],"author":"marioschrumpf","twitter_misc":{"Verfasst von":"marioschrumpf","Gesch\u00e4tzte Lesezeit":"1\u00a0Minute"},"schema":{"@context":"https:\/\/schema.org","@graph":[{"@type":"WebPage","@id":"https:\/\/www.naturparkmagazin.de\/stechlin\/alte-sorten-fragestunde-am-21-maerz-2025\/","url":"https:\/\/www.naturparkmagazin.de\/stechlin\/alte-sorten-fragestunde-am-21-maerz-2025\/","name":"Alte Sorten Fragestunde am 21. M\u00e4rz 2025 - Naturpark Stechlin-Ruppiner Land","isPartOf":{"@id":"https:\/\/www.naturparkmagazin.de\/stechlin\/#website"},"datePublished":"2025-02-20T15:03:20+00:00","dateModified":"2025-02-21T09:46:42+00:00","author":{"@id":"https:\/\/www.naturparkmagazin.de\/stechlin\/#\/schema\/person\/3f0d93203df21c806dd63c76d9bb28bc"},"breadcrumb":{"@id":"https:\/\/www.naturparkmagazin.de\/stechlin\/alte-sorten-fragestunde-am-21-maerz-2025\/#breadcrumb"},"inLanguage":"de","potentialAction":[{"@type":"ReadAction","target":["https:\/\/www.naturparkmagazin.de\/stechlin\/alte-sorten-fragestunde-am-21-maerz-2025\/"]}]},{"@type":"BreadcrumbList","@id":"https:\/\/www.naturparkmagazin.de\/stechlin\/alte-sorten-fragestunde-am-21-maerz-2025\/#breadcrumb","itemListElement":[{"@type":"ListItem","position":1,"name":"Home","item":"https:\/\/www.naturparkmagazin.de\/stechlin\/"},{"@type":"ListItem","position":2,"name":"Alte Sorten Fragestunde am 21. M\u00e4rz 2025"}]},{"@type":"WebSite","@id":"https:\/\/www.naturparkmagazin.de\/stechlin\/#website","url":"https:\/\/www.naturparkmagazin.de\/stechlin\/","name":"Naturpark Stechlin-Ruppiner Land","description":"","potentialAction":[{"@type":"SearchAction","target":{"@type":"EntryPoint","urlTemplate":"https:\/\/www.naturparkmagazin.de\/stechlin\/?s={search_term_string}"},"query-input":"required name=search_term_string"}],"inLanguage":"de"},{"@type":"Person","@id":"https:\/\/www.naturparkmagazin.de\/stechlin\/#\/schema\/person\/3f0d93203df21c806dd63c76d9bb28bc","name":"marioschrumpf","url":"https:\/\/www.naturparkmagazin.de\/stechlin\/author\/marioschrumpf\/"}]}},"_links":{"self":[{"href":"https:\/\/www.naturparkmagazin.de\/stechlin\/wp-json\/wp\/v2\/posts\/16704"}],"collection":[{"href":"https:\/\/www.naturparkmagazin.de\/stechlin\/wp-json\/wp\/v2\/posts"}],"about":[{"href":"https:\/\/www.naturparkmagazin.de\/stechlin\/wp-json\/wp\/v2\/types\/post"}],"author":[{"embeddable":true,"href":"https:\/\/www.naturparkmagazin.de\/stechlin\/wp-json\/wp\/v2\/users\/39"}],"replies":[{"embeddable":true,"href":"https:\/\/www.naturparkmagazin.de\/stechlin\/wp-json\/wp\/v2\/comments?post=16704"}],"version-history":[{"count":6,"href":"https:\/\/www.naturparkmagazin.de\/stechlin\/wp-json\/wp\/v2\/posts\/16704\/revisions"}],"predecessor-version":[{"id":16774,"href":"https:\/\/www.naturparkmagazin.de\/stechlin\/wp-json\/wp\/v2\/posts\/16704\/revisions\/16774"}],"wp:featuredmedia":[{"embeddable":true,"href":"https:\/\/www.naturparkmagazin.de\/stechlin\/wp-json\/wp\/v2\/media\/16743"}],"wp:attachment":[{"href":"https:\/\/www.naturparkmagazin.de\/stechlin\/wp-json\/wp\/v2\/media?parent=16704"}],"wp:term":[{"taxonomy":"category","embeddable":true,"href":"https:\/\/www.naturparkmagazin.de\/stechlin\/wp-json\/wp\/v2\/categories?post=16704"},{"taxonomy":"post_tag","embeddable":true,"href":"https:\/\/www.naturparkmagazin.de\/stechlin\/wp-json\/wp\/v2\/tags?post=16704"}],"curies":[{"name":"wp","href":"https:\/\/api.w.org\/{rel}","templated":true}]}}