{"id":1680,"date":"2020-01-16T12:00:55","date_gmt":"2020-01-16T11:00:55","guid":{"rendered":"http:\/\/www.naturparkmagazin.de\/stechlin\/?p=1680"},"modified":"2020-01-24T08:55:18","modified_gmt":"2020-01-24T07:55:18","slug":"unbedingt-vormerken-kleiner-naturschutztag-findet-am-19-februar-statt","status":"publish","type":"post","link":"https:\/\/www.naturparkmagazin.de\/stechlin\/unbedingt-vormerken-kleiner-naturschutztag-findet-am-19-februar-statt\/","title":{"rendered":"Viel los zum 14. Kleinen Naturschutztag!"},"content":{"rendered":"<p><a href=\"https:\/\/www.naturparkmagazin.de\/stechlin\/wp-content\/uploads\/sites\/38\/Kl-NST-3.jpg\"><img decoding=\"async\" loading=\"lazy\" class=\"alignnone size-full wp-image-1719\" src=\"https:\/\/www.naturparkmagazin.de\/stechlin\/wp-content\/uploads\/sites\/38\/Kl-NST-3.jpg\" alt=\"NP SRL\/Dr. Mario Schrumpf\" width=\"500\" height=\"335\" srcset=\"https:\/\/www.naturparkmagazin.de\/stechlin\/wp-content\/uploads\/sites\/38\/Kl-NST-3.jpg 500w, https:\/\/www.naturparkmagazin.de\/stechlin\/wp-content\/uploads\/sites\/38\/Kl-NST-3-300x201.jpg 300w, https:\/\/www.naturparkmagazin.de\/stechlin\/wp-content\/uploads\/sites\/38\/Kl-NST-3-200x134.jpg 200w\" sizes=\"(max-width: 500px) 100vw, 500px\" \/><\/a><\/p>\n<p>Die Naturparkverwaltung l\u00e4dt am <strong>20<\/strong>.<strong> Februar 2020, 9.30 Uhr\u00a0<\/strong>zur traditionellen Jahrestagung in das <strong>Stechlinsee-Center Neuglobsow<\/strong> ein.<\/p>\n<p>Der Kleine Naturschutztag\u00a0findet bereits zum 14. Mal statt. An diesem Tage werden Ergebnisse wissenschaftlicher Untersuchungen und ehrenamtlicher Kartierungen sowie Projekte des Naturparks und seiner Partner vorgestellt.<strong><em>\n<\/em><\/strong><\/p>\n<p>&nbsp;<\/p>\n<p><span style=\"text-decoration: underline\"><strong>Achtung! Neuer Veranstaltungsort!<\/strong><\/span><\/p>\n<p>&nbsp;<\/p>\n<p><strong><span style=\"text-decoration: underline\">Anmeldung erforderlich!<\/span><\/strong><\/p>\n<p><strong>Ansprechpartnerin: <\/strong><\/p>\n<p>Silke Oldorff, Tel. 033082\/40717<\/p>\n<p><strong><a href=\"https:\/\/www.stechlin-ruppiner-land-naturpark.de\/fileadmin\/user_upload\/PDF\/Stechlin-Ruppin\/Aktuelles\/Rueckmelde2020.pdf\">Hier geht es zur Anmeldung<\/a>!<\/strong><\/p>\n<p>&nbsp;<\/p>\n<p><span style=\"text-decoration: underline\"><strong>Programm:<\/strong><\/span><\/p>\n<p><strong>9.00<\/strong> Uhr Einlass<\/p>\n<p><strong>9.30<\/strong> Uhr Begr\u00fc\u00dfung &#8211; Mario Schrumpf,\u00a0Leiter Naturpark Stechlin-Ruppiner Land<\/p>\n<p><strong>9.40<\/strong> Uhr Der Stechlin \u2013 Ver\u00e4nderungen eines Klarwassersees, Prof. Mark Gessner, Leibniz-Institut f\u00fcr Gew\u00e4sser\u00f6kologie und Binnenfischerei, Neuglobsow<\/p>\n<p><strong>10.00<\/strong> Uhr Aktueller Zustand der Seen im Naturpark, Silke Oldorff, Naturpark Stechlin-Ruppiner Land, Stechlin<\/p>\n<p><strong>10.20<\/strong> Uhr Erfolgreiche Moorrevitalisierung im Stechlingebiet? Entwicklung von 7 Mooren 2002\u20132019, Prof. Vera Luthardt, Hochschule f\u00fcr nachhaltige Entwicklung, Eberswalde<\/p>\n<p><strong>10.40<\/strong> Uhr Kaffeepause<\/p>\n<p><strong>11.10<\/strong> Uhr Gew\u00e4ssersanierungen in Zeiten des Klimawandels \u2013 Fallbeispiel Magistratssee bei Lindow\/Mark, Herrmann Wiesing, Agrar- und Umweltplanung, Beetzsee<\/p>\n<p><strong>11.30<\/strong> Uhr Was bringt die Brandenburger Biber-Verordnung aus Sicht des Naturschutzes?, Christiane Schr\u00f6der, NABU-Landesverband Brandenburg, Potsdam<\/p>\n<p><strong>11.50<\/strong> Uhr Von Ost nach West \u2013 Schwarzst\u00f6rche im Naturpark, Robert Franck, zertifizierter Natur- und Landschaftsf\u00fchrer, Rheinsberg<\/p>\n<p><strong>12.10<\/strong> Uhr Mittagspause, Kleiner Imbiss wird angeboten \u2013 siehe Anmeldeformular<\/p>\n<p><strong>13.10<\/strong> Uhr Trockenjahre 2018 und 2019 \u2013 Hydrologische Einblicke in den Wasserhaushalt, J\u00f6rn Friedrich, Landesamt f\u00fcr Umwelt Brandenburg, Neuruppin<\/p>\n<p><strong>13.30<\/strong> Uhr Trinkwasserdargebot im Naturpark, Dr. Falk Bednorz, HGN Beratungsgesellschaft GmbH, Hennigsdorf<\/p>\n<p><strong>13.50<\/strong> Uhr Gew\u00e4sserentwicklung und Artenschutz im Rahmen der Gew\u00e4sserunterhaltung, Antje Strelow, Landesamt f\u00fcr Umwelt, Potsdam<\/p>\n<p><strong>14.10<\/strong> Uhr Tee- und Kaffeepause<\/p>\n<p><strong>14.40<\/strong> Uhr Kahlschlag ist von gestern \u2013 \u00d6kologisches Trassenmanagement unter Stromleitungen im Naturschutzgebiet Stechlin, In\u00e9s Noll, NABU-Stiftung Nationales Naturerbe, Berlin<\/p>\n<p><strong>15.00<\/strong> Uhr Gl\u00e4serner Forstbetrieb, Jeanette Blumr\u00f6der, Hochschule f\u00fcr nachhaltige Entwicklung, Eberswalde<\/p>\n<p><strong>15.20<\/strong> Uhr Zusammen f\u00fcr Natura 2000 \u2013 Akteure, Arten, Lebensr\u00e4ume, Frank Berhorn Stiftung NaturSchutzFonds Brandenburg, Potsdam und Thomas Hahn, Naturwacht Stechlin-Ruppiner Land, Stechlin<\/p>\n<p><strong>15.40<\/strong> Uhr Res\u00fcmee und Ende der Veranstaltung<\/p>\n<p>&nbsp;<\/p>\n<p>&nbsp;<\/p>\n","protected":false},"excerpt":{"rendered":"<p>Die Naturparkverwaltung l\u00e4dt am 20. Februar, 9.30 Uhr zum 14. Kleinen Naturschutztag in das Stechlinsee-Center Neuglobsow ein. <\/p>\n","protected":false},"author":39,"featured_media":3195,"comment_status":"open","ping_status":"open","sticky":false,"template":"","format":"standard","meta":[],"categories":[11],"tags":[],"yoast_head":"<!-- This site is optimized with the Yoast SEO plugin v19.10 - https:\/\/yoast.com\/wordpress\/plugins\/seo\/ -->\n<title>Viel los zum 14. Kleinen Naturschutztag! - Naturpark Stechlin-Ruppiner Land<\/title>\n<meta name=\"robots\" content=\"index, follow, max-snippet:-1, max-image-preview:large, max-video-preview:-1\" \/>\n<link rel=\"canonical\" href=\"https:\/\/www.naturparkmagazin.de\/stechlin\/unbedingt-vormerken-kleiner-naturschutztag-findet-am-19-februar-statt\/\" \/>\n<meta property=\"og:locale\" content=\"de_DE\" \/>\n<meta property=\"og:type\" content=\"article\" \/>\n<meta property=\"og:title\" content=\"Viel los zum 14. Kleinen Naturschutztag! - Naturpark Stechlin-Ruppiner Land\" \/>\n<meta property=\"og:description\" content=\"Die Naturparkverwaltung l\u00e4dt am 20. Februar, 9.30 Uhr zum 14. Kleinen Naturschutztag in das Stechlinsee-Center Neuglobsow ein.\" \/>\n<meta property=\"og:url\" content=\"https:\/\/www.naturparkmagazin.de\/stechlin\/unbedingt-vormerken-kleiner-naturschutztag-findet-am-19-februar-statt\/\" \/>\n<meta property=\"og:site_name\" content=\"Naturpark Stechlin-Ruppiner Land\" \/>\n<meta property=\"article:published_time\" content=\"2020-01-16T11:00:55+00:00\" \/>\n<meta property=\"article:modified_time\" content=\"2020-01-24T07:55:18+00:00\" \/>\n<meta property=\"og:image\" content=\"https:\/\/www.naturparkmagazin.de\/stechlin\/wp-content\/uploads\/sites\/38\/Naturschutztag.jpg\" \/>\n\t<meta property=\"og:image:width\" content=\"200\" \/>\n\t<meta property=\"og:image:height\" content=\"200\" \/>\n\t<meta property=\"og:image:type\" content=\"image\/jpeg\" \/>\n<meta name=\"author\" content=\"marioschrumpf\" \/>\n<meta name=\"twitter:label1\" content=\"Verfasst von\" \/>\n\t<meta name=\"twitter:data1\" content=\"marioschrumpf\" \/>\n\t<meta name=\"twitter:label2\" content=\"Gesch\u00e4tzte Lesezeit\" \/>\n\t<meta name=\"twitter:data2\" content=\"1\u00a0Minute\" \/>\n<script type=\"application\/ld+json\" class=\"yoast-schema-graph\">{\"@context\":\"https:\/\/schema.org\",\"@graph\":[{\"@type\":\"WebPage\",\"@id\":\"https:\/\/www.naturparkmagazin.de\/stechlin\/unbedingt-vormerken-kleiner-naturschutztag-findet-am-19-februar-statt\/\",\"url\":\"https:\/\/www.naturparkmagazin.de\/stechlin\/unbedingt-vormerken-kleiner-naturschutztag-findet-am-19-februar-statt\/\",\"name\":\"Viel los zum 14. Kleinen Naturschutztag! - Naturpark Stechlin-Ruppiner Land\",\"isPartOf\":{\"@id\":\"https:\/\/www.naturparkmagazin.de\/stechlin\/#website\"},\"datePublished\":\"2020-01-16T11:00:55+00:00\",\"dateModified\":\"2020-01-24T07:55:18+00:00\",\"author\":{\"@id\":\"https:\/\/www.naturparkmagazin.de\/stechlin\/#\/schema\/person\/3f0d93203df21c806dd63c76d9bb28bc\"},\"breadcrumb\":{\"@id\":\"https:\/\/www.naturparkmagazin.de\/stechlin\/unbedingt-vormerken-kleiner-naturschutztag-findet-am-19-februar-statt\/#breadcrumb\"},\"inLanguage\":\"de\",\"potentialAction\":[{\"@type\":\"ReadAction\",\"target\":[\"https:\/\/www.naturparkmagazin.de\/stechlin\/unbedingt-vormerken-kleiner-naturschutztag-findet-am-19-februar-statt\/\"]}]},{\"@type\":\"BreadcrumbList\",\"@id\":\"https:\/\/www.naturparkmagazin.de\/stechlin\/unbedingt-vormerken-kleiner-naturschutztag-findet-am-19-februar-statt\/#breadcrumb\",\"itemListElement\":[{\"@type\":\"ListItem\",\"position\":1,\"name\":\"Home\",\"item\":\"https:\/\/www.naturparkmagazin.de\/stechlin\/\"},{\"@type\":\"ListItem\",\"position\":2,\"name\":\"Viel los zum 14. Kleinen Naturschutztag!\"}]},{\"@type\":\"WebSite\",\"@id\":\"https:\/\/www.naturparkmagazin.de\/stechlin\/#website\",\"url\":\"https:\/\/www.naturparkmagazin.de\/stechlin\/\",\"name\":\"Naturpark Stechlin-Ruppiner Land\",\"description\":\"\",\"potentialAction\":[{\"@type\":\"SearchAction\",\"target\":{\"@type\":\"EntryPoint\",\"urlTemplate\":\"https:\/\/www.naturparkmagazin.de\/stechlin\/?s={search_term_string}\"},\"query-input\":\"required name=search_term_string\"}],\"inLanguage\":\"de\"},{\"@type\":\"Person\",\"@id\":\"https:\/\/www.naturparkmagazin.de\/stechlin\/#\/schema\/person\/3f0d93203df21c806dd63c76d9bb28bc\",\"name\":\"marioschrumpf\",\"url\":\"https:\/\/www.naturparkmagazin.de\/stechlin\/author\/marioschrumpf\/\"}]}<\/script>\n<!-- \/ Yoast SEO plugin. -->","yoast_head_json":{"title":"Viel los zum 14. Kleinen Naturschutztag! - Naturpark Stechlin-Ruppiner Land","robots":{"index":"index","follow":"follow","max-snippet":"max-snippet:-1","max-image-preview":"max-image-preview:large","max-video-preview":"max-video-preview:-1"},"canonical":"https:\/\/www.naturparkmagazin.de\/stechlin\/unbedingt-vormerken-kleiner-naturschutztag-findet-am-19-februar-statt\/","og_locale":"de_DE","og_type":"article","og_title":"Viel los zum 14. Kleinen Naturschutztag! - Naturpark Stechlin-Ruppiner Land","og_description":"Die Naturparkverwaltung l\u00e4dt am 20. Februar, 9.30 Uhr zum 14. Kleinen Naturschutztag in das Stechlinsee-Center Neuglobsow ein.","og_url":"https:\/\/www.naturparkmagazin.de\/stechlin\/unbedingt-vormerken-kleiner-naturschutztag-findet-am-19-februar-statt\/","og_site_name":"Naturpark Stechlin-Ruppiner Land","article_published_time":"2020-01-16T11:00:55+00:00","article_modified_time":"2020-01-24T07:55:18+00:00","og_image":[{"width":200,"height":200,"url":"https:\/\/www.naturparkmagazin.de\/stechlin\/wp-content\/uploads\/sites\/38\/Naturschutztag.jpg","type":"image\/jpeg"}],"author":"marioschrumpf","twitter_misc":{"Verfasst von":"marioschrumpf","Gesch\u00e4tzte Lesezeit":"1\u00a0Minute"},"schema":{"@context":"https:\/\/schema.org","@graph":[{"@type":"WebPage","@id":"https:\/\/www.naturparkmagazin.de\/stechlin\/unbedingt-vormerken-kleiner-naturschutztag-findet-am-19-februar-statt\/","url":"https:\/\/www.naturparkmagazin.de\/stechlin\/unbedingt-vormerken-kleiner-naturschutztag-findet-am-19-februar-statt\/","name":"Viel los zum 14. Kleinen Naturschutztag! - Naturpark Stechlin-Ruppiner Land","isPartOf":{"@id":"https:\/\/www.naturparkmagazin.de\/stechlin\/#website"},"datePublished":"2020-01-16T11:00:55+00:00","dateModified":"2020-01-24T07:55:18+00:00","author":{"@id":"https:\/\/www.naturparkmagazin.de\/stechlin\/#\/schema\/person\/3f0d93203df21c806dd63c76d9bb28bc"},"breadcrumb":{"@id":"https:\/\/www.naturparkmagazin.de\/stechlin\/unbedingt-vormerken-kleiner-naturschutztag-findet-am-19-februar-statt\/#breadcrumb"},"inLanguage":"de","potentialAction":[{"@type":"ReadAction","target":["https:\/\/www.naturparkmagazin.de\/stechlin\/unbedingt-vormerken-kleiner-naturschutztag-findet-am-19-februar-statt\/"]}]},{"@type":"BreadcrumbList","@id":"https:\/\/www.naturparkmagazin.de\/stechlin\/unbedingt-vormerken-kleiner-naturschutztag-findet-am-19-februar-statt\/#breadcrumb","itemListElement":[{"@type":"ListItem","position":1,"name":"Home","item":"https:\/\/www.naturparkmagazin.de\/stechlin\/"},{"@type":"ListItem","position":2,"name":"Viel los zum 14. Kleinen Naturschutztag!"}]},{"@type":"WebSite","@id":"https:\/\/www.naturparkmagazin.de\/stechlin\/#website","url":"https:\/\/www.naturparkmagazin.de\/stechlin\/","name":"Naturpark Stechlin-Ruppiner Land","description":"","potentialAction":[{"@type":"SearchAction","target":{"@type":"EntryPoint","urlTemplate":"https:\/\/www.naturparkmagazin.de\/stechlin\/?s={search_term_string}"},"query-input":"required name=search_term_string"}],"inLanguage":"de"},{"@type":"Person","@id":"https:\/\/www.naturparkmagazin.de\/stechlin\/#\/schema\/person\/3f0d93203df21c806dd63c76d9bb28bc","name":"marioschrumpf","url":"https:\/\/www.naturparkmagazin.de\/stechlin\/author\/marioschrumpf\/"}]}},"_links":{"self":[{"href":"https:\/\/www.naturparkmagazin.de\/stechlin\/wp-json\/wp\/v2\/posts\/1680"}],"collection":[{"href":"https:\/\/www.naturparkmagazin.de\/stechlin\/wp-json\/wp\/v2\/posts"}],"about":[{"href":"https:\/\/www.naturparkmagazin.de\/stechlin\/wp-json\/wp\/v2\/types\/post"}],"author":[{"embeddable":true,"href":"https:\/\/www.naturparkmagazin.de\/stechlin\/wp-json\/wp\/v2\/users\/39"}],"replies":[{"embeddable":true,"href":"https:\/\/www.naturparkmagazin.de\/stechlin\/wp-json\/wp\/v2\/comments?post=1680"}],"version-history":[{"count":31,"href":"https:\/\/www.naturparkmagazin.de\/stechlin\/wp-json\/wp\/v2\/posts\/1680\/revisions"}],"predecessor-version":[{"id":9242,"href":"https:\/\/www.naturparkmagazin.de\/stechlin\/wp-json\/wp\/v2\/posts\/1680\/revisions\/9242"}],"wp:featuredmedia":[{"embeddable":true,"href":"https:\/\/www.naturparkmagazin.de\/stechlin\/wp-json\/wp\/v2\/media\/3195"}],"wp:attachment":[{"href":"https:\/\/www.naturparkmagazin.de\/stechlin\/wp-json\/wp\/v2\/media?parent=1680"}],"wp:term":[{"taxonomy":"category","embeddable":true,"href":"https:\/\/www.naturparkmagazin.de\/stechlin\/wp-json\/wp\/v2\/categories?post=1680"},{"taxonomy":"post_tag","embeddable":true,"href":"https:\/\/www.naturparkmagazin.de\/stechlin\/wp-json\/wp\/v2\/tags?post=1680"}],"curies":[{"name":"wp","href":"https:\/\/api.w.org\/{rel}","templated":true}]}}