{"id":1683,"date":"2014-12-15T15:00:23","date_gmt":"2014-12-15T14:00:23","guid":{"rendered":"http:\/\/www.naturparkmagazin.de\/stechlin\/?p=1683"},"modified":"2014-12-18T15:18:17","modified_gmt":"2014-12-18T14:18:17","slug":"kinder-wildnis-camp-in-der-ruppiner-schweiz","status":"publish","type":"post","link":"https:\/\/www.naturparkmagazin.de\/stechlin\/kinder-wildnis-camp-in-der-ruppiner-schweiz\/","title":{"rendered":"Kinder-Wildnis-Camp in der Ruppiner Schweiz"},"content":{"rendered":"<div id=\"attachment_1688\" style=\"width: 510px\" class=\"wp-caption alignnone\"><a href=\"https:\/\/www.naturparkmagazin.de\/stechlin\/wp-content\/uploads\/sites\/38\/Umweltbildung.jpg\"><img aria-describedby=\"caption-attachment-1688\" decoding=\"async\" loading=\"lazy\" class=\"size-full wp-image-1688\" alt=\"Sommerwildniscamp am Roofensee\" src=\"https:\/\/www.naturparkmagazin.de\/stechlin\/wp-content\/uploads\/sites\/38\/Umweltbildung.jpg\" width=\"500\" height=\"335\" srcset=\"https:\/\/www.naturparkmagazin.de\/stechlin\/wp-content\/uploads\/sites\/38\/Umweltbildung.jpg 500w, https:\/\/www.naturparkmagazin.de\/stechlin\/wp-content\/uploads\/sites\/38\/Umweltbildung-300x201.jpg 300w, https:\/\/www.naturparkmagazin.de\/stechlin\/wp-content\/uploads\/sites\/38\/Umweltbildung-200x134.jpg 200w\" sizes=\"(max-width: 500px) 100vw, 500px\" \/><\/a><p id=\"caption-attachment-1688\" class=\"wp-caption-text\">Sommerwildniscamp am Roofensee<\/p><\/div>\n<p>In den Winterferien vom 2.-6. Februar l\u00e4dt die Wildnisschule Seenland Kinder im Alter von 6-12 Jahren ins Forsthaus Rottstiel ein.<\/p>\n<p>Nach inspirierenden Spielen und Geschichten im Camp machen wir uns auf die Suche nach Tierspuren, Federn und eigenen Abenteuern. Wir finden unsere eigenen spannenden Wildniserlebnisse. In Kleingruppen \u00fcben wir Feuermachen, nutzen Lehm zum\u00a0&#8222;T\u00f6pfern&#8220;, bauen einen Unterschlupf oder flechten Seile aus Pflanzen&#8230; Bei K\u00e4lte und Regen steht uns ein Tipi mit w\u00e4rmendem Feuer zur Verf\u00fcgung. Der Tag endet am Lagerfeuer mit dem Teilen der pers\u00f6nlichen Geschichte des Tages im Kreis.<\/p>\n","protected":false},"excerpt":{"rendered":"<p>In den Winterferien vom 2.-6. Februar l\u00e4dt die Wildnisschule Seenland Kinder im Alter von 6-12 Jahren ins Forsthaus Rottstiel ein.<\/p>\n","protected":false},"author":39,"featured_media":1688,"comment_status":"open","ping_status":"open","sticky":false,"template":"","format":"standard","meta":[],"categories":[11],"tags":[],"yoast_head":"<!-- This site is optimized with the Yoast SEO plugin v19.10 - https:\/\/yoast.com\/wordpress\/plugins\/seo\/ -->\n<title>Kinder-Wildnis-Camp in der Ruppiner Schweiz - Naturpark Stechlin-Ruppiner Land<\/title>\n<meta name=\"robots\" content=\"index, follow, max-snippet:-1, max-image-preview:large, max-video-preview:-1\" \/>\n<link rel=\"canonical\" href=\"https:\/\/www.naturparkmagazin.de\/stechlin\/kinder-wildnis-camp-in-der-ruppiner-schweiz\/\" \/>\n<meta property=\"og:locale\" content=\"de_DE\" \/>\n<meta property=\"og:type\" content=\"article\" \/>\n<meta property=\"og:title\" content=\"Kinder-Wildnis-Camp in der Ruppiner Schweiz - Naturpark Stechlin-Ruppiner Land\" \/>\n<meta property=\"og:description\" content=\"In den Winterferien vom 2.-6. Februar l\u00e4dt die Wildnisschule Seenland Kinder im Alter von 6-12 Jahren ins Forsthaus Rottstiel ein.\" \/>\n<meta property=\"og:url\" content=\"https:\/\/www.naturparkmagazin.de\/stechlin\/kinder-wildnis-camp-in-der-ruppiner-schweiz\/\" \/>\n<meta property=\"og:site_name\" content=\"Naturpark Stechlin-Ruppiner Land\" \/>\n<meta property=\"article:published_time\" content=\"2014-12-15T14:00:23+00:00\" \/>\n<meta property=\"article:modified_time\" content=\"2014-12-18T14:18:17+00:00\" \/>\n<meta property=\"og:image\" content=\"https:\/\/www.naturparkmagazin.de\/stechlin\/wp-content\/uploads\/sites\/38\/Umweltbildung.jpg\" \/>\n\t<meta property=\"og:image:width\" content=\"500\" \/>\n\t<meta property=\"og:image:height\" content=\"335\" \/>\n\t<meta property=\"og:image:type\" content=\"image\/jpeg\" \/>\n<meta name=\"author\" content=\"marioschrumpf\" \/>\n<meta name=\"twitter:label1\" content=\"Verfasst von\" \/>\n\t<meta name=\"twitter:data1\" content=\"marioschrumpf\" \/>\n\t<meta name=\"twitter:label2\" content=\"Gesch\u00e4tzte Lesezeit\" \/>\n\t<meta name=\"twitter:data2\" content=\"1\u00a0Minute\" \/>\n<script type=\"application\/ld+json\" class=\"yoast-schema-graph\">{\"@context\":\"https:\/\/schema.org\",\"@graph\":[{\"@type\":\"WebPage\",\"@id\":\"https:\/\/www.naturparkmagazin.de\/stechlin\/kinder-wildnis-camp-in-der-ruppiner-schweiz\/\",\"url\":\"https:\/\/www.naturparkmagazin.de\/stechlin\/kinder-wildnis-camp-in-der-ruppiner-schweiz\/\",\"name\":\"Kinder-Wildnis-Camp in der Ruppiner Schweiz - Naturpark Stechlin-Ruppiner Land\",\"isPartOf\":{\"@id\":\"https:\/\/www.naturparkmagazin.de\/stechlin\/#website\"},\"datePublished\":\"2014-12-15T14:00:23+00:00\",\"dateModified\":\"2014-12-18T14:18:17+00:00\",\"author\":{\"@id\":\"https:\/\/www.naturparkmagazin.de\/stechlin\/#\/schema\/person\/3f0d93203df21c806dd63c76d9bb28bc\"},\"breadcrumb\":{\"@id\":\"https:\/\/www.naturparkmagazin.de\/stechlin\/kinder-wildnis-camp-in-der-ruppiner-schweiz\/#breadcrumb\"},\"inLanguage\":\"de\",\"potentialAction\":[{\"@type\":\"ReadAction\",\"target\":[\"https:\/\/www.naturparkmagazin.de\/stechlin\/kinder-wildnis-camp-in-der-ruppiner-schweiz\/\"]}]},{\"@type\":\"BreadcrumbList\",\"@id\":\"https:\/\/www.naturparkmagazin.de\/stechlin\/kinder-wildnis-camp-in-der-ruppiner-schweiz\/#breadcrumb\",\"itemListElement\":[{\"@type\":\"ListItem\",\"position\":1,\"name\":\"Home\",\"item\":\"https:\/\/www.naturparkmagazin.de\/stechlin\/\"},{\"@type\":\"ListItem\",\"position\":2,\"name\":\"Kinder-Wildnis-Camp in der Ruppiner Schweiz\"}]},{\"@type\":\"WebSite\",\"@id\":\"https:\/\/www.naturparkmagazin.de\/stechlin\/#website\",\"url\":\"https:\/\/www.naturparkmagazin.de\/stechlin\/\",\"name\":\"Naturpark Stechlin-Ruppiner Land\",\"description\":\"\",\"potentialAction\":[{\"@type\":\"SearchAction\",\"target\":{\"@type\":\"EntryPoint\",\"urlTemplate\":\"https:\/\/www.naturparkmagazin.de\/stechlin\/?s={search_term_string}\"},\"query-input\":\"required name=search_term_string\"}],\"inLanguage\":\"de\"},{\"@type\":\"Person\",\"@id\":\"https:\/\/www.naturparkmagazin.de\/stechlin\/#\/schema\/person\/3f0d93203df21c806dd63c76d9bb28bc\",\"name\":\"marioschrumpf\",\"url\":\"https:\/\/www.naturparkmagazin.de\/stechlin\/author\/marioschrumpf\/\"}]}<\/script>\n<!-- \/ Yoast SEO plugin. -->","yoast_head_json":{"title":"Kinder-Wildnis-Camp in der Ruppiner Schweiz - Naturpark Stechlin-Ruppiner Land","robots":{"index":"index","follow":"follow","max-snippet":"max-snippet:-1","max-image-preview":"max-image-preview:large","max-video-preview":"max-video-preview:-1"},"canonical":"https:\/\/www.naturparkmagazin.de\/stechlin\/kinder-wildnis-camp-in-der-ruppiner-schweiz\/","og_locale":"de_DE","og_type":"article","og_title":"Kinder-Wildnis-Camp in der Ruppiner Schweiz - Naturpark Stechlin-Ruppiner Land","og_description":"In den Winterferien vom 2.-6. Februar l\u00e4dt die Wildnisschule Seenland Kinder im Alter von 6-12 Jahren ins Forsthaus Rottstiel ein.","og_url":"https:\/\/www.naturparkmagazin.de\/stechlin\/kinder-wildnis-camp-in-der-ruppiner-schweiz\/","og_site_name":"Naturpark Stechlin-Ruppiner Land","article_published_time":"2014-12-15T14:00:23+00:00","article_modified_time":"2014-12-18T14:18:17+00:00","og_image":[{"width":500,"height":335,"url":"https:\/\/www.naturparkmagazin.de\/stechlin\/wp-content\/uploads\/sites\/38\/Umweltbildung.jpg","type":"image\/jpeg"}],"author":"marioschrumpf","twitter_misc":{"Verfasst von":"marioschrumpf","Gesch\u00e4tzte Lesezeit":"1\u00a0Minute"},"schema":{"@context":"https:\/\/schema.org","@graph":[{"@type":"WebPage","@id":"https:\/\/www.naturparkmagazin.de\/stechlin\/kinder-wildnis-camp-in-der-ruppiner-schweiz\/","url":"https:\/\/www.naturparkmagazin.de\/stechlin\/kinder-wildnis-camp-in-der-ruppiner-schweiz\/","name":"Kinder-Wildnis-Camp in der Ruppiner Schweiz - Naturpark Stechlin-Ruppiner Land","isPartOf":{"@id":"https:\/\/www.naturparkmagazin.de\/stechlin\/#website"},"datePublished":"2014-12-15T14:00:23+00:00","dateModified":"2014-12-18T14:18:17+00:00","author":{"@id":"https:\/\/www.naturparkmagazin.de\/stechlin\/#\/schema\/person\/3f0d93203df21c806dd63c76d9bb28bc"},"breadcrumb":{"@id":"https:\/\/www.naturparkmagazin.de\/stechlin\/kinder-wildnis-camp-in-der-ruppiner-schweiz\/#breadcrumb"},"inLanguage":"de","potentialAction":[{"@type":"ReadAction","target":["https:\/\/www.naturparkmagazin.de\/stechlin\/kinder-wildnis-camp-in-der-ruppiner-schweiz\/"]}]},{"@type":"BreadcrumbList","@id":"https:\/\/www.naturparkmagazin.de\/stechlin\/kinder-wildnis-camp-in-der-ruppiner-schweiz\/#breadcrumb","itemListElement":[{"@type":"ListItem","position":1,"name":"Home","item":"https:\/\/www.naturparkmagazin.de\/stechlin\/"},{"@type":"ListItem","position":2,"name":"Kinder-Wildnis-Camp in der Ruppiner Schweiz"}]},{"@type":"WebSite","@id":"https:\/\/www.naturparkmagazin.de\/stechlin\/#website","url":"https:\/\/www.naturparkmagazin.de\/stechlin\/","name":"Naturpark Stechlin-Ruppiner Land","description":"","potentialAction":[{"@type":"SearchAction","target":{"@type":"EntryPoint","urlTemplate":"https:\/\/www.naturparkmagazin.de\/stechlin\/?s={search_term_string}"},"query-input":"required name=search_term_string"}],"inLanguage":"de"},{"@type":"Person","@id":"https:\/\/www.naturparkmagazin.de\/stechlin\/#\/schema\/person\/3f0d93203df21c806dd63c76d9bb28bc","name":"marioschrumpf","url":"https:\/\/www.naturparkmagazin.de\/stechlin\/author\/marioschrumpf\/"}]}},"_links":{"self":[{"href":"https:\/\/www.naturparkmagazin.de\/stechlin\/wp-json\/wp\/v2\/posts\/1683"}],"collection":[{"href":"https:\/\/www.naturparkmagazin.de\/stechlin\/wp-json\/wp\/v2\/posts"}],"about":[{"href":"https:\/\/www.naturparkmagazin.de\/stechlin\/wp-json\/wp\/v2\/types\/post"}],"author":[{"embeddable":true,"href":"https:\/\/www.naturparkmagazin.de\/stechlin\/wp-json\/wp\/v2\/users\/39"}],"replies":[{"embeddable":true,"href":"https:\/\/www.naturparkmagazin.de\/stechlin\/wp-json\/wp\/v2\/comments?post=1683"}],"version-history":[{"count":4,"href":"https:\/\/www.naturparkmagazin.de\/stechlin\/wp-json\/wp\/v2\/posts\/1683\/revisions"}],"predecessor-version":[{"id":1700,"href":"https:\/\/www.naturparkmagazin.de\/stechlin\/wp-json\/wp\/v2\/posts\/1683\/revisions\/1700"}],"wp:featuredmedia":[{"embeddable":true,"href":"https:\/\/www.naturparkmagazin.de\/stechlin\/wp-json\/wp\/v2\/media\/1688"}],"wp:attachment":[{"href":"https:\/\/www.naturparkmagazin.de\/stechlin\/wp-json\/wp\/v2\/media?parent=1683"}],"wp:term":[{"taxonomy":"category","embeddable":true,"href":"https:\/\/www.naturparkmagazin.de\/stechlin\/wp-json\/wp\/v2\/categories?post=1683"},{"taxonomy":"post_tag","embeddable":true,"href":"https:\/\/www.naturparkmagazin.de\/stechlin\/wp-json\/wp\/v2\/tags?post=1683"}],"curies":[{"name":"wp","href":"https:\/\/api.w.org\/{rel}","templated":true}]}}