{"id":16862,"date":"2025-03-21T16:02:39","date_gmt":"2025-03-21T15:02:39","guid":{"rendered":"https:\/\/www.naturparkmagazin.de\/stechlin\/?p=16862"},"modified":"2025-03-27T15:39:26","modified_gmt":"2025-03-27T14:39:26","slug":"oekofilmtour-im-naturpark-stechlin-ruppiner-land-im-april-2025","status":"publish","type":"post","link":"https:\/\/www.naturparkmagazin.de\/stechlin\/oekofilmtour-im-naturpark-stechlin-ruppiner-land-im-april-2025\/","title":{"rendered":"\u00d6kofilmtour im Naturpark Stechlin-Ruppiner Land im April 2025"},"content":{"rendered":"<p>Die <a href=\"https:\/\/oekofilmtour.de\/\" target=\"_blank\" rel=\"noopener\">\u00d6kofilmtour<\/a> macht im <strong>April 2025<\/strong> an <strong>f\u00fcnf <\/strong>verschiedenen <strong>Spielorten<\/strong> im und am Naturpark Stechlin-Ruppiner Land Station.<\/p>\n<p>In der <a href=\"https:\/\/storchenschmiede.de\/\" target=\"_blank\" rel=\"noopener\"><strong>Storchenschmiede Linum<\/strong><\/a> wird am <strong>5. April ab 17.00 Uhr<\/strong> der Film <strong>&#8222;Die Nacht erwacht! \u00dcber Leben im Wald&#8220;<\/strong> gezeigt.<\/p>\n<p>Naturfilm, 44 Minuten, 2024<\/p>\n<div id=\"attachment_16913\" style=\"width: 510px\" class=\"wp-caption aligncenter\"><a href=\"https:\/\/www.naturparkmagazin.de\/stechlin\/wp-content\/uploads\/sites\/38\/leben-im-wald_Tom-Horak.jpg\"><img aria-describedby=\"caption-attachment-16913\" decoding=\"async\" loading=\"lazy\" class=\"size-full wp-image-16913\" src=\"https:\/\/www.naturparkmagazin.de\/stechlin\/wp-content\/uploads\/sites\/38\/leben-im-wald_Tom-Horak.jpg\" alt=\"\" width=\"500\" height=\"300\" srcset=\"https:\/\/www.naturparkmagazin.de\/stechlin\/wp-content\/uploads\/sites\/38\/leben-im-wald_Tom-Horak.jpg 500w, https:\/\/www.naturparkmagazin.de\/stechlin\/wp-content\/uploads\/sites\/38\/leben-im-wald_Tom-Horak-300x180.jpg 300w, https:\/\/www.naturparkmagazin.de\/stechlin\/wp-content\/uploads\/sites\/38\/leben-im-wald_Tom-Horak-200x120.jpg 200w\" sizes=\"(max-width: 500px) 100vw, 500px\" \/><\/a><p id=\"caption-attachment-16913\" class=\"wp-caption-text\">Leben im Wald\u00a9 Tom Horak f\u00fcr F\u00d6N e.V.<\/p><\/div>\n<p>In ihrem ersten Film zeigen die Jungfilmer Clemens Keck und Tom Horak in kunstvollen Bildern das Leben in einem heimischen Fichtenwald bei Nacht. Sie pr\u00e4sentieren die fantastischen Anpassungen der Tiere an die Dunkelheit und erkl\u00e4ren deren Abh\u00e4ngigkeiten. Der Film beschreibt, was Raufu\u00dfkauz, Gelbhalsmaus, Schwarzspecht und Waldameise miteinander verbindet, und zeigt, wie die nachtaktiven Tiere mit den wechselnden N\u00e4chten umgehen \u2013 von der l\u00e4ngsten bis zur k\u00fcrzesten Nacht des Jahres. W\u00e4hrend Menschen den dunklen Wald oft meiden, sind die Waldbewohner perfekt an die Finsternis angepasst: Sie kommunizieren mit Lauten, orientieren sich mit Ultraschall und ihre gro\u00dfen Augen helfen ihnen, sich im Dickicht der B\u00e4ume zurechtzufinden.<\/p>\n<p>Im <a href=\"https:\/\/www.amt-temnitz.de\/verzeichnis\/visitenkarte.php?mandat=250784\" target=\"_blank\" rel=\"noopener\"><strong>Gemeindezentrum Frankendorf<\/strong><\/a> wird am<strong> 11. April ab 19.00 Uhr<\/strong> der Film <strong>&#8222;Der Sturm &#8211; Tiere bei Blitz und Donner&#8220;<\/strong> gezeigt.<\/p>\n<p>Naturfilm, 52 Minuten, 2024<\/p>\n<div id=\"attachment_16911\" style=\"width: 510px\" class=\"wp-caption aligncenter\"><a href=\"https:\/\/www.naturparkmagazin.de\/stechlin\/wp-content\/uploads\/sites\/38\/der-sturm_Laengengrad-Filmproduktion-Robin-Jaehne.jpg\"><img aria-describedby=\"caption-attachment-16911\" decoding=\"async\" loading=\"lazy\" class=\"size-full wp-image-16911\" src=\"https:\/\/www.naturparkmagazin.de\/stechlin\/wp-content\/uploads\/sites\/38\/der-sturm_Laengengrad-Filmproduktion-Robin-Jaehne.jpg\" alt=\"\" width=\"500\" height=\"300\" srcset=\"https:\/\/www.naturparkmagazin.de\/stechlin\/wp-content\/uploads\/sites\/38\/der-sturm_Laengengrad-Filmproduktion-Robin-Jaehne.jpg 500w, https:\/\/www.naturparkmagazin.de\/stechlin\/wp-content\/uploads\/sites\/38\/der-sturm_Laengengrad-Filmproduktion-Robin-Jaehne-300x180.jpg 300w, https:\/\/www.naturparkmagazin.de\/stechlin\/wp-content\/uploads\/sites\/38\/der-sturm_Laengengrad-Filmproduktion-Robin-Jaehne-200x120.jpg 200w\" sizes=\"(max-width: 500px) 100vw, 500px\" \/><\/a><p id=\"caption-attachment-16911\" class=\"wp-caption-text\">Der Sturm\u00a9 Laengengrad-Filmproduktion Robin Jaehne f\u00fcr F\u00d6N e.V.<\/p><\/div>\n<p>Der Film dokumentiert den Verlauf eines schweren Sommersturms und folgt dem \u00dcberlebenskampf unterschiedlicher Wildtiere. Ein Tierfilm mit Stilmitteln eines Katastrophenthrillers und zum Teil noch nie gesehenen Aufnahmen.<\/p>\n<p>Im <a href=\"https:\/\/uwb-backup.ubd-test.de\/\" target=\"_blank\" rel=\"noopener\"><strong>Umweltbahnhof Dannenwalde<\/strong><\/a> werden am <strong>13. April ab 16.00 Uhr<\/strong> die Kurzfilme <strong>&#8222;Bouquet&#8220;<\/strong> und <strong>&#8222;Feuersalamander &#8211; Wie lebt er an Land und im Wasser?&#8220;<\/strong> sowie der Film <strong>&#8222;Die Nacht erwacht! \u00dcber Leben im Wald&#8220;<\/strong> gezeigt.<\/p>\n<p><strong>Bouquet<\/strong><\/p>\n<p>Kurz-Animationsfilm, 3 Minuten, 2024<\/p>\n<div id=\"attachment_16910\" style=\"width: 510px\" class=\"wp-caption aligncenter\"><a href=\"https:\/\/www.naturparkmagazin.de\/stechlin\/wp-content\/uploads\/sites\/38\/bouquet.jpg\"><img aria-describedby=\"caption-attachment-16910\" decoding=\"async\" loading=\"lazy\" class=\"size-full wp-image-16910\" src=\"https:\/\/www.naturparkmagazin.de\/stechlin\/wp-content\/uploads\/sites\/38\/bouquet.jpg\" alt=\"\" width=\"500\" height=\"300\" srcset=\"https:\/\/www.naturparkmagazin.de\/stechlin\/wp-content\/uploads\/sites\/38\/bouquet.jpg 500w, https:\/\/www.naturparkmagazin.de\/stechlin\/wp-content\/uploads\/sites\/38\/bouquet-300x180.jpg 300w, https:\/\/www.naturparkmagazin.de\/stechlin\/wp-content\/uploads\/sites\/38\/bouquet-200x120.jpg 200w\" sizes=\"(max-width: 500px) 100vw, 500px\" \/><\/a><p id=\"caption-attachment-16910\" class=\"wp-caption-text\">\u00a9 F\u00d6N e.V.<\/p><\/div>\n<p>Manchmal entsteht eine Freundschaft durch einen Blumenstrau\u00df\u2026 oder durch die Begegnung zwischen den Generationen.<\/p>\n<p><strong>Feuersalamander &#8211; Wie lebt er an Land und im Wasser?<\/strong><\/p>\n<p>Dokumentarfilm, 8 Minuten, 2023<\/p>\n<div id=\"attachment_16912\" style=\"width: 510px\" class=\"wp-caption aligncenter\"><a href=\"https:\/\/www.naturparkmagazin.de\/stechlin\/wp-content\/uploads\/sites\/38\/feuersalamander_Jens-HamannWDR.jpg\"><img aria-describedby=\"caption-attachment-16912\" decoding=\"async\" loading=\"lazy\" class=\"size-full wp-image-16912\" src=\"https:\/\/www.naturparkmagazin.de\/stechlin\/wp-content\/uploads\/sites\/38\/feuersalamander_Jens-HamannWDR.jpg\" alt=\"\" width=\"500\" height=\"300\" srcset=\"https:\/\/www.naturparkmagazin.de\/stechlin\/wp-content\/uploads\/sites\/38\/feuersalamander_Jens-HamannWDR.jpg 500w, https:\/\/www.naturparkmagazin.de\/stechlin\/wp-content\/uploads\/sites\/38\/feuersalamander_Jens-HamannWDR-300x180.jpg 300w, https:\/\/www.naturparkmagazin.de\/stechlin\/wp-content\/uploads\/sites\/38\/feuersalamander_Jens-HamannWDR-200x120.jpg 200w\" sizes=\"(max-width: 500px) 100vw, 500px\" \/><\/a><p id=\"caption-attachment-16912\" class=\"wp-caption-text\">Feuersalamander\u00a9 Jens HamannWDR f\u00fcr F\u00d6N e.V.<\/p><\/div>\n<p>Ein erwachsener Feuersalamander lebt in schattigen, feuchten W\u00e4ldern, und zwar an Land. Dort frisst er vor allem Schnecken und W\u00fcrmer und sch\u00fctzt sich mit Giftdr\u00fcsen und Warnfarben vor Feinden. Geboren wird er jedoch im klaren Wasser eines Baches. Mit besonderen Kiemenb\u00fcscheln am Kopf kann die kleine Feuersalamanderlarve sofort im Wasser atmen und auf Nahrungssuche gehen, bis es Zeit f\u00fcr sie ist, ein neues Leben an Land zu beginnen.<\/p>\n<p><strong>Die Nacht erwacht! \u00dcber Leben im Wald<\/strong><\/p>\n<p>Naturfilm, 44 Minuten, 2024<\/p>\n<div id=\"attachment_16913\" style=\"width: 510px\" class=\"wp-caption aligncenter\"><a href=\"https:\/\/www.naturparkmagazin.de\/stechlin\/wp-content\/uploads\/sites\/38\/leben-im-wald_Tom-Horak.jpg\"><img aria-describedby=\"caption-attachment-16913\" decoding=\"async\" loading=\"lazy\" class=\"size-full wp-image-16913\" src=\"https:\/\/www.naturparkmagazin.de\/stechlin\/wp-content\/uploads\/sites\/38\/leben-im-wald_Tom-Horak.jpg\" alt=\"\" width=\"500\" height=\"300\" srcset=\"https:\/\/www.naturparkmagazin.de\/stechlin\/wp-content\/uploads\/sites\/38\/leben-im-wald_Tom-Horak.jpg 500w, https:\/\/www.naturparkmagazin.de\/stechlin\/wp-content\/uploads\/sites\/38\/leben-im-wald_Tom-Horak-300x180.jpg 300w, https:\/\/www.naturparkmagazin.de\/stechlin\/wp-content\/uploads\/sites\/38\/leben-im-wald_Tom-Horak-200x120.jpg 200w\" sizes=\"(max-width: 500px) 100vw, 500px\" \/><\/a><p id=\"caption-attachment-16913\" class=\"wp-caption-text\">Leben im Wald\u00a9 Tom Horak f\u00fcr F\u00d6N e.V.<\/p><\/div>\n<p>In ihrem ersten Film zeigen die Jungfilmer Clemens Keck und Tom Horak in kunstvollen Bildern das Leben in einem heimischen Fichtenwald bei Nacht. Sie pr\u00e4sentieren die fantastischen Anpassungen der Tiere an die Dunkelheit und erkl\u00e4ren deren Abh\u00e4ngigkeiten. Der Film beschreibt, was Raufu\u00dfkauz, Gelbhalsmaus, Schwarzspecht und Waldameise miteinander verbindet, und zeigt, wie die nachtaktiven Tiere mit den wechselnden N\u00e4chten umgehen \u2013 von der l\u00e4ngsten bis zur k\u00fcrzesten Nacht des Jahres. W\u00e4hrend Menschen den dunklen Wald oft meiden, sind die Waldbewohner perfekt an die Finsternis angepasst: Sie kommunizieren mit Lauten, orientieren sich mit Ultraschall und ihre gro\u00dfen Augen helfen ihnen, sich im Dickicht der B\u00e4ume zurechtzufinden.<\/p>\n<p>Im <strong><a href=\"https:\/\/www.neuruppin.de\/bildung-soziales\/soziales\/senioren\/haus-der-begegnung.html\" target=\"_blank\" rel=\"noopener\">Haus der Begegnung Neuruppin<\/a><\/strong> wird am <strong>30. April ab 14.00 Uhr<\/strong> der Film <strong>&#8222;Wilde Eltern \u2013 Im Einsatz f\u00fcr die Kinder&#8220;<\/strong> gezeigt.<\/p>\n<p><strong>Wilde Eltern \u2013 Im Einsatz f\u00fcr die Kinder<\/strong><\/p>\n<p>Dokumentarfilm, 52 Minuten, 2024<\/p>\n<div id=\"attachment_16914\" style=\"width: 510px\" class=\"wp-caption aligncenter\"><a href=\"https:\/\/www.naturparkmagazin.de\/stechlin\/wp-content\/uploads\/sites\/38\/wilde-eltern_Steffen-Sailer.jpg\"><img aria-describedby=\"caption-attachment-16914\" decoding=\"async\" loading=\"lazy\" class=\"size-full wp-image-16914\" src=\"https:\/\/www.naturparkmagazin.de\/stechlin\/wp-content\/uploads\/sites\/38\/wilde-eltern_Steffen-Sailer.jpg\" alt=\"\" width=\"500\" height=\"300\" srcset=\"https:\/\/www.naturparkmagazin.de\/stechlin\/wp-content\/uploads\/sites\/38\/wilde-eltern_Steffen-Sailer.jpg 500w, https:\/\/www.naturparkmagazin.de\/stechlin\/wp-content\/uploads\/sites\/38\/wilde-eltern_Steffen-Sailer-300x180.jpg 300w, https:\/\/www.naturparkmagazin.de\/stechlin\/wp-content\/uploads\/sites\/38\/wilde-eltern_Steffen-Sailer-200x120.jpg 200w\" sizes=\"(max-width: 500px) 100vw, 500px\" \/><\/a><p id=\"caption-attachment-16914\" class=\"wp-caption-text\">Wilde Eltern\u00a9 Steffen Sailer f\u00fcr F\u00d6N e.V.<\/p><\/div>\n<p>Massenproduktion oder Rundumf\u00fcrsorge-Paket? Gro\u00dffamilie oder Einzelkind? Wenn es um die den Nachwuchs geht, verfolgt jede Tierart eine eigene Strategie. Doch so unterschiedlich die Jungenaufzucht bei Pinguinen, Fr\u00f6schen, Termiten, Affen und Co auch ist \u2013 eines eint alle Tiereltern: f\u00fcr die Kinder geben sie alles. Der Film gibt mit aufw\u00e4ndigen Aufnahmen einen intimen Einblick in das tierische Familienleben rund um den Globus.<\/p>\n<p>Im <a href=\"https:\/\/verwaltung.rheinsberg.de\/verzeichnis\/visitenkarte.php?mandat=210282\" target=\"_blank\" rel=\"noopener\"><strong>Familienzentrum Rheinsberg<\/strong><\/a> wird am <strong>30. April ab 15.00 Uhr<\/strong> der Film &#8222;<strong>Unsere W\u00e4lder-Mut zur L\u00fccke&#8220;<\/strong> bei Popcorn, Kaffee und Kuchen gezeigt.<\/p>\n<p><strong>Unsere W\u00e4lder &#8211; Mut zur L\u00fccke<\/strong><\/p>\n<p>Dokumentarfilm, 43 Minuten, 2024<\/p>\n<div id=\"attachment_17007\" style=\"width: 510px\" class=\"wp-caption aligncenter\"><a href=\"https:\/\/www.naturparkmagazin.de\/stechlin\/wp-content\/uploads\/sites\/38\/waelder.jpg\"><img aria-describedby=\"caption-attachment-17007\" decoding=\"async\" loading=\"lazy\" class=\"size-full wp-image-17007\" src=\"https:\/\/www.naturparkmagazin.de\/stechlin\/wp-content\/uploads\/sites\/38\/waelder.jpg\" alt=\"\" width=\"500\" height=\"300\" srcset=\"https:\/\/www.naturparkmagazin.de\/stechlin\/wp-content\/uploads\/sites\/38\/waelder.jpg 500w, https:\/\/www.naturparkmagazin.de\/stechlin\/wp-content\/uploads\/sites\/38\/waelder-300x180.jpg 300w, https:\/\/www.naturparkmagazin.de\/stechlin\/wp-content\/uploads\/sites\/38\/waelder-200x120.jpg 200w\" sizes=\"(max-width: 500px) 100vw, 500px\" \/><\/a><p id=\"caption-attachment-17007\" class=\"wp-caption-text\">\u00a9 Kay Ziesenhenne f\u00fcr F\u00d6N e.V.<\/p><\/div>\n<p>In diesem Film stellt Regisseur Jan Haft die nat\u00fcrlichen Prozesse in einem Wald vor, in dem der Mensch keinem Baum mehr ein \u00c4stchen kr\u00fcmmt. \u00dcberl\u00e4sst man eine ehemalige Holzplantage der Natur, kommt es in Zeiten des Klimawandels mitunter zu einem Baumsterben. Stets wird dann ein merkw\u00fcrdiger Umstand offenbar: Ein ehemals relativ eint\u00f6niger Wald muss erst durch Sturm und K\u00e4fer \u201ekaputt gehen\u201c, damit die Artenvielfalt explodiert. Ein Umstand, der mit dem nun verf\u00fcgbaren Licht zu tun hat. Am Schluss beschreibt der Film was passiert, wenn ein neuer, widerstandsf\u00e4higer Wald heranw\u00e4chst. Und was das f\u00fcr Konsequenzen f\u00fcr die Natur hat.<\/p>\n","protected":false},"excerpt":{"rendered":"<p>Die \u00d6kofilmtour macht im April 2025 in Dannenwalde, Rheinsberg, Neuruppin, Frankendorf und Linum an f\u00fcnf verschiedenen Spielorten in und am Naturpark Stechlin-Ruppiner Land Station.<\/p>\n","protected":false},"author":39,"featured_media":14999,"comment_status":"open","ping_status":"open","sticky":false,"template":"","format":"standard","meta":[],"categories":[11],"tags":[],"yoast_head":"<!-- This site is optimized with the Yoast SEO plugin v19.10 - https:\/\/yoast.com\/wordpress\/plugins\/seo\/ -->\n<title>\u00d6kofilmtour im Naturpark Stechlin-Ruppiner Land im April 2025 - Naturpark Stechlin-Ruppiner Land<\/title>\n<meta name=\"robots\" content=\"index, follow, max-snippet:-1, max-image-preview:large, max-video-preview:-1\" \/>\n<link rel=\"canonical\" href=\"https:\/\/www.naturparkmagazin.de\/stechlin\/oekofilmtour-im-naturpark-stechlin-ruppiner-land-im-april-2025\/\" \/>\n<meta property=\"og:locale\" content=\"de_DE\" \/>\n<meta property=\"og:type\" content=\"article\" \/>\n<meta property=\"og:title\" content=\"\u00d6kofilmtour im Naturpark Stechlin-Ruppiner Land im April 2025 - Naturpark Stechlin-Ruppiner Land\" \/>\n<meta property=\"og:description\" content=\"Die \u00d6kofilmtour macht im April 2025 in Dannenwalde, Rheinsberg, Neuruppin, Frankendorf und Linum an f\u00fcnf verschiedenen Spielorten in und am Naturpark Stechlin-Ruppiner Land Station.\" \/>\n<meta property=\"og:url\" content=\"https:\/\/www.naturparkmagazin.de\/stechlin\/oekofilmtour-im-naturpark-stechlin-ruppiner-land-im-april-2025\/\" \/>\n<meta property=\"og:site_name\" content=\"Naturpark Stechlin-Ruppiner Land\" \/>\n<meta property=\"article:published_time\" content=\"2025-03-21T15:02:39+00:00\" \/>\n<meta property=\"article:modified_time\" content=\"2025-03-27T14:39:26+00:00\" \/>\n<meta property=\"og:image\" content=\"https:\/\/www.naturparkmagazin.de\/stechlin\/wp-content\/uploads\/sites\/38\/logo-3.jpg\" \/>\n\t<meta property=\"og:image:width\" content=\"200\" \/>\n\t<meta property=\"og:image:height\" content=\"200\" \/>\n\t<meta property=\"og:image:type\" content=\"image\/jpeg\" \/>\n<meta name=\"author\" content=\"marioschrumpf\" \/>\n<meta name=\"twitter:label1\" content=\"Verfasst von\" \/>\n\t<meta name=\"twitter:data1\" content=\"marioschrumpf\" \/>\n\t<meta name=\"twitter:label2\" content=\"Gesch\u00e4tzte Lesezeit\" \/>\n\t<meta name=\"twitter:data2\" content=\"6\u00a0Minuten\" \/>\n<script type=\"application\/ld+json\" class=\"yoast-schema-graph\">{\"@context\":\"https:\/\/schema.org\",\"@graph\":[{\"@type\":\"WebPage\",\"@id\":\"https:\/\/www.naturparkmagazin.de\/stechlin\/oekofilmtour-im-naturpark-stechlin-ruppiner-land-im-april-2025\/\",\"url\":\"https:\/\/www.naturparkmagazin.de\/stechlin\/oekofilmtour-im-naturpark-stechlin-ruppiner-land-im-april-2025\/\",\"name\":\"\u00d6kofilmtour im Naturpark Stechlin-Ruppiner Land im April 2025 - Naturpark Stechlin-Ruppiner Land\",\"isPartOf\":{\"@id\":\"https:\/\/www.naturparkmagazin.de\/stechlin\/#website\"},\"datePublished\":\"2025-03-21T15:02:39+00:00\",\"dateModified\":\"2025-03-27T14:39:26+00:00\",\"author\":{\"@id\":\"https:\/\/www.naturparkmagazin.de\/stechlin\/#\/schema\/person\/3f0d93203df21c806dd63c76d9bb28bc\"},\"breadcrumb\":{\"@id\":\"https:\/\/www.naturparkmagazin.de\/stechlin\/oekofilmtour-im-naturpark-stechlin-ruppiner-land-im-april-2025\/#breadcrumb\"},\"inLanguage\":\"de\",\"potentialAction\":[{\"@type\":\"ReadAction\",\"target\":[\"https:\/\/www.naturparkmagazin.de\/stechlin\/oekofilmtour-im-naturpark-stechlin-ruppiner-land-im-april-2025\/\"]}]},{\"@type\":\"BreadcrumbList\",\"@id\":\"https:\/\/www.naturparkmagazin.de\/stechlin\/oekofilmtour-im-naturpark-stechlin-ruppiner-land-im-april-2025\/#breadcrumb\",\"itemListElement\":[{\"@type\":\"ListItem\",\"position\":1,\"name\":\"Home\",\"item\":\"https:\/\/www.naturparkmagazin.de\/stechlin\/\"},{\"@type\":\"ListItem\",\"position\":2,\"name\":\"\u00d6kofilmtour im Naturpark Stechlin-Ruppiner Land im April 2025\"}]},{\"@type\":\"WebSite\",\"@id\":\"https:\/\/www.naturparkmagazin.de\/stechlin\/#website\",\"url\":\"https:\/\/www.naturparkmagazin.de\/stechlin\/\",\"name\":\"Naturpark Stechlin-Ruppiner Land\",\"description\":\"\",\"potentialAction\":[{\"@type\":\"SearchAction\",\"target\":{\"@type\":\"EntryPoint\",\"urlTemplate\":\"https:\/\/www.naturparkmagazin.de\/stechlin\/?s={search_term_string}\"},\"query-input\":\"required name=search_term_string\"}],\"inLanguage\":\"de\"},{\"@type\":\"Person\",\"@id\":\"https:\/\/www.naturparkmagazin.de\/stechlin\/#\/schema\/person\/3f0d93203df21c806dd63c76d9bb28bc\",\"name\":\"marioschrumpf\",\"url\":\"https:\/\/www.naturparkmagazin.de\/stechlin\/author\/marioschrumpf\/\"}]}<\/script>\n<!-- \/ Yoast SEO plugin. -->","yoast_head_json":{"title":"\u00d6kofilmtour im Naturpark Stechlin-Ruppiner Land im April 2025 - Naturpark Stechlin-Ruppiner Land","robots":{"index":"index","follow":"follow","max-snippet":"max-snippet:-1","max-image-preview":"max-image-preview:large","max-video-preview":"max-video-preview:-1"},"canonical":"https:\/\/www.naturparkmagazin.de\/stechlin\/oekofilmtour-im-naturpark-stechlin-ruppiner-land-im-april-2025\/","og_locale":"de_DE","og_type":"article","og_title":"\u00d6kofilmtour im Naturpark Stechlin-Ruppiner Land im April 2025 - Naturpark Stechlin-Ruppiner Land","og_description":"Die \u00d6kofilmtour macht im April 2025 in Dannenwalde, Rheinsberg, Neuruppin, Frankendorf und Linum an f\u00fcnf verschiedenen Spielorten in und am Naturpark Stechlin-Ruppiner Land Station.","og_url":"https:\/\/www.naturparkmagazin.de\/stechlin\/oekofilmtour-im-naturpark-stechlin-ruppiner-land-im-april-2025\/","og_site_name":"Naturpark Stechlin-Ruppiner Land","article_published_time":"2025-03-21T15:02:39+00:00","article_modified_time":"2025-03-27T14:39:26+00:00","og_image":[{"width":200,"height":200,"url":"https:\/\/www.naturparkmagazin.de\/stechlin\/wp-content\/uploads\/sites\/38\/logo-3.jpg","type":"image\/jpeg"}],"author":"marioschrumpf","twitter_misc":{"Verfasst von":"marioschrumpf","Gesch\u00e4tzte Lesezeit":"6\u00a0Minuten"},"schema":{"@context":"https:\/\/schema.org","@graph":[{"@type":"WebPage","@id":"https:\/\/www.naturparkmagazin.de\/stechlin\/oekofilmtour-im-naturpark-stechlin-ruppiner-land-im-april-2025\/","url":"https:\/\/www.naturparkmagazin.de\/stechlin\/oekofilmtour-im-naturpark-stechlin-ruppiner-land-im-april-2025\/","name":"\u00d6kofilmtour im Naturpark Stechlin-Ruppiner Land im April 2025 - Naturpark Stechlin-Ruppiner Land","isPartOf":{"@id":"https:\/\/www.naturparkmagazin.de\/stechlin\/#website"},"datePublished":"2025-03-21T15:02:39+00:00","dateModified":"2025-03-27T14:39:26+00:00","author":{"@id":"https:\/\/www.naturparkmagazin.de\/stechlin\/#\/schema\/person\/3f0d93203df21c806dd63c76d9bb28bc"},"breadcrumb":{"@id":"https:\/\/www.naturparkmagazin.de\/stechlin\/oekofilmtour-im-naturpark-stechlin-ruppiner-land-im-april-2025\/#breadcrumb"},"inLanguage":"de","potentialAction":[{"@type":"ReadAction","target":["https:\/\/www.naturparkmagazin.de\/stechlin\/oekofilmtour-im-naturpark-stechlin-ruppiner-land-im-april-2025\/"]}]},{"@type":"BreadcrumbList","@id":"https:\/\/www.naturparkmagazin.de\/stechlin\/oekofilmtour-im-naturpark-stechlin-ruppiner-land-im-april-2025\/#breadcrumb","itemListElement":[{"@type":"ListItem","position":1,"name":"Home","item":"https:\/\/www.naturparkmagazin.de\/stechlin\/"},{"@type":"ListItem","position":2,"name":"\u00d6kofilmtour im Naturpark Stechlin-Ruppiner Land im April 2025"}]},{"@type":"WebSite","@id":"https:\/\/www.naturparkmagazin.de\/stechlin\/#website","url":"https:\/\/www.naturparkmagazin.de\/stechlin\/","name":"Naturpark Stechlin-Ruppiner Land","description":"","potentialAction":[{"@type":"SearchAction","target":{"@type":"EntryPoint","urlTemplate":"https:\/\/www.naturparkmagazin.de\/stechlin\/?s={search_term_string}"},"query-input":"required name=search_term_string"}],"inLanguage":"de"},{"@type":"Person","@id":"https:\/\/www.naturparkmagazin.de\/stechlin\/#\/schema\/person\/3f0d93203df21c806dd63c76d9bb28bc","name":"marioschrumpf","url":"https:\/\/www.naturparkmagazin.de\/stechlin\/author\/marioschrumpf\/"}]}},"_links":{"self":[{"href":"https:\/\/www.naturparkmagazin.de\/stechlin\/wp-json\/wp\/v2\/posts\/16862"}],"collection":[{"href":"https:\/\/www.naturparkmagazin.de\/stechlin\/wp-json\/wp\/v2\/posts"}],"about":[{"href":"https:\/\/www.naturparkmagazin.de\/stechlin\/wp-json\/wp\/v2\/types\/post"}],"author":[{"embeddable":true,"href":"https:\/\/www.naturparkmagazin.de\/stechlin\/wp-json\/wp\/v2\/users\/39"}],"replies":[{"embeddable":true,"href":"https:\/\/www.naturparkmagazin.de\/stechlin\/wp-json\/wp\/v2\/comments?post=16862"}],"version-history":[{"count":14,"href":"https:\/\/www.naturparkmagazin.de\/stechlin\/wp-json\/wp\/v2\/posts\/16862\/revisions"}],"predecessor-version":[{"id":17028,"href":"https:\/\/www.naturparkmagazin.de\/stechlin\/wp-json\/wp\/v2\/posts\/16862\/revisions\/17028"}],"wp:featuredmedia":[{"embeddable":true,"href":"https:\/\/www.naturparkmagazin.de\/stechlin\/wp-json\/wp\/v2\/media\/14999"}],"wp:attachment":[{"href":"https:\/\/www.naturparkmagazin.de\/stechlin\/wp-json\/wp\/v2\/media?parent=16862"}],"wp:term":[{"taxonomy":"category","embeddable":true,"href":"https:\/\/www.naturparkmagazin.de\/stechlin\/wp-json\/wp\/v2\/categories?post=16862"},{"taxonomy":"post_tag","embeddable":true,"href":"https:\/\/www.naturparkmagazin.de\/stechlin\/wp-json\/wp\/v2\/tags?post=16862"}],"curies":[{"name":"wp","href":"https:\/\/api.w.org\/{rel}","templated":true}]}}