{"id":16867,"date":"2025-03-21T16:04:06","date_gmt":"2025-03-21T15:04:06","guid":{"rendered":"https:\/\/www.naturparkmagazin.de\/stechlin\/?p=16867"},"modified":"2025-03-31T14:17:29","modified_gmt":"2025-03-31T12:17:29","slug":"vogelstimmenwanderungen-in-koepernitz-27-4-2025","status":"publish","type":"post","link":"https:\/\/www.naturparkmagazin.de\/stechlin\/vogelstimmenwanderungen-in-koepernitz-27-4-2025\/","title":{"rendered":"Vogelstimmenwanderungen in K\u00f6pernitz 27.4.2025"},"content":{"rendered":"<p>NABU Neuruppin und Landschaftspflegeverband Prignitz-Ruppiner Land laden in diesem Fr\u00fchjahr wieder zu Vogelstimmenwanderungen ein. Im Fr\u00fchling haben unsere gefiederten Freunde wieder sehr viel zu singen. Jede Art hat ihren eigenen Gesang. Oft gibt es sogar noch regionale Dialekte.<\/p>\n<div id=\"attachment_10180\" style=\"width: 310px\" class=\"wp-caption aligncenter\"><a href=\"https:\/\/www.naturparkmagazin.de\/stechlin\/wp-content\/uploads\/sites\/38\/DSC_0009_500x300.jpg\"><img aria-describedby=\"caption-attachment-10180\" decoding=\"async\" loading=\"lazy\" class=\"wp-image-10180 size-thumbnail\" src=\"https:\/\/www.naturparkmagazin.de\/stechlin\/wp-content\/uploads\/sites\/38\/DSC_0009_500x300-300x180.jpg\" alt=\"Die positive Bestandsermittlung des Fischadlers in Maturpark ist auch dem Engagement der Horstbetreuer zu verdanken.\" width=\"300\" height=\"180\" srcset=\"https:\/\/www.naturparkmagazin.de\/stechlin\/wp-content\/uploads\/sites\/38\/DSC_0009_500x300-300x180.jpg 300w, https:\/\/www.naturparkmagazin.de\/stechlin\/wp-content\/uploads\/sites\/38\/DSC_0009_500x300.jpg 500w, https:\/\/www.naturparkmagazin.de\/stechlin\/wp-content\/uploads\/sites\/38\/DSC_0009_500x300-200x120.jpg 200w\" sizes=\"(max-width: 300px) 100vw, 300px\" \/><\/a><p id=\"caption-attachment-10180\" class=\"wp-caption-text\">Die positive Bestandsentwicklung des Fischadlers im Naturpark ist dem Engagement der ehrenamtlichen Horstbetreuer wie Bernd Ewert zu verdanken.\u00a9 Dr. Mario Schrumpf<\/p><\/div>\n<p>Wer sich in Sachen Vogelstimmen weiterbilden will oder auch nur Freude am stillen Lauschen des Vogelgesangs hat, dem sei die Teilnahme an einer Vogelstimmenexkursion empfohlen. So laden Vorstandsmitglied Bernd Ewert (NABU Neuruppin) sowie Kay-Uwe Reschke zur vogelkundlichen Exkursion um das KulturGutshaus K\u00f6pernitz ein. Im Anschluss finden sich traditionell die Teilnehmer dieses Naturerlebnisses gemeinsam mit den Vereinsmitgliedern zu einem <strong>Fr\u00fchst\u00fcck im Gutshaus<\/strong> ein, um sich \u00fcber Erlebtes auszutauschen.<\/p>\n<p><strong>Treffpunkt und Start:<\/strong><\/p>\n<p><strong>Sonntag<\/strong>, <strong>27. April<\/strong> <strong>2025<\/strong>, <strong>KulturGutshaus K\u00f6pernitz<\/strong>: <strong>6.00<\/strong> <strong>Uhr<\/strong>!!!<\/p>\n<p><span style=\"color: #ff0000\"><strong>Bitte unbedingt vorher anmelden<\/strong>: Tel. 033931 37855<\/span><\/p>\n<p>&nbsp;<\/p>\n<div id=\"attachment_9170\" style=\"width: 310px\" class=\"wp-caption aligncenter\"><a href=\"https:\/\/www.naturparkmagazin.de\/stechlin\/wp-content\/uploads\/sites\/38\/VAK2_Autor-Daniel-Marienfeld.jpg\"><img aria-describedby=\"caption-attachment-9170\" decoding=\"async\" loading=\"lazy\" class=\"wp-image-9170 size-thumbnail\" src=\"https:\/\/www.naturparkmagazin.de\/stechlin\/wp-content\/uploads\/sites\/38\/VAK2_Autor-Daniel-Marienfeld-300x180.jpg\" alt=\"NP SRL\/ Daniel Marienfeld\" width=\"300\" height=\"180\" srcset=\"https:\/\/www.naturparkmagazin.de\/stechlin\/wp-content\/uploads\/sites\/38\/VAK2_Autor-Daniel-Marienfeld-300x180.jpg 300w, https:\/\/www.naturparkmagazin.de\/stechlin\/wp-content\/uploads\/sites\/38\/VAK2_Autor-Daniel-Marienfeld.jpg 500w, https:\/\/www.naturparkmagazin.de\/stechlin\/wp-content\/uploads\/sites\/38\/VAK2_Autor-Daniel-Marienfeld-200x120.jpg 200w\" sizes=\"(max-width: 300px) 100vw, 300px\" \/><\/a><p id=\"caption-attachment-9170\" class=\"wp-caption-text\">Graug\u00e4nse br\u00fcten regelm\u00e4\u00dfig auf den Seen im Naturpark\u00a9 Dr. Mario Schrumpf<\/p><\/div>\n<div id=\"attachment_5517\" style=\"width: 310px\" class=\"wp-caption aligncenter\"><a href=\"https:\/\/www.naturparkmagazin.de\/stechlin\/wp-content\/uploads\/sites\/38\/LPV-Gr\u00fcndung19.jpg\"><img aria-describedby=\"caption-attachment-5517\" decoding=\"async\" loading=\"lazy\" class=\"wp-image-5517 size-thumbnail\" src=\"https:\/\/www.naturparkmagazin.de\/stechlin\/wp-content\/uploads\/sites\/38\/LPV-Gr\u00fcndung19-300x300.jpg\" alt=\"Bernd Ewert bei der Unterzeichnung\" width=\"300\" height=\"300\" srcset=\"https:\/\/www.naturparkmagazin.de\/stechlin\/wp-content\/uploads\/sites\/38\/LPV-Gr\u00fcndung19.jpg 300w, https:\/\/www.naturparkmagazin.de\/stechlin\/wp-content\/uploads\/sites\/38\/LPV-Gr\u00fcndung19-200x200.jpg 200w, https:\/\/www.naturparkmagazin.de\/stechlin\/wp-content\/uploads\/sites\/38\/LPV-Gr\u00fcndung19-30x30.jpg 30w\" sizes=\"(max-width: 300px) 100vw, 300px\" \/><\/a><p id=\"caption-attachment-5517\" class=\"wp-caption-text\">Bernd Ewert ist nicht nur Vorstandsmitglied im Landschaftspflegeverband, sondern auch ein ausgezeichneter Ornithologe\u00a9 Dr. Mario Schrumpf<\/p><\/div>\n","protected":false},"excerpt":{"rendered":"<p>Wer sich in Sachen Vogelstimmen weiterbilden will oder auch nur Freude am stillen Lauschen des Vogelgesangs hat, dem seien die Vogelstimmenexkursionen des Landschaftspflegeverbandes Prignitz-Ruppiner Land e.V. empfohlen.<\/p>\n","protected":false},"author":39,"featured_media":10501,"comment_status":"open","ping_status":"open","sticky":false,"template":"","format":"standard","meta":[],"categories":[11],"tags":[],"yoast_head":"<!-- This site is optimized with the Yoast SEO plugin v19.10 - https:\/\/yoast.com\/wordpress\/plugins\/seo\/ -->\n<title>Vogelstimmenwanderungen in K\u00f6pernitz 27.4.2025 - Naturpark Stechlin-Ruppiner Land<\/title>\n<meta name=\"robots\" content=\"index, follow, max-snippet:-1, max-image-preview:large, max-video-preview:-1\" \/>\n<link rel=\"canonical\" href=\"https:\/\/www.naturparkmagazin.de\/stechlin\/vogelstimmenwanderungen-in-koepernitz-27-4-2025\/\" \/>\n<meta property=\"og:locale\" content=\"de_DE\" \/>\n<meta property=\"og:type\" content=\"article\" \/>\n<meta property=\"og:title\" content=\"Vogelstimmenwanderungen in K\u00f6pernitz 27.4.2025 - Naturpark Stechlin-Ruppiner Land\" \/>\n<meta property=\"og:description\" content=\"Wer sich in Sachen Vogelstimmen weiterbilden will oder auch nur Freude am stillen Lauschen des Vogelgesangs hat, dem seien die Vogelstimmenexkursionen des Landschaftspflegeverbandes Prignitz-Ruppiner Land e.V. empfohlen.\" \/>\n<meta property=\"og:url\" content=\"https:\/\/www.naturparkmagazin.de\/stechlin\/vogelstimmenwanderungen-in-koepernitz-27-4-2025\/\" \/>\n<meta property=\"og:site_name\" content=\"Naturpark Stechlin-Ruppiner Land\" \/>\n<meta property=\"article:published_time\" content=\"2025-03-21T15:04:06+00:00\" \/>\n<meta property=\"article:modified_time\" content=\"2025-03-31T12:17:29+00:00\" \/>\n<meta property=\"og:image\" content=\"https:\/\/www.naturparkmagazin.de\/stechlin\/wp-content\/uploads\/sites\/38\/Dompfaff-2.jpg\" \/>\n\t<meta property=\"og:image:width\" content=\"200\" \/>\n\t<meta property=\"og:image:height\" content=\"200\" \/>\n\t<meta property=\"og:image:type\" content=\"image\/jpeg\" \/>\n<meta name=\"author\" content=\"marioschrumpf\" \/>\n<meta name=\"twitter:label1\" content=\"Verfasst von\" \/>\n\t<meta name=\"twitter:data1\" content=\"marioschrumpf\" \/>\n\t<meta name=\"twitter:label2\" content=\"Gesch\u00e4tzte Lesezeit\" \/>\n\t<meta name=\"twitter:data2\" content=\"2\u00a0Minuten\" \/>\n<script type=\"application\/ld+json\" class=\"yoast-schema-graph\">{\"@context\":\"https:\/\/schema.org\",\"@graph\":[{\"@type\":\"WebPage\",\"@id\":\"https:\/\/www.naturparkmagazin.de\/stechlin\/vogelstimmenwanderungen-in-koepernitz-27-4-2025\/\",\"url\":\"https:\/\/www.naturparkmagazin.de\/stechlin\/vogelstimmenwanderungen-in-koepernitz-27-4-2025\/\",\"name\":\"Vogelstimmenwanderungen in K\u00f6pernitz 27.4.2025 - Naturpark Stechlin-Ruppiner Land\",\"isPartOf\":{\"@id\":\"https:\/\/www.naturparkmagazin.de\/stechlin\/#website\"},\"datePublished\":\"2025-03-21T15:04:06+00:00\",\"dateModified\":\"2025-03-31T12:17:29+00:00\",\"author\":{\"@id\":\"https:\/\/www.naturparkmagazin.de\/stechlin\/#\/schema\/person\/3f0d93203df21c806dd63c76d9bb28bc\"},\"breadcrumb\":{\"@id\":\"https:\/\/www.naturparkmagazin.de\/stechlin\/vogelstimmenwanderungen-in-koepernitz-27-4-2025\/#breadcrumb\"},\"inLanguage\":\"de\",\"potentialAction\":[{\"@type\":\"ReadAction\",\"target\":[\"https:\/\/www.naturparkmagazin.de\/stechlin\/vogelstimmenwanderungen-in-koepernitz-27-4-2025\/\"]}]},{\"@type\":\"BreadcrumbList\",\"@id\":\"https:\/\/www.naturparkmagazin.de\/stechlin\/vogelstimmenwanderungen-in-koepernitz-27-4-2025\/#breadcrumb\",\"itemListElement\":[{\"@type\":\"ListItem\",\"position\":1,\"name\":\"Home\",\"item\":\"https:\/\/www.naturparkmagazin.de\/stechlin\/\"},{\"@type\":\"ListItem\",\"position\":2,\"name\":\"Vogelstimmenwanderungen in K\u00f6pernitz 27.4.2025\"}]},{\"@type\":\"WebSite\",\"@id\":\"https:\/\/www.naturparkmagazin.de\/stechlin\/#website\",\"url\":\"https:\/\/www.naturparkmagazin.de\/stechlin\/\",\"name\":\"Naturpark Stechlin-Ruppiner Land\",\"description\":\"\",\"potentialAction\":[{\"@type\":\"SearchAction\",\"target\":{\"@type\":\"EntryPoint\",\"urlTemplate\":\"https:\/\/www.naturparkmagazin.de\/stechlin\/?s={search_term_string}\"},\"query-input\":\"required name=search_term_string\"}],\"inLanguage\":\"de\"},{\"@type\":\"Person\",\"@id\":\"https:\/\/www.naturparkmagazin.de\/stechlin\/#\/schema\/person\/3f0d93203df21c806dd63c76d9bb28bc\",\"name\":\"marioschrumpf\",\"url\":\"https:\/\/www.naturparkmagazin.de\/stechlin\/author\/marioschrumpf\/\"}]}<\/script>\n<!-- \/ Yoast SEO plugin. -->","yoast_head_json":{"title":"Vogelstimmenwanderungen in K\u00f6pernitz 27.4.2025 - Naturpark Stechlin-Ruppiner Land","robots":{"index":"index","follow":"follow","max-snippet":"max-snippet:-1","max-image-preview":"max-image-preview:large","max-video-preview":"max-video-preview:-1"},"canonical":"https:\/\/www.naturparkmagazin.de\/stechlin\/vogelstimmenwanderungen-in-koepernitz-27-4-2025\/","og_locale":"de_DE","og_type":"article","og_title":"Vogelstimmenwanderungen in K\u00f6pernitz 27.4.2025 - Naturpark Stechlin-Ruppiner Land","og_description":"Wer sich in Sachen Vogelstimmen weiterbilden will oder auch nur Freude am stillen Lauschen des Vogelgesangs hat, dem seien die Vogelstimmenexkursionen des Landschaftspflegeverbandes Prignitz-Ruppiner Land e.V. empfohlen.","og_url":"https:\/\/www.naturparkmagazin.de\/stechlin\/vogelstimmenwanderungen-in-koepernitz-27-4-2025\/","og_site_name":"Naturpark Stechlin-Ruppiner Land","article_published_time":"2025-03-21T15:04:06+00:00","article_modified_time":"2025-03-31T12:17:29+00:00","og_image":[{"width":200,"height":200,"url":"https:\/\/www.naturparkmagazin.de\/stechlin\/wp-content\/uploads\/sites\/38\/Dompfaff-2.jpg","type":"image\/jpeg"}],"author":"marioschrumpf","twitter_misc":{"Verfasst von":"marioschrumpf","Gesch\u00e4tzte Lesezeit":"2\u00a0Minuten"},"schema":{"@context":"https:\/\/schema.org","@graph":[{"@type":"WebPage","@id":"https:\/\/www.naturparkmagazin.de\/stechlin\/vogelstimmenwanderungen-in-koepernitz-27-4-2025\/","url":"https:\/\/www.naturparkmagazin.de\/stechlin\/vogelstimmenwanderungen-in-koepernitz-27-4-2025\/","name":"Vogelstimmenwanderungen in K\u00f6pernitz 27.4.2025 - Naturpark Stechlin-Ruppiner Land","isPartOf":{"@id":"https:\/\/www.naturparkmagazin.de\/stechlin\/#website"},"datePublished":"2025-03-21T15:04:06+00:00","dateModified":"2025-03-31T12:17:29+00:00","author":{"@id":"https:\/\/www.naturparkmagazin.de\/stechlin\/#\/schema\/person\/3f0d93203df21c806dd63c76d9bb28bc"},"breadcrumb":{"@id":"https:\/\/www.naturparkmagazin.de\/stechlin\/vogelstimmenwanderungen-in-koepernitz-27-4-2025\/#breadcrumb"},"inLanguage":"de","potentialAction":[{"@type":"ReadAction","target":["https:\/\/www.naturparkmagazin.de\/stechlin\/vogelstimmenwanderungen-in-koepernitz-27-4-2025\/"]}]},{"@type":"BreadcrumbList","@id":"https:\/\/www.naturparkmagazin.de\/stechlin\/vogelstimmenwanderungen-in-koepernitz-27-4-2025\/#breadcrumb","itemListElement":[{"@type":"ListItem","position":1,"name":"Home","item":"https:\/\/www.naturparkmagazin.de\/stechlin\/"},{"@type":"ListItem","position":2,"name":"Vogelstimmenwanderungen in K\u00f6pernitz 27.4.2025"}]},{"@type":"WebSite","@id":"https:\/\/www.naturparkmagazin.de\/stechlin\/#website","url":"https:\/\/www.naturparkmagazin.de\/stechlin\/","name":"Naturpark Stechlin-Ruppiner Land","description":"","potentialAction":[{"@type":"SearchAction","target":{"@type":"EntryPoint","urlTemplate":"https:\/\/www.naturparkmagazin.de\/stechlin\/?s={search_term_string}"},"query-input":"required name=search_term_string"}],"inLanguage":"de"},{"@type":"Person","@id":"https:\/\/www.naturparkmagazin.de\/stechlin\/#\/schema\/person\/3f0d93203df21c806dd63c76d9bb28bc","name":"marioschrumpf","url":"https:\/\/www.naturparkmagazin.de\/stechlin\/author\/marioschrumpf\/"}]}},"_links":{"self":[{"href":"https:\/\/www.naturparkmagazin.de\/stechlin\/wp-json\/wp\/v2\/posts\/16867"}],"collection":[{"href":"https:\/\/www.naturparkmagazin.de\/stechlin\/wp-json\/wp\/v2\/posts"}],"about":[{"href":"https:\/\/www.naturparkmagazin.de\/stechlin\/wp-json\/wp\/v2\/types\/post"}],"author":[{"embeddable":true,"href":"https:\/\/www.naturparkmagazin.de\/stechlin\/wp-json\/wp\/v2\/users\/39"}],"replies":[{"embeddable":true,"href":"https:\/\/www.naturparkmagazin.de\/stechlin\/wp-json\/wp\/v2\/comments?post=16867"}],"version-history":[{"count":13,"href":"https:\/\/www.naturparkmagazin.de\/stechlin\/wp-json\/wp\/v2\/posts\/16867\/revisions"}],"predecessor-version":[{"id":17043,"href":"https:\/\/www.naturparkmagazin.de\/stechlin\/wp-json\/wp\/v2\/posts\/16867\/revisions\/17043"}],"wp:featuredmedia":[{"embeddable":true,"href":"https:\/\/www.naturparkmagazin.de\/stechlin\/wp-json\/wp\/v2\/media\/10501"}],"wp:attachment":[{"href":"https:\/\/www.naturparkmagazin.de\/stechlin\/wp-json\/wp\/v2\/media?parent=16867"}],"wp:term":[{"taxonomy":"category","embeddable":true,"href":"https:\/\/www.naturparkmagazin.de\/stechlin\/wp-json\/wp\/v2\/categories?post=16867"},{"taxonomy":"post_tag","embeddable":true,"href":"https:\/\/www.naturparkmagazin.de\/stechlin\/wp-json\/wp\/v2\/tags?post=16867"}],"curies":[{"name":"wp","href":"https:\/\/api.w.org\/{rel}","templated":true}]}}