{"id":16889,"date":"2025-03-21T16:06:41","date_gmt":"2025-03-21T15:06:41","guid":{"rendered":"https:\/\/www.naturparkmagazin.de\/stechlin\/?p=16889"},"modified":"2025-03-27T16:29:20","modified_gmt":"2025-03-27T15:29:20","slug":"rangertour-karfreitag-zum-konzertfruehling-nach-menz","status":"publish","type":"post","link":"https:\/\/www.naturparkmagazin.de\/stechlin\/rangertour-karfreitag-zum-konzertfruehling-nach-menz\/","title":{"rendered":"Rangertour &#8211; Karfreitag zum Konzertfr\u00fchling nach Menz"},"content":{"rendered":"<p><em>\u201eVom Eise befreit\u2026\u201c<\/em> Die V\u00f6gel singen, die Fr\u00f6sche quaken und was macht das Wasser?<\/p>\n<div id=\"attachment_16892\" style=\"width: 310px\" class=\"wp-caption aligncenter\"><a href=\"https:\/\/www.naturparkmagazin.de\/stechlin\/wp-content\/uploads\/sites\/38\/Rheinsberger_Rhin_Michael_Zauft_4_b.jpg\"><img aria-describedby=\"caption-attachment-16892\" decoding=\"async\" loading=\"lazy\" class=\"size-full wp-image-16892\" src=\"https:\/\/www.naturparkmagazin.de\/stechlin\/wp-content\/uploads\/sites\/38\/Rheinsberger_Rhin_Michael_Zauft_4_b.jpg\" alt=\"\" width=\"300\" height=\"500\" srcset=\"https:\/\/www.naturparkmagazin.de\/stechlin\/wp-content\/uploads\/sites\/38\/Rheinsberger_Rhin_Michael_Zauft_4_b.jpg 300w, https:\/\/www.naturparkmagazin.de\/stechlin\/wp-content\/uploads\/sites\/38\/Rheinsberger_Rhin_Michael_Zauft_4_b-200x333.jpg 200w\" sizes=\"(max-width: 300px) 100vw, 300px\" \/><\/a><p id=\"caption-attachment-16892\" class=\"wp-caption-text\">Rheinsberger Rhin\u00a9 Michael Zauft<\/p><\/div>\n<p>Ist es einmal vom Eis befreit, gluckert, rauscht, tr\u00f6pfelt und flie\u00dft es wieder durch die Landschaft. Begleiten Sie mit uns das Wasser rund um Menz.\nWer wei\u00df, vielleicht treffen wir bei unserer Wanderung auch den Osterhasen\u2026<\/p>\n<p><strong>Hinweise:<\/strong>\n&#8211; Nicht barrierefrei (nicht f\u00fcr Kinderwagen oder Rollst\u00fchle geeignet)\n&#8211; Kinder bitte nur in Begleitung Erwachsener\n&#8211; keine vogelkundliche Wanderung<\/p>\n<p><strong>Treff<\/strong>: 18.4.2025 (Karfreitag), 11 Uhr<\/p>\n<p><strong>Wo?<\/strong>\u00a0Parkplatz am Friedensplatz, neben dem NaturParkHaus Stechlin in Menz\n<strong>Dauer<\/strong>: ca. 2 Stunden\n<strong>Strecke<\/strong>: 2-3 km\n<strong>Mitbringen<\/strong>: feste Schuhe, wettergerechte Kleidung<\/p>\n<p><span style=\"color: #ff0000\">Um eine <strong>Anmeldung<\/strong> bis zum <strong>16.4. 2025<\/strong> wird gebeten!<\/span><\/p>\n<p><strong>Kontakt<\/strong>: Naturwacht im Naturpark Stechlin\u2013Ruppiner Land\n<strong>Telefon<\/strong>: 0170\/7926947 oder 033082\/50214 (bitte Anrufbeantworter nutzen!)<\/p>\n<div id=\"attachment_16947\" style=\"width: 310px\" class=\"wp-caption aligncenter\"><a href=\"https:\/\/www.naturparkmagazin.de\/stechlin\/wp-content\/uploads\/sites\/38\/Alles-fliesst_Thomas-Hahn_b.jpg\"><img aria-describedby=\"caption-attachment-16947\" decoding=\"async\" loading=\"lazy\" class=\"size-full wp-image-16947\" src=\"https:\/\/www.naturparkmagazin.de\/stechlin\/wp-content\/uploads\/sites\/38\/Alles-fliesst_Thomas-Hahn_b.jpg\" alt=\"\" width=\"300\" height=\"500\" srcset=\"https:\/\/www.naturparkmagazin.de\/stechlin\/wp-content\/uploads\/sites\/38\/Alles-fliesst_Thomas-Hahn_b.jpg 300w, https:\/\/www.naturparkmagazin.de\/stechlin\/wp-content\/uploads\/sites\/38\/Alles-fliesst_Thomas-Hahn_b-200x333.jpg 200w\" sizes=\"(max-width: 300px) 100vw, 300px\" \/><\/a><p id=\"caption-attachment-16947\" class=\"wp-caption-text\">Alles flie\u00dft!\u00a9 Thomas Hahn<\/p><\/div>\n","protected":false},"excerpt":{"rendered":"<p>Die V\u00f6gel singen, die Fr\u00f6sche quaken und was macht das Wasser?<\/p>\n","protected":false},"author":39,"featured_media":16946,"comment_status":"open","ping_status":"open","sticky":false,"template":"","format":"standard","meta":[],"categories":[11],"tags":[],"yoast_head":"<!-- This site is optimized with the Yoast SEO plugin v19.10 - https:\/\/yoast.com\/wordpress\/plugins\/seo\/ -->\n<title>Rangertour - Karfreitag zum Konzertfr\u00fchling nach Menz - Naturpark Stechlin-Ruppiner Land<\/title>\n<meta name=\"robots\" content=\"index, follow, max-snippet:-1, max-image-preview:large, max-video-preview:-1\" \/>\n<link rel=\"canonical\" href=\"https:\/\/www.naturparkmagazin.de\/stechlin\/rangertour-karfreitag-zum-konzertfruehling-nach-menz\/\" \/>\n<meta property=\"og:locale\" content=\"de_DE\" \/>\n<meta property=\"og:type\" content=\"article\" \/>\n<meta property=\"og:title\" content=\"Rangertour - Karfreitag zum Konzertfr\u00fchling nach Menz - Naturpark Stechlin-Ruppiner Land\" \/>\n<meta property=\"og:description\" content=\"Die V\u00f6gel singen, die Fr\u00f6sche quaken und was macht das Wasser?\" \/>\n<meta property=\"og:url\" content=\"https:\/\/www.naturparkmagazin.de\/stechlin\/rangertour-karfreitag-zum-konzertfruehling-nach-menz\/\" \/>\n<meta property=\"og:site_name\" content=\"Naturpark Stechlin-Ruppiner Land\" \/>\n<meta property=\"article:published_time\" content=\"2025-03-21T15:06:41+00:00\" \/>\n<meta property=\"article:modified_time\" content=\"2025-03-27T15:29:20+00:00\" \/>\n<meta property=\"og:image\" content=\"https:\/\/www.naturparkmagazin.de\/stechlin\/wp-content\/uploads\/sites\/38\/Alles-fliesst_Thomas-Hahn_a.jpg\" \/>\n\t<meta property=\"og:image:width\" content=\"200\" \/>\n\t<meta property=\"og:image:height\" content=\"200\" \/>\n\t<meta property=\"og:image:type\" content=\"image\/jpeg\" \/>\n<meta name=\"author\" content=\"marioschrumpf\" \/>\n<meta name=\"twitter:label1\" content=\"Verfasst von\" \/>\n\t<meta name=\"twitter:data1\" content=\"marioschrumpf\" \/>\n\t<meta name=\"twitter:label2\" content=\"Gesch\u00e4tzte Lesezeit\" \/>\n\t<meta name=\"twitter:data2\" content=\"2\u00a0Minuten\" \/>\n<script type=\"application\/ld+json\" class=\"yoast-schema-graph\">{\"@context\":\"https:\/\/schema.org\",\"@graph\":[{\"@type\":\"WebPage\",\"@id\":\"https:\/\/www.naturparkmagazin.de\/stechlin\/rangertour-karfreitag-zum-konzertfruehling-nach-menz\/\",\"url\":\"https:\/\/www.naturparkmagazin.de\/stechlin\/rangertour-karfreitag-zum-konzertfruehling-nach-menz\/\",\"name\":\"Rangertour - Karfreitag zum Konzertfr\u00fchling nach Menz - Naturpark Stechlin-Ruppiner Land\",\"isPartOf\":{\"@id\":\"https:\/\/www.naturparkmagazin.de\/stechlin\/#website\"},\"datePublished\":\"2025-03-21T15:06:41+00:00\",\"dateModified\":\"2025-03-27T15:29:20+00:00\",\"author\":{\"@id\":\"https:\/\/www.naturparkmagazin.de\/stechlin\/#\/schema\/person\/3f0d93203df21c806dd63c76d9bb28bc\"},\"breadcrumb\":{\"@id\":\"https:\/\/www.naturparkmagazin.de\/stechlin\/rangertour-karfreitag-zum-konzertfruehling-nach-menz\/#breadcrumb\"},\"inLanguage\":\"de\",\"potentialAction\":[{\"@type\":\"ReadAction\",\"target\":[\"https:\/\/www.naturparkmagazin.de\/stechlin\/rangertour-karfreitag-zum-konzertfruehling-nach-menz\/\"]}]},{\"@type\":\"BreadcrumbList\",\"@id\":\"https:\/\/www.naturparkmagazin.de\/stechlin\/rangertour-karfreitag-zum-konzertfruehling-nach-menz\/#breadcrumb\",\"itemListElement\":[{\"@type\":\"ListItem\",\"position\":1,\"name\":\"Home\",\"item\":\"https:\/\/www.naturparkmagazin.de\/stechlin\/\"},{\"@type\":\"ListItem\",\"position\":2,\"name\":\"Rangertour &#8211; Karfreitag zum Konzertfr\u00fchling nach Menz\"}]},{\"@type\":\"WebSite\",\"@id\":\"https:\/\/www.naturparkmagazin.de\/stechlin\/#website\",\"url\":\"https:\/\/www.naturparkmagazin.de\/stechlin\/\",\"name\":\"Naturpark Stechlin-Ruppiner Land\",\"description\":\"\",\"potentialAction\":[{\"@type\":\"SearchAction\",\"target\":{\"@type\":\"EntryPoint\",\"urlTemplate\":\"https:\/\/www.naturparkmagazin.de\/stechlin\/?s={search_term_string}\"},\"query-input\":\"required name=search_term_string\"}],\"inLanguage\":\"de\"},{\"@type\":\"Person\",\"@id\":\"https:\/\/www.naturparkmagazin.de\/stechlin\/#\/schema\/person\/3f0d93203df21c806dd63c76d9bb28bc\",\"name\":\"marioschrumpf\",\"url\":\"https:\/\/www.naturparkmagazin.de\/stechlin\/author\/marioschrumpf\/\"}]}<\/script>\n<!-- \/ Yoast SEO plugin. -->","yoast_head_json":{"title":"Rangertour - Karfreitag zum Konzertfr\u00fchling nach Menz - Naturpark Stechlin-Ruppiner Land","robots":{"index":"index","follow":"follow","max-snippet":"max-snippet:-1","max-image-preview":"max-image-preview:large","max-video-preview":"max-video-preview:-1"},"canonical":"https:\/\/www.naturparkmagazin.de\/stechlin\/rangertour-karfreitag-zum-konzertfruehling-nach-menz\/","og_locale":"de_DE","og_type":"article","og_title":"Rangertour - Karfreitag zum Konzertfr\u00fchling nach Menz - Naturpark Stechlin-Ruppiner Land","og_description":"Die V\u00f6gel singen, die Fr\u00f6sche quaken und was macht das Wasser?","og_url":"https:\/\/www.naturparkmagazin.de\/stechlin\/rangertour-karfreitag-zum-konzertfruehling-nach-menz\/","og_site_name":"Naturpark Stechlin-Ruppiner Land","article_published_time":"2025-03-21T15:06:41+00:00","article_modified_time":"2025-03-27T15:29:20+00:00","og_image":[{"width":200,"height":200,"url":"https:\/\/www.naturparkmagazin.de\/stechlin\/wp-content\/uploads\/sites\/38\/Alles-fliesst_Thomas-Hahn_a.jpg","type":"image\/jpeg"}],"author":"marioschrumpf","twitter_misc":{"Verfasst von":"marioschrumpf","Gesch\u00e4tzte Lesezeit":"2\u00a0Minuten"},"schema":{"@context":"https:\/\/schema.org","@graph":[{"@type":"WebPage","@id":"https:\/\/www.naturparkmagazin.de\/stechlin\/rangertour-karfreitag-zum-konzertfruehling-nach-menz\/","url":"https:\/\/www.naturparkmagazin.de\/stechlin\/rangertour-karfreitag-zum-konzertfruehling-nach-menz\/","name":"Rangertour - Karfreitag zum Konzertfr\u00fchling nach Menz - Naturpark Stechlin-Ruppiner Land","isPartOf":{"@id":"https:\/\/www.naturparkmagazin.de\/stechlin\/#website"},"datePublished":"2025-03-21T15:06:41+00:00","dateModified":"2025-03-27T15:29:20+00:00","author":{"@id":"https:\/\/www.naturparkmagazin.de\/stechlin\/#\/schema\/person\/3f0d93203df21c806dd63c76d9bb28bc"},"breadcrumb":{"@id":"https:\/\/www.naturparkmagazin.de\/stechlin\/rangertour-karfreitag-zum-konzertfruehling-nach-menz\/#breadcrumb"},"inLanguage":"de","potentialAction":[{"@type":"ReadAction","target":["https:\/\/www.naturparkmagazin.de\/stechlin\/rangertour-karfreitag-zum-konzertfruehling-nach-menz\/"]}]},{"@type":"BreadcrumbList","@id":"https:\/\/www.naturparkmagazin.de\/stechlin\/rangertour-karfreitag-zum-konzertfruehling-nach-menz\/#breadcrumb","itemListElement":[{"@type":"ListItem","position":1,"name":"Home","item":"https:\/\/www.naturparkmagazin.de\/stechlin\/"},{"@type":"ListItem","position":2,"name":"Rangertour &#8211; Karfreitag zum Konzertfr\u00fchling nach Menz"}]},{"@type":"WebSite","@id":"https:\/\/www.naturparkmagazin.de\/stechlin\/#website","url":"https:\/\/www.naturparkmagazin.de\/stechlin\/","name":"Naturpark Stechlin-Ruppiner Land","description":"","potentialAction":[{"@type":"SearchAction","target":{"@type":"EntryPoint","urlTemplate":"https:\/\/www.naturparkmagazin.de\/stechlin\/?s={search_term_string}"},"query-input":"required name=search_term_string"}],"inLanguage":"de"},{"@type":"Person","@id":"https:\/\/www.naturparkmagazin.de\/stechlin\/#\/schema\/person\/3f0d93203df21c806dd63c76d9bb28bc","name":"marioschrumpf","url":"https:\/\/www.naturparkmagazin.de\/stechlin\/author\/marioschrumpf\/"}]}},"_links":{"self":[{"href":"https:\/\/www.naturparkmagazin.de\/stechlin\/wp-json\/wp\/v2\/posts\/16889"}],"collection":[{"href":"https:\/\/www.naturparkmagazin.de\/stechlin\/wp-json\/wp\/v2\/posts"}],"about":[{"href":"https:\/\/www.naturparkmagazin.de\/stechlin\/wp-json\/wp\/v2\/types\/post"}],"author":[{"embeddable":true,"href":"https:\/\/www.naturparkmagazin.de\/stechlin\/wp-json\/wp\/v2\/users\/39"}],"replies":[{"embeddable":true,"href":"https:\/\/www.naturparkmagazin.de\/stechlin\/wp-json\/wp\/v2\/comments?post=16889"}],"version-history":[{"count":5,"href":"https:\/\/www.naturparkmagazin.de\/stechlin\/wp-json\/wp\/v2\/posts\/16889\/revisions"}],"predecessor-version":[{"id":17040,"href":"https:\/\/www.naturparkmagazin.de\/stechlin\/wp-json\/wp\/v2\/posts\/16889\/revisions\/17040"}],"wp:featuredmedia":[{"embeddable":true,"href":"https:\/\/www.naturparkmagazin.de\/stechlin\/wp-json\/wp\/v2\/media\/16946"}],"wp:attachment":[{"href":"https:\/\/www.naturparkmagazin.de\/stechlin\/wp-json\/wp\/v2\/media?parent=16889"}],"wp:term":[{"taxonomy":"category","embeddable":true,"href":"https:\/\/www.naturparkmagazin.de\/stechlin\/wp-json\/wp\/v2\/categories?post=16889"},{"taxonomy":"post_tag","embeddable":true,"href":"https:\/\/www.naturparkmagazin.de\/stechlin\/wp-json\/wp\/v2\/tags?post=16889"}],"curies":[{"name":"wp","href":"https:\/\/api.w.org\/{rel}","templated":true}]}}