{"id":1690,"date":"2014-12-15T15:41:24","date_gmt":"2014-12-15T14:41:24","guid":{"rendered":"http:\/\/www.naturparkmagazin.de\/stechlin\/?p=1690"},"modified":"2014-12-15T15:43:34","modified_gmt":"2014-12-15T14:43:34","slug":"magistratssee","status":"publish","type":"post","link":"https:\/\/www.naturparkmagazin.de\/stechlin\/magistratssee\/","title":{"rendered":"Machbarkeitsstudie zur Revitalisierung des Magistratssee erstellt"},"content":{"rendered":"<p>&nbsp;<\/p>\n<p><a href=\"https:\/\/www.naturparkmagazin.de\/stechlin\/wp-content\/uploads\/sites\/38\/Magistratssee2.jpg\"><img decoding=\"async\" loading=\"lazy\" class=\"alignnone size-full wp-image-1692\" alt=\"NP SRL\/Dr. Mario Schrumpf\" src=\"https:\/\/www.naturparkmagazin.de\/stechlin\/wp-content\/uploads\/sites\/38\/Magistratssee2.jpg\" width=\"500\" height=\"335\" srcset=\"https:\/\/www.naturparkmagazin.de\/stechlin\/wp-content\/uploads\/sites\/38\/Magistratssee2.jpg 500w, https:\/\/www.naturparkmagazin.de\/stechlin\/wp-content\/uploads\/sites\/38\/Magistratssee2-300x201.jpg 300w, https:\/\/www.naturparkmagazin.de\/stechlin\/wp-content\/uploads\/sites\/38\/Magistratssee2-200x134.jpg 200w\" sizes=\"(max-width: 500px) 100vw, 500px\" \/><\/a><\/p>\n<p><img decoding=\"async\" loading=\"lazy\" class=\"alignnone size-full wp-image-1693\" alt=\"NP SRL\/Dr. Mario Schrumpf\" src=\"https:\/\/www.naturparkmagazin.de\/stechlin\/wp-content\/uploads\/sites\/38\/Magistratssee3.jpg\" width=\"500\" height=\"335\" srcset=\"https:\/\/www.naturparkmagazin.de\/stechlin\/wp-content\/uploads\/sites\/38\/Magistratssee3.jpg 500w, https:\/\/www.naturparkmagazin.de\/stechlin\/wp-content\/uploads\/sites\/38\/Magistratssee3-300x201.jpg 300w, https:\/\/www.naturparkmagazin.de\/stechlin\/wp-content\/uploads\/sites\/38\/Magistratssee3-200x134.jpg 200w\" sizes=\"(max-width: 500px) 100vw, 500px\" \/><\/p>\n<p>Die Firma Agrar- und Umweltplanung Radewege wurde im Fr\u00fchjahr 2014 von der Naturparkverwaltung mit der Erstellung einer Machbarkeitsstudie zur Revitalisierung des Magistratssees bei Lindow\/Mark beauftragt. Zum Jahresende wurde die Studie in Anwesenheit des Amtes Lindow, des Gew\u00e4sserunterhaltungsverbandes, der Eigent\u00fcmer und Anlieger in Lindow\/Mark vorgestellt.<\/p>\n<p>Stark schwankende, tendenziell sinkende Wasserst\u00e4nde haben die offenen Wasserfl\u00e4chen des Magistratssees von ehemals 2,78 ha auf rund 2,12 ha verkleinert. Im Sp\u00e4tsommer 2014 kam es erstmals zu einem fast vollst\u00e4ndigen Austrocknen des Gew\u00e4ssers. Die Wasserverluste haben bereits in den Vorjahren zu einer weitestgehenden Verlandung des S\u00fcdbereiches mit Geh\u00f6lzstrukturen gef\u00fchrt, w\u00e4hrend im zentralen Offenbereich des Gew\u00e4ssers fl\u00e4chenhafte Rohrkolbenbest\u00e4nde eine Schlie\u00dfung der Offenwasserfl\u00e4chen in den n\u00e4chsten Jahren absehbar machen.<\/p>\n<p>Die floristische Bestandeserfassung ergab das Vorkommen einer insgesamt typischen und relativ artenreichen N\u00e4hrstoffreichtum anzeigenden Vegetation mit einigen Rote-Liste-Arten. Die Fauna ist ebenfalls artenreich, wobei die Nutzung des Gew\u00e4ssers durch Amphibien im gegenw\u00e4rtigen Zustand stark eingeschr\u00e4nkt ist. Als Leitarten werden Kammmolch und Rotbauchunke (FFH-Anhang II) und als Zielarten Moorfrosch, Teichmolch und Grasfrosch (FFH-Anhang IV) benannt.<\/p>\n<p>Die vorgeschlagenen Revitalisierungsma\u00dfnahmen, wie Entschlammung in Verbindung mit Geh\u00f6lzr\u00fccknahme stellen eine Aufwertung des Lebensraumes f\u00fcr Pflanzen und Tiere dar. Die Schlammm\u00e4chtigkeit betr\u00e4gt maximal 1,80 m bei einer mittleren Schlammdichte von 1,08 m. Bei einer Fl\u00e4che von 2,12 ha entspricht das einem Gesamtvolumen von 22.000-23.000 Kubikmeter.<\/p>\n<p>Als Sanierungsmethode wurde eine grundhafte Entschlammung der Offenbereiche durch Saugbaggerung mittels Schneidkopfsaugbagger in Verbindung mit Verwertung auf landwirtschaftlichen Fl\u00e4chen vorgeschlagen. Die Analyse der Sedimente ergab keine Schadstoffbelastung, so dass der aufgezeigte Verwertungsweg m\u00f6glich w\u00e4re. Die Kosten f\u00fcr das Vorhaben werden auf ca. 384.000\u20ac gesch\u00e4tzt und sollen in Form einer 100%-F\u00f6rderung \u00fcber die ILE\/LEADER-Richtlinie finanziert werden.<\/p>\n","protected":false},"excerpt":{"rendered":"<p>Die Firma Agrar- und Umweltplanung Radewege wurde im Fr\u00fchjahr 2014 von der Naturparkverwaltung mit der Erstellung einer Machbarkeitsstudie zur Revitalisierung des Magistratssees bei Lindow\/Mark beauftragt. <\/p>\n","protected":false},"author":39,"featured_media":1691,"comment_status":"open","ping_status":"open","sticky":false,"template":"","format":"standard","meta":[],"categories":[7],"tags":[],"yoast_head":"<!-- This site is optimized with the Yoast SEO plugin v19.10 - https:\/\/yoast.com\/wordpress\/plugins\/seo\/ -->\n<title>Machbarkeitsstudie zur Revitalisierung des Magistratssee erstellt - Naturpark Stechlin-Ruppiner Land<\/title>\n<meta name=\"robots\" content=\"index, follow, max-snippet:-1, max-image-preview:large, max-video-preview:-1\" \/>\n<link rel=\"canonical\" href=\"https:\/\/www.naturparkmagazin.de\/stechlin\/magistratssee\/\" \/>\n<meta property=\"og:locale\" content=\"de_DE\" \/>\n<meta property=\"og:type\" content=\"article\" \/>\n<meta property=\"og:title\" content=\"Machbarkeitsstudie zur Revitalisierung des Magistratssee erstellt - Naturpark Stechlin-Ruppiner Land\" \/>\n<meta property=\"og:description\" content=\"Die Firma Agrar- und Umweltplanung Radewege wurde im Fr\u00fchjahr 2014 von der Naturparkverwaltung mit der Erstellung einer Machbarkeitsstudie zur Revitalisierung des Magistratssees bei Lindow\/Mark beauftragt.\" \/>\n<meta property=\"og:url\" content=\"https:\/\/www.naturparkmagazin.de\/stechlin\/magistratssee\/\" \/>\n<meta property=\"og:site_name\" content=\"Naturpark Stechlin-Ruppiner Land\" \/>\n<meta property=\"article:published_time\" content=\"2014-12-15T14:41:24+00:00\" \/>\n<meta property=\"article:modified_time\" content=\"2014-12-15T14:43:34+00:00\" \/>\n<meta property=\"og:image\" content=\"https:\/\/www.naturparkmagazin.de\/stechlin\/wp-content\/uploads\/sites\/38\/Magistratssee1.jpg\" \/>\n\t<meta property=\"og:image:width\" content=\"500\" \/>\n\t<meta property=\"og:image:height\" content=\"335\" \/>\n\t<meta property=\"og:image:type\" content=\"image\/jpeg\" \/>\n<meta name=\"author\" content=\"marioschrumpf\" \/>\n<meta name=\"twitter:label1\" content=\"Verfasst von\" \/>\n\t<meta name=\"twitter:data1\" content=\"marioschrumpf\" \/>\n\t<meta name=\"twitter:label2\" content=\"Gesch\u00e4tzte Lesezeit\" \/>\n\t<meta name=\"twitter:data2\" content=\"1\u00a0Minute\" \/>\n<script type=\"application\/ld+json\" class=\"yoast-schema-graph\">{\"@context\":\"https:\/\/schema.org\",\"@graph\":[{\"@type\":\"WebPage\",\"@id\":\"https:\/\/www.naturparkmagazin.de\/stechlin\/magistratssee\/\",\"url\":\"https:\/\/www.naturparkmagazin.de\/stechlin\/magistratssee\/\",\"name\":\"Machbarkeitsstudie zur Revitalisierung des Magistratssee erstellt - Naturpark Stechlin-Ruppiner Land\",\"isPartOf\":{\"@id\":\"https:\/\/www.naturparkmagazin.de\/stechlin\/#website\"},\"datePublished\":\"2014-12-15T14:41:24+00:00\",\"dateModified\":\"2014-12-15T14:43:34+00:00\",\"author\":{\"@id\":\"https:\/\/www.naturparkmagazin.de\/stechlin\/#\/schema\/person\/3f0d93203df21c806dd63c76d9bb28bc\"},\"breadcrumb\":{\"@id\":\"https:\/\/www.naturparkmagazin.de\/stechlin\/magistratssee\/#breadcrumb\"},\"inLanguage\":\"de\",\"potentialAction\":[{\"@type\":\"ReadAction\",\"target\":[\"https:\/\/www.naturparkmagazin.de\/stechlin\/magistratssee\/\"]}]},{\"@type\":\"BreadcrumbList\",\"@id\":\"https:\/\/www.naturparkmagazin.de\/stechlin\/magistratssee\/#breadcrumb\",\"itemListElement\":[{\"@type\":\"ListItem\",\"position\":1,\"name\":\"Home\",\"item\":\"https:\/\/www.naturparkmagazin.de\/stechlin\/\"},{\"@type\":\"ListItem\",\"position\":2,\"name\":\"Machbarkeitsstudie zur Revitalisierung des Magistratssee erstellt\"}]},{\"@type\":\"WebSite\",\"@id\":\"https:\/\/www.naturparkmagazin.de\/stechlin\/#website\",\"url\":\"https:\/\/www.naturparkmagazin.de\/stechlin\/\",\"name\":\"Naturpark Stechlin-Ruppiner Land\",\"description\":\"\",\"potentialAction\":[{\"@type\":\"SearchAction\",\"target\":{\"@type\":\"EntryPoint\",\"urlTemplate\":\"https:\/\/www.naturparkmagazin.de\/stechlin\/?s={search_term_string}\"},\"query-input\":\"required name=search_term_string\"}],\"inLanguage\":\"de\"},{\"@type\":\"Person\",\"@id\":\"https:\/\/www.naturparkmagazin.de\/stechlin\/#\/schema\/person\/3f0d93203df21c806dd63c76d9bb28bc\",\"name\":\"marioschrumpf\",\"url\":\"https:\/\/www.naturparkmagazin.de\/stechlin\/author\/marioschrumpf\/\"}]}<\/script>\n<!-- \/ Yoast SEO plugin. -->","yoast_head_json":{"title":"Machbarkeitsstudie zur Revitalisierung des Magistratssee erstellt - Naturpark Stechlin-Ruppiner Land","robots":{"index":"index","follow":"follow","max-snippet":"max-snippet:-1","max-image-preview":"max-image-preview:large","max-video-preview":"max-video-preview:-1"},"canonical":"https:\/\/www.naturparkmagazin.de\/stechlin\/magistratssee\/","og_locale":"de_DE","og_type":"article","og_title":"Machbarkeitsstudie zur Revitalisierung des Magistratssee erstellt - Naturpark Stechlin-Ruppiner Land","og_description":"Die Firma Agrar- und Umweltplanung Radewege wurde im Fr\u00fchjahr 2014 von der Naturparkverwaltung mit der Erstellung einer Machbarkeitsstudie zur Revitalisierung des Magistratssees bei Lindow\/Mark beauftragt.","og_url":"https:\/\/www.naturparkmagazin.de\/stechlin\/magistratssee\/","og_site_name":"Naturpark Stechlin-Ruppiner Land","article_published_time":"2014-12-15T14:41:24+00:00","article_modified_time":"2014-12-15T14:43:34+00:00","og_image":[{"width":500,"height":335,"url":"https:\/\/www.naturparkmagazin.de\/stechlin\/wp-content\/uploads\/sites\/38\/Magistratssee1.jpg","type":"image\/jpeg"}],"author":"marioschrumpf","twitter_misc":{"Verfasst von":"marioschrumpf","Gesch\u00e4tzte Lesezeit":"1\u00a0Minute"},"schema":{"@context":"https:\/\/schema.org","@graph":[{"@type":"WebPage","@id":"https:\/\/www.naturparkmagazin.de\/stechlin\/magistratssee\/","url":"https:\/\/www.naturparkmagazin.de\/stechlin\/magistratssee\/","name":"Machbarkeitsstudie zur Revitalisierung des Magistratssee erstellt - Naturpark Stechlin-Ruppiner Land","isPartOf":{"@id":"https:\/\/www.naturparkmagazin.de\/stechlin\/#website"},"datePublished":"2014-12-15T14:41:24+00:00","dateModified":"2014-12-15T14:43:34+00:00","author":{"@id":"https:\/\/www.naturparkmagazin.de\/stechlin\/#\/schema\/person\/3f0d93203df21c806dd63c76d9bb28bc"},"breadcrumb":{"@id":"https:\/\/www.naturparkmagazin.de\/stechlin\/magistratssee\/#breadcrumb"},"inLanguage":"de","potentialAction":[{"@type":"ReadAction","target":["https:\/\/www.naturparkmagazin.de\/stechlin\/magistratssee\/"]}]},{"@type":"BreadcrumbList","@id":"https:\/\/www.naturparkmagazin.de\/stechlin\/magistratssee\/#breadcrumb","itemListElement":[{"@type":"ListItem","position":1,"name":"Home","item":"https:\/\/www.naturparkmagazin.de\/stechlin\/"},{"@type":"ListItem","position":2,"name":"Machbarkeitsstudie zur Revitalisierung des Magistratssee erstellt"}]},{"@type":"WebSite","@id":"https:\/\/www.naturparkmagazin.de\/stechlin\/#website","url":"https:\/\/www.naturparkmagazin.de\/stechlin\/","name":"Naturpark Stechlin-Ruppiner Land","description":"","potentialAction":[{"@type":"SearchAction","target":{"@type":"EntryPoint","urlTemplate":"https:\/\/www.naturparkmagazin.de\/stechlin\/?s={search_term_string}"},"query-input":"required name=search_term_string"}],"inLanguage":"de"},{"@type":"Person","@id":"https:\/\/www.naturparkmagazin.de\/stechlin\/#\/schema\/person\/3f0d93203df21c806dd63c76d9bb28bc","name":"marioschrumpf","url":"https:\/\/www.naturparkmagazin.de\/stechlin\/author\/marioschrumpf\/"}]}},"_links":{"self":[{"href":"https:\/\/www.naturparkmagazin.de\/stechlin\/wp-json\/wp\/v2\/posts\/1690"}],"collection":[{"href":"https:\/\/www.naturparkmagazin.de\/stechlin\/wp-json\/wp\/v2\/posts"}],"about":[{"href":"https:\/\/www.naturparkmagazin.de\/stechlin\/wp-json\/wp\/v2\/types\/post"}],"author":[{"embeddable":true,"href":"https:\/\/www.naturparkmagazin.de\/stechlin\/wp-json\/wp\/v2\/users\/39"}],"replies":[{"embeddable":true,"href":"https:\/\/www.naturparkmagazin.de\/stechlin\/wp-json\/wp\/v2\/comments?post=1690"}],"version-history":[{"count":5,"href":"https:\/\/www.naturparkmagazin.de\/stechlin\/wp-json\/wp\/v2\/posts\/1690\/revisions"}],"predecessor-version":[{"id":1703,"href":"https:\/\/www.naturparkmagazin.de\/stechlin\/wp-json\/wp\/v2\/posts\/1690\/revisions\/1703"}],"wp:featuredmedia":[{"embeddable":true,"href":"https:\/\/www.naturparkmagazin.de\/stechlin\/wp-json\/wp\/v2\/media\/1691"}],"wp:attachment":[{"href":"https:\/\/www.naturparkmagazin.de\/stechlin\/wp-json\/wp\/v2\/media?parent=1690"}],"wp:term":[{"taxonomy":"category","embeddable":true,"href":"https:\/\/www.naturparkmagazin.de\/stechlin\/wp-json\/wp\/v2\/categories?post=1690"},{"taxonomy":"post_tag","embeddable":true,"href":"https:\/\/www.naturparkmagazin.de\/stechlin\/wp-json\/wp\/v2\/tags?post=1690"}],"curies":[{"name":"wp","href":"https:\/\/api.w.org\/{rel}","templated":true}]}}