{"id":17052,"date":"2025-04-23T16:01:29","date_gmt":"2025-04-23T14:01:29","guid":{"rendered":"https:\/\/www.naturparkmagazin.de\/stechlin\/?p=17052"},"modified":"2025-04-25T18:47:35","modified_gmt":"2025-04-25T16:47:35","slug":"feldtag-artenreiches-gruenland-mit-dem-landschaftspflegeverband-prignitz-ruppiner-land-e-v-in-koepernitz-am-23-mai-2025","status":"publish","type":"post","link":"https:\/\/www.naturparkmagazin.de\/stechlin\/feldtag-artenreiches-gruenland-mit-dem-landschaftspflegeverband-prignitz-ruppiner-land-e-v-in-koepernitz-am-23-mai-2025\/","title":{"rendered":"Feldtag &#8222;artenreiches Gr\u00fcnland&#8220; mit dem Landschaftspflegeverband Prignitz-Ruppiner Land e.V. in K\u00f6pernitz am 23. Mai 2025"},"content":{"rendered":"<p>Am <strong>23. Mai 2025<\/strong> treffen sich wieder einmal zahlreiche Natursch\u00fctzer, Landwirte, Kommunalpolitiker und Anwohner anl\u00e4sslich des Feldtags &#8211; organisiert vom Landschaftspflegeverband Prignitz-Ruppiner-Land e.V, vom Naturpark Stechlin-Ruppiner-Land und der Preussenquelle Rheinsberg. Schwerpunktthemen des diesj\u00e4hrigen Feldtages sind die Fragestellungen \u00fcber das was, wie und warum zum artenreichen Gr\u00fcnland.<\/p>\n<div id=\"attachment_15895\" style=\"width: 510px\" class=\"wp-caption aligncenter\"><a href=\"https:\/\/www.naturparkmagazin.de\/stechlin\/wp-content\/uploads\/sites\/38\/Der-Fund-des-aeusserst-seltenen-Laemmersalat-begeisterte-das-Publikum-beim-Feldtag..jpg\"><img aria-describedby=\"caption-attachment-15895\" decoding=\"async\" loading=\"lazy\" class=\"size-full wp-image-15895\" src=\"https:\/\/www.naturparkmagazin.de\/stechlin\/wp-content\/uploads\/sites\/38\/Der-Fund-des-aeusserst-seltenen-Laemmersalat-begeisterte-das-Publikum-beim-Feldtag..jpg\" alt=\"\" width=\"500\" height=\"300\" srcset=\"https:\/\/www.naturparkmagazin.de\/stechlin\/wp-content\/uploads\/sites\/38\/Der-Fund-des-aeusserst-seltenen-Laemmersalat-begeisterte-das-Publikum-beim-Feldtag..jpg 500w, https:\/\/www.naturparkmagazin.de\/stechlin\/wp-content\/uploads\/sites\/38\/Der-Fund-des-aeusserst-seltenen-Laemmersalat-begeisterte-das-Publikum-beim-Feldtag.-300x180.jpg 300w, https:\/\/www.naturparkmagazin.de\/stechlin\/wp-content\/uploads\/sites\/38\/Der-Fund-des-aeusserst-seltenen-Laemmersalat-begeisterte-das-Publikum-beim-Feldtag.-200x120.jpg 200w\" sizes=\"(max-width: 500px) 100vw, 500px\" \/><\/a><p id=\"caption-attachment-15895\" class=\"wp-caption-text\">Der Fund des \u00e4u\u00dferst seltenen L\u00e4mmersalat begeisterte das Publikum beim Feldtag 2024 in Kuhlm\u00fchle.\u00a9 Christamaria Ruch<\/p><\/div>\n<p><strong>Termin und Start<\/strong>: 23. Mai 2025 | 15.00 Uhr<\/p>\n<p><strong>Ort<\/strong>: K\u00f6pernitz<\/p>\n","protected":false},"excerpt":{"rendered":"<p>Am 23. Mai 2025 treffen sich zahlreiche Natursch\u00fctzer, Landwirte, Kommunalpolitiker und Anwohner anl\u00e4sslich des Feldtages in K\u00f6pernitz.<\/p>\n","protected":false},"author":39,"featured_media":9910,"comment_status":"open","ping_status":"open","sticky":false,"template":"","format":"standard","meta":[],"categories":[11],"tags":[],"yoast_head":"<!-- This site is optimized with the Yoast SEO plugin v19.10 - https:\/\/yoast.com\/wordpress\/plugins\/seo\/ -->\n<title>Feldtag &quot;artenreiches Gr\u00fcnland&quot; mit dem Landschaftspflegeverband Prignitz-Ruppiner Land e.V. in K\u00f6pernitz am 23. Mai 2025 - Naturpark Stechlin-Ruppiner Land<\/title>\n<meta name=\"robots\" content=\"index, follow, max-snippet:-1, max-image-preview:large, max-video-preview:-1\" \/>\n<link rel=\"canonical\" href=\"https:\/\/www.naturparkmagazin.de\/stechlin\/feldtag-artenreiches-gruenland-mit-dem-landschaftspflegeverband-prignitz-ruppiner-land-e-v-in-koepernitz-am-23-mai-2025\/\" \/>\n<meta property=\"og:locale\" content=\"de_DE\" \/>\n<meta property=\"og:type\" content=\"article\" \/>\n<meta property=\"og:title\" content=\"Feldtag &quot;artenreiches Gr\u00fcnland&quot; mit dem Landschaftspflegeverband Prignitz-Ruppiner Land e.V. in K\u00f6pernitz am 23. Mai 2025 - Naturpark Stechlin-Ruppiner Land\" \/>\n<meta property=\"og:description\" content=\"Am 23. Mai 2025 treffen sich zahlreiche Natursch\u00fctzer, Landwirte, Kommunalpolitiker und Anwohner anl\u00e4sslich des Feldtages in K\u00f6pernitz.\" \/>\n<meta property=\"og:url\" content=\"https:\/\/www.naturparkmagazin.de\/stechlin\/feldtag-artenreiches-gruenland-mit-dem-landschaftspflegeverband-prignitz-ruppiner-land-e-v-in-koepernitz-am-23-mai-2025\/\" \/>\n<meta property=\"og:site_name\" content=\"Naturpark Stechlin-Ruppiner Land\" \/>\n<meta property=\"article:published_time\" content=\"2025-04-23T14:01:29+00:00\" \/>\n<meta property=\"article:modified_time\" content=\"2025-04-25T16:47:35+00:00\" \/>\n<meta property=\"og:image\" content=\"https:\/\/www.naturparkmagazin.de\/stechlin\/wp-content\/uploads\/sites\/38\/Beratung_Feld_Jakob_Schenk.jpg\" \/>\n\t<meta property=\"og:image:width\" content=\"200\" \/>\n\t<meta property=\"og:image:height\" content=\"200\" \/>\n\t<meta property=\"og:image:type\" content=\"image\/jpeg\" \/>\n<meta name=\"author\" content=\"marioschrumpf\" \/>\n<meta name=\"twitter:label1\" content=\"Verfasst von\" \/>\n\t<meta name=\"twitter:data1\" content=\"marioschrumpf\" \/>\n\t<meta name=\"twitter:label2\" content=\"Gesch\u00e4tzte Lesezeit\" \/>\n\t<meta name=\"twitter:data2\" content=\"1\u00a0Minute\" \/>\n<script type=\"application\/ld+json\" class=\"yoast-schema-graph\">{\"@context\":\"https:\/\/schema.org\",\"@graph\":[{\"@type\":\"WebPage\",\"@id\":\"https:\/\/www.naturparkmagazin.de\/stechlin\/feldtag-artenreiches-gruenland-mit-dem-landschaftspflegeverband-prignitz-ruppiner-land-e-v-in-koepernitz-am-23-mai-2025\/\",\"url\":\"https:\/\/www.naturparkmagazin.de\/stechlin\/feldtag-artenreiches-gruenland-mit-dem-landschaftspflegeverband-prignitz-ruppiner-land-e-v-in-koepernitz-am-23-mai-2025\/\",\"name\":\"Feldtag \\\"artenreiches Gr\u00fcnland\\\" mit dem Landschaftspflegeverband Prignitz-Ruppiner Land e.V. in K\u00f6pernitz am 23. Mai 2025 - Naturpark Stechlin-Ruppiner Land\",\"isPartOf\":{\"@id\":\"https:\/\/www.naturparkmagazin.de\/stechlin\/#website\"},\"datePublished\":\"2025-04-23T14:01:29+00:00\",\"dateModified\":\"2025-04-25T16:47:35+00:00\",\"author\":{\"@id\":\"https:\/\/www.naturparkmagazin.de\/stechlin\/#\/schema\/person\/3f0d93203df21c806dd63c76d9bb28bc\"},\"breadcrumb\":{\"@id\":\"https:\/\/www.naturparkmagazin.de\/stechlin\/feldtag-artenreiches-gruenland-mit-dem-landschaftspflegeverband-prignitz-ruppiner-land-e-v-in-koepernitz-am-23-mai-2025\/#breadcrumb\"},\"inLanguage\":\"de\",\"potentialAction\":[{\"@type\":\"ReadAction\",\"target\":[\"https:\/\/www.naturparkmagazin.de\/stechlin\/feldtag-artenreiches-gruenland-mit-dem-landschaftspflegeverband-prignitz-ruppiner-land-e-v-in-koepernitz-am-23-mai-2025\/\"]}]},{\"@type\":\"BreadcrumbList\",\"@id\":\"https:\/\/www.naturparkmagazin.de\/stechlin\/feldtag-artenreiches-gruenland-mit-dem-landschaftspflegeverband-prignitz-ruppiner-land-e-v-in-koepernitz-am-23-mai-2025\/#breadcrumb\",\"itemListElement\":[{\"@type\":\"ListItem\",\"position\":1,\"name\":\"Home\",\"item\":\"https:\/\/www.naturparkmagazin.de\/stechlin\/\"},{\"@type\":\"ListItem\",\"position\":2,\"name\":\"Feldtag &#8222;artenreiches Gr\u00fcnland&#8220; mit dem Landschaftspflegeverband Prignitz-Ruppiner Land e.V. in K\u00f6pernitz am 23. Mai 2025\"}]},{\"@type\":\"WebSite\",\"@id\":\"https:\/\/www.naturparkmagazin.de\/stechlin\/#website\",\"url\":\"https:\/\/www.naturparkmagazin.de\/stechlin\/\",\"name\":\"Naturpark Stechlin-Ruppiner Land\",\"description\":\"\",\"potentialAction\":[{\"@type\":\"SearchAction\",\"target\":{\"@type\":\"EntryPoint\",\"urlTemplate\":\"https:\/\/www.naturparkmagazin.de\/stechlin\/?s={search_term_string}\"},\"query-input\":\"required name=search_term_string\"}],\"inLanguage\":\"de\"},{\"@type\":\"Person\",\"@id\":\"https:\/\/www.naturparkmagazin.de\/stechlin\/#\/schema\/person\/3f0d93203df21c806dd63c76d9bb28bc\",\"name\":\"marioschrumpf\",\"url\":\"https:\/\/www.naturparkmagazin.de\/stechlin\/author\/marioschrumpf\/\"}]}<\/script>\n<!-- \/ Yoast SEO plugin. -->","yoast_head_json":{"title":"Feldtag \"artenreiches Gr\u00fcnland\" mit dem Landschaftspflegeverband Prignitz-Ruppiner Land e.V. in K\u00f6pernitz am 23. Mai 2025 - Naturpark Stechlin-Ruppiner Land","robots":{"index":"index","follow":"follow","max-snippet":"max-snippet:-1","max-image-preview":"max-image-preview:large","max-video-preview":"max-video-preview:-1"},"canonical":"https:\/\/www.naturparkmagazin.de\/stechlin\/feldtag-artenreiches-gruenland-mit-dem-landschaftspflegeverband-prignitz-ruppiner-land-e-v-in-koepernitz-am-23-mai-2025\/","og_locale":"de_DE","og_type":"article","og_title":"Feldtag \"artenreiches Gr\u00fcnland\" mit dem Landschaftspflegeverband Prignitz-Ruppiner Land e.V. in K\u00f6pernitz am 23. Mai 2025 - Naturpark Stechlin-Ruppiner Land","og_description":"Am 23. Mai 2025 treffen sich zahlreiche Natursch\u00fctzer, Landwirte, Kommunalpolitiker und Anwohner anl\u00e4sslich des Feldtages in K\u00f6pernitz.","og_url":"https:\/\/www.naturparkmagazin.de\/stechlin\/feldtag-artenreiches-gruenland-mit-dem-landschaftspflegeverband-prignitz-ruppiner-land-e-v-in-koepernitz-am-23-mai-2025\/","og_site_name":"Naturpark Stechlin-Ruppiner Land","article_published_time":"2025-04-23T14:01:29+00:00","article_modified_time":"2025-04-25T16:47:35+00:00","og_image":[{"width":200,"height":200,"url":"https:\/\/www.naturparkmagazin.de\/stechlin\/wp-content\/uploads\/sites\/38\/Beratung_Feld_Jakob_Schenk.jpg","type":"image\/jpeg"}],"author":"marioschrumpf","twitter_misc":{"Verfasst von":"marioschrumpf","Gesch\u00e4tzte Lesezeit":"1\u00a0Minute"},"schema":{"@context":"https:\/\/schema.org","@graph":[{"@type":"WebPage","@id":"https:\/\/www.naturparkmagazin.de\/stechlin\/feldtag-artenreiches-gruenland-mit-dem-landschaftspflegeverband-prignitz-ruppiner-land-e-v-in-koepernitz-am-23-mai-2025\/","url":"https:\/\/www.naturparkmagazin.de\/stechlin\/feldtag-artenreiches-gruenland-mit-dem-landschaftspflegeverband-prignitz-ruppiner-land-e-v-in-koepernitz-am-23-mai-2025\/","name":"Feldtag \"artenreiches Gr\u00fcnland\" mit dem Landschaftspflegeverband Prignitz-Ruppiner Land e.V. in K\u00f6pernitz am 23. Mai 2025 - Naturpark Stechlin-Ruppiner Land","isPartOf":{"@id":"https:\/\/www.naturparkmagazin.de\/stechlin\/#website"},"datePublished":"2025-04-23T14:01:29+00:00","dateModified":"2025-04-25T16:47:35+00:00","author":{"@id":"https:\/\/www.naturparkmagazin.de\/stechlin\/#\/schema\/person\/3f0d93203df21c806dd63c76d9bb28bc"},"breadcrumb":{"@id":"https:\/\/www.naturparkmagazin.de\/stechlin\/feldtag-artenreiches-gruenland-mit-dem-landschaftspflegeverband-prignitz-ruppiner-land-e-v-in-koepernitz-am-23-mai-2025\/#breadcrumb"},"inLanguage":"de","potentialAction":[{"@type":"ReadAction","target":["https:\/\/www.naturparkmagazin.de\/stechlin\/feldtag-artenreiches-gruenland-mit-dem-landschaftspflegeverband-prignitz-ruppiner-land-e-v-in-koepernitz-am-23-mai-2025\/"]}]},{"@type":"BreadcrumbList","@id":"https:\/\/www.naturparkmagazin.de\/stechlin\/feldtag-artenreiches-gruenland-mit-dem-landschaftspflegeverband-prignitz-ruppiner-land-e-v-in-koepernitz-am-23-mai-2025\/#breadcrumb","itemListElement":[{"@type":"ListItem","position":1,"name":"Home","item":"https:\/\/www.naturparkmagazin.de\/stechlin\/"},{"@type":"ListItem","position":2,"name":"Feldtag &#8222;artenreiches Gr\u00fcnland&#8220; mit dem Landschaftspflegeverband Prignitz-Ruppiner Land e.V. in K\u00f6pernitz am 23. Mai 2025"}]},{"@type":"WebSite","@id":"https:\/\/www.naturparkmagazin.de\/stechlin\/#website","url":"https:\/\/www.naturparkmagazin.de\/stechlin\/","name":"Naturpark Stechlin-Ruppiner Land","description":"","potentialAction":[{"@type":"SearchAction","target":{"@type":"EntryPoint","urlTemplate":"https:\/\/www.naturparkmagazin.de\/stechlin\/?s={search_term_string}"},"query-input":"required name=search_term_string"}],"inLanguage":"de"},{"@type":"Person","@id":"https:\/\/www.naturparkmagazin.de\/stechlin\/#\/schema\/person\/3f0d93203df21c806dd63c76d9bb28bc","name":"marioschrumpf","url":"https:\/\/www.naturparkmagazin.de\/stechlin\/author\/marioschrumpf\/"}]}},"_links":{"self":[{"href":"https:\/\/www.naturparkmagazin.de\/stechlin\/wp-json\/wp\/v2\/posts\/17052"}],"collection":[{"href":"https:\/\/www.naturparkmagazin.de\/stechlin\/wp-json\/wp\/v2\/posts"}],"about":[{"href":"https:\/\/www.naturparkmagazin.de\/stechlin\/wp-json\/wp\/v2\/types\/post"}],"author":[{"embeddable":true,"href":"https:\/\/www.naturparkmagazin.de\/stechlin\/wp-json\/wp\/v2\/users\/39"}],"replies":[{"embeddable":true,"href":"https:\/\/www.naturparkmagazin.de\/stechlin\/wp-json\/wp\/v2\/comments?post=17052"}],"version-history":[{"count":4,"href":"https:\/\/www.naturparkmagazin.de\/stechlin\/wp-json\/wp\/v2\/posts\/17052\/revisions"}],"predecessor-version":[{"id":17194,"href":"https:\/\/www.naturparkmagazin.de\/stechlin\/wp-json\/wp\/v2\/posts\/17052\/revisions\/17194"}],"wp:featuredmedia":[{"embeddable":true,"href":"https:\/\/www.naturparkmagazin.de\/stechlin\/wp-json\/wp\/v2\/media\/9910"}],"wp:attachment":[{"href":"https:\/\/www.naturparkmagazin.de\/stechlin\/wp-json\/wp\/v2\/media?parent=17052"}],"wp:term":[{"taxonomy":"category","embeddable":true,"href":"https:\/\/www.naturparkmagazin.de\/stechlin\/wp-json\/wp\/v2\/categories?post=17052"},{"taxonomy":"post_tag","embeddable":true,"href":"https:\/\/www.naturparkmagazin.de\/stechlin\/wp-json\/wp\/v2\/tags?post=17052"}],"curies":[{"name":"wp","href":"https:\/\/api.w.org\/{rel}","templated":true}]}}