{"id":17061,"date":"2025-04-23T16:00:23","date_gmt":"2025-04-23T14:00:23","guid":{"rendered":"https:\/\/www.naturparkmagazin.de\/stechlin\/?p=17061"},"modified":"2025-04-29T15:58:16","modified_gmt":"2025-04-29T13:58:16","slug":"saisonstart-bric-brac-am-1-mai-2025","status":"publish","type":"post","link":"https:\/\/www.naturparkmagazin.de\/stechlin\/saisonstart-bric-brac-am-1-mai-2025\/","title":{"rendered":"Saisonstart im Bric \u00e0 Brac am 1. Mai 2025"},"content":{"rendered":"<p><strong>Die zweite Jahreszeit<\/strong><\/p>\n<p>F\u00fcr die Cr\u00eaperie auf dem Gutshof in Zernikow beginnt mit der Wiederer\u00f6ffnung am 1. Mai traditionell die zweite Jahreszeit, der Sommer.<\/p>\n<p>Neben den festen \u00d6ffnungszeiten, stehen auch in diesem Jahr in der Cr\u00eaperie und auf dem Gutshof diverse Veranstaltungen an.<\/p>\n<div id=\"attachment_17135\" style=\"width: 510px\" class=\"wp-caption aligncenter\"><a href=\"https:\/\/www.naturparkmagazin.de\/stechlin\/wp-content\/uploads\/sites\/38\/Creperie-mit-alter-Brennerei-im-Hintergrund.jpg\"><img aria-describedby=\"caption-attachment-17135\" decoding=\"async\" loading=\"lazy\" class=\"size-full wp-image-17135\" src=\"https:\/\/www.naturparkmagazin.de\/stechlin\/wp-content\/uploads\/sites\/38\/Creperie-mit-alter-Brennerei-im-Hintergrund.jpg\" alt=\"\" width=\"500\" height=\"300\" srcset=\"https:\/\/www.naturparkmagazin.de\/stechlin\/wp-content\/uploads\/sites\/38\/Creperie-mit-alter-Brennerei-im-Hintergrund.jpg 500w, https:\/\/www.naturparkmagazin.de\/stechlin\/wp-content\/uploads\/sites\/38\/Creperie-mit-alter-Brennerei-im-Hintergrund-300x180.jpg 300w, https:\/\/www.naturparkmagazin.de\/stechlin\/wp-content\/uploads\/sites\/38\/Creperie-mit-alter-Brennerei-im-Hintergrund-200x120.jpg 200w\" sizes=\"(max-width: 500px) 100vw, 500px\" \/><\/a><p id=\"caption-attachment-17135\" class=\"wp-caption-text\">Cr\u00eaperie mit alter Brennerei im Hintergrund\u00a9 Alex Garbe<\/p><\/div>\n<p>Im Einzelnen k\u00f6nnen diese der <a href=\"https:\/\/creperie-bric-a-brac.de\/\">Website<\/a> entnommen werden.<\/p>\n<div id=\"attachment_17136\" style=\"width: 510px\" class=\"wp-caption aligncenter\"><a href=\"https:\/\/www.naturparkmagazin.de\/stechlin\/wp-content\/uploads\/sites\/38\/Gutshof-unter-Regenbogen.jpg\"><img aria-describedby=\"caption-attachment-17136\" decoding=\"async\" loading=\"lazy\" class=\"size-full wp-image-17136\" src=\"https:\/\/www.naturparkmagazin.de\/stechlin\/wp-content\/uploads\/sites\/38\/Gutshof-unter-Regenbogen.jpg\" alt=\"\" width=\"500\" height=\"300\" srcset=\"https:\/\/www.naturparkmagazin.de\/stechlin\/wp-content\/uploads\/sites\/38\/Gutshof-unter-Regenbogen.jpg 500w, https:\/\/www.naturparkmagazin.de\/stechlin\/wp-content\/uploads\/sites\/38\/Gutshof-unter-Regenbogen-300x180.jpg 300w, https:\/\/www.naturparkmagazin.de\/stechlin\/wp-content\/uploads\/sites\/38\/Gutshof-unter-Regenbogen-200x120.jpg 200w\" sizes=\"(max-width: 500px) 100vw, 500px\" \/><\/a><p id=\"caption-attachment-17136\" class=\"wp-caption-text\">Gutshof unter Regenbogen\u00a9 Alex Garbe<\/p><\/div>\n<p><strong>Aurore und Jan Koch<\/strong> freuen sich \u00fcber jeden Besuch und sind wie folgt erreichbar:<\/p>\n<p>Zernikower Stra\u00dfe 43\n16775 Gro\u00dfwoltersdorf OT Zernikow<\/p>\n<p>Tel.: 0174 4629240<\/p>\n<p>mail@creperie-bric-a-brac.de<\/p>\n","protected":false},"excerpt":{"rendered":"<p>F\u00fcr die Cr\u00eaperie auf dem Gutshof in Zernikow beginnt mit der Wiederer\u00f6ffnung am 1. Mai traditionell die zweite Jahreszeit, der Sommer.<\/p>\n","protected":false},"author":39,"featured_media":17137,"comment_status":"open","ping_status":"open","sticky":false,"template":"","format":"standard","meta":[],"categories":[11],"tags":[],"yoast_head":"<!-- This site is optimized with the Yoast SEO plugin v19.10 - https:\/\/yoast.com\/wordpress\/plugins\/seo\/ -->\n<title>Saisonstart im Bric \u00e0 Brac am 1. Mai 2025 - Naturpark Stechlin-Ruppiner Land<\/title>\n<meta name=\"robots\" content=\"index, follow, max-snippet:-1, max-image-preview:large, max-video-preview:-1\" \/>\n<link rel=\"canonical\" href=\"https:\/\/www.naturparkmagazin.de\/stechlin\/saisonstart-bric-brac-am-1-mai-2025\/\" \/>\n<meta property=\"og:locale\" content=\"de_DE\" \/>\n<meta property=\"og:type\" content=\"article\" \/>\n<meta property=\"og:title\" content=\"Saisonstart im Bric \u00e0 Brac am 1. Mai 2025 - Naturpark Stechlin-Ruppiner Land\" \/>\n<meta property=\"og:description\" content=\"F\u00fcr die Cr\u00eaperie auf dem Gutshof in Zernikow beginnt mit der Wiederer\u00f6ffnung am 1. Mai traditionell die zweite Jahreszeit, der Sommer.\" \/>\n<meta property=\"og:url\" content=\"https:\/\/www.naturparkmagazin.de\/stechlin\/saisonstart-bric-brac-am-1-mai-2025\/\" \/>\n<meta property=\"og:site_name\" content=\"Naturpark Stechlin-Ruppiner Land\" \/>\n<meta property=\"article:published_time\" content=\"2025-04-23T14:00:23+00:00\" \/>\n<meta property=\"article:modified_time\" content=\"2025-04-29T13:58:16+00:00\" \/>\n<meta property=\"og:image\" content=\"https:\/\/www.naturparkmagazin.de\/stechlin\/wp-content\/uploads\/sites\/38\/Urlaub-auf-dem-Gutshof.jpg\" \/>\n\t<meta property=\"og:image:width\" content=\"200\" \/>\n\t<meta property=\"og:image:height\" content=\"200\" \/>\n\t<meta property=\"og:image:type\" content=\"image\/jpeg\" \/>\n<meta name=\"author\" content=\"marioschrumpf\" \/>\n<meta name=\"twitter:label1\" content=\"Verfasst von\" \/>\n\t<meta name=\"twitter:data1\" content=\"marioschrumpf\" \/>\n\t<meta name=\"twitter:label2\" content=\"Gesch\u00e4tzte Lesezeit\" \/>\n\t<meta name=\"twitter:data2\" content=\"1\u00a0Minute\" \/>\n<script type=\"application\/ld+json\" class=\"yoast-schema-graph\">{\"@context\":\"https:\/\/schema.org\",\"@graph\":[{\"@type\":\"WebPage\",\"@id\":\"https:\/\/www.naturparkmagazin.de\/stechlin\/saisonstart-bric-brac-am-1-mai-2025\/\",\"url\":\"https:\/\/www.naturparkmagazin.de\/stechlin\/saisonstart-bric-brac-am-1-mai-2025\/\",\"name\":\"Saisonstart im Bric \u00e0 Brac am 1. Mai 2025 - Naturpark Stechlin-Ruppiner Land\",\"isPartOf\":{\"@id\":\"https:\/\/www.naturparkmagazin.de\/stechlin\/#website\"},\"datePublished\":\"2025-04-23T14:00:23+00:00\",\"dateModified\":\"2025-04-29T13:58:16+00:00\",\"author\":{\"@id\":\"https:\/\/www.naturparkmagazin.de\/stechlin\/#\/schema\/person\/3f0d93203df21c806dd63c76d9bb28bc\"},\"breadcrumb\":{\"@id\":\"https:\/\/www.naturparkmagazin.de\/stechlin\/saisonstart-bric-brac-am-1-mai-2025\/#breadcrumb\"},\"inLanguage\":\"de\",\"potentialAction\":[{\"@type\":\"ReadAction\",\"target\":[\"https:\/\/www.naturparkmagazin.de\/stechlin\/saisonstart-bric-brac-am-1-mai-2025\/\"]}]},{\"@type\":\"BreadcrumbList\",\"@id\":\"https:\/\/www.naturparkmagazin.de\/stechlin\/saisonstart-bric-brac-am-1-mai-2025\/#breadcrumb\",\"itemListElement\":[{\"@type\":\"ListItem\",\"position\":1,\"name\":\"Home\",\"item\":\"https:\/\/www.naturparkmagazin.de\/stechlin\/\"},{\"@type\":\"ListItem\",\"position\":2,\"name\":\"Saisonstart im Bric \u00e0 Brac am 1. Mai 2025\"}]},{\"@type\":\"WebSite\",\"@id\":\"https:\/\/www.naturparkmagazin.de\/stechlin\/#website\",\"url\":\"https:\/\/www.naturparkmagazin.de\/stechlin\/\",\"name\":\"Naturpark Stechlin-Ruppiner Land\",\"description\":\"\",\"potentialAction\":[{\"@type\":\"SearchAction\",\"target\":{\"@type\":\"EntryPoint\",\"urlTemplate\":\"https:\/\/www.naturparkmagazin.de\/stechlin\/?s={search_term_string}\"},\"query-input\":\"required name=search_term_string\"}],\"inLanguage\":\"de\"},{\"@type\":\"Person\",\"@id\":\"https:\/\/www.naturparkmagazin.de\/stechlin\/#\/schema\/person\/3f0d93203df21c806dd63c76d9bb28bc\",\"name\":\"marioschrumpf\",\"url\":\"https:\/\/www.naturparkmagazin.de\/stechlin\/author\/marioschrumpf\/\"}]}<\/script>\n<!-- \/ Yoast SEO plugin. -->","yoast_head_json":{"title":"Saisonstart im Bric \u00e0 Brac am 1. Mai 2025 - Naturpark Stechlin-Ruppiner Land","robots":{"index":"index","follow":"follow","max-snippet":"max-snippet:-1","max-image-preview":"max-image-preview:large","max-video-preview":"max-video-preview:-1"},"canonical":"https:\/\/www.naturparkmagazin.de\/stechlin\/saisonstart-bric-brac-am-1-mai-2025\/","og_locale":"de_DE","og_type":"article","og_title":"Saisonstart im Bric \u00e0 Brac am 1. Mai 2025 - Naturpark Stechlin-Ruppiner Land","og_description":"F\u00fcr die Cr\u00eaperie auf dem Gutshof in Zernikow beginnt mit der Wiederer\u00f6ffnung am 1. Mai traditionell die zweite Jahreszeit, der Sommer.","og_url":"https:\/\/www.naturparkmagazin.de\/stechlin\/saisonstart-bric-brac-am-1-mai-2025\/","og_site_name":"Naturpark Stechlin-Ruppiner Land","article_published_time":"2025-04-23T14:00:23+00:00","article_modified_time":"2025-04-29T13:58:16+00:00","og_image":[{"width":200,"height":200,"url":"https:\/\/www.naturparkmagazin.de\/stechlin\/wp-content\/uploads\/sites\/38\/Urlaub-auf-dem-Gutshof.jpg","type":"image\/jpeg"}],"author":"marioschrumpf","twitter_misc":{"Verfasst von":"marioschrumpf","Gesch\u00e4tzte Lesezeit":"1\u00a0Minute"},"schema":{"@context":"https:\/\/schema.org","@graph":[{"@type":"WebPage","@id":"https:\/\/www.naturparkmagazin.de\/stechlin\/saisonstart-bric-brac-am-1-mai-2025\/","url":"https:\/\/www.naturparkmagazin.de\/stechlin\/saisonstart-bric-brac-am-1-mai-2025\/","name":"Saisonstart im Bric \u00e0 Brac am 1. Mai 2025 - Naturpark Stechlin-Ruppiner Land","isPartOf":{"@id":"https:\/\/www.naturparkmagazin.de\/stechlin\/#website"},"datePublished":"2025-04-23T14:00:23+00:00","dateModified":"2025-04-29T13:58:16+00:00","author":{"@id":"https:\/\/www.naturparkmagazin.de\/stechlin\/#\/schema\/person\/3f0d93203df21c806dd63c76d9bb28bc"},"breadcrumb":{"@id":"https:\/\/www.naturparkmagazin.de\/stechlin\/saisonstart-bric-brac-am-1-mai-2025\/#breadcrumb"},"inLanguage":"de","potentialAction":[{"@type":"ReadAction","target":["https:\/\/www.naturparkmagazin.de\/stechlin\/saisonstart-bric-brac-am-1-mai-2025\/"]}]},{"@type":"BreadcrumbList","@id":"https:\/\/www.naturparkmagazin.de\/stechlin\/saisonstart-bric-brac-am-1-mai-2025\/#breadcrumb","itemListElement":[{"@type":"ListItem","position":1,"name":"Home","item":"https:\/\/www.naturparkmagazin.de\/stechlin\/"},{"@type":"ListItem","position":2,"name":"Saisonstart im Bric \u00e0 Brac am 1. Mai 2025"}]},{"@type":"WebSite","@id":"https:\/\/www.naturparkmagazin.de\/stechlin\/#website","url":"https:\/\/www.naturparkmagazin.de\/stechlin\/","name":"Naturpark Stechlin-Ruppiner Land","description":"","potentialAction":[{"@type":"SearchAction","target":{"@type":"EntryPoint","urlTemplate":"https:\/\/www.naturparkmagazin.de\/stechlin\/?s={search_term_string}"},"query-input":"required name=search_term_string"}],"inLanguage":"de"},{"@type":"Person","@id":"https:\/\/www.naturparkmagazin.de\/stechlin\/#\/schema\/person\/3f0d93203df21c806dd63c76d9bb28bc","name":"marioschrumpf","url":"https:\/\/www.naturparkmagazin.de\/stechlin\/author\/marioschrumpf\/"}]}},"_links":{"self":[{"href":"https:\/\/www.naturparkmagazin.de\/stechlin\/wp-json\/wp\/v2\/posts\/17061"}],"collection":[{"href":"https:\/\/www.naturparkmagazin.de\/stechlin\/wp-json\/wp\/v2\/posts"}],"about":[{"href":"https:\/\/www.naturparkmagazin.de\/stechlin\/wp-json\/wp\/v2\/types\/post"}],"author":[{"embeddable":true,"href":"https:\/\/www.naturparkmagazin.de\/stechlin\/wp-json\/wp\/v2\/users\/39"}],"replies":[{"embeddable":true,"href":"https:\/\/www.naturparkmagazin.de\/stechlin\/wp-json\/wp\/v2\/comments?post=17061"}],"version-history":[{"count":7,"href":"https:\/\/www.naturparkmagazin.de\/stechlin\/wp-json\/wp\/v2\/posts\/17061\/revisions"}],"predecessor-version":[{"id":17216,"href":"https:\/\/www.naturparkmagazin.de\/stechlin\/wp-json\/wp\/v2\/posts\/17061\/revisions\/17216"}],"wp:featuredmedia":[{"embeddable":true,"href":"https:\/\/www.naturparkmagazin.de\/stechlin\/wp-json\/wp\/v2\/media\/17137"}],"wp:attachment":[{"href":"https:\/\/www.naturparkmagazin.de\/stechlin\/wp-json\/wp\/v2\/media?parent=17061"}],"wp:term":[{"taxonomy":"category","embeddable":true,"href":"https:\/\/www.naturparkmagazin.de\/stechlin\/wp-json\/wp\/v2\/categories?post=17061"},{"taxonomy":"post_tag","embeddable":true,"href":"https:\/\/www.naturparkmagazin.de\/stechlin\/wp-json\/wp\/v2\/tags?post=17061"}],"curies":[{"name":"wp","href":"https:\/\/api.w.org\/{rel}","templated":true}]}}