{"id":17074,"date":"2025-04-23T16:05:23","date_gmt":"2025-04-23T14:05:23","guid":{"rendered":"https:\/\/www.naturparkmagazin.de\/stechlin\/?p=17074"},"modified":"2025-04-25T13:34:02","modified_gmt":"2025-04-25T11:34:02","slug":"save-the-date-tomatenpflanzenboerse-am-9-mai-2025","status":"publish","type":"post","link":"https:\/\/www.naturparkmagazin.de\/stechlin\/save-the-date-tomatenpflanzenboerse-am-9-mai-2025\/","title":{"rendered":"Save the date &#8211; Tomatenpflanzenb\u00f6rse am 9. Mai 2025"},"content":{"rendered":"<p>Liebhaber der paradiesischen Frucht sollten sich den 9. Mai ganz dick im Kalender anstreichen! Dann ist es endlich wieder soweit: die traditionelle <strong>Tomatenpflanzenb\u00f6rse<\/strong> findet <strong>ab 13 Uhr<\/strong> <strong>rund um das NaturParkHaus Stechlin in Menz<\/strong> statt.<\/p>\n<div id=\"attachment_2207\" style=\"width: 630px\" class=\"wp-caption aligncenter\"><a href=\"https:\/\/www.naturparkmagazin.de\/stechlin\/wp-content\/uploads\/sites\/38\/k-DSC_00032.jpg\"><img aria-describedby=\"caption-attachment-2207\" decoding=\"async\" loading=\"lazy\" class=\"wp-image-2207 size-medium\" src=\"https:\/\/www.naturparkmagazin.de\/stechlin\/wp-content\/uploads\/sites\/38\/k-DSC_00032-620x415.jpg\" alt=\"\" width=\"620\" height=\"415\" srcset=\"https:\/\/www.naturparkmagazin.de\/stechlin\/wp-content\/uploads\/sites\/38\/k-DSC_00032-620x415.jpg 620w, https:\/\/www.naturparkmagazin.de\/stechlin\/wp-content\/uploads\/sites\/38\/k-DSC_00032-300x201.jpg 300w, https:\/\/www.naturparkmagazin.de\/stechlin\/wp-content\/uploads\/sites\/38\/k-DSC_00032-940x629.jpg 940w, https:\/\/www.naturparkmagazin.de\/stechlin\/wp-content\/uploads\/sites\/38\/k-DSC_00032-670x449.jpg 670w, https:\/\/www.naturparkmagazin.de\/stechlin\/wp-content\/uploads\/sites\/38\/k-DSC_00032-200x134.jpg 200w, https:\/\/www.naturparkmagazin.de\/stechlin\/wp-content\/uploads\/sites\/38\/k-DSC_00032.jpg 968w\" sizes=\"(max-width: 620px) 100vw, 620px\" \/><\/a><p id=\"caption-attachment-2207\" class=\"wp-caption-text\">Der VERN engagiert sich f\u00fcr den Erhalt alter Sorten &#8211; Anfang Mai k\u00f6nnen aus dem Sortiment alter Tomatensorten bei der Pflanzenb\u00f6rse in Menz Jungpflanzen erworben werden.\u00a9 Dr. Mario Schrumpf<\/p><\/div>\n<p>Der Verein zur Erhaltung und Rekultivierung von Nutzpflanzen in Brandenburg, <a href=\"https:\/\/vern.de\/\" target=\"_blank\" rel=\"noopener\">VERN e.V.<\/a> gibt aus seinem reichhaltigen Sortiment historischer Tomatensorten, Tomatenpflanzen ab. Rarit\u00e4ten wie gestreifte, behaarte oder gr\u00fcnfleischige Tomaten werden genauso im Angebot sein, wie die allseits beliebte Sorte \u201eHarzfeuer\u201c.<\/p>\n<p>Der VERN- Katalog &#8222;<a href=\"https:\/\/vern.de\/wp-content\/uploads\/Compendium-2025.pdf\" target=\"_blank\" rel=\"noopener\">Compendium 2025<\/a>&#8220; mit Sortenbeschreibung kann vor Ort als Heft mitgenommen oder im Internet eingesehen werden. Das Angebot wird auch ein paar neue \u201eAlte\u201c Sorten umfassen, die nur als Jungpflanzen abgegeben werden.<\/p>\n<p>Wer selber Tomatenpflanzen angezogen hat, kann diese gern zum Verkauf anbieten. <strong>Verk\u00e4ufer bitte<\/strong> vorab im NaturParkHaus Stechlin <strong>anmelden<\/strong> (Tel. 033082- 51210).<\/p>\n<p><strong>Termin<\/strong>: 9. Mai 2025 | 13.00 bis 15.00 Uhr<\/p>\n<p><strong>Ort<\/strong>: NaturParkHaus Stechlin in Menz, Kirchstra\u00dfe 4, 16775 Stechlin OT Menz<\/p>\n","protected":false},"excerpt":{"rendered":"<p>Liebhaber der paradiesischen Frucht sollten sich den 9. Mai ganz dick im Kalender anstreichen!<\/p>\n","protected":false},"author":39,"featured_media":3860,"comment_status":"open","ping_status":"open","sticky":false,"template":"","format":"standard","meta":[],"categories":[11],"tags":[],"yoast_head":"<!-- This site is optimized with the Yoast SEO plugin v19.10 - https:\/\/yoast.com\/wordpress\/plugins\/seo\/ -->\n<title>Save the date - Tomatenpflanzenb\u00f6rse am 9. Mai 2025 - Naturpark Stechlin-Ruppiner Land<\/title>\n<meta name=\"robots\" content=\"index, follow, max-snippet:-1, max-image-preview:large, max-video-preview:-1\" \/>\n<link rel=\"canonical\" href=\"https:\/\/www.naturparkmagazin.de\/stechlin\/save-the-date-tomatenpflanzenboerse-am-9-mai-2025\/\" \/>\n<meta property=\"og:locale\" content=\"de_DE\" \/>\n<meta property=\"og:type\" content=\"article\" \/>\n<meta property=\"og:title\" content=\"Save the date - Tomatenpflanzenb\u00f6rse am 9. Mai 2025 - Naturpark Stechlin-Ruppiner Land\" \/>\n<meta property=\"og:description\" content=\"Liebhaber der paradiesischen Frucht sollten sich den 9. Mai ganz dick im Kalender anstreichen!\" \/>\n<meta property=\"og:url\" content=\"https:\/\/www.naturparkmagazin.de\/stechlin\/save-the-date-tomatenpflanzenboerse-am-9-mai-2025\/\" \/>\n<meta property=\"og:site_name\" content=\"Naturpark Stechlin-Ruppiner Land\" \/>\n<meta property=\"article:published_time\" content=\"2025-04-23T14:05:23+00:00\" \/>\n<meta property=\"article:modified_time\" content=\"2025-04-25T11:34:02+00:00\" \/>\n<meta property=\"og:image\" content=\"https:\/\/www.naturparkmagazin.de\/stechlin\/wp-content\/uploads\/sites\/38\/Tomatenb\u00f6rse2.jpg\" \/>\n\t<meta property=\"og:image:width\" content=\"200\" \/>\n\t<meta property=\"og:image:height\" content=\"200\" \/>\n\t<meta property=\"og:image:type\" content=\"image\/jpeg\" \/>\n<meta name=\"author\" content=\"marioschrumpf\" \/>\n<meta name=\"twitter:label1\" content=\"Verfasst von\" \/>\n\t<meta name=\"twitter:data1\" content=\"marioschrumpf\" \/>\n\t<meta name=\"twitter:label2\" content=\"Gesch\u00e4tzte Lesezeit\" \/>\n\t<meta name=\"twitter:data2\" content=\"2\u00a0Minuten\" \/>\n<script type=\"application\/ld+json\" class=\"yoast-schema-graph\">{\"@context\":\"https:\/\/schema.org\",\"@graph\":[{\"@type\":\"WebPage\",\"@id\":\"https:\/\/www.naturparkmagazin.de\/stechlin\/save-the-date-tomatenpflanzenboerse-am-9-mai-2025\/\",\"url\":\"https:\/\/www.naturparkmagazin.de\/stechlin\/save-the-date-tomatenpflanzenboerse-am-9-mai-2025\/\",\"name\":\"Save the date - Tomatenpflanzenb\u00f6rse am 9. Mai 2025 - Naturpark Stechlin-Ruppiner Land\",\"isPartOf\":{\"@id\":\"https:\/\/www.naturparkmagazin.de\/stechlin\/#website\"},\"datePublished\":\"2025-04-23T14:05:23+00:00\",\"dateModified\":\"2025-04-25T11:34:02+00:00\",\"author\":{\"@id\":\"https:\/\/www.naturparkmagazin.de\/stechlin\/#\/schema\/person\/3f0d93203df21c806dd63c76d9bb28bc\"},\"breadcrumb\":{\"@id\":\"https:\/\/www.naturparkmagazin.de\/stechlin\/save-the-date-tomatenpflanzenboerse-am-9-mai-2025\/#breadcrumb\"},\"inLanguage\":\"de\",\"potentialAction\":[{\"@type\":\"ReadAction\",\"target\":[\"https:\/\/www.naturparkmagazin.de\/stechlin\/save-the-date-tomatenpflanzenboerse-am-9-mai-2025\/\"]}]},{\"@type\":\"BreadcrumbList\",\"@id\":\"https:\/\/www.naturparkmagazin.de\/stechlin\/save-the-date-tomatenpflanzenboerse-am-9-mai-2025\/#breadcrumb\",\"itemListElement\":[{\"@type\":\"ListItem\",\"position\":1,\"name\":\"Home\",\"item\":\"https:\/\/www.naturparkmagazin.de\/stechlin\/\"},{\"@type\":\"ListItem\",\"position\":2,\"name\":\"Save the date &#8211; Tomatenpflanzenb\u00f6rse am 9. Mai 2025\"}]},{\"@type\":\"WebSite\",\"@id\":\"https:\/\/www.naturparkmagazin.de\/stechlin\/#website\",\"url\":\"https:\/\/www.naturparkmagazin.de\/stechlin\/\",\"name\":\"Naturpark Stechlin-Ruppiner Land\",\"description\":\"\",\"potentialAction\":[{\"@type\":\"SearchAction\",\"target\":{\"@type\":\"EntryPoint\",\"urlTemplate\":\"https:\/\/www.naturparkmagazin.de\/stechlin\/?s={search_term_string}\"},\"query-input\":\"required name=search_term_string\"}],\"inLanguage\":\"de\"},{\"@type\":\"Person\",\"@id\":\"https:\/\/www.naturparkmagazin.de\/stechlin\/#\/schema\/person\/3f0d93203df21c806dd63c76d9bb28bc\",\"name\":\"marioschrumpf\",\"url\":\"https:\/\/www.naturparkmagazin.de\/stechlin\/author\/marioschrumpf\/\"}]}<\/script>\n<!-- \/ Yoast SEO plugin. -->","yoast_head_json":{"title":"Save the date - Tomatenpflanzenb\u00f6rse am 9. Mai 2025 - Naturpark Stechlin-Ruppiner Land","robots":{"index":"index","follow":"follow","max-snippet":"max-snippet:-1","max-image-preview":"max-image-preview:large","max-video-preview":"max-video-preview:-1"},"canonical":"https:\/\/www.naturparkmagazin.de\/stechlin\/save-the-date-tomatenpflanzenboerse-am-9-mai-2025\/","og_locale":"de_DE","og_type":"article","og_title":"Save the date - Tomatenpflanzenb\u00f6rse am 9. Mai 2025 - Naturpark Stechlin-Ruppiner Land","og_description":"Liebhaber der paradiesischen Frucht sollten sich den 9. Mai ganz dick im Kalender anstreichen!","og_url":"https:\/\/www.naturparkmagazin.de\/stechlin\/save-the-date-tomatenpflanzenboerse-am-9-mai-2025\/","og_site_name":"Naturpark Stechlin-Ruppiner Land","article_published_time":"2025-04-23T14:05:23+00:00","article_modified_time":"2025-04-25T11:34:02+00:00","og_image":[{"width":200,"height":200,"url":"https:\/\/www.naturparkmagazin.de\/stechlin\/wp-content\/uploads\/sites\/38\/Tomatenb\u00f6rse2.jpg","type":"image\/jpeg"}],"author":"marioschrumpf","twitter_misc":{"Verfasst von":"marioschrumpf","Gesch\u00e4tzte Lesezeit":"2\u00a0Minuten"},"schema":{"@context":"https:\/\/schema.org","@graph":[{"@type":"WebPage","@id":"https:\/\/www.naturparkmagazin.de\/stechlin\/save-the-date-tomatenpflanzenboerse-am-9-mai-2025\/","url":"https:\/\/www.naturparkmagazin.de\/stechlin\/save-the-date-tomatenpflanzenboerse-am-9-mai-2025\/","name":"Save the date - Tomatenpflanzenb\u00f6rse am 9. Mai 2025 - Naturpark Stechlin-Ruppiner Land","isPartOf":{"@id":"https:\/\/www.naturparkmagazin.de\/stechlin\/#website"},"datePublished":"2025-04-23T14:05:23+00:00","dateModified":"2025-04-25T11:34:02+00:00","author":{"@id":"https:\/\/www.naturparkmagazin.de\/stechlin\/#\/schema\/person\/3f0d93203df21c806dd63c76d9bb28bc"},"breadcrumb":{"@id":"https:\/\/www.naturparkmagazin.de\/stechlin\/save-the-date-tomatenpflanzenboerse-am-9-mai-2025\/#breadcrumb"},"inLanguage":"de","potentialAction":[{"@type":"ReadAction","target":["https:\/\/www.naturparkmagazin.de\/stechlin\/save-the-date-tomatenpflanzenboerse-am-9-mai-2025\/"]}]},{"@type":"BreadcrumbList","@id":"https:\/\/www.naturparkmagazin.de\/stechlin\/save-the-date-tomatenpflanzenboerse-am-9-mai-2025\/#breadcrumb","itemListElement":[{"@type":"ListItem","position":1,"name":"Home","item":"https:\/\/www.naturparkmagazin.de\/stechlin\/"},{"@type":"ListItem","position":2,"name":"Save the date &#8211; Tomatenpflanzenb\u00f6rse am 9. Mai 2025"}]},{"@type":"WebSite","@id":"https:\/\/www.naturparkmagazin.de\/stechlin\/#website","url":"https:\/\/www.naturparkmagazin.de\/stechlin\/","name":"Naturpark Stechlin-Ruppiner Land","description":"","potentialAction":[{"@type":"SearchAction","target":{"@type":"EntryPoint","urlTemplate":"https:\/\/www.naturparkmagazin.de\/stechlin\/?s={search_term_string}"},"query-input":"required name=search_term_string"}],"inLanguage":"de"},{"@type":"Person","@id":"https:\/\/www.naturparkmagazin.de\/stechlin\/#\/schema\/person\/3f0d93203df21c806dd63c76d9bb28bc","name":"marioschrumpf","url":"https:\/\/www.naturparkmagazin.de\/stechlin\/author\/marioschrumpf\/"}]}},"_links":{"self":[{"href":"https:\/\/www.naturparkmagazin.de\/stechlin\/wp-json\/wp\/v2\/posts\/17074"}],"collection":[{"href":"https:\/\/www.naturparkmagazin.de\/stechlin\/wp-json\/wp\/v2\/posts"}],"about":[{"href":"https:\/\/www.naturparkmagazin.de\/stechlin\/wp-json\/wp\/v2\/types\/post"}],"author":[{"embeddable":true,"href":"https:\/\/www.naturparkmagazin.de\/stechlin\/wp-json\/wp\/v2\/users\/39"}],"replies":[{"embeddable":true,"href":"https:\/\/www.naturparkmagazin.de\/stechlin\/wp-json\/wp\/v2\/comments?post=17074"}],"version-history":[{"count":6,"href":"https:\/\/www.naturparkmagazin.de\/stechlin\/wp-json\/wp\/v2\/posts\/17074\/revisions"}],"predecessor-version":[{"id":19444,"href":"https:\/\/www.naturparkmagazin.de\/stechlin\/wp-json\/wp\/v2\/posts\/17074\/revisions\/19444"}],"wp:featuredmedia":[{"embeddable":true,"href":"https:\/\/www.naturparkmagazin.de\/stechlin\/wp-json\/wp\/v2\/media\/3860"}],"wp:attachment":[{"href":"https:\/\/www.naturparkmagazin.de\/stechlin\/wp-json\/wp\/v2\/media?parent=17074"}],"wp:term":[{"taxonomy":"category","embeddable":true,"href":"https:\/\/www.naturparkmagazin.de\/stechlin\/wp-json\/wp\/v2\/categories?post=17074"},{"taxonomy":"post_tag","embeddable":true,"href":"https:\/\/www.naturparkmagazin.de\/stechlin\/wp-json\/wp\/v2\/tags?post=17074"}],"curies":[{"name":"wp","href":"https:\/\/api.w.org\/{rel}","templated":true}]}}