{"id":17240,"date":"2025-05-21T15:04:33","date_gmt":"2025-05-21T13:04:33","guid":{"rendered":"https:\/\/www.naturparkmagazin.de\/stechlin\/?p=17240"},"modified":"2025-05-28T11:05:35","modified_gmt":"2025-05-28T09:05:35","slug":"in-sewekowsaevko-steht-die-erste-zweisprachige-infotafel-des-naturparks-stechlin-ruppiner-land","status":"publish","type":"post","link":"https:\/\/www.naturparkmagazin.de\/stechlin\/in-sewekowsaevko-steht-die-erste-zweisprachige-infotafel-des-naturparks-stechlin-ruppiner-land\/","title":{"rendered":"In Sewekow\/S\u00e4vko steht die erste zweisprachige Infotafel des Naturparks"},"content":{"rendered":"<p>Das ist eine Premiere im Naturpark Stechlin-Ruppiner Land. Die erste zweisprachige Informationstafel (hochdeutsch\/plattdeutsch) befindet sich seit Sonntag, 6. April 2025, auf dem Dorfplatz in Sewekow\/S\u00e4vko.<\/p>\n<div id=\"attachment_17273\" style=\"width: 510px\" class=\"wp-caption aligncenter\"><a href=\"https:\/\/www.naturparkmagazin.de\/stechlin\/wp-content\/uploads\/sites\/38\/sewekow-zweisprachige-infotafel-gruppe.jpg\"><img aria-describedby=\"caption-attachment-17273\" decoding=\"async\" loading=\"lazy\" class=\"size-full wp-image-17273\" src=\"https:\/\/www.naturparkmagazin.de\/stechlin\/wp-content\/uploads\/sites\/38\/sewekow-zweisprachige-infotafel-gruppe.jpg\" alt=\"\" width=\"500\" height=\"300\" srcset=\"https:\/\/www.naturparkmagazin.de\/stechlin\/wp-content\/uploads\/sites\/38\/sewekow-zweisprachige-infotafel-gruppe.jpg 500w, https:\/\/www.naturparkmagazin.de\/stechlin\/wp-content\/uploads\/sites\/38\/sewekow-zweisprachige-infotafel-gruppe-300x180.jpg 300w, https:\/\/www.naturparkmagazin.de\/stechlin\/wp-content\/uploads\/sites\/38\/sewekow-zweisprachige-infotafel-gruppe-200x120.jpg 200w\" sizes=\"(max-width: 500px) 100vw, 500px\" \/><\/a><p id=\"caption-attachment-17273\" class=\"wp-caption-text\">Naturparkleiter Dr. Mario Schrumpf (v.l.), Heidi Sch\u00e4fer vom Heimatverein Sewekow und Ortsvorsteher Martin Sch\u00e4fer freuen sich \u00fcber die zweisprachige Infotafel in Seweko\/S\u00e4vko.\u00a9 Christamaria Ruch<\/p><\/div>\n<p>Der Ort liegt im \u00e4u\u00dfersten Nordwesten des Naturparks. Unter dem Titel <em><strong>\u201eSewekow \u2013 ein besonderes Dorf; S\u00e4vko \u2013 een besonnert D\u00f6rp\u201c<\/strong><\/em> erfahren die Besucher, was S\u00e4vko so besonders macht.<\/p>\n<p>Dabei geht es um die Themen Historie, Kirche, Kinnerschool, Platt, Max Schmeling und Urlauberdorf. Auf der 1 x 2,40 Meter gro\u00dfen Tafel ist zu jedem Thema erst der niederdeutsche und dann der hochdeutsche Text zu lesen. QR-Codes f\u00fchren zu niederdeutschen H\u00f6rbeispielen; hinzu kommen plattdeutsche Begriffe aus der Natur. Eine Panoramaansicht des Dorfes zieht sich \u00fcber die gesamte Breite der Tafel. Historische und aktuelle Fotografien veranschaulichen die einzelnen Themen.<\/p>\n<div id=\"attachment_17274\" style=\"width: 510px\" class=\"wp-caption aligncenter\"><a href=\"https:\/\/www.naturparkmagazin.de\/stechlin\/wp-content\/uploads\/sites\/38\/sewekow-zweisprachige-infotafel-kinnerschool.jpg\"><img aria-describedby=\"caption-attachment-17274\" decoding=\"async\" loading=\"lazy\" class=\"size-full wp-image-17274\" src=\"https:\/\/www.naturparkmagazin.de\/stechlin\/wp-content\/uploads\/sites\/38\/sewekow-zweisprachige-infotafel-kinnerschool.jpg\" alt=\"\" width=\"500\" height=\"300\" srcset=\"https:\/\/www.naturparkmagazin.de\/stechlin\/wp-content\/uploads\/sites\/38\/sewekow-zweisprachige-infotafel-kinnerschool.jpg 500w, https:\/\/www.naturparkmagazin.de\/stechlin\/wp-content\/uploads\/sites\/38\/sewekow-zweisprachige-infotafel-kinnerschool-300x180.jpg 300w, https:\/\/www.naturparkmagazin.de\/stechlin\/wp-content\/uploads\/sites\/38\/sewekow-zweisprachige-infotafel-kinnerschool-200x120.jpg 200w\" sizes=\"(max-width: 500px) 100vw, 500px\" \/><\/a><p id=\"caption-attachment-17274\" class=\"wp-caption-text\">S\u00e4vko &#8211; een besoonert D\u00f6rp: Die Kinnerschool S\u00e4vko trat mit einem plattdeutschen Ostergedicht auf.\u00a9 Christamaria Ruch<\/p><\/div>\n<p>Naturparkleiter Dr. Mario Schrumpf, Sewekows Ortsvorsteher Martin Sch\u00e4fer und Johann von der Kinnerschool S\u00e4vko \u00fcbernahmen den Festakt und enth\u00fcllten die Tafel. <em>\u201eIm Naturpark befinden sich mehr als 150 Informationstafeln. Das ist eine sch\u00f6ne Geschichte, dass hier die erste zweisprachige Tafel steht\u201c<\/em>, sagte<strong> Dr. Mario Schrumpf<\/strong>. Der Naturpark und der Heimatverein Sewekow\/S\u00e4vko kooperierten bei diesem Vorhaben. Gesamtkosten in H\u00f6he von 5000 Euro flossen in das Projekt. Davon kamen Mittel in H\u00f6he von 4000 Euro aus dem F\u00f6rderprogramm Lokale Agenda 21 des Brandenburger Umweltministeriums. Au\u00dferdem 1000 Euro Eigenanteil des Heimatvereins Sewekow\/S\u00e4vko \u00fcber die ehrenamtliche T\u00e4tigkeit der Vereinsmitglieder. <em>\u201eVor genau einem Jahr haben wir versprochen, dass wir diese Informationstafel aufstellen\u201c<\/em>, sagte <strong>Dr. Mario Schrumpf<\/strong>. <em>\u201eDie ersten Kontakte zwischen Naturpark und Sewekow vor vier Jahren haben sich zu einer guten Zusammenarbeit entwickelt\u201c<\/em>, sagte <strong>Martin Sch\u00e4fer<\/strong>.<\/p>\n<div id=\"attachment_17272\" style=\"width: 510px\" class=\"wp-caption aligncenter\"><a href=\"https:\/\/www.naturparkmagazin.de\/stechlin\/wp-content\/uploads\/sites\/38\/sewekow-heidi-schaefer-30-jahre-heimatverein_b.jpg\"><img aria-describedby=\"caption-attachment-17272\" decoding=\"async\" loading=\"lazy\" class=\"size-full wp-image-17272\" src=\"https:\/\/www.naturparkmagazin.de\/stechlin\/wp-content\/uploads\/sites\/38\/sewekow-heidi-schaefer-30-jahre-heimatverein_b.jpg\" alt=\"\" width=\"500\" height=\"300\" srcset=\"https:\/\/www.naturparkmagazin.de\/stechlin\/wp-content\/uploads\/sites\/38\/sewekow-heidi-schaefer-30-jahre-heimatverein_b.jpg 500w, https:\/\/www.naturparkmagazin.de\/stechlin\/wp-content\/uploads\/sites\/38\/sewekow-heidi-schaefer-30-jahre-heimatverein_b-300x180.jpg 300w, https:\/\/www.naturparkmagazin.de\/stechlin\/wp-content\/uploads\/sites\/38\/sewekow-heidi-schaefer-30-jahre-heimatverein_b-200x120.jpg 200w\" sizes=\"(max-width: 500px) 100vw, 500px\" \/><\/a><p id=\"caption-attachment-17272\" class=\"wp-caption-text\">Heidi Sch\u00e4fer ist seit 30 Jahren Vorsitzende des Heimatvereins Sewekow\/S\u00e4vko.\u00a9 Christamaria Ruch<\/p><\/div>\n<p>Mehr als 60 Einwohner und Besucher aus nah und fern kamen zum Dorfplatz in Sewekow. Darunter befand sich eine Gruppe des Wandersportvereins Rotation Berlin. Dr. Wolfgang Pagel, Pr\u00e4sident des Berliner Wanderverbandes, leitete die Wandergruppe. Alle Zuschauer konnten anschlie\u00dfend den Osterbaum auf dem Brink schm\u00fccken. Vor dieser Kulisse trat die Kinnerschool S\u00e4vko mit einem Ostergedicht auf und erntete viel Beifall.<\/p>\n<p><em>\u201eDas ganze Jahr feiern wir 30 Jahre Heimatverein Sewekow\/S\u00e4vko\u201c<\/em>, sagte Vereinsvorsitzende <strong>Heidi Sch\u00e4fer<\/strong>. Der Heimatverein gr\u00fcndete sich am 5. April 1995. Vereinsmitglied Katrin Mahlendorf lie\u00df in einer Festrede die Aktivit\u00e4ten des Heimatvereins Revue passieren. <em>\u201eHeidi Sch\u00e4fer ist unerm\u00fcdlich und der Heimatverein sehr engagiert\u201c<\/em>, sagte <strong>Dr. Mario Schrumpf<\/strong>. Der Heimatverein Sewekwo\/S\u00e4vko ist Mitglied im Verein f\u00fcr Niederdeutsch im Land Brandenburg. Seit 24. Juli 2020 hei\u00dft Sewekow auch S\u00e4vko und ist damit das erste Dorf in Brandenburg mit einer Ortstafel mit hoch- und niederdeutschem Namen.<\/p>\n<p>Text und Bilder: Christamaria Ruch<\/p>\n","protected":false},"excerpt":{"rendered":"<p>Das ist eine Premiere im Naturpark Stechlin-Ruppiner Land. Die erste zweisprachige Informationstafel befindet sich seit Sonntag, 6. April 2025, auf dem Dorfplatz in Sewekow\/S\u00e4vko.<\/p>\n","protected":false},"author":39,"featured_media":17271,"comment_status":"open","ping_status":"open","sticky":false,"template":"","format":"standard","meta":[],"categories":[7],"tags":[],"yoast_head":"<!-- This site is optimized with the Yoast SEO plugin v19.10 - https:\/\/yoast.com\/wordpress\/plugins\/seo\/ -->\n<title>In Sewekow\/S\u00e4vko steht die erste zweisprachige Infotafel des Naturparks - Naturpark Stechlin-Ruppiner Land<\/title>\n<meta name=\"robots\" content=\"index, follow, max-snippet:-1, max-image-preview:large, max-video-preview:-1\" \/>\n<link rel=\"canonical\" href=\"https:\/\/www.naturparkmagazin.de\/stechlin\/in-sewekowsaevko-steht-die-erste-zweisprachige-infotafel-des-naturparks-stechlin-ruppiner-land\/\" \/>\n<meta property=\"og:locale\" content=\"de_DE\" \/>\n<meta property=\"og:type\" content=\"article\" \/>\n<meta property=\"og:title\" content=\"In Sewekow\/S\u00e4vko steht die erste zweisprachige Infotafel des Naturparks - Naturpark Stechlin-Ruppiner Land\" \/>\n<meta property=\"og:description\" content=\"Das ist eine Premiere im Naturpark Stechlin-Ruppiner Land. Die erste zweisprachige Informationstafel befindet sich seit Sonntag, 6. April 2025, auf dem Dorfplatz in Sewekow\/S\u00e4vko.\" \/>\n<meta property=\"og:url\" content=\"https:\/\/www.naturparkmagazin.de\/stechlin\/in-sewekowsaevko-steht-die-erste-zweisprachige-infotafel-des-naturparks-stechlin-ruppiner-land\/\" \/>\n<meta property=\"og:site_name\" content=\"Naturpark Stechlin-Ruppiner Land\" \/>\n<meta property=\"article:published_time\" content=\"2025-05-21T13:04:33+00:00\" \/>\n<meta property=\"article:modified_time\" content=\"2025-05-28T09:05:35+00:00\" \/>\n<meta property=\"og:image\" content=\"https:\/\/www.naturparkmagazin.de\/stechlin\/wp-content\/uploads\/sites\/38\/sewekow-heidi-schaefer-30-jahre-heimatverein_a.jpg\" \/>\n\t<meta property=\"og:image:width\" content=\"200\" \/>\n\t<meta property=\"og:image:height\" content=\"200\" \/>\n\t<meta property=\"og:image:type\" content=\"image\/jpeg\" \/>\n<meta name=\"author\" content=\"marioschrumpf\" \/>\n<meta name=\"twitter:label1\" content=\"Verfasst von\" \/>\n\t<meta name=\"twitter:data1\" content=\"marioschrumpf\" \/>\n\t<meta name=\"twitter:label2\" content=\"Gesch\u00e4tzte Lesezeit\" \/>\n\t<meta name=\"twitter:data2\" content=\"4\u00a0Minuten\" \/>\n<script type=\"application\/ld+json\" class=\"yoast-schema-graph\">{\"@context\":\"https:\/\/schema.org\",\"@graph\":[{\"@type\":\"WebPage\",\"@id\":\"https:\/\/www.naturparkmagazin.de\/stechlin\/in-sewekowsaevko-steht-die-erste-zweisprachige-infotafel-des-naturparks-stechlin-ruppiner-land\/\",\"url\":\"https:\/\/www.naturparkmagazin.de\/stechlin\/in-sewekowsaevko-steht-die-erste-zweisprachige-infotafel-des-naturparks-stechlin-ruppiner-land\/\",\"name\":\"In Sewekow\/S\u00e4vko steht die erste zweisprachige Infotafel des Naturparks - Naturpark Stechlin-Ruppiner Land\",\"isPartOf\":{\"@id\":\"https:\/\/www.naturparkmagazin.de\/stechlin\/#website\"},\"datePublished\":\"2025-05-21T13:04:33+00:00\",\"dateModified\":\"2025-05-28T09:05:35+00:00\",\"author\":{\"@id\":\"https:\/\/www.naturparkmagazin.de\/stechlin\/#\/schema\/person\/3f0d93203df21c806dd63c76d9bb28bc\"},\"breadcrumb\":{\"@id\":\"https:\/\/www.naturparkmagazin.de\/stechlin\/in-sewekowsaevko-steht-die-erste-zweisprachige-infotafel-des-naturparks-stechlin-ruppiner-land\/#breadcrumb\"},\"inLanguage\":\"de\",\"potentialAction\":[{\"@type\":\"ReadAction\",\"target\":[\"https:\/\/www.naturparkmagazin.de\/stechlin\/in-sewekowsaevko-steht-die-erste-zweisprachige-infotafel-des-naturparks-stechlin-ruppiner-land\/\"]}]},{\"@type\":\"BreadcrumbList\",\"@id\":\"https:\/\/www.naturparkmagazin.de\/stechlin\/in-sewekowsaevko-steht-die-erste-zweisprachige-infotafel-des-naturparks-stechlin-ruppiner-land\/#breadcrumb\",\"itemListElement\":[{\"@type\":\"ListItem\",\"position\":1,\"name\":\"Home\",\"item\":\"https:\/\/www.naturparkmagazin.de\/stechlin\/\"},{\"@type\":\"ListItem\",\"position\":2,\"name\":\"In Sewekow\/S\u00e4vko steht die erste zweisprachige Infotafel des Naturparks\"}]},{\"@type\":\"WebSite\",\"@id\":\"https:\/\/www.naturparkmagazin.de\/stechlin\/#website\",\"url\":\"https:\/\/www.naturparkmagazin.de\/stechlin\/\",\"name\":\"Naturpark Stechlin-Ruppiner Land\",\"description\":\"\",\"potentialAction\":[{\"@type\":\"SearchAction\",\"target\":{\"@type\":\"EntryPoint\",\"urlTemplate\":\"https:\/\/www.naturparkmagazin.de\/stechlin\/?s={search_term_string}\"},\"query-input\":\"required name=search_term_string\"}],\"inLanguage\":\"de\"},{\"@type\":\"Person\",\"@id\":\"https:\/\/www.naturparkmagazin.de\/stechlin\/#\/schema\/person\/3f0d93203df21c806dd63c76d9bb28bc\",\"name\":\"marioschrumpf\",\"url\":\"https:\/\/www.naturparkmagazin.de\/stechlin\/author\/marioschrumpf\/\"}]}<\/script>\n<!-- \/ Yoast SEO plugin. -->","yoast_head_json":{"title":"In Sewekow\/S\u00e4vko steht die erste zweisprachige Infotafel des Naturparks - Naturpark Stechlin-Ruppiner Land","robots":{"index":"index","follow":"follow","max-snippet":"max-snippet:-1","max-image-preview":"max-image-preview:large","max-video-preview":"max-video-preview:-1"},"canonical":"https:\/\/www.naturparkmagazin.de\/stechlin\/in-sewekowsaevko-steht-die-erste-zweisprachige-infotafel-des-naturparks-stechlin-ruppiner-land\/","og_locale":"de_DE","og_type":"article","og_title":"In Sewekow\/S\u00e4vko steht die erste zweisprachige Infotafel des Naturparks - Naturpark Stechlin-Ruppiner Land","og_description":"Das ist eine Premiere im Naturpark Stechlin-Ruppiner Land. Die erste zweisprachige Informationstafel befindet sich seit Sonntag, 6. April 2025, auf dem Dorfplatz in Sewekow\/S\u00e4vko.","og_url":"https:\/\/www.naturparkmagazin.de\/stechlin\/in-sewekowsaevko-steht-die-erste-zweisprachige-infotafel-des-naturparks-stechlin-ruppiner-land\/","og_site_name":"Naturpark Stechlin-Ruppiner Land","article_published_time":"2025-05-21T13:04:33+00:00","article_modified_time":"2025-05-28T09:05:35+00:00","og_image":[{"width":200,"height":200,"url":"https:\/\/www.naturparkmagazin.de\/stechlin\/wp-content\/uploads\/sites\/38\/sewekow-heidi-schaefer-30-jahre-heimatverein_a.jpg","type":"image\/jpeg"}],"author":"marioschrumpf","twitter_misc":{"Verfasst von":"marioschrumpf","Gesch\u00e4tzte Lesezeit":"4\u00a0Minuten"},"schema":{"@context":"https:\/\/schema.org","@graph":[{"@type":"WebPage","@id":"https:\/\/www.naturparkmagazin.de\/stechlin\/in-sewekowsaevko-steht-die-erste-zweisprachige-infotafel-des-naturparks-stechlin-ruppiner-land\/","url":"https:\/\/www.naturparkmagazin.de\/stechlin\/in-sewekowsaevko-steht-die-erste-zweisprachige-infotafel-des-naturparks-stechlin-ruppiner-land\/","name":"In Sewekow\/S\u00e4vko steht die erste zweisprachige Infotafel des Naturparks - Naturpark Stechlin-Ruppiner Land","isPartOf":{"@id":"https:\/\/www.naturparkmagazin.de\/stechlin\/#website"},"datePublished":"2025-05-21T13:04:33+00:00","dateModified":"2025-05-28T09:05:35+00:00","author":{"@id":"https:\/\/www.naturparkmagazin.de\/stechlin\/#\/schema\/person\/3f0d93203df21c806dd63c76d9bb28bc"},"breadcrumb":{"@id":"https:\/\/www.naturparkmagazin.de\/stechlin\/in-sewekowsaevko-steht-die-erste-zweisprachige-infotafel-des-naturparks-stechlin-ruppiner-land\/#breadcrumb"},"inLanguage":"de","potentialAction":[{"@type":"ReadAction","target":["https:\/\/www.naturparkmagazin.de\/stechlin\/in-sewekowsaevko-steht-die-erste-zweisprachige-infotafel-des-naturparks-stechlin-ruppiner-land\/"]}]},{"@type":"BreadcrumbList","@id":"https:\/\/www.naturparkmagazin.de\/stechlin\/in-sewekowsaevko-steht-die-erste-zweisprachige-infotafel-des-naturparks-stechlin-ruppiner-land\/#breadcrumb","itemListElement":[{"@type":"ListItem","position":1,"name":"Home","item":"https:\/\/www.naturparkmagazin.de\/stechlin\/"},{"@type":"ListItem","position":2,"name":"In Sewekow\/S\u00e4vko steht die erste zweisprachige Infotafel des Naturparks"}]},{"@type":"WebSite","@id":"https:\/\/www.naturparkmagazin.de\/stechlin\/#website","url":"https:\/\/www.naturparkmagazin.de\/stechlin\/","name":"Naturpark Stechlin-Ruppiner Land","description":"","potentialAction":[{"@type":"SearchAction","target":{"@type":"EntryPoint","urlTemplate":"https:\/\/www.naturparkmagazin.de\/stechlin\/?s={search_term_string}"},"query-input":"required name=search_term_string"}],"inLanguage":"de"},{"@type":"Person","@id":"https:\/\/www.naturparkmagazin.de\/stechlin\/#\/schema\/person\/3f0d93203df21c806dd63c76d9bb28bc","name":"marioschrumpf","url":"https:\/\/www.naturparkmagazin.de\/stechlin\/author\/marioschrumpf\/"}]}},"_links":{"self":[{"href":"https:\/\/www.naturparkmagazin.de\/stechlin\/wp-json\/wp\/v2\/posts\/17240"}],"collection":[{"href":"https:\/\/www.naturparkmagazin.de\/stechlin\/wp-json\/wp\/v2\/posts"}],"about":[{"href":"https:\/\/www.naturparkmagazin.de\/stechlin\/wp-json\/wp\/v2\/types\/post"}],"author":[{"embeddable":true,"href":"https:\/\/www.naturparkmagazin.de\/stechlin\/wp-json\/wp\/v2\/users\/39"}],"replies":[{"embeddable":true,"href":"https:\/\/www.naturparkmagazin.de\/stechlin\/wp-json\/wp\/v2\/comments?post=17240"}],"version-history":[{"count":7,"href":"https:\/\/www.naturparkmagazin.de\/stechlin\/wp-json\/wp\/v2\/posts\/17240\/revisions"}],"predecessor-version":[{"id":17385,"href":"https:\/\/www.naturparkmagazin.de\/stechlin\/wp-json\/wp\/v2\/posts\/17240\/revisions\/17385"}],"wp:featuredmedia":[{"embeddable":true,"href":"https:\/\/www.naturparkmagazin.de\/stechlin\/wp-json\/wp\/v2\/media\/17271"}],"wp:attachment":[{"href":"https:\/\/www.naturparkmagazin.de\/stechlin\/wp-json\/wp\/v2\/media?parent=17240"}],"wp:term":[{"taxonomy":"category","embeddable":true,"href":"https:\/\/www.naturparkmagazin.de\/stechlin\/wp-json\/wp\/v2\/categories?post=17240"},{"taxonomy":"post_tag","embeddable":true,"href":"https:\/\/www.naturparkmagazin.de\/stechlin\/wp-json\/wp\/v2\/tags?post=17240"}],"curies":[{"name":"wp","href":"https:\/\/api.w.org\/{rel}","templated":true}]}}