{"id":17261,"date":"2025-05-21T16:03:10","date_gmt":"2025-05-21T14:03:10","guid":{"rendered":"https:\/\/www.naturparkmagazin.de\/stechlin\/?p=17261"},"modified":"2025-06-04T12:38:53","modified_gmt":"2025-06-04T10:38:53","slug":"vogelstimmenwanderung-am-7-juni-2025-rund-um-zernikow","status":"publish","type":"post","link":"https:\/\/www.naturparkmagazin.de\/stechlin\/vogelstimmenwanderung-am-7-juni-2025-rund-um-zernikow\/","title":{"rendered":"Vogelstimmenwanderung am 7. Juni 2025 rund um Zernikow"},"content":{"rendered":"<p>Der NABU Neuruppin, der Landschaftspflegeverband Prignitz-Ruppiner Land und der Naturpark Stechlin-Ruppiner Land laden auch im Juni wieder zu einer Vogelstimmenwanderungen ein.<\/p>\n<p>Im Fr\u00fchling haben unsere gefiederten Freunde wieder sehr viel zu singen. Jede Art hat ihren eigenen Gesang. Oft gibt es sogar noch regionale Dialekte.<\/p>\n<p>Wer sich in Sachen Vogelstimmen weiterbilden will oder auch nur Freude am stillen Lauschen des Vogelgesangs hat, dem sei die Teilnahme an einer Vogelstimmenexkursion mit <strong>Bernd Ewert<\/strong> empfohlen.<\/p>\n<p><strong>Treffpunkt und Start:<\/strong><\/p>\n<p><strong>Samstag<\/strong>,<strong> 7. Juni <\/strong><strong>2025<\/strong>, <strong>Parkplatz Gut Zernikow in Zernikow<\/strong>: <strong>6.00<\/strong> <strong>Uhr<\/strong>!!!<\/p>\n<p><strong>Anschlie\u00dfend<\/strong> kehren die vogelkundlich Geschulten gemeinsam beim zertifizierten Naturpark-Partner <a href=\"https:\/\/www.stechlin-ruppiner-land-naturpark.de\/unser-auftrag\/naturpark-partner-programm\/bric-a-brac\/\"><strong>Caf\u00e9 &amp; Cr\u00eaperie &#8222;Bric \u00e0 Brac&#8220;<\/strong><\/a> im Gutshof Zernikow ein, um das Gesehene und Geh\u00f6rte auszuwerten und sich zu st\u00e4rken.<\/p>\n<p><span style=\"color: #ff0000\"><strong>Bitte unbedingt vorher anmelden<\/strong>: Tel. 033921 70601\n<\/span><\/p>\n<p><a href=\"https:\/\/www.stechlin-ruppiner-land-naturpark.de\/fileadmin\/user_upload\/PDF\/Stechlin-Ruppin\/Aktuelles\/Vogelstimmenwanderung2_compressed.pdf\" target=\"_blank\" rel=\"noopener\">Hier kann das Plakat f\u00fcr die Veranstaltung heruntergeladen werden.<\/a><\/p>\n<div id=\"attachment_10432\" style=\"width: 510px\" class=\"wp-caption aligncenter\"><a href=\"https:\/\/www.naturparkmagazin.de\/stechlin\/wp-content\/uploads\/sites\/38\/Eisvogel.jpg\"><img aria-describedby=\"caption-attachment-10432\" decoding=\"async\" loading=\"lazy\" class=\"size-full wp-image-10432\" src=\"https:\/\/www.naturparkmagazin.de\/stechlin\/wp-content\/uploads\/sites\/38\/Eisvogel.jpg\" alt=\"\" width=\"500\" height=\"300\" srcset=\"https:\/\/www.naturparkmagazin.de\/stechlin\/wp-content\/uploads\/sites\/38\/Eisvogel.jpg 500w, https:\/\/www.naturparkmagazin.de\/stechlin\/wp-content\/uploads\/sites\/38\/Eisvogel-300x180.jpg 300w, https:\/\/www.naturparkmagazin.de\/stechlin\/wp-content\/uploads\/sites\/38\/Eisvogel-200x120.jpg 200w\" sizes=\"(max-width: 500px) 100vw, 500px\" \/><\/a><p id=\"caption-attachment-10432\" class=\"wp-caption-text\">Eisvogel (Alcedo atthis) M\u00e4nnchen an der Nisthilfe vor F\u00fctterung der Nestjungen \u00a9 Dirk Gei\u00dfler<\/p><\/div>\n<div id=\"attachment_5517\" style=\"width: 310px\" class=\"wp-caption aligncenter\"><a href=\"https:\/\/www.naturparkmagazin.de\/stechlin\/wp-content\/uploads\/sites\/38\/LPV-Gr\u00fcndung19.jpg\"><img aria-describedby=\"caption-attachment-5517\" decoding=\"async\" loading=\"lazy\" class=\"wp-image-5517 size-thumbnail\" src=\"https:\/\/www.naturparkmagazin.de\/stechlin\/wp-content\/uploads\/sites\/38\/LPV-Gr\u00fcndung19-300x300.jpg\" alt=\"Bernd Ewert bei der Unterzeichnung\" width=\"300\" height=\"300\" srcset=\"https:\/\/www.naturparkmagazin.de\/stechlin\/wp-content\/uploads\/sites\/38\/LPV-Gr\u00fcndung19.jpg 300w, https:\/\/www.naturparkmagazin.de\/stechlin\/wp-content\/uploads\/sites\/38\/LPV-Gr\u00fcndung19-200x200.jpg 200w, https:\/\/www.naturparkmagazin.de\/stechlin\/wp-content\/uploads\/sites\/38\/LPV-Gr\u00fcndung19-30x30.jpg 30w\" sizes=\"(max-width: 300px) 100vw, 300px\" \/><\/a><p id=\"caption-attachment-5517\" class=\"wp-caption-text\">Bernd Ewert ist nicht nur Vorstandsmitglied im Landschaftspflegeverband, sondern auch ein ausgezeichneter Ornithologe\u00a9 Dr. Mario Schrumpf<\/p><\/div>\n","protected":false},"excerpt":{"rendered":"<p>Der NABU Neuruppin, der Landschaftspflegeverband Prignitz-Ruppiner Land und der Naturpark Stechlin-Ruppiner Land laden auch im Juni wieder zu einer Vogelstimmenwanderungen ein.<\/p>\n","protected":false},"author":39,"featured_media":10501,"comment_status":"open","ping_status":"open","sticky":false,"template":"","format":"standard","meta":[],"categories":[11],"tags":[],"yoast_head":"<!-- This site is optimized with the Yoast SEO plugin v19.10 - https:\/\/yoast.com\/wordpress\/plugins\/seo\/ -->\n<title>Vogelstimmenwanderung am 7. Juni 2025 rund um Zernikow - Naturpark Stechlin-Ruppiner Land<\/title>\n<meta name=\"robots\" content=\"index, follow, max-snippet:-1, max-image-preview:large, max-video-preview:-1\" \/>\n<link rel=\"canonical\" href=\"https:\/\/www.naturparkmagazin.de\/stechlin\/vogelstimmenwanderung-am-7-juni-2025-rund-um-zernikow\/\" \/>\n<meta property=\"og:locale\" content=\"de_DE\" \/>\n<meta property=\"og:type\" content=\"article\" \/>\n<meta property=\"og:title\" content=\"Vogelstimmenwanderung am 7. Juni 2025 rund um Zernikow - Naturpark Stechlin-Ruppiner Land\" \/>\n<meta property=\"og:description\" content=\"Der NABU Neuruppin, der Landschaftspflegeverband Prignitz-Ruppiner Land und der Naturpark Stechlin-Ruppiner Land laden auch im Juni wieder zu einer Vogelstimmenwanderungen ein.\" \/>\n<meta property=\"og:url\" content=\"https:\/\/www.naturparkmagazin.de\/stechlin\/vogelstimmenwanderung-am-7-juni-2025-rund-um-zernikow\/\" \/>\n<meta property=\"og:site_name\" content=\"Naturpark Stechlin-Ruppiner Land\" \/>\n<meta property=\"article:published_time\" content=\"2025-05-21T14:03:10+00:00\" \/>\n<meta property=\"article:modified_time\" content=\"2025-06-04T10:38:53+00:00\" \/>\n<meta property=\"og:image\" content=\"https:\/\/www.naturparkmagazin.de\/stechlin\/wp-content\/uploads\/sites\/38\/Dompfaff-2.jpg\" \/>\n\t<meta property=\"og:image:width\" content=\"200\" \/>\n\t<meta property=\"og:image:height\" content=\"200\" \/>\n\t<meta property=\"og:image:type\" content=\"image\/jpeg\" \/>\n<meta name=\"author\" content=\"marioschrumpf\" \/>\n<meta name=\"twitter:label1\" content=\"Verfasst von\" \/>\n\t<meta name=\"twitter:data1\" content=\"marioschrumpf\" \/>\n\t<meta name=\"twitter:label2\" content=\"Gesch\u00e4tzte Lesezeit\" \/>\n\t<meta name=\"twitter:data2\" content=\"2\u00a0Minuten\" \/>\n<script type=\"application\/ld+json\" class=\"yoast-schema-graph\">{\"@context\":\"https:\/\/schema.org\",\"@graph\":[{\"@type\":\"WebPage\",\"@id\":\"https:\/\/www.naturparkmagazin.de\/stechlin\/vogelstimmenwanderung-am-7-juni-2025-rund-um-zernikow\/\",\"url\":\"https:\/\/www.naturparkmagazin.de\/stechlin\/vogelstimmenwanderung-am-7-juni-2025-rund-um-zernikow\/\",\"name\":\"Vogelstimmenwanderung am 7. Juni 2025 rund um Zernikow - Naturpark Stechlin-Ruppiner Land\",\"isPartOf\":{\"@id\":\"https:\/\/www.naturparkmagazin.de\/stechlin\/#website\"},\"datePublished\":\"2025-05-21T14:03:10+00:00\",\"dateModified\":\"2025-06-04T10:38:53+00:00\",\"author\":{\"@id\":\"https:\/\/www.naturparkmagazin.de\/stechlin\/#\/schema\/person\/3f0d93203df21c806dd63c76d9bb28bc\"},\"breadcrumb\":{\"@id\":\"https:\/\/www.naturparkmagazin.de\/stechlin\/vogelstimmenwanderung-am-7-juni-2025-rund-um-zernikow\/#breadcrumb\"},\"inLanguage\":\"de\",\"potentialAction\":[{\"@type\":\"ReadAction\",\"target\":[\"https:\/\/www.naturparkmagazin.de\/stechlin\/vogelstimmenwanderung-am-7-juni-2025-rund-um-zernikow\/\"]}]},{\"@type\":\"BreadcrumbList\",\"@id\":\"https:\/\/www.naturparkmagazin.de\/stechlin\/vogelstimmenwanderung-am-7-juni-2025-rund-um-zernikow\/#breadcrumb\",\"itemListElement\":[{\"@type\":\"ListItem\",\"position\":1,\"name\":\"Home\",\"item\":\"https:\/\/www.naturparkmagazin.de\/stechlin\/\"},{\"@type\":\"ListItem\",\"position\":2,\"name\":\"Vogelstimmenwanderung am 7. Juni 2025 rund um Zernikow\"}]},{\"@type\":\"WebSite\",\"@id\":\"https:\/\/www.naturparkmagazin.de\/stechlin\/#website\",\"url\":\"https:\/\/www.naturparkmagazin.de\/stechlin\/\",\"name\":\"Naturpark Stechlin-Ruppiner Land\",\"description\":\"\",\"potentialAction\":[{\"@type\":\"SearchAction\",\"target\":{\"@type\":\"EntryPoint\",\"urlTemplate\":\"https:\/\/www.naturparkmagazin.de\/stechlin\/?s={search_term_string}\"},\"query-input\":\"required name=search_term_string\"}],\"inLanguage\":\"de\"},{\"@type\":\"Person\",\"@id\":\"https:\/\/www.naturparkmagazin.de\/stechlin\/#\/schema\/person\/3f0d93203df21c806dd63c76d9bb28bc\",\"name\":\"marioschrumpf\",\"url\":\"https:\/\/www.naturparkmagazin.de\/stechlin\/author\/marioschrumpf\/\"}]}<\/script>\n<!-- \/ Yoast SEO plugin. -->","yoast_head_json":{"title":"Vogelstimmenwanderung am 7. Juni 2025 rund um Zernikow - Naturpark Stechlin-Ruppiner Land","robots":{"index":"index","follow":"follow","max-snippet":"max-snippet:-1","max-image-preview":"max-image-preview:large","max-video-preview":"max-video-preview:-1"},"canonical":"https:\/\/www.naturparkmagazin.de\/stechlin\/vogelstimmenwanderung-am-7-juni-2025-rund-um-zernikow\/","og_locale":"de_DE","og_type":"article","og_title":"Vogelstimmenwanderung am 7. Juni 2025 rund um Zernikow - Naturpark Stechlin-Ruppiner Land","og_description":"Der NABU Neuruppin, der Landschaftspflegeverband Prignitz-Ruppiner Land und der Naturpark Stechlin-Ruppiner Land laden auch im Juni wieder zu einer Vogelstimmenwanderungen ein.","og_url":"https:\/\/www.naturparkmagazin.de\/stechlin\/vogelstimmenwanderung-am-7-juni-2025-rund-um-zernikow\/","og_site_name":"Naturpark Stechlin-Ruppiner Land","article_published_time":"2025-05-21T14:03:10+00:00","article_modified_time":"2025-06-04T10:38:53+00:00","og_image":[{"width":200,"height":200,"url":"https:\/\/www.naturparkmagazin.de\/stechlin\/wp-content\/uploads\/sites\/38\/Dompfaff-2.jpg","type":"image\/jpeg"}],"author":"marioschrumpf","twitter_misc":{"Verfasst von":"marioschrumpf","Gesch\u00e4tzte Lesezeit":"2\u00a0Minuten"},"schema":{"@context":"https:\/\/schema.org","@graph":[{"@type":"WebPage","@id":"https:\/\/www.naturparkmagazin.de\/stechlin\/vogelstimmenwanderung-am-7-juni-2025-rund-um-zernikow\/","url":"https:\/\/www.naturparkmagazin.de\/stechlin\/vogelstimmenwanderung-am-7-juni-2025-rund-um-zernikow\/","name":"Vogelstimmenwanderung am 7. Juni 2025 rund um Zernikow - Naturpark Stechlin-Ruppiner Land","isPartOf":{"@id":"https:\/\/www.naturparkmagazin.de\/stechlin\/#website"},"datePublished":"2025-05-21T14:03:10+00:00","dateModified":"2025-06-04T10:38:53+00:00","author":{"@id":"https:\/\/www.naturparkmagazin.de\/stechlin\/#\/schema\/person\/3f0d93203df21c806dd63c76d9bb28bc"},"breadcrumb":{"@id":"https:\/\/www.naturparkmagazin.de\/stechlin\/vogelstimmenwanderung-am-7-juni-2025-rund-um-zernikow\/#breadcrumb"},"inLanguage":"de","potentialAction":[{"@type":"ReadAction","target":["https:\/\/www.naturparkmagazin.de\/stechlin\/vogelstimmenwanderung-am-7-juni-2025-rund-um-zernikow\/"]}]},{"@type":"BreadcrumbList","@id":"https:\/\/www.naturparkmagazin.de\/stechlin\/vogelstimmenwanderung-am-7-juni-2025-rund-um-zernikow\/#breadcrumb","itemListElement":[{"@type":"ListItem","position":1,"name":"Home","item":"https:\/\/www.naturparkmagazin.de\/stechlin\/"},{"@type":"ListItem","position":2,"name":"Vogelstimmenwanderung am 7. Juni 2025 rund um Zernikow"}]},{"@type":"WebSite","@id":"https:\/\/www.naturparkmagazin.de\/stechlin\/#website","url":"https:\/\/www.naturparkmagazin.de\/stechlin\/","name":"Naturpark Stechlin-Ruppiner Land","description":"","potentialAction":[{"@type":"SearchAction","target":{"@type":"EntryPoint","urlTemplate":"https:\/\/www.naturparkmagazin.de\/stechlin\/?s={search_term_string}"},"query-input":"required name=search_term_string"}],"inLanguage":"de"},{"@type":"Person","@id":"https:\/\/www.naturparkmagazin.de\/stechlin\/#\/schema\/person\/3f0d93203df21c806dd63c76d9bb28bc","name":"marioschrumpf","url":"https:\/\/www.naturparkmagazin.de\/stechlin\/author\/marioschrumpf\/"}]}},"_links":{"self":[{"href":"https:\/\/www.naturparkmagazin.de\/stechlin\/wp-json\/wp\/v2\/posts\/17261"}],"collection":[{"href":"https:\/\/www.naturparkmagazin.de\/stechlin\/wp-json\/wp\/v2\/posts"}],"about":[{"href":"https:\/\/www.naturparkmagazin.de\/stechlin\/wp-json\/wp\/v2\/types\/post"}],"author":[{"embeddable":true,"href":"https:\/\/www.naturparkmagazin.de\/stechlin\/wp-json\/wp\/v2\/users\/39"}],"replies":[{"embeddable":true,"href":"https:\/\/www.naturparkmagazin.de\/stechlin\/wp-json\/wp\/v2\/comments?post=17261"}],"version-history":[{"count":9,"href":"https:\/\/www.naturparkmagazin.de\/stechlin\/wp-json\/wp\/v2\/posts\/17261\/revisions"}],"predecessor-version":[{"id":17450,"href":"https:\/\/www.naturparkmagazin.de\/stechlin\/wp-json\/wp\/v2\/posts\/17261\/revisions\/17450"}],"wp:featuredmedia":[{"embeddable":true,"href":"https:\/\/www.naturparkmagazin.de\/stechlin\/wp-json\/wp\/v2\/media\/10501"}],"wp:attachment":[{"href":"https:\/\/www.naturparkmagazin.de\/stechlin\/wp-json\/wp\/v2\/media?parent=17261"}],"wp:term":[{"taxonomy":"category","embeddable":true,"href":"https:\/\/www.naturparkmagazin.de\/stechlin\/wp-json\/wp\/v2\/categories?post=17261"},{"taxonomy":"post_tag","embeddable":true,"href":"https:\/\/www.naturparkmagazin.de\/stechlin\/wp-json\/wp\/v2\/tags?post=17261"}],"curies":[{"name":"wp","href":"https:\/\/api.w.org\/{rel}","templated":true}]}}