{"id":17410,"date":"2025-05-21T16:06:50","date_gmt":"2025-05-21T14:06:50","guid":{"rendered":"https:\/\/www.naturparkmagazin.de\/stechlin\/?p=17410"},"modified":"2025-06-04T09:14:30","modified_gmt":"2025-06-04T07:14:30","slug":"die-30-brandenburger-landpartie-macht-station-im-naturpark-2025","status":"publish","type":"post","link":"https:\/\/www.naturparkmagazin.de\/stechlin\/die-30-brandenburger-landpartie-macht-station-im-naturpark-2025\/","title":{"rendered":"Die 30. Brandenburger Landpartie macht Station im Naturpark (2025)"},"content":{"rendered":"<p>An diesem Wochenende ist wieder viel los in Brandenburg. Nehmen Sie sich Zeit, suchen Sie Anlaufpunkte f\u00fcr eine Rundtour (m\u00f6glichst mit dem Rad) zwischen den vielen Anlaufpunkten und Themen und genie\u00dfen Sie nebenbei die Landschaft und die Entschleunigung.<\/p>\n<p><a class=\"link-external-blank\" href=\"https:\/\/www.brandenburger-landpartie.de\/ausflugstipps\/brandenburger-landpartie\/\" target=\"_blank\" rel=\"noopener\">Hier erfahren Sie alle Veranstaltungen der Brandenburger Landpartie, um Ihr Wochenende zu planen.<\/a><\/p>\n<p>Auch im <strong>Naturpark Stechlin-Ruppiner Land<\/strong> und im n\u00e4heren Umfeld beteiligen sich Betriebe und Gemeinschaften an diesem Event. Beispielhaft f\u00fcr die vielen anderen, weisen wir hier auf 4 Akteure hin. Auch Naturparkverwaltung, Naturwacht und Besucherzentum NaturParkHaus Stechlin sind an diesen beiden Tagen auf zwei der vielen Veranstaltungen anzutreffen (Katerbow und Zippelsf\u00f6rde).<\/p>\n<div id=\"attachment_17412\" style=\"width: 510px\" class=\"wp-caption aligncenter\"><a href=\"https:\/\/www.naturparkmagazin.de\/stechlin\/wp-content\/uploads\/sites\/38\/oel_katerbow.jpg\"><img aria-describedby=\"caption-attachment-17412\" decoding=\"async\" loading=\"lazy\" class=\"size-full wp-image-17412\" src=\"https:\/\/www.naturparkmagazin.de\/stechlin\/wp-content\/uploads\/sites\/38\/oel_katerbow.jpg\" alt=\"\" width=\"500\" height=\"300\" srcset=\"https:\/\/www.naturparkmagazin.de\/stechlin\/wp-content\/uploads\/sites\/38\/oel_katerbow.jpg 500w, https:\/\/www.naturparkmagazin.de\/stechlin\/wp-content\/uploads\/sites\/38\/oel_katerbow-300x180.jpg 300w, https:\/\/www.naturparkmagazin.de\/stechlin\/wp-content\/uploads\/sites\/38\/oel_katerbow-200x120.jpg 200w\" sizes=\"(max-width: 500px) 100vw, 500px\" \/><\/a><p id=\"caption-attachment-17412\" class=\"wp-caption-text\">\u00a9 \u00d6lm\u00fchle Katerbow<\/p><\/div>\n<p>Die <a href=\"https:\/\/www.brandenburger-landpartie.de\/ausflugstipps\/brandenburger-landpartie\/gastgeber-2025\/teilnehmer\/die-oelmuehle-katerbow-mit-grossem-dorffest\/13277\/\" target=\"_blank\" rel=\"noopener\"><strong>\u00d6lm\u00fchle Katerbow<\/strong><\/a> wird auf dem Luisenhof das Caf\u00e9, den Biergarten und den Hofladen \u00f6ffnen. Es gibt regelm\u00e4\u00dfige F\u00fchrungen durch die \u00d6lm\u00fchle und alle \u00d6le werden zur Verkostung angeboten. Es werden regionale Bratwurst angeboten und Familie Stamer hat wunderbaren Bauernkuchen im Angebot. Auf dem Dorfplatz findet ein gro\u00dfes Dorffest mit B\u00fchnenprogramm, Regionalmarkt und Dorftr\u00f6del statt. Als <a href=\"https:\/\/www.stechlin-ruppiner-land-naturpark.de\/unser-auftrag\/naturpark-partner-programm\/\" target=\"_blank\" rel=\"noopener\">zertifizierter Partnerbetrieb<\/a> des Naturparks Stechlin-Ruppiner Land legen wir unseren diesj\u00e4hrigen Fokus deshalb vorrangig auf diese Veranstaltung.<\/p>\n<p><a href=\"https:\/\/www.stechlin-ruppiner-land-naturpark.de\/fileadmin\/user_upload\/PDF\/Stechlin-Ruppin\/Aktuelles\/landpartie_A5_vorn.pdf\" target=\"_blank\" rel=\"noopener\">Hier kann der Infoflyer f\u00fcr Katerbow heruntergeladen werden.<\/a><\/p>\n<p>Der den <a href=\"https:\/\/www.brandenburger-landpartie.de\/ausflugstipps\/brandenburger-landpartie\/gastgeber-2025\/teilnehmer\/hofnatur-lebenshof-nachhaltigkeitsakademie-brandenburg\/13942\/\" target=\"_blank\" rel=\"noopener\"><strong>Hofnatur Lebenshof Neuruppin<\/strong><\/a> feiert an diesem Tag den Start der Nachhaltigkeitsakademie Brandenburg! Inmitten der besonderen Atmosph\u00e4re des historischen Forsthauses stellen die Aktiven ihre Bildungsangebote vor und laden ein, ihre Arbeit sowie die Lebenshoftiere und ihre bewegenden Geschichten kennenzulernen. An diesem besonderen Ort haben Tierschutztiere ihr Zuhause gefunden: Pferde, Schafe, Ziegen, H\u00fchner, Wasserb\u00fcffel sowie die seltene Dunkle Biene leben hier sicher und artgerecht. Aber dieser gemeinn\u00fctzige Lebenshof ist mehr. Er ist Bildungs- und Begegnungsort f\u00fcr Kinder und Erwachsene, an dem sie lernen k\u00f6nnen, Tiere, Natur und insbesondere sich selbst und ihre Gesundheit bewusst und neu zu erleben. Genie\u00dfen Sie selbstgebackene Kuchen. Wir bitten um Verst\u00e4ndnis, dass Hunde leider nicht mitgebracht werden k\u00f6nnen.<\/p>\n<p><a href=\"https:\/\/www.stechlin-ruppiner-land-naturpark.de\/fileadmin\/user_upload\/PDF\/Stechlin-Ruppin\/Aktuelles\/IMG-20250602-WA0000.pdf\" target=\"_blank\" rel=\"noopener\">Hier kann der Infoflyer f\u00fcr Zippelsf\u00f6rde heruntergeladen werden.<\/a><\/p>\n<p>Ein Blick hinter die Kulissen der Biolandwirtschaft vom <a href=\"https:\/\/www.brandenburger-landpartie.de\/ausflugstipps\/brandenburger-landpartie\/gastgeber-2025\/teilnehmer\/hof-repente\/10313\/\" target=\"_blank\" rel=\"noopener\"><strong>Hof Repente<\/strong><\/a>. Der familiengef\u00fchrte Hof steht f\u00fcr Nachhaltigkeit, Tierwohl und Naturschutz direkt vor der Haust\u00fcr. Mit Leidenschaft und Verantwortung bewirtschaftet die Familie Kreutzer ihren Hof und meistert die Herausforderungen der modernen Landwirtschaft. Transparenz ist dabei wichtig \u2013 deshalb geben Kreuzers gerne Einblicke in ihren Alltag. Erlebe, was den Hof einzigartig macht und entdecke die Werte, die hinter ihrer Arbeit stehen. Komm vorbei und tauche ein in die Welt einer nachhaltigen Biolandwirtschaft!<\/p>\n<p>Lassen Sie im <a href=\"https:\/\/www.brandenburger-landpartie.de\/ausflugstipps\/brandenburger-landpartie\/gastgeber-2025\/teilnehmer\/apfelhof-waehnert\/11795\/\" target=\"_blank\" rel=\"noopener\"><strong>Apfelhof-W\u00e4hnert<\/strong><\/a> ein wenig die Seele baumeln und schalten Sie ab. Alles in erlaufbarer N\u00e4he, Streuobstwiese, H\u00fchner, Schafe und dazwischen einfach Ruhe. Gem\u00fcsegarten und auch verschiedene Kr\u00e4uter. Ein Hofladen mit Vollsortiment. Kommen Sie an, im Familienbetrieb, schauen sich um, W\u00e4hnerts haben ein Ohr f\u00fcr Sie und versuchen W\u00fcnsche zu erf\u00fcllen. Erleben Sie einen Tag auf dem Land und lassen die Hektik der Stadt einfach hinter sich.<\/p>\n","protected":false},"excerpt":{"rendered":"<p>Unter dem Motto \u201eLandwirtschaft zum Anfassen\u201c \u00f6ffnen H\u00f6fe, St\u00e4lle, Scheunen, G\u00e4rtnereien und Pferdeh\u00f6fe in ganz Brandenburg ihre Tore f\u00fcr Besucherinnen und Besucher jeden Alters.<\/p>\n","protected":false},"author":39,"featured_media":17413,"comment_status":"open","ping_status":"open","sticky":false,"template":"","format":"standard","meta":[],"categories":[11],"tags":[],"yoast_head":"<!-- This site is optimized with the Yoast SEO plugin v19.10 - https:\/\/yoast.com\/wordpress\/plugins\/seo\/ -->\n<title>Die 30. Brandenburger Landpartie macht Station im Naturpark (2025) - Naturpark Stechlin-Ruppiner Land<\/title>\n<meta name=\"robots\" content=\"index, follow, max-snippet:-1, max-image-preview:large, max-video-preview:-1\" \/>\n<link rel=\"canonical\" href=\"https:\/\/www.naturparkmagazin.de\/stechlin\/die-30-brandenburger-landpartie-macht-station-im-naturpark-2025\/\" \/>\n<meta property=\"og:locale\" content=\"de_DE\" \/>\n<meta property=\"og:type\" content=\"article\" \/>\n<meta property=\"og:title\" content=\"Die 30. Brandenburger Landpartie macht Station im Naturpark (2025) - Naturpark Stechlin-Ruppiner Land\" \/>\n<meta property=\"og:description\" content=\"Unter dem Motto \u201eLandwirtschaft zum Anfassen\u201c \u00f6ffnen H\u00f6fe, St\u00e4lle, Scheunen, G\u00e4rtnereien und Pferdeh\u00f6fe in ganz Brandenburg ihre Tore f\u00fcr Besucherinnen und Besucher jeden Alters.\" \/>\n<meta property=\"og:url\" content=\"https:\/\/www.naturparkmagazin.de\/stechlin\/die-30-brandenburger-landpartie-macht-station-im-naturpark-2025\/\" \/>\n<meta property=\"og:site_name\" content=\"Naturpark Stechlin-Ruppiner Land\" \/>\n<meta property=\"article:published_time\" content=\"2025-05-21T14:06:50+00:00\" \/>\n<meta property=\"article:modified_time\" content=\"2025-06-04T07:14:30+00:00\" \/>\n<meta property=\"og:image\" content=\"https:\/\/www.naturparkmagazin.de\/stechlin\/wp-content\/uploads\/sites\/38\/zippel_a.jpeg\" \/>\n\t<meta property=\"og:image:width\" content=\"200\" \/>\n\t<meta property=\"og:image:height\" content=\"200\" \/>\n\t<meta property=\"og:image:type\" content=\"image\/jpeg\" \/>\n<meta name=\"author\" content=\"marioschrumpf\" \/>\n<meta name=\"twitter:label1\" content=\"Verfasst von\" \/>\n\t<meta name=\"twitter:data1\" content=\"marioschrumpf\" \/>\n\t<meta name=\"twitter:label2\" content=\"Gesch\u00e4tzte Lesezeit\" \/>\n\t<meta name=\"twitter:data2\" content=\"3\u00a0Minuten\" \/>\n<script type=\"application\/ld+json\" class=\"yoast-schema-graph\">{\"@context\":\"https:\/\/schema.org\",\"@graph\":[{\"@type\":\"WebPage\",\"@id\":\"https:\/\/www.naturparkmagazin.de\/stechlin\/die-30-brandenburger-landpartie-macht-station-im-naturpark-2025\/\",\"url\":\"https:\/\/www.naturparkmagazin.de\/stechlin\/die-30-brandenburger-landpartie-macht-station-im-naturpark-2025\/\",\"name\":\"Die 30. Brandenburger Landpartie macht Station im Naturpark (2025) - Naturpark Stechlin-Ruppiner Land\",\"isPartOf\":{\"@id\":\"https:\/\/www.naturparkmagazin.de\/stechlin\/#website\"},\"datePublished\":\"2025-05-21T14:06:50+00:00\",\"dateModified\":\"2025-06-04T07:14:30+00:00\",\"author\":{\"@id\":\"https:\/\/www.naturparkmagazin.de\/stechlin\/#\/schema\/person\/3f0d93203df21c806dd63c76d9bb28bc\"},\"breadcrumb\":{\"@id\":\"https:\/\/www.naturparkmagazin.de\/stechlin\/die-30-brandenburger-landpartie-macht-station-im-naturpark-2025\/#breadcrumb\"},\"inLanguage\":\"de\",\"potentialAction\":[{\"@type\":\"ReadAction\",\"target\":[\"https:\/\/www.naturparkmagazin.de\/stechlin\/die-30-brandenburger-landpartie-macht-station-im-naturpark-2025\/\"]}]},{\"@type\":\"BreadcrumbList\",\"@id\":\"https:\/\/www.naturparkmagazin.de\/stechlin\/die-30-brandenburger-landpartie-macht-station-im-naturpark-2025\/#breadcrumb\",\"itemListElement\":[{\"@type\":\"ListItem\",\"position\":1,\"name\":\"Home\",\"item\":\"https:\/\/www.naturparkmagazin.de\/stechlin\/\"},{\"@type\":\"ListItem\",\"position\":2,\"name\":\"Die 30. Brandenburger Landpartie macht Station im Naturpark (2025)\"}]},{\"@type\":\"WebSite\",\"@id\":\"https:\/\/www.naturparkmagazin.de\/stechlin\/#website\",\"url\":\"https:\/\/www.naturparkmagazin.de\/stechlin\/\",\"name\":\"Naturpark Stechlin-Ruppiner Land\",\"description\":\"\",\"potentialAction\":[{\"@type\":\"SearchAction\",\"target\":{\"@type\":\"EntryPoint\",\"urlTemplate\":\"https:\/\/www.naturparkmagazin.de\/stechlin\/?s={search_term_string}\"},\"query-input\":\"required name=search_term_string\"}],\"inLanguage\":\"de\"},{\"@type\":\"Person\",\"@id\":\"https:\/\/www.naturparkmagazin.de\/stechlin\/#\/schema\/person\/3f0d93203df21c806dd63c76d9bb28bc\",\"name\":\"marioschrumpf\",\"url\":\"https:\/\/www.naturparkmagazin.de\/stechlin\/author\/marioschrumpf\/\"}]}<\/script>\n<!-- \/ Yoast SEO plugin. -->","yoast_head_json":{"title":"Die 30. Brandenburger Landpartie macht Station im Naturpark (2025) - Naturpark Stechlin-Ruppiner Land","robots":{"index":"index","follow":"follow","max-snippet":"max-snippet:-1","max-image-preview":"max-image-preview:large","max-video-preview":"max-video-preview:-1"},"canonical":"https:\/\/www.naturparkmagazin.de\/stechlin\/die-30-brandenburger-landpartie-macht-station-im-naturpark-2025\/","og_locale":"de_DE","og_type":"article","og_title":"Die 30. Brandenburger Landpartie macht Station im Naturpark (2025) - Naturpark Stechlin-Ruppiner Land","og_description":"Unter dem Motto \u201eLandwirtschaft zum Anfassen\u201c \u00f6ffnen H\u00f6fe, St\u00e4lle, Scheunen, G\u00e4rtnereien und Pferdeh\u00f6fe in ganz Brandenburg ihre Tore f\u00fcr Besucherinnen und Besucher jeden Alters.","og_url":"https:\/\/www.naturparkmagazin.de\/stechlin\/die-30-brandenburger-landpartie-macht-station-im-naturpark-2025\/","og_site_name":"Naturpark Stechlin-Ruppiner Land","article_published_time":"2025-05-21T14:06:50+00:00","article_modified_time":"2025-06-04T07:14:30+00:00","og_image":[{"width":200,"height":200,"url":"https:\/\/www.naturparkmagazin.de\/stechlin\/wp-content\/uploads\/sites\/38\/zippel_a.jpeg","type":"image\/jpeg"}],"author":"marioschrumpf","twitter_misc":{"Verfasst von":"marioschrumpf","Gesch\u00e4tzte Lesezeit":"3\u00a0Minuten"},"schema":{"@context":"https:\/\/schema.org","@graph":[{"@type":"WebPage","@id":"https:\/\/www.naturparkmagazin.de\/stechlin\/die-30-brandenburger-landpartie-macht-station-im-naturpark-2025\/","url":"https:\/\/www.naturparkmagazin.de\/stechlin\/die-30-brandenburger-landpartie-macht-station-im-naturpark-2025\/","name":"Die 30. Brandenburger Landpartie macht Station im Naturpark (2025) - Naturpark Stechlin-Ruppiner Land","isPartOf":{"@id":"https:\/\/www.naturparkmagazin.de\/stechlin\/#website"},"datePublished":"2025-05-21T14:06:50+00:00","dateModified":"2025-06-04T07:14:30+00:00","author":{"@id":"https:\/\/www.naturparkmagazin.de\/stechlin\/#\/schema\/person\/3f0d93203df21c806dd63c76d9bb28bc"},"breadcrumb":{"@id":"https:\/\/www.naturparkmagazin.de\/stechlin\/die-30-brandenburger-landpartie-macht-station-im-naturpark-2025\/#breadcrumb"},"inLanguage":"de","potentialAction":[{"@type":"ReadAction","target":["https:\/\/www.naturparkmagazin.de\/stechlin\/die-30-brandenburger-landpartie-macht-station-im-naturpark-2025\/"]}]},{"@type":"BreadcrumbList","@id":"https:\/\/www.naturparkmagazin.de\/stechlin\/die-30-brandenburger-landpartie-macht-station-im-naturpark-2025\/#breadcrumb","itemListElement":[{"@type":"ListItem","position":1,"name":"Home","item":"https:\/\/www.naturparkmagazin.de\/stechlin\/"},{"@type":"ListItem","position":2,"name":"Die 30. Brandenburger Landpartie macht Station im Naturpark (2025)"}]},{"@type":"WebSite","@id":"https:\/\/www.naturparkmagazin.de\/stechlin\/#website","url":"https:\/\/www.naturparkmagazin.de\/stechlin\/","name":"Naturpark Stechlin-Ruppiner Land","description":"","potentialAction":[{"@type":"SearchAction","target":{"@type":"EntryPoint","urlTemplate":"https:\/\/www.naturparkmagazin.de\/stechlin\/?s={search_term_string}"},"query-input":"required name=search_term_string"}],"inLanguage":"de"},{"@type":"Person","@id":"https:\/\/www.naturparkmagazin.de\/stechlin\/#\/schema\/person\/3f0d93203df21c806dd63c76d9bb28bc","name":"marioschrumpf","url":"https:\/\/www.naturparkmagazin.de\/stechlin\/author\/marioschrumpf\/"}]}},"_links":{"self":[{"href":"https:\/\/www.naturparkmagazin.de\/stechlin\/wp-json\/wp\/v2\/posts\/17410"}],"collection":[{"href":"https:\/\/www.naturparkmagazin.de\/stechlin\/wp-json\/wp\/v2\/posts"}],"about":[{"href":"https:\/\/www.naturparkmagazin.de\/stechlin\/wp-json\/wp\/v2\/types\/post"}],"author":[{"embeddable":true,"href":"https:\/\/www.naturparkmagazin.de\/stechlin\/wp-json\/wp\/v2\/users\/39"}],"replies":[{"embeddable":true,"href":"https:\/\/www.naturparkmagazin.de\/stechlin\/wp-json\/wp\/v2\/comments?post=17410"}],"version-history":[{"count":8,"href":"https:\/\/www.naturparkmagazin.de\/stechlin\/wp-json\/wp\/v2\/posts\/17410\/revisions"}],"predecessor-version":[{"id":17449,"href":"https:\/\/www.naturparkmagazin.de\/stechlin\/wp-json\/wp\/v2\/posts\/17410\/revisions\/17449"}],"wp:featuredmedia":[{"embeddable":true,"href":"https:\/\/www.naturparkmagazin.de\/stechlin\/wp-json\/wp\/v2\/media\/17413"}],"wp:attachment":[{"href":"https:\/\/www.naturparkmagazin.de\/stechlin\/wp-json\/wp\/v2\/media?parent=17410"}],"wp:term":[{"taxonomy":"category","embeddable":true,"href":"https:\/\/www.naturparkmagazin.de\/stechlin\/wp-json\/wp\/v2\/categories?post=17410"},{"taxonomy":"post_tag","embeddable":true,"href":"https:\/\/www.naturparkmagazin.de\/stechlin\/wp-json\/wp\/v2\/tags?post=17410"}],"curies":[{"name":"wp","href":"https:\/\/api.w.org\/{rel}","templated":true}]}}