{"id":1744,"date":"2015-01-15T12:18:29","date_gmt":"2015-01-15T11:18:29","guid":{"rendered":"http:\/\/www.naturparkmagazin.de\/stechlin\/?p=1744"},"modified":"2025-02-24T16:33:25","modified_gmt":"2025-02-24T15:33:25","slug":"oekofilmtour-macht-station-in-menz-2","status":"publish","type":"post","link":"https:\/\/www.naturparkmagazin.de\/stechlin\/oekofilmtour-macht-station-in-menz-2\/","title":{"rendered":"\u00d6kofilmtour macht Station in Menz (2015)"},"content":{"rendered":"<p>Bereits zum 10. Mal findet in diesem Jahr das <strong>Festival des Umwelt- und Naturfilm in Brandenburg<\/strong> statt. Am <strong>26. Februar, 19 Uhr<\/strong> macht die \u00d6kofilmtour Station in der Regionalwerkstatt Stechlin in Menz. Auf dem Programm steht der Film &#8222;<em>Grenzg\u00e4nger am Gr\u00fcnen Band<\/em>&#8220; von Uwe M\u00fcller. Der 44 min\u00fctige Dokumentarfilm wurde f\u00fcr die Reihe &#8222;<em>Wildes Deutschland<\/em>&#8220; von Capricornum Film im Auftrag des MDR produziert.<\/p>\n<p>Eine au\u00dfergew\u00f6hnliche Perlenschnur der Natur zieht sich l\u00e4ngs durch Deutschland. Von der Ostsee bis zum Vogtland verbindet sie auf 1 400 Kilometern L\u00e4nge mehr als 100 verschiedene Biotope zum Gr\u00fcnen Band. In Sumpfgebieten, Mooren, Pionierw\u00e4ldern oder auf Magerrasenfl\u00e4chen finden stark gef\u00e4hrdete Arten wie Schwarzstorch, Fischotter, Wanstschrecke und Braunkehlchen ideale Bedingungen. Der Ursprung dieser langgestreckten Oase k\u00f6nnte lebensfeindlicher nicht sein. Vor einem Vierteljahrhundert noch teilte der Streifen Deutschland, trennte Familien und Freunde. Mit Minenfeldern, Stacheldraht und Mauern, rund um die Uhr bewacht. Statt Grenzw\u00e4chtern liegen heute W\u00e4chter der Natur auf der Lauer. Im Fokus: die tierischen Pendler zwischen Ost und West. Einige Arten hatten sich schon durch den Eisernen Vorhang nicht aufhalten lassen. Der Film <i>Grenzg\u00e4nger am Gr\u00fcnen Band<\/i> erkundet die Schlupfwege von damals. Er beobachtet aber auch Grenzg\u00e4nger wie die Wildkatzen, die erst jetzt vom Vogtland nach Bayern wandern k\u00f6nnen. Seeadler, die ihren Nachwuchs in nieders\u00e4chsischen Fluren gro\u00dfziehen und in Sachsen-Anhalts Gew\u00e4ssern Fische fangen. Oder Biber, die immer in der DDR heimisch waren, aber erst nach deren Ende begannen, auch in westlichen Feuchtbiotopen B\u00e4ume zu f\u00e4llen. Gro\u00dfartige Tierbeobachtungen verkn\u00fcpfen sich mit nachdenklichen Betrachtungen von Grenzzeugen und Natursch\u00fctzern zu einem \u00fcberraschenden Band aus Geschichten und Geschichte.<\/p>\n<p>Am Vormittag des <strong>27. Februar<\/strong> sind traditionell die Kinder der Fontane-Schule Menz eingeladen. Gezeigt werden die Filme &#8222;<em>Winterwelten<\/em>&#8220; und &#8222;<em>Hummeln-Bienen im Pelz<\/em>&#8222;.<\/p>\n<p>Weitere Stationen der \u00d6kofilmtour im Naturpark sind <strong>Altruppin am 11. Februar, Neuruppin am 12. Februar, Kunsterspring am 10. Februar, Seebeck am 7. M\u00e4rz und Hindenberg am 20. M\u00e4rz<\/strong>.<\/p>\n<p>Weitere Infos unter <a href=\"http:\/\/www.oekofilmtour.de\">www.oekofilmtour.de<\/a><\/p>\n<p>&nbsp;<\/p>\n<div id=\"attachment_1747\" style=\"width: 630px\" class=\"wp-caption alignnone\"><a href=\"https:\/\/www.naturparkmagazin.de\/stechlin\/wp-content\/uploads\/sites\/38\/k-\u00d6kofilmtort2014.jpg\"><img aria-describedby=\"caption-attachment-1747\" decoding=\"async\" loading=\"lazy\" class=\"size-medium wp-image-1747\" src=\"https:\/\/www.naturparkmagazin.de\/stechlin\/wp-content\/uploads\/sites\/38\/k-\u00d6kofilmtort2014-620x465.jpg\" alt=\"Diskussion zum gezeigten Film\" width=\"620\" height=\"465\" srcset=\"https:\/\/www.naturparkmagazin.de\/stechlin\/wp-content\/uploads\/sites\/38\/k-\u00d6kofilmtort2014-620x465.jpg 620w, https:\/\/www.naturparkmagazin.de\/stechlin\/wp-content\/uploads\/sites\/38\/k-\u00d6kofilmtort2014-300x225.jpg 300w, https:\/\/www.naturparkmagazin.de\/stechlin\/wp-content\/uploads\/sites\/38\/k-\u00d6kofilmtort2014-580x435.jpg 580w, https:\/\/www.naturparkmagazin.de\/stechlin\/wp-content\/uploads\/sites\/38\/k-\u00d6kofilmtort2014-420x315.jpg 420w, https:\/\/www.naturparkmagazin.de\/stechlin\/wp-content\/uploads\/sites\/38\/k-\u00d6kofilmtort2014-180x135.jpg 180w, https:\/\/www.naturparkmagazin.de\/stechlin\/wp-content\/uploads\/sites\/38\/k-\u00d6kofilmtort2014-95x71.jpg 95w, https:\/\/www.naturparkmagazin.de\/stechlin\/wp-content\/uploads\/sites\/38\/k-\u00d6kofilmtort2014-200x150.jpg 200w, https:\/\/www.naturparkmagazin.de\/stechlin\/wp-content\/uploads\/sites\/38\/k-\u00d6kofilmtort2014.jpg 640w\" sizes=\"(max-width: 620px) 100vw, 620px\" \/><\/a><p id=\"caption-attachment-1747\" class=\"wp-caption-text\">Filmdiskussion mit den Kindern der Theodor-Fontane-Schule Menz<\/p><\/div>\n","protected":false},"excerpt":{"rendered":"<p>Am 26. Februar, 19 Uhr macht die \u00d6kofilmtour Station in der Regionalwerkstatt Stechlin in Menz. Auf dem Programm steht der Film &#8222;Grenzg\u00e4nger am Gr\u00fcnen Band&#8220; von Uwe M\u00fcller. <\/p>\n","protected":false},"author":39,"featured_media":1747,"comment_status":"open","ping_status":"open","sticky":false,"template":"","format":"standard","meta":[],"categories":[11],"tags":[],"yoast_head":"<!-- This site is optimized with the Yoast SEO plugin v19.10 - https:\/\/yoast.com\/wordpress\/plugins\/seo\/ -->\n<title>\u00d6kofilmtour macht Station in Menz (2015) - Naturpark Stechlin-Ruppiner Land<\/title>\n<meta name=\"robots\" content=\"index, follow, max-snippet:-1, max-image-preview:large, max-video-preview:-1\" \/>\n<link rel=\"canonical\" href=\"https:\/\/www.naturparkmagazin.de\/stechlin\/oekofilmtour-macht-station-in-menz-2\/\" \/>\n<meta property=\"og:locale\" content=\"de_DE\" \/>\n<meta property=\"og:type\" content=\"article\" \/>\n<meta property=\"og:title\" content=\"\u00d6kofilmtour macht Station in Menz (2015) - Naturpark Stechlin-Ruppiner Land\" \/>\n<meta property=\"og:description\" content=\"Am 26. Februar, 19 Uhr macht die \u00d6kofilmtour Station in der Regionalwerkstatt Stechlin in Menz. Auf dem Programm steht der Film &quot;Grenzg\u00e4nger am Gr\u00fcnen Band&quot; von Uwe M\u00fcller.\" \/>\n<meta property=\"og:url\" content=\"https:\/\/www.naturparkmagazin.de\/stechlin\/oekofilmtour-macht-station-in-menz-2\/\" \/>\n<meta property=\"og:site_name\" content=\"Naturpark Stechlin-Ruppiner Land\" \/>\n<meta property=\"article:published_time\" content=\"2015-01-15T11:18:29+00:00\" \/>\n<meta property=\"article:modified_time\" content=\"2025-02-24T15:33:25+00:00\" \/>\n<meta property=\"og:image\" content=\"https:\/\/www.naturparkmagazin.de\/stechlin\/wp-content\/uploads\/sites\/38\/k-\u00d6kofilmtort2014.jpg\" \/>\n\t<meta property=\"og:image:width\" content=\"640\" \/>\n\t<meta property=\"og:image:height\" content=\"480\" \/>\n\t<meta property=\"og:image:type\" content=\"image\/jpeg\" \/>\n<meta name=\"author\" content=\"marioschrumpf\" \/>\n<meta name=\"twitter:label1\" content=\"Verfasst von\" \/>\n\t<meta name=\"twitter:data1\" content=\"marioschrumpf\" \/>\n\t<meta name=\"twitter:label2\" content=\"Gesch\u00e4tzte Lesezeit\" \/>\n\t<meta name=\"twitter:data2\" content=\"3\u00a0Minuten\" \/>\n<script type=\"application\/ld+json\" class=\"yoast-schema-graph\">{\"@context\":\"https:\/\/schema.org\",\"@graph\":[{\"@type\":\"WebPage\",\"@id\":\"https:\/\/www.naturparkmagazin.de\/stechlin\/oekofilmtour-macht-station-in-menz-2\/\",\"url\":\"https:\/\/www.naturparkmagazin.de\/stechlin\/oekofilmtour-macht-station-in-menz-2\/\",\"name\":\"\u00d6kofilmtour macht Station in Menz (2015) - Naturpark Stechlin-Ruppiner Land\",\"isPartOf\":{\"@id\":\"https:\/\/www.naturparkmagazin.de\/stechlin\/#website\"},\"datePublished\":\"2015-01-15T11:18:29+00:00\",\"dateModified\":\"2025-02-24T15:33:25+00:00\",\"author\":{\"@id\":\"https:\/\/www.naturparkmagazin.de\/stechlin\/#\/schema\/person\/3f0d93203df21c806dd63c76d9bb28bc\"},\"breadcrumb\":{\"@id\":\"https:\/\/www.naturparkmagazin.de\/stechlin\/oekofilmtour-macht-station-in-menz-2\/#breadcrumb\"},\"inLanguage\":\"de\",\"potentialAction\":[{\"@type\":\"ReadAction\",\"target\":[\"https:\/\/www.naturparkmagazin.de\/stechlin\/oekofilmtour-macht-station-in-menz-2\/\"]}]},{\"@type\":\"BreadcrumbList\",\"@id\":\"https:\/\/www.naturparkmagazin.de\/stechlin\/oekofilmtour-macht-station-in-menz-2\/#breadcrumb\",\"itemListElement\":[{\"@type\":\"ListItem\",\"position\":1,\"name\":\"Home\",\"item\":\"https:\/\/www.naturparkmagazin.de\/stechlin\/\"},{\"@type\":\"ListItem\",\"position\":2,\"name\":\"\u00d6kofilmtour macht Station in Menz (2015)\"}]},{\"@type\":\"WebSite\",\"@id\":\"https:\/\/www.naturparkmagazin.de\/stechlin\/#website\",\"url\":\"https:\/\/www.naturparkmagazin.de\/stechlin\/\",\"name\":\"Naturpark Stechlin-Ruppiner Land\",\"description\":\"\",\"potentialAction\":[{\"@type\":\"SearchAction\",\"target\":{\"@type\":\"EntryPoint\",\"urlTemplate\":\"https:\/\/www.naturparkmagazin.de\/stechlin\/?s={search_term_string}\"},\"query-input\":\"required name=search_term_string\"}],\"inLanguage\":\"de\"},{\"@type\":\"Person\",\"@id\":\"https:\/\/www.naturparkmagazin.de\/stechlin\/#\/schema\/person\/3f0d93203df21c806dd63c76d9bb28bc\",\"name\":\"marioschrumpf\",\"url\":\"https:\/\/www.naturparkmagazin.de\/stechlin\/author\/marioschrumpf\/\"}]}<\/script>\n<!-- \/ Yoast SEO plugin. -->","yoast_head_json":{"title":"\u00d6kofilmtour macht Station in Menz (2015) - Naturpark Stechlin-Ruppiner Land","robots":{"index":"index","follow":"follow","max-snippet":"max-snippet:-1","max-image-preview":"max-image-preview:large","max-video-preview":"max-video-preview:-1"},"canonical":"https:\/\/www.naturparkmagazin.de\/stechlin\/oekofilmtour-macht-station-in-menz-2\/","og_locale":"de_DE","og_type":"article","og_title":"\u00d6kofilmtour macht Station in Menz (2015) - Naturpark Stechlin-Ruppiner Land","og_description":"Am 26. Februar, 19 Uhr macht die \u00d6kofilmtour Station in der Regionalwerkstatt Stechlin in Menz. Auf dem Programm steht der Film \"Grenzg\u00e4nger am Gr\u00fcnen Band\" von Uwe M\u00fcller.","og_url":"https:\/\/www.naturparkmagazin.de\/stechlin\/oekofilmtour-macht-station-in-menz-2\/","og_site_name":"Naturpark Stechlin-Ruppiner Land","article_published_time":"2015-01-15T11:18:29+00:00","article_modified_time":"2025-02-24T15:33:25+00:00","og_image":[{"width":640,"height":480,"url":"https:\/\/www.naturparkmagazin.de\/stechlin\/wp-content\/uploads\/sites\/38\/k-\u00d6kofilmtort2014.jpg","type":"image\/jpeg"}],"author":"marioschrumpf","twitter_misc":{"Verfasst von":"marioschrumpf","Gesch\u00e4tzte Lesezeit":"3\u00a0Minuten"},"schema":{"@context":"https:\/\/schema.org","@graph":[{"@type":"WebPage","@id":"https:\/\/www.naturparkmagazin.de\/stechlin\/oekofilmtour-macht-station-in-menz-2\/","url":"https:\/\/www.naturparkmagazin.de\/stechlin\/oekofilmtour-macht-station-in-menz-2\/","name":"\u00d6kofilmtour macht Station in Menz (2015) - Naturpark Stechlin-Ruppiner Land","isPartOf":{"@id":"https:\/\/www.naturparkmagazin.de\/stechlin\/#website"},"datePublished":"2015-01-15T11:18:29+00:00","dateModified":"2025-02-24T15:33:25+00:00","author":{"@id":"https:\/\/www.naturparkmagazin.de\/stechlin\/#\/schema\/person\/3f0d93203df21c806dd63c76d9bb28bc"},"breadcrumb":{"@id":"https:\/\/www.naturparkmagazin.de\/stechlin\/oekofilmtour-macht-station-in-menz-2\/#breadcrumb"},"inLanguage":"de","potentialAction":[{"@type":"ReadAction","target":["https:\/\/www.naturparkmagazin.de\/stechlin\/oekofilmtour-macht-station-in-menz-2\/"]}]},{"@type":"BreadcrumbList","@id":"https:\/\/www.naturparkmagazin.de\/stechlin\/oekofilmtour-macht-station-in-menz-2\/#breadcrumb","itemListElement":[{"@type":"ListItem","position":1,"name":"Home","item":"https:\/\/www.naturparkmagazin.de\/stechlin\/"},{"@type":"ListItem","position":2,"name":"\u00d6kofilmtour macht Station in Menz (2015)"}]},{"@type":"WebSite","@id":"https:\/\/www.naturparkmagazin.de\/stechlin\/#website","url":"https:\/\/www.naturparkmagazin.de\/stechlin\/","name":"Naturpark Stechlin-Ruppiner Land","description":"","potentialAction":[{"@type":"SearchAction","target":{"@type":"EntryPoint","urlTemplate":"https:\/\/www.naturparkmagazin.de\/stechlin\/?s={search_term_string}"},"query-input":"required name=search_term_string"}],"inLanguage":"de"},{"@type":"Person","@id":"https:\/\/www.naturparkmagazin.de\/stechlin\/#\/schema\/person\/3f0d93203df21c806dd63c76d9bb28bc","name":"marioschrumpf","url":"https:\/\/www.naturparkmagazin.de\/stechlin\/author\/marioschrumpf\/"}]}},"_links":{"self":[{"href":"https:\/\/www.naturparkmagazin.de\/stechlin\/wp-json\/wp\/v2\/posts\/1744"}],"collection":[{"href":"https:\/\/www.naturparkmagazin.de\/stechlin\/wp-json\/wp\/v2\/posts"}],"about":[{"href":"https:\/\/www.naturparkmagazin.de\/stechlin\/wp-json\/wp\/v2\/types\/post"}],"author":[{"embeddable":true,"href":"https:\/\/www.naturparkmagazin.de\/stechlin\/wp-json\/wp\/v2\/users\/39"}],"replies":[{"embeddable":true,"href":"https:\/\/www.naturparkmagazin.de\/stechlin\/wp-json\/wp\/v2\/comments?post=1744"}],"version-history":[{"count":8,"href":"https:\/\/www.naturparkmagazin.de\/stechlin\/wp-json\/wp\/v2\/posts\/1744\/revisions"}],"predecessor-version":[{"id":16826,"href":"https:\/\/www.naturparkmagazin.de\/stechlin\/wp-json\/wp\/v2\/posts\/1744\/revisions\/16826"}],"wp:featuredmedia":[{"embeddable":true,"href":"https:\/\/www.naturparkmagazin.de\/stechlin\/wp-json\/wp\/v2\/media\/1747"}],"wp:attachment":[{"href":"https:\/\/www.naturparkmagazin.de\/stechlin\/wp-json\/wp\/v2\/media?parent=1744"}],"wp:term":[{"taxonomy":"category","embeddable":true,"href":"https:\/\/www.naturparkmagazin.de\/stechlin\/wp-json\/wp\/v2\/categories?post=1744"},{"taxonomy":"post_tag","embeddable":true,"href":"https:\/\/www.naturparkmagazin.de\/stechlin\/wp-json\/wp\/v2\/tags?post=1744"}],"curies":[{"name":"wp","href":"https:\/\/api.w.org\/{rel}","templated":true}]}}