{"id":17553,"date":"2025-06-20T16:04:37","date_gmt":"2025-06-20T14:04:37","guid":{"rendered":"https:\/\/www.naturparkmagazin.de\/stechlin\/?p=17553"},"modified":"2025-06-26T10:39:12","modified_gmt":"2025-06-26T08:39:12","slug":"marktsommer-auf-gut-zernikow","status":"publish","type":"post","link":"https:\/\/www.naturparkmagazin.de\/stechlin\/marktsommer-auf-gut-zernikow\/","title":{"rendered":"Marktsommer auf Gut Zernikow"},"content":{"rendered":"<p>Die <strong>Creperie Bric a Brac<\/strong>, Partner des Naturparks, l\u00e4dt im Juli und August 2025 <strong>jeden Freitag\u00a0 von 12.00 bis 17.00 Uhr<\/strong> zum <strong>Regionalmarkt auf Gut Zernikow<\/strong> ein.<\/p>\n<div id=\"attachment_17555\" style=\"width: 810px\" class=\"wp-caption aligncenter\"><a href=\"https:\/\/www.naturparkmagazin.de\/stechlin\/wp-content\/uploads\/sites\/38\/Creperie-mit-alter-Brennerei-im-Hintergrund-1.jpg\"><img aria-describedby=\"caption-attachment-17555\" decoding=\"async\" loading=\"lazy\" class=\"size-full wp-image-17555\" src=\"https:\/\/www.naturparkmagazin.de\/stechlin\/wp-content\/uploads\/sites\/38\/Creperie-mit-alter-Brennerei-im-Hintergrund-1.jpg\" alt=\"\" width=\"800\" height=\"533\" srcset=\"https:\/\/www.naturparkmagazin.de\/stechlin\/wp-content\/uploads\/sites\/38\/Creperie-mit-alter-Brennerei-im-Hintergrund-1.jpg 800w, https:\/\/www.naturparkmagazin.de\/stechlin\/wp-content\/uploads\/sites\/38\/Creperie-mit-alter-Brennerei-im-Hintergrund-1-620x413.jpg 620w, https:\/\/www.naturparkmagazin.de\/stechlin\/wp-content\/uploads\/sites\/38\/Creperie-mit-alter-Brennerei-im-Hintergrund-1-300x200.jpg 300w, https:\/\/www.naturparkmagazin.de\/stechlin\/wp-content\/uploads\/sites\/38\/Creperie-mit-alter-Brennerei-im-Hintergrund-1-670x446.jpg 670w, https:\/\/www.naturparkmagazin.de\/stechlin\/wp-content\/uploads\/sites\/38\/Creperie-mit-alter-Brennerei-im-Hintergrund-1-200x133.jpg 200w\" sizes=\"(max-width: 800px) 100vw, 800px\" \/><\/a><p id=\"caption-attachment-17555\" class=\"wp-caption-text\">Cr\u00eaperie mit alter Brennerei im Hintergrund\u00a9 Jan Koch<\/p><\/div>\n<p>Regionale Produkte &amp; Kunsthandwerk, Mitmachangebote f\u00fcr Gro\u00df &amp; Klein, sowie Live-Musik pr\u00e4gen den Markt.<\/p>\n<p>Dar\u00fcber hinaus k\u00f6nnen sich Besucher:innen freuen auf:<\/p>\n<ul>\n<li>Workshops: 13-16 Uhr (ohne Anmeldung)<\/li>\n<li>Kr\u00e4uterspazierg\u00e4nge: 12:00 bis 13:00 Uhr (mit Anmeldung) und<\/li>\n<li>Live-Musik: Paul Davis, Helm von Hahn &amp; Pauline Selbig<\/li>\n<\/ul>\n<p>Bei Regen findet der Markt in der Scheune statt.<\/p>\n<p>Das <a href=\"https:\/\/creperie-bric-a-brac.de\/\" target=\"_blank\" rel=\"noopener\">Bric \u00e0 Brac<\/a> sorgt mit herzhaften Galettes, s\u00fc\u00dfen Cr\u00eapes und franz\u00f6sischen Tartes f\u00fcr das leibliche Wohl.<\/p>\n<p>Die Creperie ist <a href=\"https:\/\/www.stechlin-ruppiner-land-naturpark.de\/unser-auftrag\/naturpark-partner-programm\/bric-a-brac\/\" target=\"_blank\" rel=\"noopener\">Partner<\/a> des Naturpark Stechlin-Ruppiner Land.<\/p>\n<p><a href=\"https:\/\/www.naturparkmagazin.de\/stechlin\/wp-content\/uploads\/sites\/38\/Marksommer-Flyer-2025-1.jpg\"><img decoding=\"async\" loading=\"lazy\" class=\"size-full wp-image-17557\" src=\"https:\/\/www.naturparkmagazin.de\/stechlin\/wp-content\/uploads\/sites\/38\/Marksommer-Flyer-2025-1.jpg\" alt=\"\" width=\"500\" height=\"356\" srcset=\"https:\/\/www.naturparkmagazin.de\/stechlin\/wp-content\/uploads\/sites\/38\/Marksommer-Flyer-2025-1.jpg 500w, https:\/\/www.naturparkmagazin.de\/stechlin\/wp-content\/uploads\/sites\/38\/Marksommer-Flyer-2025-1-300x214.jpg 300w, https:\/\/www.naturparkmagazin.de\/stechlin\/wp-content\/uploads\/sites\/38\/Marksommer-Flyer-2025-1-200x142.jpg 200w\" sizes=\"(max-width: 500px) 100vw, 500px\" \/><\/a><\/p>\n<div id=\"attachment_17558\" style=\"width: 510px\" class=\"wp-caption aligncenter\"><a href=\"https:\/\/www.naturparkmagazin.de\/stechlin\/wp-content\/uploads\/sites\/38\/Marksommer-Flyer-2025-2.jpg\"><img aria-describedby=\"caption-attachment-17558\" decoding=\"async\" loading=\"lazy\" class=\"size-full wp-image-17558\" src=\"https:\/\/www.naturparkmagazin.de\/stechlin\/wp-content\/uploads\/sites\/38\/Marksommer-Flyer-2025-2.jpg\" alt=\"\" width=\"500\" height=\"356\" srcset=\"https:\/\/www.naturparkmagazin.de\/stechlin\/wp-content\/uploads\/sites\/38\/Marksommer-Flyer-2025-2.jpg 500w, https:\/\/www.naturparkmagazin.de\/stechlin\/wp-content\/uploads\/sites\/38\/Marksommer-Flyer-2025-2-300x214.jpg 300w, https:\/\/www.naturparkmagazin.de\/stechlin\/wp-content\/uploads\/sites\/38\/Marksommer-Flyer-2025-2-200x142.jpg 200w\" sizes=\"(max-width: 500px) 100vw, 500px\" \/><\/a><p id=\"caption-attachment-17558\" class=\"wp-caption-text\">Flyer Marktsommer \u00a9 Jan Koch<\/p><\/div>\n<p>&nbsp;<\/p>\n","protected":false},"excerpt":{"rendered":"<p>Die Creperie Bric a Brac, Partner des Naturparks, l\u00e4dt im Juli und August 2025 jeden Freitag\u00a0 von 12.00 bis 17.00 Uhr zum Regionalmarkt auf Gut Zernikow ein.<\/p>\n","protected":false},"author":39,"featured_media":15693,"comment_status":"open","ping_status":"open","sticky":false,"template":"","format":"standard","meta":[],"categories":[11],"tags":[],"yoast_head":"<!-- This site is optimized with the Yoast SEO plugin v19.10 - https:\/\/yoast.com\/wordpress\/plugins\/seo\/ -->\n<title>Marktsommer auf Gut Zernikow - Naturpark Stechlin-Ruppiner Land<\/title>\n<meta name=\"robots\" content=\"index, follow, max-snippet:-1, max-image-preview:large, max-video-preview:-1\" \/>\n<link rel=\"canonical\" href=\"https:\/\/www.naturparkmagazin.de\/stechlin\/marktsommer-auf-gut-zernikow\/\" \/>\n<meta property=\"og:locale\" content=\"de_DE\" \/>\n<meta property=\"og:type\" content=\"article\" \/>\n<meta property=\"og:title\" content=\"Marktsommer auf Gut Zernikow - Naturpark Stechlin-Ruppiner Land\" \/>\n<meta property=\"og:description\" content=\"Die Creperie Bric a Brac, Partner des Naturparks, l\u00e4dt im Juli und August 2025 jeden Freitag\u00a0 von 12.00 bis 17.00 Uhr zum Regionalmarkt auf Gut Zernikow ein.\" \/>\n<meta property=\"og:url\" content=\"https:\/\/www.naturparkmagazin.de\/stechlin\/marktsommer-auf-gut-zernikow\/\" \/>\n<meta property=\"og:site_name\" content=\"Naturpark Stechlin-Ruppiner Land\" \/>\n<meta property=\"article:published_time\" content=\"2025-06-20T14:04:37+00:00\" \/>\n<meta property=\"article:modified_time\" content=\"2025-06-26T08:39:12+00:00\" \/>\n<meta property=\"og:image\" content=\"https:\/\/www.naturparkmagazin.de\/stechlin\/wp-content\/uploads\/sites\/38\/Markttreiben-Vorschau.jpg\" \/>\n\t<meta property=\"og:image:width\" content=\"200\" \/>\n\t<meta property=\"og:image:height\" content=\"200\" \/>\n\t<meta property=\"og:image:type\" content=\"image\/jpeg\" \/>\n<meta name=\"author\" content=\"marioschrumpf\" \/>\n<meta name=\"twitter:label1\" content=\"Verfasst von\" \/>\n\t<meta name=\"twitter:data1\" content=\"marioschrumpf\" \/>\n\t<meta name=\"twitter:label2\" content=\"Gesch\u00e4tzte Lesezeit\" \/>\n\t<meta name=\"twitter:data2\" content=\"2\u00a0Minuten\" \/>\n<script type=\"application\/ld+json\" class=\"yoast-schema-graph\">{\"@context\":\"https:\/\/schema.org\",\"@graph\":[{\"@type\":\"WebPage\",\"@id\":\"https:\/\/www.naturparkmagazin.de\/stechlin\/marktsommer-auf-gut-zernikow\/\",\"url\":\"https:\/\/www.naturparkmagazin.de\/stechlin\/marktsommer-auf-gut-zernikow\/\",\"name\":\"Marktsommer auf Gut Zernikow - Naturpark Stechlin-Ruppiner Land\",\"isPartOf\":{\"@id\":\"https:\/\/www.naturparkmagazin.de\/stechlin\/#website\"},\"datePublished\":\"2025-06-20T14:04:37+00:00\",\"dateModified\":\"2025-06-26T08:39:12+00:00\",\"author\":{\"@id\":\"https:\/\/www.naturparkmagazin.de\/stechlin\/#\/schema\/person\/3f0d93203df21c806dd63c76d9bb28bc\"},\"breadcrumb\":{\"@id\":\"https:\/\/www.naturparkmagazin.de\/stechlin\/marktsommer-auf-gut-zernikow\/#breadcrumb\"},\"inLanguage\":\"de\",\"potentialAction\":[{\"@type\":\"ReadAction\",\"target\":[\"https:\/\/www.naturparkmagazin.de\/stechlin\/marktsommer-auf-gut-zernikow\/\"]}]},{\"@type\":\"BreadcrumbList\",\"@id\":\"https:\/\/www.naturparkmagazin.de\/stechlin\/marktsommer-auf-gut-zernikow\/#breadcrumb\",\"itemListElement\":[{\"@type\":\"ListItem\",\"position\":1,\"name\":\"Home\",\"item\":\"https:\/\/www.naturparkmagazin.de\/stechlin\/\"},{\"@type\":\"ListItem\",\"position\":2,\"name\":\"Marktsommer auf Gut Zernikow\"}]},{\"@type\":\"WebSite\",\"@id\":\"https:\/\/www.naturparkmagazin.de\/stechlin\/#website\",\"url\":\"https:\/\/www.naturparkmagazin.de\/stechlin\/\",\"name\":\"Naturpark Stechlin-Ruppiner Land\",\"description\":\"\",\"potentialAction\":[{\"@type\":\"SearchAction\",\"target\":{\"@type\":\"EntryPoint\",\"urlTemplate\":\"https:\/\/www.naturparkmagazin.de\/stechlin\/?s={search_term_string}\"},\"query-input\":\"required name=search_term_string\"}],\"inLanguage\":\"de\"},{\"@type\":\"Person\",\"@id\":\"https:\/\/www.naturparkmagazin.de\/stechlin\/#\/schema\/person\/3f0d93203df21c806dd63c76d9bb28bc\",\"name\":\"marioschrumpf\",\"url\":\"https:\/\/www.naturparkmagazin.de\/stechlin\/author\/marioschrumpf\/\"}]}<\/script>\n<!-- \/ Yoast SEO plugin. -->","yoast_head_json":{"title":"Marktsommer auf Gut Zernikow - Naturpark Stechlin-Ruppiner Land","robots":{"index":"index","follow":"follow","max-snippet":"max-snippet:-1","max-image-preview":"max-image-preview:large","max-video-preview":"max-video-preview:-1"},"canonical":"https:\/\/www.naturparkmagazin.de\/stechlin\/marktsommer-auf-gut-zernikow\/","og_locale":"de_DE","og_type":"article","og_title":"Marktsommer auf Gut Zernikow - Naturpark Stechlin-Ruppiner Land","og_description":"Die Creperie Bric a Brac, Partner des Naturparks, l\u00e4dt im Juli und August 2025 jeden Freitag\u00a0 von 12.00 bis 17.00 Uhr zum Regionalmarkt auf Gut Zernikow ein.","og_url":"https:\/\/www.naturparkmagazin.de\/stechlin\/marktsommer-auf-gut-zernikow\/","og_site_name":"Naturpark Stechlin-Ruppiner Land","article_published_time":"2025-06-20T14:04:37+00:00","article_modified_time":"2025-06-26T08:39:12+00:00","og_image":[{"width":200,"height":200,"url":"https:\/\/www.naturparkmagazin.de\/stechlin\/wp-content\/uploads\/sites\/38\/Markttreiben-Vorschau.jpg","type":"image\/jpeg"}],"author":"marioschrumpf","twitter_misc":{"Verfasst von":"marioschrumpf","Gesch\u00e4tzte Lesezeit":"2\u00a0Minuten"},"schema":{"@context":"https:\/\/schema.org","@graph":[{"@type":"WebPage","@id":"https:\/\/www.naturparkmagazin.de\/stechlin\/marktsommer-auf-gut-zernikow\/","url":"https:\/\/www.naturparkmagazin.de\/stechlin\/marktsommer-auf-gut-zernikow\/","name":"Marktsommer auf Gut Zernikow - Naturpark Stechlin-Ruppiner Land","isPartOf":{"@id":"https:\/\/www.naturparkmagazin.de\/stechlin\/#website"},"datePublished":"2025-06-20T14:04:37+00:00","dateModified":"2025-06-26T08:39:12+00:00","author":{"@id":"https:\/\/www.naturparkmagazin.de\/stechlin\/#\/schema\/person\/3f0d93203df21c806dd63c76d9bb28bc"},"breadcrumb":{"@id":"https:\/\/www.naturparkmagazin.de\/stechlin\/marktsommer-auf-gut-zernikow\/#breadcrumb"},"inLanguage":"de","potentialAction":[{"@type":"ReadAction","target":["https:\/\/www.naturparkmagazin.de\/stechlin\/marktsommer-auf-gut-zernikow\/"]}]},{"@type":"BreadcrumbList","@id":"https:\/\/www.naturparkmagazin.de\/stechlin\/marktsommer-auf-gut-zernikow\/#breadcrumb","itemListElement":[{"@type":"ListItem","position":1,"name":"Home","item":"https:\/\/www.naturparkmagazin.de\/stechlin\/"},{"@type":"ListItem","position":2,"name":"Marktsommer auf Gut Zernikow"}]},{"@type":"WebSite","@id":"https:\/\/www.naturparkmagazin.de\/stechlin\/#website","url":"https:\/\/www.naturparkmagazin.de\/stechlin\/","name":"Naturpark Stechlin-Ruppiner Land","description":"","potentialAction":[{"@type":"SearchAction","target":{"@type":"EntryPoint","urlTemplate":"https:\/\/www.naturparkmagazin.de\/stechlin\/?s={search_term_string}"},"query-input":"required name=search_term_string"}],"inLanguage":"de"},{"@type":"Person","@id":"https:\/\/www.naturparkmagazin.de\/stechlin\/#\/schema\/person\/3f0d93203df21c806dd63c76d9bb28bc","name":"marioschrumpf","url":"https:\/\/www.naturparkmagazin.de\/stechlin\/author\/marioschrumpf\/"}]}},"_links":{"self":[{"href":"https:\/\/www.naturparkmagazin.de\/stechlin\/wp-json\/wp\/v2\/posts\/17553"}],"collection":[{"href":"https:\/\/www.naturparkmagazin.de\/stechlin\/wp-json\/wp\/v2\/posts"}],"about":[{"href":"https:\/\/www.naturparkmagazin.de\/stechlin\/wp-json\/wp\/v2\/types\/post"}],"author":[{"embeddable":true,"href":"https:\/\/www.naturparkmagazin.de\/stechlin\/wp-json\/wp\/v2\/users\/39"}],"replies":[{"embeddable":true,"href":"https:\/\/www.naturparkmagazin.de\/stechlin\/wp-json\/wp\/v2\/comments?post=17553"}],"version-history":[{"count":4,"href":"https:\/\/www.naturparkmagazin.de\/stechlin\/wp-json\/wp\/v2\/posts\/17553\/revisions"}],"predecessor-version":[{"id":17609,"href":"https:\/\/www.naturparkmagazin.de\/stechlin\/wp-json\/wp\/v2\/posts\/17553\/revisions\/17609"}],"wp:featuredmedia":[{"embeddable":true,"href":"https:\/\/www.naturparkmagazin.de\/stechlin\/wp-json\/wp\/v2\/media\/15693"}],"wp:attachment":[{"href":"https:\/\/www.naturparkmagazin.de\/stechlin\/wp-json\/wp\/v2\/media?parent=17553"}],"wp:term":[{"taxonomy":"category","embeddable":true,"href":"https:\/\/www.naturparkmagazin.de\/stechlin\/wp-json\/wp\/v2\/categories?post=17553"},{"taxonomy":"post_tag","embeddable":true,"href":"https:\/\/www.naturparkmagazin.de\/stechlin\/wp-json\/wp\/v2\/tags?post=17553"}],"curies":[{"name":"wp","href":"https:\/\/api.w.org\/{rel}","templated":true}]}}