{"id":1759,"date":"2015-01-19T08:48:36","date_gmt":"2015-01-19T07:48:36","guid":{"rendered":"http:\/\/www.naturparkmagazin.de\/stechlin\/?p=1759"},"modified":"2015-01-28T18:34:14","modified_gmt":"2015-01-28T17:34:14","slug":"vielfaeltiges-vortragsprogramm-zum-9-kleinen-naturschutztag","status":"publish","type":"post","link":"https:\/\/www.naturparkmagazin.de\/stechlin\/vielfaeltiges-vortragsprogramm-zum-9-kleinen-naturschutztag\/","title":{"rendered":"Vielf\u00e4ltiges Vortragsprogramm zum 9. Kleinen Naturschutztag"},"content":{"rendered":"<p><a href=\"https:\/\/www.naturparkmagazin.de\/stechlin\/wp-content\/uploads\/sites\/38\/Kl-NST-3.jpg\"><img decoding=\"async\" loading=\"lazy\" class=\"alignnone size-full wp-image-1719\" alt=\"NP SRL\/Dr. Mario Schrumpf\" src=\"https:\/\/www.naturparkmagazin.de\/stechlin\/wp-content\/uploads\/sites\/38\/Kl-NST-3.jpg\" width=\"500\" height=\"335\" srcset=\"https:\/\/www.naturparkmagazin.de\/stechlin\/wp-content\/uploads\/sites\/38\/Kl-NST-3.jpg 500w, https:\/\/www.naturparkmagazin.de\/stechlin\/wp-content\/uploads\/sites\/38\/Kl-NST-3-300x201.jpg 300w, https:\/\/www.naturparkmagazin.de\/stechlin\/wp-content\/uploads\/sites\/38\/Kl-NST-3-200x134.jpg 200w\" sizes=\"(max-width: 500px) 100vw, 500px\" \/><\/a><\/p>\n<p>10 interessante Vortr\u00e4ge erwartet die Besucher des <strong>9. Kleinen Naturschutztages<\/strong> am <strong>19. Februar 2015<\/strong> in der Regionalwerkstatt Stechlin in Menz. Die traditionelle Jahrestagung beginnt um 9.30 Uhr und wird ca. 16 Uhr enden. Um <strong>Anmeldung bis zum 12. Februar 2015<\/strong> (Tel.: 033082\/40717, E-Mail: <a href=\"mailto:Silke.Oldorff@lugv.brandenburg.de\">Silke.Oldorff@lugv.brandenburg.de<\/a>) wird gebeten.<\/p>\n<p><span style=\"text-decoration: underline\"><b>Programm<\/b><\/span><\/p>\n<p>9.30 Uhr \u00a0\u00a0\u00a0\u00a0\u00a0\u00a0\u00a0\u00a0\u00a0\u00a0\u00a0\u00a0\u00a0\u00a0<em> Begr\u00fc\u00dfung<\/em><\/p>\n<p><b>Dr. Mario Schrumpf,<\/b> Teamleiter Naturpark Stechlin-Ruppiner Land<b><\/b><\/p>\n<p><b>\u00a0<\/b>9.40\u00a0 Uhr\u00a0\u00a0\u00a0\u00a0\u00a0\u00a0\u00a0\u00a0\u00a0\u00a0\u00a0\u00a0\u00a0<em>\u00a0 Informationen zum Abschluss der naturschutzfachlichen Planungen im Naturpark Stechlin-Ruppiner Land<\/em><\/p>\n<p><b>Frank Felix Glaser<\/b>, Projektleiter der Planungsgemeinschaft Luftbild Brandenburg GmbH\/K\u00f6nigs Wusterhausen<\/p>\n<p>10.00 Uhr\u00a0\u00a0\u00a0\u00a0\u00a0\u00a0\u00a0\u00a0\u00a0\u00a0\u00a0<em>\u00a0 EU-LIFE+ Natur Projekt Feuchtw\u00e4lder &#8211; Erhalt und Wiederherstellung von Auen- und Moorw\u00e4ldern<\/em><\/p>\n<p><em>in Brandenburg<\/em><\/p>\n<p><b>Michael Zauft<\/b>, Projektleitung EU-LIFE-Natur-Projekt &#8222;Feuchtw\u00e4lder&#8220;, Stiftung NaturSchutzFonds\/Potsdam<\/p>\n<p>10.30 Uhr\u00a0\u00a0\u00a0\u00a0\u00a0\u00a0\u00a0\u00a0\u00a0\u00a0\u00a0\u00a0 <em>Gr\u00fcnlandumbruch und Spargelanbau n\u00f6rdlich von Gransee \u2013 Auswirkungen auf die Umwelt<\/em><\/p>\n<p><b>Tilmann Disselhoff,<\/b> NABU Regionalverband Gransee\/Menz und <b>Martin Sauer<\/b>, B\u00fcrgerb\u00fcndnis lebenswerte D\u00f6rfer, Rauschendorf<\/p>\n<p><em>11.00 Uhr \u00a0\u00a0\u00a0\u00a0\u00a0\u00a0\u00a0\u00a0\u00a0\u00a0\u00a0 Kaffeepause<\/em><\/p>\n<p>11.20 Uhr\u00a0\u00a0\u00a0\u00a0\u00a0\u00a0\u00a0\u00a0\u00a0\u00a0\u00a0\u00a0 <em>Auswertung der Erfassung am mobilen Amphibienschutzzaun am Schulzensee bei Z\u00fchlen<\/em><\/p>\n<p><b>Dorina Hahn<\/b>, Untere Naturschutzbeh\u00f6rde Ostprignitz-Ruppin\/Neuruppin und <b>Thomas Hahn<\/b>,\u00a0\u00a0Naturwacht Stechlin-Ruppiner Land\/Menz<\/p>\n<p>11.50 Uhr\u00a0\u00a0\u00a0\u00a0\u00a0\u00a0\u00a0\u00a0\u00a0\u00a0\u00a0\u00a0<em> Mollusken der waldfreien Moorfl\u00e4chen im FFH-Gebiet Gramzowseen<\/em><\/p>\n<p><b>Dr. Ines R\u00f6nnefahrt<\/b>\/Burow<\/p>\n<p><em>12.20 Uhr\u00a0\u00a0\u00a0\u00a0\u00a0\u00a0\u00a0\u00a0\u00a0\u00a0\u00a0\u00a0 Mittagspause \u2013 Kleiner Imbiss wird angeboten<\/em><\/p>\n<p>13.20 Uhr<b> \u00a0\u00a0\u00a0\u00a0\u00a0\u00a0\u00a0\u00a0\u00a0\u00a0\u00a0 <\/b><em>Rahmenbedingungen, Ziele und Ergebnisse der Jagd im n\u00f6rdlichen Naturpark Stechlin-Ruppiner Land, umgesetzt durch den Landesbetrieb Forst Brandenburg<\/em><\/p>\n<p><b>Sven Oldorff<\/b>, Landesbetrieb Forst Brandenburg, Landeswaldoberf\u00f6rsterei Steinf\u00f6rde<\/p>\n<p><b>\u00a0<\/b>13.50 Uhr\u00a0\u00a0\u00a0\u00a0\u00a0\u00a0\u00a0\u00a0\u00a0\u00a0\u00a0\u00a0 <em>Otto und die Folgen f\u00fcr den Stechlinsee<\/em><\/p>\n<p><b>Dr. Peter <\/b><b>Kasprzak<\/b>, Leibniz-Institut f\u00fcr Gew\u00e4sser\u00f6kologie und Binnenfischerei, Berlin-Neuglobsow<\/p>\n<p>14.20 Uhr \u00a0\u00a0\u00a0\u00a0\u00a0\u00a0\u00a0\u00a0\u00a0\u00a0\u00a0 <em>Auswertung der automatischen Bootsz\u00e4hlung am Rheinsberger Rhin<\/em><\/p>\n<p><b>Dr. Mario Schrumpf, <\/b>Naturparkverwaltung Stechlin-Ruppiner Land\/Menz<b><\/b><\/p>\n<p><em>14.50 Uhr\u00a0\u00a0\u00a0\u00a0\u00a0\u00a0\u00a0\u00a0\u00a0\u00a0\u00a0\u00a0 Tee- und Kaffeepause<\/em><\/p>\n<p>15.10 Uhr\u00a0\u00a0\u00a0\u00a0\u00a0\u00a0\u00a0\u00a0\u00a0\u00a0\u00a0\u00a0 <em>Landschaftspflege mit Ziegen und Eseln<\/em><\/p>\n<p><b>Reinhard Brehe<\/b>\/Dollgow und <b>Steffen Schindel<\/b>\/Lindow<\/p>\n<p>15.30 Uhr\u00a0\u00a0\u00a0\u00a0\u00a0\u00a0\u00a0\u00a0\u00a0\u00a0\u00a0\u00a0 <em>Totholzausbringung an Adderlake, Dierberger Graben und Lindower B\u00e4ke: Natura 2000 und Wasserrahmenrichtlinie: Was k\u00f6nnen die n\u00e4chsten gemeinsamen Projekte sein?<\/em><\/p>\n<p><b>Dr. Ralf K\u00f6hler,<\/b> Landesamt f\u00fcr Umwelt, Gesundheit und Verbraucherschutz, Abt. \u00d6kologie, Naturschutz, Wasser\/Potsdam<\/p>\n<p>16.00 Uhr\u00a0\u00a0\u00a0\u00a0\u00a0\u00a0\u00a0\u00a0\u00a0\u00a0\u00a0\u00a0<em> Res\u00fcmee und Ende der Veranstaltung<\/em><\/p>\n<p>In der Mittagspause besteht die M\u00f6glichkeit den Trickfilm \u201e<em>Lilly im Land der Moore<\/em>\u201c (15 min) des EU-Life-Projektes Kalkmoore Brandenburg anzusehen.<\/p>\n<p>Ausstellung im Saal:<\/p>\n<p>\u201e<em>Du bist, was Du isst<\/em>\u201c des Biosph\u00e4renreservates Flusslandschaft Elbe Brandenburg<\/p>\n","protected":false},"excerpt":{"rendered":"<p>10 interessante Vortr\u00e4ge erwartet die Besucher des 9. Kleinen Naturschutztages am 19. Februar 2015 in der Regionalwerkstatt Stechlin in Menz. Die traditionelle Jahrestagung beginnt um 9.30 Uhr.<\/p>\n","protected":false},"author":39,"featured_media":1719,"comment_status":"open","ping_status":"open","sticky":false,"template":"","format":"standard","meta":[],"categories":[11],"tags":[],"yoast_head":"<!-- This site is optimized with the Yoast SEO plugin v19.10 - https:\/\/yoast.com\/wordpress\/plugins\/seo\/ -->\n<title>Vielf\u00e4ltiges Vortragsprogramm zum 9. Kleinen Naturschutztag - Naturpark Stechlin-Ruppiner Land<\/title>\n<meta name=\"robots\" content=\"index, follow, max-snippet:-1, max-image-preview:large, max-video-preview:-1\" \/>\n<link rel=\"canonical\" href=\"https:\/\/www.naturparkmagazin.de\/stechlin\/vielfaeltiges-vortragsprogramm-zum-9-kleinen-naturschutztag\/\" \/>\n<meta property=\"og:locale\" content=\"de_DE\" \/>\n<meta property=\"og:type\" content=\"article\" \/>\n<meta property=\"og:title\" content=\"Vielf\u00e4ltiges Vortragsprogramm zum 9. Kleinen Naturschutztag - Naturpark Stechlin-Ruppiner Land\" \/>\n<meta property=\"og:description\" content=\"10 interessante Vortr\u00e4ge erwartet die Besucher des 9. Kleinen Naturschutztages am 19. Februar 2015 in der Regionalwerkstatt Stechlin in Menz. Die traditionelle Jahrestagung beginnt um 9.30 Uhr.\" \/>\n<meta property=\"og:url\" content=\"https:\/\/www.naturparkmagazin.de\/stechlin\/vielfaeltiges-vortragsprogramm-zum-9-kleinen-naturschutztag\/\" \/>\n<meta property=\"og:site_name\" content=\"Naturpark Stechlin-Ruppiner Land\" \/>\n<meta property=\"article:published_time\" content=\"2015-01-19T07:48:36+00:00\" \/>\n<meta property=\"article:modified_time\" content=\"2015-01-28T17:34:14+00:00\" \/>\n<meta property=\"og:image\" content=\"https:\/\/www.naturparkmagazin.de\/stechlin\/wp-content\/uploads\/sites\/38\/Kl-NST-3.jpg\" \/>\n\t<meta property=\"og:image:width\" content=\"500\" \/>\n\t<meta property=\"og:image:height\" content=\"335\" \/>\n\t<meta property=\"og:image:type\" content=\"image\/jpeg\" \/>\n<meta name=\"author\" content=\"marioschrumpf\" \/>\n<meta name=\"twitter:label1\" content=\"Verfasst von\" \/>\n\t<meta name=\"twitter:data1\" content=\"marioschrumpf\" \/>\n\t<meta name=\"twitter:label2\" content=\"Gesch\u00e4tzte Lesezeit\" \/>\n\t<meta name=\"twitter:data2\" content=\"2\u00a0Minuten\" \/>\n<script type=\"application\/ld+json\" class=\"yoast-schema-graph\">{\"@context\":\"https:\/\/schema.org\",\"@graph\":[{\"@type\":\"WebPage\",\"@id\":\"https:\/\/www.naturparkmagazin.de\/stechlin\/vielfaeltiges-vortragsprogramm-zum-9-kleinen-naturschutztag\/\",\"url\":\"https:\/\/www.naturparkmagazin.de\/stechlin\/vielfaeltiges-vortragsprogramm-zum-9-kleinen-naturschutztag\/\",\"name\":\"Vielf\u00e4ltiges Vortragsprogramm zum 9. Kleinen Naturschutztag - Naturpark Stechlin-Ruppiner Land\",\"isPartOf\":{\"@id\":\"https:\/\/www.naturparkmagazin.de\/stechlin\/#website\"},\"datePublished\":\"2015-01-19T07:48:36+00:00\",\"dateModified\":\"2015-01-28T17:34:14+00:00\",\"author\":{\"@id\":\"https:\/\/www.naturparkmagazin.de\/stechlin\/#\/schema\/person\/3f0d93203df21c806dd63c76d9bb28bc\"},\"breadcrumb\":{\"@id\":\"https:\/\/www.naturparkmagazin.de\/stechlin\/vielfaeltiges-vortragsprogramm-zum-9-kleinen-naturschutztag\/#breadcrumb\"},\"inLanguage\":\"de\",\"potentialAction\":[{\"@type\":\"ReadAction\",\"target\":[\"https:\/\/www.naturparkmagazin.de\/stechlin\/vielfaeltiges-vortragsprogramm-zum-9-kleinen-naturschutztag\/\"]}]},{\"@type\":\"BreadcrumbList\",\"@id\":\"https:\/\/www.naturparkmagazin.de\/stechlin\/vielfaeltiges-vortragsprogramm-zum-9-kleinen-naturschutztag\/#breadcrumb\",\"itemListElement\":[{\"@type\":\"ListItem\",\"position\":1,\"name\":\"Home\",\"item\":\"https:\/\/www.naturparkmagazin.de\/stechlin\/\"},{\"@type\":\"ListItem\",\"position\":2,\"name\":\"Vielf\u00e4ltiges Vortragsprogramm zum 9. Kleinen Naturschutztag\"}]},{\"@type\":\"WebSite\",\"@id\":\"https:\/\/www.naturparkmagazin.de\/stechlin\/#website\",\"url\":\"https:\/\/www.naturparkmagazin.de\/stechlin\/\",\"name\":\"Naturpark Stechlin-Ruppiner Land\",\"description\":\"\",\"potentialAction\":[{\"@type\":\"SearchAction\",\"target\":{\"@type\":\"EntryPoint\",\"urlTemplate\":\"https:\/\/www.naturparkmagazin.de\/stechlin\/?s={search_term_string}\"},\"query-input\":\"required name=search_term_string\"}],\"inLanguage\":\"de\"},{\"@type\":\"Person\",\"@id\":\"https:\/\/www.naturparkmagazin.de\/stechlin\/#\/schema\/person\/3f0d93203df21c806dd63c76d9bb28bc\",\"name\":\"marioschrumpf\",\"url\":\"https:\/\/www.naturparkmagazin.de\/stechlin\/author\/marioschrumpf\/\"}]}<\/script>\n<!-- \/ Yoast SEO plugin. -->","yoast_head_json":{"title":"Vielf\u00e4ltiges Vortragsprogramm zum 9. Kleinen Naturschutztag - Naturpark Stechlin-Ruppiner Land","robots":{"index":"index","follow":"follow","max-snippet":"max-snippet:-1","max-image-preview":"max-image-preview:large","max-video-preview":"max-video-preview:-1"},"canonical":"https:\/\/www.naturparkmagazin.de\/stechlin\/vielfaeltiges-vortragsprogramm-zum-9-kleinen-naturschutztag\/","og_locale":"de_DE","og_type":"article","og_title":"Vielf\u00e4ltiges Vortragsprogramm zum 9. Kleinen Naturschutztag - Naturpark Stechlin-Ruppiner Land","og_description":"10 interessante Vortr\u00e4ge erwartet die Besucher des 9. Kleinen Naturschutztages am 19. Februar 2015 in der Regionalwerkstatt Stechlin in Menz. Die traditionelle Jahrestagung beginnt um 9.30 Uhr.","og_url":"https:\/\/www.naturparkmagazin.de\/stechlin\/vielfaeltiges-vortragsprogramm-zum-9-kleinen-naturschutztag\/","og_site_name":"Naturpark Stechlin-Ruppiner Land","article_published_time":"2015-01-19T07:48:36+00:00","article_modified_time":"2015-01-28T17:34:14+00:00","og_image":[{"width":500,"height":335,"url":"https:\/\/www.naturparkmagazin.de\/stechlin\/wp-content\/uploads\/sites\/38\/Kl-NST-3.jpg","type":"image\/jpeg"}],"author":"marioschrumpf","twitter_misc":{"Verfasst von":"marioschrumpf","Gesch\u00e4tzte Lesezeit":"2\u00a0Minuten"},"schema":{"@context":"https:\/\/schema.org","@graph":[{"@type":"WebPage","@id":"https:\/\/www.naturparkmagazin.de\/stechlin\/vielfaeltiges-vortragsprogramm-zum-9-kleinen-naturschutztag\/","url":"https:\/\/www.naturparkmagazin.de\/stechlin\/vielfaeltiges-vortragsprogramm-zum-9-kleinen-naturschutztag\/","name":"Vielf\u00e4ltiges Vortragsprogramm zum 9. Kleinen Naturschutztag - Naturpark Stechlin-Ruppiner Land","isPartOf":{"@id":"https:\/\/www.naturparkmagazin.de\/stechlin\/#website"},"datePublished":"2015-01-19T07:48:36+00:00","dateModified":"2015-01-28T17:34:14+00:00","author":{"@id":"https:\/\/www.naturparkmagazin.de\/stechlin\/#\/schema\/person\/3f0d93203df21c806dd63c76d9bb28bc"},"breadcrumb":{"@id":"https:\/\/www.naturparkmagazin.de\/stechlin\/vielfaeltiges-vortragsprogramm-zum-9-kleinen-naturschutztag\/#breadcrumb"},"inLanguage":"de","potentialAction":[{"@type":"ReadAction","target":["https:\/\/www.naturparkmagazin.de\/stechlin\/vielfaeltiges-vortragsprogramm-zum-9-kleinen-naturschutztag\/"]}]},{"@type":"BreadcrumbList","@id":"https:\/\/www.naturparkmagazin.de\/stechlin\/vielfaeltiges-vortragsprogramm-zum-9-kleinen-naturschutztag\/#breadcrumb","itemListElement":[{"@type":"ListItem","position":1,"name":"Home","item":"https:\/\/www.naturparkmagazin.de\/stechlin\/"},{"@type":"ListItem","position":2,"name":"Vielf\u00e4ltiges Vortragsprogramm zum 9. Kleinen Naturschutztag"}]},{"@type":"WebSite","@id":"https:\/\/www.naturparkmagazin.de\/stechlin\/#website","url":"https:\/\/www.naturparkmagazin.de\/stechlin\/","name":"Naturpark Stechlin-Ruppiner Land","description":"","potentialAction":[{"@type":"SearchAction","target":{"@type":"EntryPoint","urlTemplate":"https:\/\/www.naturparkmagazin.de\/stechlin\/?s={search_term_string}"},"query-input":"required name=search_term_string"}],"inLanguage":"de"},{"@type":"Person","@id":"https:\/\/www.naturparkmagazin.de\/stechlin\/#\/schema\/person\/3f0d93203df21c806dd63c76d9bb28bc","name":"marioschrumpf","url":"https:\/\/www.naturparkmagazin.de\/stechlin\/author\/marioschrumpf\/"}]}},"_links":{"self":[{"href":"https:\/\/www.naturparkmagazin.de\/stechlin\/wp-json\/wp\/v2\/posts\/1759"}],"collection":[{"href":"https:\/\/www.naturparkmagazin.de\/stechlin\/wp-json\/wp\/v2\/posts"}],"about":[{"href":"https:\/\/www.naturparkmagazin.de\/stechlin\/wp-json\/wp\/v2\/types\/post"}],"author":[{"embeddable":true,"href":"https:\/\/www.naturparkmagazin.de\/stechlin\/wp-json\/wp\/v2\/users\/39"}],"replies":[{"embeddable":true,"href":"https:\/\/www.naturparkmagazin.de\/stechlin\/wp-json\/wp\/v2\/comments?post=1759"}],"version-history":[{"count":3,"href":"https:\/\/www.naturparkmagazin.de\/stechlin\/wp-json\/wp\/v2\/posts\/1759\/revisions"}],"predecessor-version":[{"id":1771,"href":"https:\/\/www.naturparkmagazin.de\/stechlin\/wp-json\/wp\/v2\/posts\/1759\/revisions\/1771"}],"wp:featuredmedia":[{"embeddable":true,"href":"https:\/\/www.naturparkmagazin.de\/stechlin\/wp-json\/wp\/v2\/media\/1719"}],"wp:attachment":[{"href":"https:\/\/www.naturparkmagazin.de\/stechlin\/wp-json\/wp\/v2\/media?parent=1759"}],"wp:term":[{"taxonomy":"category","embeddable":true,"href":"https:\/\/www.naturparkmagazin.de\/stechlin\/wp-json\/wp\/v2\/categories?post=1759"},{"taxonomy":"post_tag","embeddable":true,"href":"https:\/\/www.naturparkmagazin.de\/stechlin\/wp-json\/wp\/v2\/tags?post=1759"}],"curies":[{"name":"wp","href":"https:\/\/api.w.org\/{rel}","templated":true}]}}