{"id":17615,"date":"2025-07-22T15:03:48","date_gmt":"2025-07-22T13:03:48","guid":{"rendered":"https:\/\/www.naturparkmagazin.de\/stechlin\/?p=17615"},"modified":"2025-07-25T15:16:02","modified_gmt":"2025-07-25T13:16:02","slug":"teamtag-2025","status":"publish","type":"post","link":"https:\/\/www.naturparkmagazin.de\/stechlin\/teamtag-2025\/","title":{"rendered":"Teamtag 2025"},"content":{"rendered":"<p>Den j\u00e4hrlichen Teamtag nutzten die Mitarbeiter:innen der Naturparkverwaltung zusammen mit einigen Kollegen und Kolleginnen der Naturwacht, um sich mal wieder andere Regionen und Projekte gemeinsam anzuschauen.<\/p>\n<p>Am <strong>07. Juli 2025<\/strong> ging es in die <strong>Region D\u00f6beritz\/Elstal<\/strong>.<\/p>\n<div id=\"attachment_17666\" style=\"width: 510px\" class=\"wp-caption aligncenter\"><a href=\"https:\/\/www.naturparkmagazin.de\/stechlin\/wp-content\/uploads\/sites\/38\/Fuehrung-durch-Herrn-.jpg\"><img aria-describedby=\"caption-attachment-17666\" decoding=\"async\" loading=\"lazy\" class=\"size-full wp-image-17666\" src=\"https:\/\/www.naturparkmagazin.de\/stechlin\/wp-content\/uploads\/sites\/38\/Fuehrung-durch-Herrn-.jpg\" alt=\"\" width=\"500\" height=\"300\" srcset=\"https:\/\/www.naturparkmagazin.de\/stechlin\/wp-content\/uploads\/sites\/38\/Fuehrung-durch-Herrn-.jpg 500w, https:\/\/www.naturparkmagazin.de\/stechlin\/wp-content\/uploads\/sites\/38\/Fuehrung-durch-Herrn--300x180.jpg 300w, https:\/\/www.naturparkmagazin.de\/stechlin\/wp-content\/uploads\/sites\/38\/Fuehrung-durch-Herrn--200x120.jpg 200w\" sizes=\"(max-width: 500px) 100vw, 500px\" \/><\/a><p id=\"caption-attachment-17666\" class=\"wp-caption-text\">Das Team des Naturparks bei der F\u00fchrung durch Herrn Bejsovec im olympischen Dorf.\u00a9 Olaf Wolff<\/p><\/div>\n<p>Als Erstes stand eine F\u00fchrung auf dem Gel\u00e4nde des <strong>ehemaligen Olympischen Dorfes<\/strong> an.<\/p>\n<p>Der Leiter der musealen Sammlung Olympisches Dorf von 1936 Herr Bejsovec erkl\u00e4rte uns an zahlreichen Stationen die Geschichte der immer noch sehr eindrucksvollen Anlage.<\/p>\n<div id=\"attachment_17669\" style=\"width: 510px\" class=\"wp-caption aligncenter\"><a href=\"https:\/\/www.naturparkmagazin.de\/stechlin\/wp-content\/uploads\/sites\/38\/Olympisches-Dorf-in-Miniatur-in-der-Sporthalle.jpg\"><img aria-describedby=\"caption-attachment-17669\" decoding=\"async\" loading=\"lazy\" class=\"size-full wp-image-17669\" src=\"https:\/\/www.naturparkmagazin.de\/stechlin\/wp-content\/uploads\/sites\/38\/Olympisches-Dorf-in-Miniatur-in-der-Sporthalle.jpg\" alt=\"\" width=\"500\" height=\"300\" srcset=\"https:\/\/www.naturparkmagazin.de\/stechlin\/wp-content\/uploads\/sites\/38\/Olympisches-Dorf-in-Miniatur-in-der-Sporthalle.jpg 500w, https:\/\/www.naturparkmagazin.de\/stechlin\/wp-content\/uploads\/sites\/38\/Olympisches-Dorf-in-Miniatur-in-der-Sporthalle-300x180.jpg 300w, https:\/\/www.naturparkmagazin.de\/stechlin\/wp-content\/uploads\/sites\/38\/Olympisches-Dorf-in-Miniatur-in-der-Sporthalle-200x120.jpg 200w\" sizes=\"(max-width: 500px) 100vw, 500px\" \/><\/a><p id=\"caption-attachment-17669\" class=\"wp-caption-text\">Das Olympische Dorf in Miniatur in der Sporthalle des Olympischen Dorfs.\u00a9 Heiko Strobel<\/p><\/div>\n<p>Von der Idee, der Vorbereitung, dem Bau, der Nutzung w\u00e4hrend der Olympischen Spiele 1936, bis hin zu den gegenw\u00e4rtigen Nutzungspl\u00e4nen, &#8211; f\u00fcr uns eine sehr interessante Bereicherung und Abwechslung.<\/p>\n<p>Anschlie\u00dfend haben wir in der sog. Showk\u00fcche im<strong> Natur- und Erlebniszentrum der Heinz Sielmann Stiftung<\/strong> unseren selbst organisierten und mitgebrachten Imbiss zu uns nehmen k\u00f6nnen, &#8211; ganz im Sinne der Teamarbeit.<\/p>\n<div id=\"attachment_17668\" style=\"width: 510px\" class=\"wp-caption aligncenter\"><a href=\"https:\/\/www.naturparkmagazin.de\/stechlin\/wp-content\/uploads\/sites\/38\/Infozentrum-Sielmann-Naturlandschaft2.jpg\"><img aria-describedby=\"caption-attachment-17668\" decoding=\"async\" loading=\"lazy\" class=\"size-full wp-image-17668\" src=\"https:\/\/www.naturparkmagazin.de\/stechlin\/wp-content\/uploads\/sites\/38\/Infozentrum-Sielmann-Naturlandschaft2.jpg\" alt=\"\" width=\"500\" height=\"300\" srcset=\"https:\/\/www.naturparkmagazin.de\/stechlin\/wp-content\/uploads\/sites\/38\/Infozentrum-Sielmann-Naturlandschaft2.jpg 500w, https:\/\/www.naturparkmagazin.de\/stechlin\/wp-content\/uploads\/sites\/38\/Infozentrum-Sielmann-Naturlandschaft2-300x180.jpg 300w, https:\/\/www.naturparkmagazin.de\/stechlin\/wp-content\/uploads\/sites\/38\/Infozentrum-Sielmann-Naturlandschaft2-200x120.jpg 200w\" sizes=\"(max-width: 500px) 100vw, 500px\" \/><\/a><p id=\"caption-attachment-17668\" class=\"wp-caption-text\">Gro\u00dfe Tiere in der D\u00f6britzer Heide.\u00a9 Olaf Wolff<\/p><\/div>\n<p>Gest\u00e4rkt und neugierig auf das <a href=\"https:\/\/www.sielmann-stiftung.de\/natur-erleben\/lernort-natur\/nez-doeberitzer-heide\" target=\"_blank\" rel=\"noopener\">Natur-Erlebniszentrum D\u00f6beritzer-Heide<\/a>, erfuhren wir dann von Frau Janine Eisen\u00e4cher viel Grunds\u00e4tzliches \u00fcber die Heinz Sielmann Stiftung und ihr Wirken insbesondere in der D\u00f6beritzer Heide.<\/p>\n<div id=\"attachment_17667\" style=\"width: 510px\" class=\"wp-caption aligncenter\"><a href=\"https:\/\/www.naturparkmagazin.de\/stechlin\/wp-content\/uploads\/sites\/38\/Infozentrum-Sielmann-Naturlandschaft.jpg\"><img aria-describedby=\"caption-attachment-17667\" decoding=\"async\" loading=\"lazy\" class=\"size-full wp-image-17667\" src=\"https:\/\/www.naturparkmagazin.de\/stechlin\/wp-content\/uploads\/sites\/38\/Infozentrum-Sielmann-Naturlandschaft.jpg\" alt=\"\" width=\"500\" height=\"300\" srcset=\"https:\/\/www.naturparkmagazin.de\/stechlin\/wp-content\/uploads\/sites\/38\/Infozentrum-Sielmann-Naturlandschaft.jpg 500w, https:\/\/www.naturparkmagazin.de\/stechlin\/wp-content\/uploads\/sites\/38\/Infozentrum-Sielmann-Naturlandschaft-300x180.jpg 300w, https:\/\/www.naturparkmagazin.de\/stechlin\/wp-content\/uploads\/sites\/38\/Infozentrum-Sielmann-Naturlandschaft-200x120.jpg 200w\" sizes=\"(max-width: 500px) 100vw, 500px\" \/><\/a><p id=\"caption-attachment-17667\" class=\"wp-caption-text\">Frau Janine Eisen\u00e4cher erl\u00e4utert dem Team die Ausstellung und die Geschichte der D\u00f6beritzer Heide.\u00a9 Olaf Wolff<\/p><\/div>\n<p>Voller vieler, neuer Eindr\u00fccke ging es wieder nach Hause und am n\u00e4chsten Tag frisch ans Tagesgesch\u00e4ft.<\/p>\n","protected":false},"excerpt":{"rendered":"<p>Den j\u00e4hrlichen Teamtag nutzten die Mitarbeiter:innen der Naturparkverwaltung zusammen mit einigen Kollegen und Kolleginnen der Naturwacht, um sich mal wieder andere Regionen und Projekte gemeinsam anzuschauen.<\/p>\n","protected":false},"author":39,"featured_media":17670,"comment_status":"open","ping_status":"open","sticky":false,"template":"","format":"standard","meta":[],"categories":[7],"tags":[],"yoast_head":"<!-- This site is optimized with the Yoast SEO plugin v19.10 - https:\/\/yoast.com\/wordpress\/plugins\/seo\/ -->\n<title>Teamtag 2025 - Naturpark Stechlin-Ruppiner Land<\/title>\n<meta name=\"robots\" content=\"index, follow, max-snippet:-1, max-image-preview:large, max-video-preview:-1\" \/>\n<link rel=\"canonical\" href=\"https:\/\/www.naturparkmagazin.de\/stechlin\/teamtag-2025\/\" \/>\n<meta property=\"og:locale\" content=\"de_DE\" \/>\n<meta property=\"og:type\" content=\"article\" \/>\n<meta property=\"og:title\" content=\"Teamtag 2025 - Naturpark Stechlin-Ruppiner Land\" \/>\n<meta property=\"og:description\" content=\"Den j\u00e4hrlichen Teamtag nutzten die Mitarbeiter:innen der Naturparkverwaltung zusammen mit einigen Kollegen und Kolleginnen der Naturwacht, um sich mal wieder andere Regionen und Projekte gemeinsam anzuschauen.\" \/>\n<meta property=\"og:url\" content=\"https:\/\/www.naturparkmagazin.de\/stechlin\/teamtag-2025\/\" \/>\n<meta property=\"og:site_name\" content=\"Naturpark Stechlin-Ruppiner Land\" \/>\n<meta property=\"article:published_time\" content=\"2025-07-22T13:03:48+00:00\" \/>\n<meta property=\"article:modified_time\" content=\"2025-07-25T13:16:02+00:00\" \/>\n<meta property=\"og:image\" content=\"https:\/\/www.naturparkmagazin.de\/stechlin\/wp-content\/uploads\/sites\/38\/teamtag_a.jpg\" \/>\n\t<meta property=\"og:image:width\" content=\"200\" \/>\n\t<meta property=\"og:image:height\" content=\"200\" \/>\n\t<meta property=\"og:image:type\" content=\"image\/jpeg\" \/>\n<meta name=\"author\" content=\"marioschrumpf\" \/>\n<meta name=\"twitter:label1\" content=\"Verfasst von\" \/>\n\t<meta name=\"twitter:data1\" content=\"marioschrumpf\" \/>\n\t<meta name=\"twitter:label2\" content=\"Gesch\u00e4tzte Lesezeit\" \/>\n\t<meta name=\"twitter:data2\" content=\"3\u00a0Minuten\" \/>\n<script type=\"application\/ld+json\" class=\"yoast-schema-graph\">{\"@context\":\"https:\/\/schema.org\",\"@graph\":[{\"@type\":\"WebPage\",\"@id\":\"https:\/\/www.naturparkmagazin.de\/stechlin\/teamtag-2025\/\",\"url\":\"https:\/\/www.naturparkmagazin.de\/stechlin\/teamtag-2025\/\",\"name\":\"Teamtag 2025 - Naturpark Stechlin-Ruppiner Land\",\"isPartOf\":{\"@id\":\"https:\/\/www.naturparkmagazin.de\/stechlin\/#website\"},\"datePublished\":\"2025-07-22T13:03:48+00:00\",\"dateModified\":\"2025-07-25T13:16:02+00:00\",\"author\":{\"@id\":\"https:\/\/www.naturparkmagazin.de\/stechlin\/#\/schema\/person\/3f0d93203df21c806dd63c76d9bb28bc\"},\"breadcrumb\":{\"@id\":\"https:\/\/www.naturparkmagazin.de\/stechlin\/teamtag-2025\/#breadcrumb\"},\"inLanguage\":\"de\",\"potentialAction\":[{\"@type\":\"ReadAction\",\"target\":[\"https:\/\/www.naturparkmagazin.de\/stechlin\/teamtag-2025\/\"]}]},{\"@type\":\"BreadcrumbList\",\"@id\":\"https:\/\/www.naturparkmagazin.de\/stechlin\/teamtag-2025\/#breadcrumb\",\"itemListElement\":[{\"@type\":\"ListItem\",\"position\":1,\"name\":\"Home\",\"item\":\"https:\/\/www.naturparkmagazin.de\/stechlin\/\"},{\"@type\":\"ListItem\",\"position\":2,\"name\":\"Teamtag 2025\"}]},{\"@type\":\"WebSite\",\"@id\":\"https:\/\/www.naturparkmagazin.de\/stechlin\/#website\",\"url\":\"https:\/\/www.naturparkmagazin.de\/stechlin\/\",\"name\":\"Naturpark Stechlin-Ruppiner Land\",\"description\":\"\",\"potentialAction\":[{\"@type\":\"SearchAction\",\"target\":{\"@type\":\"EntryPoint\",\"urlTemplate\":\"https:\/\/www.naturparkmagazin.de\/stechlin\/?s={search_term_string}\"},\"query-input\":\"required name=search_term_string\"}],\"inLanguage\":\"de\"},{\"@type\":\"Person\",\"@id\":\"https:\/\/www.naturparkmagazin.de\/stechlin\/#\/schema\/person\/3f0d93203df21c806dd63c76d9bb28bc\",\"name\":\"marioschrumpf\",\"url\":\"https:\/\/www.naturparkmagazin.de\/stechlin\/author\/marioschrumpf\/\"}]}<\/script>\n<!-- \/ Yoast SEO plugin. -->","yoast_head_json":{"title":"Teamtag 2025 - Naturpark Stechlin-Ruppiner Land","robots":{"index":"index","follow":"follow","max-snippet":"max-snippet:-1","max-image-preview":"max-image-preview:large","max-video-preview":"max-video-preview:-1"},"canonical":"https:\/\/www.naturparkmagazin.de\/stechlin\/teamtag-2025\/","og_locale":"de_DE","og_type":"article","og_title":"Teamtag 2025 - Naturpark Stechlin-Ruppiner Land","og_description":"Den j\u00e4hrlichen Teamtag nutzten die Mitarbeiter:innen der Naturparkverwaltung zusammen mit einigen Kollegen und Kolleginnen der Naturwacht, um sich mal wieder andere Regionen und Projekte gemeinsam anzuschauen.","og_url":"https:\/\/www.naturparkmagazin.de\/stechlin\/teamtag-2025\/","og_site_name":"Naturpark Stechlin-Ruppiner Land","article_published_time":"2025-07-22T13:03:48+00:00","article_modified_time":"2025-07-25T13:16:02+00:00","og_image":[{"width":200,"height":200,"url":"https:\/\/www.naturparkmagazin.de\/stechlin\/wp-content\/uploads\/sites\/38\/teamtag_a.jpg","type":"image\/jpeg"}],"author":"marioschrumpf","twitter_misc":{"Verfasst von":"marioschrumpf","Gesch\u00e4tzte Lesezeit":"3\u00a0Minuten"},"schema":{"@context":"https:\/\/schema.org","@graph":[{"@type":"WebPage","@id":"https:\/\/www.naturparkmagazin.de\/stechlin\/teamtag-2025\/","url":"https:\/\/www.naturparkmagazin.de\/stechlin\/teamtag-2025\/","name":"Teamtag 2025 - Naturpark Stechlin-Ruppiner Land","isPartOf":{"@id":"https:\/\/www.naturparkmagazin.de\/stechlin\/#website"},"datePublished":"2025-07-22T13:03:48+00:00","dateModified":"2025-07-25T13:16:02+00:00","author":{"@id":"https:\/\/www.naturparkmagazin.de\/stechlin\/#\/schema\/person\/3f0d93203df21c806dd63c76d9bb28bc"},"breadcrumb":{"@id":"https:\/\/www.naturparkmagazin.de\/stechlin\/teamtag-2025\/#breadcrumb"},"inLanguage":"de","potentialAction":[{"@type":"ReadAction","target":["https:\/\/www.naturparkmagazin.de\/stechlin\/teamtag-2025\/"]}]},{"@type":"BreadcrumbList","@id":"https:\/\/www.naturparkmagazin.de\/stechlin\/teamtag-2025\/#breadcrumb","itemListElement":[{"@type":"ListItem","position":1,"name":"Home","item":"https:\/\/www.naturparkmagazin.de\/stechlin\/"},{"@type":"ListItem","position":2,"name":"Teamtag 2025"}]},{"@type":"WebSite","@id":"https:\/\/www.naturparkmagazin.de\/stechlin\/#website","url":"https:\/\/www.naturparkmagazin.de\/stechlin\/","name":"Naturpark Stechlin-Ruppiner Land","description":"","potentialAction":[{"@type":"SearchAction","target":{"@type":"EntryPoint","urlTemplate":"https:\/\/www.naturparkmagazin.de\/stechlin\/?s={search_term_string}"},"query-input":"required name=search_term_string"}],"inLanguage":"de"},{"@type":"Person","@id":"https:\/\/www.naturparkmagazin.de\/stechlin\/#\/schema\/person\/3f0d93203df21c806dd63c76d9bb28bc","name":"marioschrumpf","url":"https:\/\/www.naturparkmagazin.de\/stechlin\/author\/marioschrumpf\/"}]}},"_links":{"self":[{"href":"https:\/\/www.naturparkmagazin.de\/stechlin\/wp-json\/wp\/v2\/posts\/17615"}],"collection":[{"href":"https:\/\/www.naturparkmagazin.de\/stechlin\/wp-json\/wp\/v2\/posts"}],"about":[{"href":"https:\/\/www.naturparkmagazin.de\/stechlin\/wp-json\/wp\/v2\/types\/post"}],"author":[{"embeddable":true,"href":"https:\/\/www.naturparkmagazin.de\/stechlin\/wp-json\/wp\/v2\/users\/39"}],"replies":[{"embeddable":true,"href":"https:\/\/www.naturparkmagazin.de\/stechlin\/wp-json\/wp\/v2\/comments?post=17615"}],"version-history":[{"count":5,"href":"https:\/\/www.naturparkmagazin.de\/stechlin\/wp-json\/wp\/v2\/posts\/17615\/revisions"}],"predecessor-version":[{"id":17757,"href":"https:\/\/www.naturparkmagazin.de\/stechlin\/wp-json\/wp\/v2\/posts\/17615\/revisions\/17757"}],"wp:featuredmedia":[{"embeddable":true,"href":"https:\/\/www.naturparkmagazin.de\/stechlin\/wp-json\/wp\/v2\/media\/17670"}],"wp:attachment":[{"href":"https:\/\/www.naturparkmagazin.de\/stechlin\/wp-json\/wp\/v2\/media?parent=17615"}],"wp:term":[{"taxonomy":"category","embeddable":true,"href":"https:\/\/www.naturparkmagazin.de\/stechlin\/wp-json\/wp\/v2\/categories?post=17615"},{"taxonomy":"post_tag","embeddable":true,"href":"https:\/\/www.naturparkmagazin.de\/stechlin\/wp-json\/wp\/v2\/tags?post=17615"}],"curies":[{"name":"wp","href":"https:\/\/api.w.org\/{rel}","templated":true}]}}