{"id":17638,"date":"2025-07-22T16:07:15","date_gmt":"2025-07-22T14:07:15","guid":{"rendered":"https:\/\/www.naturparkmagazin.de\/stechlin\/?p=17638"},"modified":"2025-07-25T15:48:22","modified_gmt":"2025-07-25T13:48:22","slug":"viel-los-im-naturpark","status":"publish","type":"post","link":"https:\/\/www.naturparkmagazin.de\/stechlin\/viel-los-im-naturpark\/","title":{"rendered":"Viel los im August im Naturpark!"},"content":{"rendered":"<p>In diesem Sommer sind im Naturparkraum wieder allerhand Veranstaltungen geplant. Um Ihnen diese nicht vorzuenthalten, haben wir uns <strong>neben den \u00fcblichen Veranstaltungshinweisen<\/strong> eine <strong>neue, \u00fcberblicksartige Kategorie<\/strong> ausgedacht. Im Anschluss verlinken wir eine Auswahl, mit uns vernetzter Veranstaltungsorte und Partner.<\/p>\n<ul>\n<li>Der <a href=\"https:\/\/dorfverein-menz.de\/events\/liste\/seite\/2\/\" target=\"_blank\" rel=\"noopener\">Dorfverein Menz<\/a> h\u00e4lt neben dem Dorfkino viele weitere interessante Veranstaltungen bereit.<\/li>\n<li>Das <a href=\"http:\/\/brueckenschlagfuerstenberg.de\/startseite\/kino\/\" target=\"_blank\" rel=\"noopener\">Kino Br\u00fcckenschlag<\/a> in F\u00fcrstenberg hat immer ein anspruchsvolles Programm f\u00fcr Cineasten.<\/li>\n<li>Der <a href=\"https:\/\/uwb-backup.ubd-test.de\/frisch-aus-dem-wald.html\" target=\"_blank\" rel=\"noopener\">Umweltbahnhof Dannenwalde<\/a> bietet im Jahresverlauf immer wieder besondere Highlights f\u00fcr K\u00fcnstler:innen, Menschen aus der Region und G\u00e4ste zum Austausch und Kennenlernen.<\/li>\n<li>F\u00fcr Musikliebhaber:innen ist das <a href=\"https:\/\/musikandertonstrasse.de\/\" target=\"_blank\" rel=\"noopener\">Festival &#8222;Musik an der Tonstra\u00dfe&#8220;<\/a> der Initiative Zernikow zu empfehlen.<\/li>\n<li>Die <a href=\"https:\/\/www.lindow-mark.de\/aktuelles\/\" target=\"_blank\" rel=\"noopener\">Sadt der drei Seen Lindow (Mark)<\/a> stellt mit Partnern f\u00fcr Gro\u00df und Klein ein breites Sommerprogramm zur Verf\u00fcgung.<\/li>\n<li>In der <a href=\"https:\/\/www.rheinsberg.de\/veranstaltungen.html\" target=\"_blank\" rel=\"noopener\">Stadt Rheinsberg<\/a> finden neben dem Festivalsommer der Kammeroper viele weitere Veranstaltungen sowohl in der Stadt als auch in ihren Ortsteilen statt.<\/li>\n<li>Das <a href=\"https:\/\/www.fuerstenberger-seenland.de\/veranstaltungen\/\" target=\"_blank\" rel=\"noopener\">F\u00fcrstenberger Seenland<\/a> zeigt weitere Veranstaltungen in der Region und \u00fcber die Landesgrenze zu Mecklenburg-Vorpommern hinnaus.<\/li>\n<li>In der <a href=\"https:\/\/www.neuruppin.de\/kultur-tourismus\/veranstaltungen\/veranstaltungskalender.html\" target=\"_blank\" rel=\"noopener\">Fontanestadt Neuruppin<\/a> ist immer was los.<\/li>\n<li>Auch die <a href=\"https:\/\/www.wittstock.de\/veranstaltungen\/index.php\" target=\"_blank\" rel=\"noopener\">Stadt Wittstock\/Dosse<\/a> h\u00e4lt viele Aktivit\u00e4ten und Ausstellungen bereit.<\/li>\n<li>Neben dem Theatersommer Netzeband und Ausstellungen im <a href=\"https:\/\/www.amt-temnitz.de\/veranstaltungen\/index.php\" target=\"_blank\" rel=\"noopener\">Amt Temnitz<\/a> ist das 9. Heidefest im Eingang zur Kyritz-Ruppiner Heide zu empfehlen.<\/li>\n<\/ul>\n<p>Wer noch mehr wissen m\u00f6chte, \u00fcber Veranstaltungen in unserer Region, kann sich im <a href=\"https:\/\/www.ruppiner-seenland.de\/veranstaltungen\/\" target=\"_blank\" rel=\"noopener\">Veranstaltungskalender des Tourismusverbandes Ruppiner Seenland<\/a> umsehen.<\/p>\n<div id=\"attachment_191\" style=\"width: 630px\" class=\"wp-caption aligncenter\"><a href=\"https:\/\/www.naturparkmagazin.de\/stechlin\/wp-content\/uploads\/sites\/38\/k-Stechlinsee.jpg\"><img aria-describedby=\"caption-attachment-191\" decoding=\"async\" loading=\"lazy\" class=\"wp-image-191 size-medium\" src=\"https:\/\/www.naturparkmagazin.de\/stechlin\/wp-content\/uploads\/sites\/38\/k-Stechlinsee-620x415.jpg\" alt=\"Der Stechlin -bedeutendster Klarwassersee Brandenburgs.\" width=\"620\" height=\"415\" srcset=\"https:\/\/www.naturparkmagazin.de\/stechlin\/wp-content\/uploads\/sites\/38\/k-Stechlinsee-620x415.jpg 620w, https:\/\/www.naturparkmagazin.de\/stechlin\/wp-content\/uploads\/sites\/38\/k-Stechlinsee-300x201.jpg 300w, https:\/\/www.naturparkmagazin.de\/stechlin\/wp-content\/uploads\/sites\/38\/k-Stechlinsee-940x629.jpg 940w, https:\/\/www.naturparkmagazin.de\/stechlin\/wp-content\/uploads\/sites\/38\/k-Stechlinsee-670x449.jpg 670w, https:\/\/www.naturparkmagazin.de\/stechlin\/wp-content\/uploads\/sites\/38\/k-Stechlinsee-200x134.jpg 200w, https:\/\/www.naturparkmagazin.de\/stechlin\/wp-content\/uploads\/sites\/38\/k-Stechlinsee.jpg 1936w\" sizes=\"(max-width: 620px) 100vw, 620px\" \/><\/a><p id=\"caption-attachment-191\" class=\"wp-caption-text\">Der Stechlin &#8211; bedeutendster Klarwassersee Brandenburgs.\u00a9 Dr. Mario Schrumpf<\/p><\/div>\n","protected":false},"excerpt":{"rendered":"<p>In diesem Sommer sind im Naturparkraum wieder allerhand Veranstaltungen geplant.<\/p>\n","protected":false},"author":39,"featured_media":10246,"comment_status":"open","ping_status":"open","sticky":false,"template":"","format":"standard","meta":[],"categories":[11],"tags":[],"yoast_head":"<!-- This site is optimized with the Yoast SEO plugin v19.10 - https:\/\/yoast.com\/wordpress\/plugins\/seo\/ -->\n<title>Viel los im August im Naturpark! - Naturpark Stechlin-Ruppiner Land<\/title>\n<meta name=\"robots\" content=\"index, follow, max-snippet:-1, max-image-preview:large, max-video-preview:-1\" \/>\n<link rel=\"canonical\" href=\"https:\/\/www.naturparkmagazin.de\/stechlin\/viel-los-im-naturpark\/\" \/>\n<meta property=\"og:locale\" content=\"de_DE\" \/>\n<meta property=\"og:type\" content=\"article\" \/>\n<meta property=\"og:title\" content=\"Viel los im August im Naturpark! - Naturpark Stechlin-Ruppiner Land\" \/>\n<meta property=\"og:description\" content=\"In diesem Sommer sind im Naturparkraum wieder allerhand Veranstaltungen geplant.\" \/>\n<meta property=\"og:url\" content=\"https:\/\/www.naturparkmagazin.de\/stechlin\/viel-los-im-naturpark\/\" \/>\n<meta property=\"og:site_name\" content=\"Naturpark Stechlin-Ruppiner Land\" \/>\n<meta property=\"article:published_time\" content=\"2025-07-22T14:07:15+00:00\" \/>\n<meta property=\"article:modified_time\" content=\"2025-07-25T13:48:22+00:00\" \/>\n<meta property=\"og:image\" content=\"https:\/\/www.naturparkmagazin.de\/stechlin\/wp-content\/uploads\/sites\/38\/Sonnenblume.jpg\" \/>\n\t<meta property=\"og:image:width\" content=\"200\" \/>\n\t<meta property=\"og:image:height\" content=\"200\" \/>\n\t<meta property=\"og:image:type\" content=\"image\/jpeg\" \/>\n<meta name=\"author\" content=\"marioschrumpf\" \/>\n<meta name=\"twitter:label1\" content=\"Verfasst von\" \/>\n\t<meta name=\"twitter:data1\" content=\"marioschrumpf\" \/>\n\t<meta name=\"twitter:label2\" content=\"Gesch\u00e4tzte Lesezeit\" \/>\n\t<meta name=\"twitter:data2\" content=\"2\u00a0Minuten\" \/>\n<script type=\"application\/ld+json\" class=\"yoast-schema-graph\">{\"@context\":\"https:\/\/schema.org\",\"@graph\":[{\"@type\":\"WebPage\",\"@id\":\"https:\/\/www.naturparkmagazin.de\/stechlin\/viel-los-im-naturpark\/\",\"url\":\"https:\/\/www.naturparkmagazin.de\/stechlin\/viel-los-im-naturpark\/\",\"name\":\"Viel los im August im Naturpark! - Naturpark Stechlin-Ruppiner Land\",\"isPartOf\":{\"@id\":\"https:\/\/www.naturparkmagazin.de\/stechlin\/#website\"},\"datePublished\":\"2025-07-22T14:07:15+00:00\",\"dateModified\":\"2025-07-25T13:48:22+00:00\",\"author\":{\"@id\":\"https:\/\/www.naturparkmagazin.de\/stechlin\/#\/schema\/person\/3f0d93203df21c806dd63c76d9bb28bc\"},\"breadcrumb\":{\"@id\":\"https:\/\/www.naturparkmagazin.de\/stechlin\/viel-los-im-naturpark\/#breadcrumb\"},\"inLanguage\":\"de\",\"potentialAction\":[{\"@type\":\"ReadAction\",\"target\":[\"https:\/\/www.naturparkmagazin.de\/stechlin\/viel-los-im-naturpark\/\"]}]},{\"@type\":\"BreadcrumbList\",\"@id\":\"https:\/\/www.naturparkmagazin.de\/stechlin\/viel-los-im-naturpark\/#breadcrumb\",\"itemListElement\":[{\"@type\":\"ListItem\",\"position\":1,\"name\":\"Home\",\"item\":\"https:\/\/www.naturparkmagazin.de\/stechlin\/\"},{\"@type\":\"ListItem\",\"position\":2,\"name\":\"Viel los im August im Naturpark!\"}]},{\"@type\":\"WebSite\",\"@id\":\"https:\/\/www.naturparkmagazin.de\/stechlin\/#website\",\"url\":\"https:\/\/www.naturparkmagazin.de\/stechlin\/\",\"name\":\"Naturpark Stechlin-Ruppiner Land\",\"description\":\"\",\"potentialAction\":[{\"@type\":\"SearchAction\",\"target\":{\"@type\":\"EntryPoint\",\"urlTemplate\":\"https:\/\/www.naturparkmagazin.de\/stechlin\/?s={search_term_string}\"},\"query-input\":\"required name=search_term_string\"}],\"inLanguage\":\"de\"},{\"@type\":\"Person\",\"@id\":\"https:\/\/www.naturparkmagazin.de\/stechlin\/#\/schema\/person\/3f0d93203df21c806dd63c76d9bb28bc\",\"name\":\"marioschrumpf\",\"url\":\"https:\/\/www.naturparkmagazin.de\/stechlin\/author\/marioschrumpf\/\"}]}<\/script>\n<!-- \/ Yoast SEO plugin. -->","yoast_head_json":{"title":"Viel los im August im Naturpark! - Naturpark Stechlin-Ruppiner Land","robots":{"index":"index","follow":"follow","max-snippet":"max-snippet:-1","max-image-preview":"max-image-preview:large","max-video-preview":"max-video-preview:-1"},"canonical":"https:\/\/www.naturparkmagazin.de\/stechlin\/viel-los-im-naturpark\/","og_locale":"de_DE","og_type":"article","og_title":"Viel los im August im Naturpark! - Naturpark Stechlin-Ruppiner Land","og_description":"In diesem Sommer sind im Naturparkraum wieder allerhand Veranstaltungen geplant.","og_url":"https:\/\/www.naturparkmagazin.de\/stechlin\/viel-los-im-naturpark\/","og_site_name":"Naturpark Stechlin-Ruppiner Land","article_published_time":"2025-07-22T14:07:15+00:00","article_modified_time":"2025-07-25T13:48:22+00:00","og_image":[{"width":200,"height":200,"url":"https:\/\/www.naturparkmagazin.de\/stechlin\/wp-content\/uploads\/sites\/38\/Sonnenblume.jpg","type":"image\/jpeg"}],"author":"marioschrumpf","twitter_misc":{"Verfasst von":"marioschrumpf","Gesch\u00e4tzte Lesezeit":"2\u00a0Minuten"},"schema":{"@context":"https:\/\/schema.org","@graph":[{"@type":"WebPage","@id":"https:\/\/www.naturparkmagazin.de\/stechlin\/viel-los-im-naturpark\/","url":"https:\/\/www.naturparkmagazin.de\/stechlin\/viel-los-im-naturpark\/","name":"Viel los im August im Naturpark! - Naturpark Stechlin-Ruppiner Land","isPartOf":{"@id":"https:\/\/www.naturparkmagazin.de\/stechlin\/#website"},"datePublished":"2025-07-22T14:07:15+00:00","dateModified":"2025-07-25T13:48:22+00:00","author":{"@id":"https:\/\/www.naturparkmagazin.de\/stechlin\/#\/schema\/person\/3f0d93203df21c806dd63c76d9bb28bc"},"breadcrumb":{"@id":"https:\/\/www.naturparkmagazin.de\/stechlin\/viel-los-im-naturpark\/#breadcrumb"},"inLanguage":"de","potentialAction":[{"@type":"ReadAction","target":["https:\/\/www.naturparkmagazin.de\/stechlin\/viel-los-im-naturpark\/"]}]},{"@type":"BreadcrumbList","@id":"https:\/\/www.naturparkmagazin.de\/stechlin\/viel-los-im-naturpark\/#breadcrumb","itemListElement":[{"@type":"ListItem","position":1,"name":"Home","item":"https:\/\/www.naturparkmagazin.de\/stechlin\/"},{"@type":"ListItem","position":2,"name":"Viel los im August im Naturpark!"}]},{"@type":"WebSite","@id":"https:\/\/www.naturparkmagazin.de\/stechlin\/#website","url":"https:\/\/www.naturparkmagazin.de\/stechlin\/","name":"Naturpark Stechlin-Ruppiner Land","description":"","potentialAction":[{"@type":"SearchAction","target":{"@type":"EntryPoint","urlTemplate":"https:\/\/www.naturparkmagazin.de\/stechlin\/?s={search_term_string}"},"query-input":"required name=search_term_string"}],"inLanguage":"de"},{"@type":"Person","@id":"https:\/\/www.naturparkmagazin.de\/stechlin\/#\/schema\/person\/3f0d93203df21c806dd63c76d9bb28bc","name":"marioschrumpf","url":"https:\/\/www.naturparkmagazin.de\/stechlin\/author\/marioschrumpf\/"}]}},"_links":{"self":[{"href":"https:\/\/www.naturparkmagazin.de\/stechlin\/wp-json\/wp\/v2\/posts\/17638"}],"collection":[{"href":"https:\/\/www.naturparkmagazin.de\/stechlin\/wp-json\/wp\/v2\/posts"}],"about":[{"href":"https:\/\/www.naturparkmagazin.de\/stechlin\/wp-json\/wp\/v2\/types\/post"}],"author":[{"embeddable":true,"href":"https:\/\/www.naturparkmagazin.de\/stechlin\/wp-json\/wp\/v2\/users\/39"}],"replies":[{"embeddable":true,"href":"https:\/\/www.naturparkmagazin.de\/stechlin\/wp-json\/wp\/v2\/comments?post=17638"}],"version-history":[{"count":9,"href":"https:\/\/www.naturparkmagazin.de\/stechlin\/wp-json\/wp\/v2\/posts\/17638\/revisions"}],"predecessor-version":[{"id":17765,"href":"https:\/\/www.naturparkmagazin.de\/stechlin\/wp-json\/wp\/v2\/posts\/17638\/revisions\/17765"}],"wp:featuredmedia":[{"embeddable":true,"href":"https:\/\/www.naturparkmagazin.de\/stechlin\/wp-json\/wp\/v2\/media\/10246"}],"wp:attachment":[{"href":"https:\/\/www.naturparkmagazin.de\/stechlin\/wp-json\/wp\/v2\/media?parent=17638"}],"wp:term":[{"taxonomy":"category","embeddable":true,"href":"https:\/\/www.naturparkmagazin.de\/stechlin\/wp-json\/wp\/v2\/categories?post=17638"},{"taxonomy":"post_tag","embeddable":true,"href":"https:\/\/www.naturparkmagazin.de\/stechlin\/wp-json\/wp\/v2\/tags?post=17638"}],"curies":[{"name":"wp","href":"https:\/\/api.w.org\/{rel}","templated":true}]}}