{"id":1785,"date":"2015-01-27T14:56:27","date_gmt":"2015-01-27T13:56:27","guid":{"rendered":"http:\/\/www.naturparkmagazin.de\/stechlin\/?p=1785"},"modified":"2015-01-28T18:33:38","modified_gmt":"2015-01-28T17:33:38","slug":"naturpark-erfolgreich-auf-der-gruenen-woche-praesentiert","status":"publish","type":"post","link":"https:\/\/www.naturparkmagazin.de\/stechlin\/naturpark-erfolgreich-auf-der-gruenen-woche-praesentiert\/","title":{"rendered":"Naturpark erfolgreich auf der Gr\u00fcnen Woche pr\u00e4sentiert"},"content":{"rendered":"<div id=\"attachment_1788\" style=\"width: 510px\" class=\"wp-caption alignnone\"><a href=\"https:\/\/www.naturparkmagazin.de\/stechlin\/wp-content\/uploads\/sites\/38\/Gr\u00fcne-Woche-2015_2.jpg\"><img aria-describedby=\"caption-attachment-1788\" decoding=\"async\" loading=\"lazy\" class=\"size-full wp-image-1788\" alt=\"Treffen der Maskotchen: Der Beelitzer Spargel, der NNL-Storch und Wilma Wels von der BUGA Havelland.\" src=\"https:\/\/www.naturparkmagazin.de\/stechlin\/wp-content\/uploads\/sites\/38\/Gr\u00fcne-Woche-2015_2.jpg\" width=\"500\" height=\"335\" srcset=\"https:\/\/www.naturparkmagazin.de\/stechlin\/wp-content\/uploads\/sites\/38\/Gr\u00fcne-Woche-2015_2.jpg 500w, https:\/\/www.naturparkmagazin.de\/stechlin\/wp-content\/uploads\/sites\/38\/Gr\u00fcne-Woche-2015_2-300x201.jpg 300w, https:\/\/www.naturparkmagazin.de\/stechlin\/wp-content\/uploads\/sites\/38\/Gr\u00fcne-Woche-2015_2-200x134.jpg 200w\" sizes=\"(max-width: 500px) 100vw, 500px\" \/><\/a><p id=\"caption-attachment-1788\" class=\"wp-caption-text\">Treffen der Maskotchen: Der Beelitzer Spargel, der NNL-Storch und Wilma Wels von der BUGA Havelland.<\/p><\/div>\n<p>Am 22. und 23. Januar pr\u00e4sentierte sich der Naturpark am Stand der Nationalen Naturlandschaften in der Brandenburg-Halle 21a. Das\u00a0 NaturParkHaus Stechlin und die Naturwacht stellten am Donnerstag gemeinsam die Umweltbildungsprogramme des Besucherzentrums vor. Am Freitag war die Fa. Marmelo aus Rheinsberg am Naturpark-Stand zu Gast. Firmenchefin Katrin Wagner hatte 10 Fruchtaufstriche und 5 Karamellsorten zur Verkostung mitgebracht. Speziell f\u00fcr die Gr\u00fcne Woche hat sie einen Blutorange-Whiskey-Fruchtaufstrich kreiert, der prompt zum Verkaufsschlager wurde. Mehr als 80% der Verkoster mu\u00dften einfach ein oder mehrere Gl\u00e4ser mitnehmen. Traditionell l\u00e4dt der Naturpark jedes Jahr einen anderen regionalen Produzenten ein. Die Marmelo-Fruchtaufstriche sind alle vegan und werden nach den slow food-Richtlinien produziert. Alle Marmelo-Produkte sind auch im Naturparke-Spezialit\u00e4ten-Shop (<a href=\"http:\/\/www.naturparkspezialitaeten.de\">www.naturparkspezialitaeten.de<\/a>) erh\u00e4ltlich.<\/p>\n<div id=\"attachment_1787\" style=\"width: 510px\" class=\"wp-caption alignnone\"><a href=\"https:\/\/www.naturparkmagazin.de\/stechlin\/wp-content\/uploads\/sites\/38\/Gr\u00fcne-Woche-2015_1.jpg\"><img aria-describedby=\"caption-attachment-1787\" decoding=\"async\" loading=\"lazy\" class=\"size-full wp-image-1787\" alt=\"Katrin Wagner von der Fa. Marmelo\" src=\"https:\/\/www.naturparkmagazin.de\/stechlin\/wp-content\/uploads\/sites\/38\/Gr\u00fcne-Woche-2015_1.jpg\" width=\"500\" height=\"335\" srcset=\"https:\/\/www.naturparkmagazin.de\/stechlin\/wp-content\/uploads\/sites\/38\/Gr\u00fcne-Woche-2015_1.jpg 500w, https:\/\/www.naturparkmagazin.de\/stechlin\/wp-content\/uploads\/sites\/38\/Gr\u00fcne-Woche-2015_1-300x201.jpg 300w, https:\/\/www.naturparkmagazin.de\/stechlin\/wp-content\/uploads\/sites\/38\/Gr\u00fcne-Woche-2015_1-200x134.jpg 200w\" sizes=\"(max-width: 500px) 100vw, 500px\" \/><\/a><p id=\"caption-attachment-1787\" class=\"wp-caption-text\">Katrin Wagner von der Fa. Marmelo<\/p><\/div>\n","protected":false},"excerpt":{"rendered":"<p>Am 22. und 23. Januar pr\u00e4sentierte sich der Naturpark am Stand der Nationalen Naturlandschaften in der Brandenburg-Halle 21a.<\/p>\n","protected":false},"author":39,"featured_media":1789,"comment_status":"open","ping_status":"open","sticky":false,"template":"","format":"standard","meta":[],"categories":[7],"tags":[],"yoast_head":"<!-- This site is optimized with the Yoast SEO plugin v19.10 - https:\/\/yoast.com\/wordpress\/plugins\/seo\/ -->\n<title>Naturpark erfolgreich auf der Gr\u00fcnen Woche pr\u00e4sentiert - Naturpark Stechlin-Ruppiner Land<\/title>\n<meta name=\"robots\" content=\"index, follow, max-snippet:-1, max-image-preview:large, max-video-preview:-1\" \/>\n<link rel=\"canonical\" href=\"https:\/\/www.naturparkmagazin.de\/stechlin\/naturpark-erfolgreich-auf-der-gruenen-woche-praesentiert\/\" \/>\n<meta property=\"og:locale\" content=\"de_DE\" \/>\n<meta property=\"og:type\" content=\"article\" \/>\n<meta property=\"og:title\" content=\"Naturpark erfolgreich auf der Gr\u00fcnen Woche pr\u00e4sentiert - Naturpark Stechlin-Ruppiner Land\" \/>\n<meta property=\"og:description\" content=\"Am 22. und 23. Januar pr\u00e4sentierte sich der Naturpark am Stand der Nationalen Naturlandschaften in der Brandenburg-Halle 21a.\" \/>\n<meta property=\"og:url\" content=\"https:\/\/www.naturparkmagazin.de\/stechlin\/naturpark-erfolgreich-auf-der-gruenen-woche-praesentiert\/\" \/>\n<meta property=\"og:site_name\" content=\"Naturpark Stechlin-Ruppiner Land\" \/>\n<meta property=\"article:published_time\" content=\"2015-01-27T13:56:27+00:00\" \/>\n<meta property=\"article:modified_time\" content=\"2015-01-28T17:33:38+00:00\" \/>\n<meta property=\"og:image\" content=\"https:\/\/www.naturparkmagazin.de\/stechlin\/wp-content\/uploads\/sites\/38\/Gr\u00fcne-Woche-2015_3.jpg\" \/>\n\t<meta property=\"og:image:width\" content=\"500\" \/>\n\t<meta property=\"og:image:height\" content=\"333\" \/>\n\t<meta property=\"og:image:type\" content=\"image\/jpeg\" \/>\n<meta name=\"author\" content=\"marioschrumpf\" \/>\n<meta name=\"twitter:label1\" content=\"Verfasst von\" \/>\n\t<meta name=\"twitter:data1\" content=\"marioschrumpf\" \/>\n\t<meta name=\"twitter:label2\" content=\"Gesch\u00e4tzte Lesezeit\" \/>\n\t<meta name=\"twitter:data2\" content=\"1\u00a0Minute\" \/>\n<script type=\"application\/ld+json\" class=\"yoast-schema-graph\">{\"@context\":\"https:\/\/schema.org\",\"@graph\":[{\"@type\":\"WebPage\",\"@id\":\"https:\/\/www.naturparkmagazin.de\/stechlin\/naturpark-erfolgreich-auf-der-gruenen-woche-praesentiert\/\",\"url\":\"https:\/\/www.naturparkmagazin.de\/stechlin\/naturpark-erfolgreich-auf-der-gruenen-woche-praesentiert\/\",\"name\":\"Naturpark erfolgreich auf der Gr\u00fcnen Woche pr\u00e4sentiert - Naturpark Stechlin-Ruppiner Land\",\"isPartOf\":{\"@id\":\"https:\/\/www.naturparkmagazin.de\/stechlin\/#website\"},\"datePublished\":\"2015-01-27T13:56:27+00:00\",\"dateModified\":\"2015-01-28T17:33:38+00:00\",\"author\":{\"@id\":\"https:\/\/www.naturparkmagazin.de\/stechlin\/#\/schema\/person\/3f0d93203df21c806dd63c76d9bb28bc\"},\"breadcrumb\":{\"@id\":\"https:\/\/www.naturparkmagazin.de\/stechlin\/naturpark-erfolgreich-auf-der-gruenen-woche-praesentiert\/#breadcrumb\"},\"inLanguage\":\"de\",\"potentialAction\":[{\"@type\":\"ReadAction\",\"target\":[\"https:\/\/www.naturparkmagazin.de\/stechlin\/naturpark-erfolgreich-auf-der-gruenen-woche-praesentiert\/\"]}]},{\"@type\":\"BreadcrumbList\",\"@id\":\"https:\/\/www.naturparkmagazin.de\/stechlin\/naturpark-erfolgreich-auf-der-gruenen-woche-praesentiert\/#breadcrumb\",\"itemListElement\":[{\"@type\":\"ListItem\",\"position\":1,\"name\":\"Home\",\"item\":\"https:\/\/www.naturparkmagazin.de\/stechlin\/\"},{\"@type\":\"ListItem\",\"position\":2,\"name\":\"Naturpark erfolgreich auf der Gr\u00fcnen Woche pr\u00e4sentiert\"}]},{\"@type\":\"WebSite\",\"@id\":\"https:\/\/www.naturparkmagazin.de\/stechlin\/#website\",\"url\":\"https:\/\/www.naturparkmagazin.de\/stechlin\/\",\"name\":\"Naturpark Stechlin-Ruppiner Land\",\"description\":\"\",\"potentialAction\":[{\"@type\":\"SearchAction\",\"target\":{\"@type\":\"EntryPoint\",\"urlTemplate\":\"https:\/\/www.naturparkmagazin.de\/stechlin\/?s={search_term_string}\"},\"query-input\":\"required name=search_term_string\"}],\"inLanguage\":\"de\"},{\"@type\":\"Person\",\"@id\":\"https:\/\/www.naturparkmagazin.de\/stechlin\/#\/schema\/person\/3f0d93203df21c806dd63c76d9bb28bc\",\"name\":\"marioschrumpf\",\"url\":\"https:\/\/www.naturparkmagazin.de\/stechlin\/author\/marioschrumpf\/\"}]}<\/script>\n<!-- \/ Yoast SEO plugin. -->","yoast_head_json":{"title":"Naturpark erfolgreich auf der Gr\u00fcnen Woche pr\u00e4sentiert - Naturpark Stechlin-Ruppiner Land","robots":{"index":"index","follow":"follow","max-snippet":"max-snippet:-1","max-image-preview":"max-image-preview:large","max-video-preview":"max-video-preview:-1"},"canonical":"https:\/\/www.naturparkmagazin.de\/stechlin\/naturpark-erfolgreich-auf-der-gruenen-woche-praesentiert\/","og_locale":"de_DE","og_type":"article","og_title":"Naturpark erfolgreich auf der Gr\u00fcnen Woche pr\u00e4sentiert - Naturpark Stechlin-Ruppiner Land","og_description":"Am 22. und 23. Januar pr\u00e4sentierte sich der Naturpark am Stand der Nationalen Naturlandschaften in der Brandenburg-Halle 21a.","og_url":"https:\/\/www.naturparkmagazin.de\/stechlin\/naturpark-erfolgreich-auf-der-gruenen-woche-praesentiert\/","og_site_name":"Naturpark Stechlin-Ruppiner Land","article_published_time":"2015-01-27T13:56:27+00:00","article_modified_time":"2015-01-28T17:33:38+00:00","og_image":[{"width":500,"height":333,"url":"https:\/\/www.naturparkmagazin.de\/stechlin\/wp-content\/uploads\/sites\/38\/Gr\u00fcne-Woche-2015_3.jpg","type":"image\/jpeg"}],"author":"marioschrumpf","twitter_misc":{"Verfasst von":"marioschrumpf","Gesch\u00e4tzte Lesezeit":"1\u00a0Minute"},"schema":{"@context":"https:\/\/schema.org","@graph":[{"@type":"WebPage","@id":"https:\/\/www.naturparkmagazin.de\/stechlin\/naturpark-erfolgreich-auf-der-gruenen-woche-praesentiert\/","url":"https:\/\/www.naturparkmagazin.de\/stechlin\/naturpark-erfolgreich-auf-der-gruenen-woche-praesentiert\/","name":"Naturpark erfolgreich auf der Gr\u00fcnen Woche pr\u00e4sentiert - Naturpark Stechlin-Ruppiner Land","isPartOf":{"@id":"https:\/\/www.naturparkmagazin.de\/stechlin\/#website"},"datePublished":"2015-01-27T13:56:27+00:00","dateModified":"2015-01-28T17:33:38+00:00","author":{"@id":"https:\/\/www.naturparkmagazin.de\/stechlin\/#\/schema\/person\/3f0d93203df21c806dd63c76d9bb28bc"},"breadcrumb":{"@id":"https:\/\/www.naturparkmagazin.de\/stechlin\/naturpark-erfolgreich-auf-der-gruenen-woche-praesentiert\/#breadcrumb"},"inLanguage":"de","potentialAction":[{"@type":"ReadAction","target":["https:\/\/www.naturparkmagazin.de\/stechlin\/naturpark-erfolgreich-auf-der-gruenen-woche-praesentiert\/"]}]},{"@type":"BreadcrumbList","@id":"https:\/\/www.naturparkmagazin.de\/stechlin\/naturpark-erfolgreich-auf-der-gruenen-woche-praesentiert\/#breadcrumb","itemListElement":[{"@type":"ListItem","position":1,"name":"Home","item":"https:\/\/www.naturparkmagazin.de\/stechlin\/"},{"@type":"ListItem","position":2,"name":"Naturpark erfolgreich auf der Gr\u00fcnen Woche pr\u00e4sentiert"}]},{"@type":"WebSite","@id":"https:\/\/www.naturparkmagazin.de\/stechlin\/#website","url":"https:\/\/www.naturparkmagazin.de\/stechlin\/","name":"Naturpark Stechlin-Ruppiner Land","description":"","potentialAction":[{"@type":"SearchAction","target":{"@type":"EntryPoint","urlTemplate":"https:\/\/www.naturparkmagazin.de\/stechlin\/?s={search_term_string}"},"query-input":"required name=search_term_string"}],"inLanguage":"de"},{"@type":"Person","@id":"https:\/\/www.naturparkmagazin.de\/stechlin\/#\/schema\/person\/3f0d93203df21c806dd63c76d9bb28bc","name":"marioschrumpf","url":"https:\/\/www.naturparkmagazin.de\/stechlin\/author\/marioschrumpf\/"}]}},"_links":{"self":[{"href":"https:\/\/www.naturparkmagazin.de\/stechlin\/wp-json\/wp\/v2\/posts\/1785"}],"collection":[{"href":"https:\/\/www.naturparkmagazin.de\/stechlin\/wp-json\/wp\/v2\/posts"}],"about":[{"href":"https:\/\/www.naturparkmagazin.de\/stechlin\/wp-json\/wp\/v2\/types\/post"}],"author":[{"embeddable":true,"href":"https:\/\/www.naturparkmagazin.de\/stechlin\/wp-json\/wp\/v2\/users\/39"}],"replies":[{"embeddable":true,"href":"https:\/\/www.naturparkmagazin.de\/stechlin\/wp-json\/wp\/v2\/comments?post=1785"}],"version-history":[{"count":4,"href":"https:\/\/www.naturparkmagazin.de\/stechlin\/wp-json\/wp\/v2\/posts\/1785\/revisions"}],"predecessor-version":[{"id":1794,"href":"https:\/\/www.naturparkmagazin.de\/stechlin\/wp-json\/wp\/v2\/posts\/1785\/revisions\/1794"}],"wp:featuredmedia":[{"embeddable":true,"href":"https:\/\/www.naturparkmagazin.de\/stechlin\/wp-json\/wp\/v2\/media\/1789"}],"wp:attachment":[{"href":"https:\/\/www.naturparkmagazin.de\/stechlin\/wp-json\/wp\/v2\/media?parent=1785"}],"wp:term":[{"taxonomy":"category","embeddable":true,"href":"https:\/\/www.naturparkmagazin.de\/stechlin\/wp-json\/wp\/v2\/categories?post=1785"},{"taxonomy":"post_tag","embeddable":true,"href":"https:\/\/www.naturparkmagazin.de\/stechlin\/wp-json\/wp\/v2\/tags?post=1785"}],"curies":[{"name":"wp","href":"https:\/\/api.w.org\/{rel}","templated":true}]}}