{"id":17945,"date":"2025-09-23T16:10:45","date_gmt":"2025-09-23T14:10:45","guid":{"rendered":"https:\/\/www.naturparkmagazin.de\/stechlin\/?p=17945"},"modified":"2025-09-29T20:33:14","modified_gmt":"2025-09-29T18:33:14","slug":"jubilaeum-20-apfeltag-in-menz","status":"publish","type":"post","link":"https:\/\/www.naturparkmagazin.de\/stechlin\/jubilaeum-20-apfeltag-in-menz\/","title":{"rendered":"Jubil\u00e4um: 20. Apfeltag in Menz am 18.10.25"},"content":{"rendered":"<p class=\"p1\"><strong>Eine Veranstaltung mit Tradition feiert Geburtstag. \u201e20 Jahre Menzer Apfeltag\u201c, unter diesem Motto wird am 18.10.2025 die paradiesische Frucht zelebriert. Ein buntes Programm mit Vortrag, Regionalmarkt und Apfelausstellung erwartet die Besucherinnen und Besucher.\u00a0 \u00a0 \u00a0 \u00a0 \u00a0 \u00a0 \u00a0 \u00a0 \u00a0 \u00a0 \u00a0 \u00a0 \u00a0 \u00a0 <\/strong><\/p>\n<p class=\"p1\">Der F\u00f6rderverein Naturlandschaft Stechlin und Menzer Heide e.V., die Naturparkverwaltung und die Naturwacht laden von <strong>10:00 bis 15:00 Uhr<\/strong> zum 20. Menzer Apfeltag auf den Menzer Friedensplatz rund um die Regionalwerkstatt Stechlin ein.<\/p>\n<p>Neben der Apfelausstellung mit Sortenbestimmung durch <strong>Urte Delft und Martin Rech<\/strong> vom Pomologenverein Berlin-Brandenburg e.V., wird <strong>Prof. Dr. Hardy Vogtmann, Pr\u00e4sident a.D. des Bundesamtes f\u00fcr Naturschutz<\/strong> einen Vortrag zum Thema &#8222;Eine s\u00fc\u00dfe Verf\u00fchrung &#8211; Tafeltrauben im eigenen Garten&#8220; halten.<\/p>\n<div id=\"attachment_17993\" style=\"width: 458px\" class=\"wp-caption aligncenter\"><a href=\"https:\/\/www.naturparkmagazin.de\/stechlin\/wp-content\/uploads\/sites\/38\/DSC_0016-4-scaled.jpg\"><img aria-describedby=\"caption-attachment-17993\" decoding=\"async\" loading=\"lazy\" class=\"wp-image-17993 size-full\" src=\"https:\/\/www.naturparkmagazin.de\/stechlin\/wp-content\/uploads\/sites\/38\/DSC_0016-4-scaled-e1758621857173.jpg\" alt=\"\" width=\"448\" height=\"300\" srcset=\"https:\/\/www.naturparkmagazin.de\/stechlin\/wp-content\/uploads\/sites\/38\/DSC_0016-4-scaled-e1758621857173.jpg 448w, https:\/\/www.naturparkmagazin.de\/stechlin\/wp-content\/uploads\/sites\/38\/DSC_0016-4-scaled-e1758621857173-300x201.jpg 300w, https:\/\/www.naturparkmagazin.de\/stechlin\/wp-content\/uploads\/sites\/38\/DSC_0016-4-scaled-e1758621857173-200x134.jpg 200w\" sizes=\"(max-width: 448px) 100vw, 448px\" \/><\/a><p id=\"caption-attachment-17993\" class=\"wp-caption-text\">Apfelausstellung 2024 \u00a9 Dr. Mario Schrumpf<\/p><\/div>\n<p>Dank der reichen Obsternte in diesem Jahr wird auch <strong>Beate Frick von der Apfelwelt Rollenhagen <\/strong>mit ihrem Mostmobil vor Ort sein und Direktsaft aus mitgebrachten \u00c4pfeln pressen. Verpackungen f\u00fcr den Saft k\u00f6nnen im Vorfeld erworben werden. Preisinformationen und Kontaktdaten sind auf der Internetseite zu finden : <a href=\"http:\/\/www.apfelwelt-rollenhagen.de\/\">http:\/\/www.apfelwelt-rollenhagen.de<\/a>\nDamit das Pressen nicht zur Geduldsprobe wird, nutzen Sie bitte nachfolgende Kontaktdaten zur Anmeldung ihres Terminwunsches:\nTel. 033082\/40717, Fax: 40715, E-mail: <a href=\"mailto:silke.oldorff@lfu.brandenburg.de\">silke.oldorff@lfu.brandenburg.de<\/a><\/p>\n<p>Die <strong>Barnimer Baumschulen Biesenthal<\/strong> bieten zum Apfeltag verschiedene Baumschulerzeugnisse (B\u00e4ume und Str\u00e4ucher) an. Wer spezielle W\u00fcnsche hat, kann gern vorbestellen (Tel. 03337\/ 430311; E-Mail: <a href=\"mailto:barnimer-baumschulen@lobetal.de\">barnimer-baumschulen@lobetal.de<\/a>).<\/p>\n<p><strong>Ab 10:00 Uhr<\/strong> erfolgt die \u00dcbergabe der vorbestellten Apfelb\u00e4ume aus dem <strong>Genressourcenprojekt Streuobst<\/strong> des Naturparks.<\/p>\n<p>Hobbyb\u00e4ckerinnen und Hobbyb\u00e4cker sind zur Teilnahme am <strong>traditionellen Apfelkuchenwettbewerb<\/strong> aufgerufen. Die Kuchen bitte bis 10:00 Uhr in der Regionalwerkstatt abgeben. Sie sind Spenden f\u00fcr den Kuchenbasar der Naturparkschule Theodor Fontane Menz. Die Preisverleihung findet um 12:30 Uhr statt.<\/p>\n<p><strong>Ab 13:00 Uhr<\/strong> gibt es Live-Musik von\u00a0<strong>M\u00e4rkisch Blech<\/strong>\u00a0aus Zehdenick.<\/p>\n<p><strong>Rund um die Regionalwerkstatt wird es einen Regionalmarkt mit unterschiedlichen Anbietern aus der Naturparkregion und dar\u00fcber hinaus, geben.<\/strong> <strong>F\u00fcr das leibliche Wohl ist gesorgt.<\/strong><\/p>\n<p>F\u00fcr R\u00fcckfragen:\nSusanne Bartel (Tel. 033082\/40710; E-mail: <a href=\"mailto:Susanne.Bartel@LfU.Brandenburg.de\">Susanne.Bartel@LfU.Brandenburg.de<\/a>)<\/p>\n","protected":false},"excerpt":{"rendered":"<p>Am traditionellen Apfeltag feiern wir die paradiesische Frucht einen ganzen Tag lang mit einem vielf\u00e4ltigen Programm.<\/p>\n","protected":false},"author":39,"featured_media":17994,"comment_status":"open","ping_status":"open","sticky":false,"template":"","format":"standard","meta":[],"categories":[11],"tags":[],"yoast_head":"<!-- This site is optimized with the Yoast SEO plugin v19.10 - https:\/\/yoast.com\/wordpress\/plugins\/seo\/ -->\n<title>Jubil\u00e4um: 20. Apfeltag in Menz am 18.10.25 - Naturpark Stechlin-Ruppiner Land<\/title>\n<meta name=\"robots\" content=\"index, follow, max-snippet:-1, max-image-preview:large, max-video-preview:-1\" \/>\n<link rel=\"canonical\" href=\"https:\/\/www.naturparkmagazin.de\/stechlin\/jubilaeum-20-apfeltag-in-menz\/\" \/>\n<meta property=\"og:locale\" content=\"de_DE\" \/>\n<meta property=\"og:type\" content=\"article\" \/>\n<meta property=\"og:title\" content=\"Jubil\u00e4um: 20. Apfeltag in Menz am 18.10.25 - Naturpark Stechlin-Ruppiner Land\" \/>\n<meta property=\"og:description\" content=\"Am traditionellen Apfeltag feiern wir die paradiesische Frucht einen ganzen Tag lang mit einem vielf\u00e4ltigen Programm.\" \/>\n<meta property=\"og:url\" content=\"https:\/\/www.naturparkmagazin.de\/stechlin\/jubilaeum-20-apfeltag-in-menz\/\" \/>\n<meta property=\"og:site_name\" content=\"Naturpark Stechlin-Ruppiner Land\" \/>\n<meta property=\"article:published_time\" content=\"2025-09-23T14:10:45+00:00\" \/>\n<meta property=\"article:modified_time\" content=\"2025-09-29T18:33:14+00:00\" \/>\n<meta property=\"og:image\" content=\"https:\/\/www.naturparkmagazin.de\/stechlin\/wp-content\/uploads\/sites\/38\/DSC_0006-6-scaled-e1758709610549.jpg\" \/>\n\t<meta property=\"og:image:width\" content=\"300\" \/>\n\t<meta property=\"og:image:height\" content=\"300\" \/>\n\t<meta property=\"og:image:type\" content=\"image\/jpeg\" \/>\n<meta name=\"author\" content=\"marioschrumpf\" \/>\n<meta name=\"twitter:label1\" content=\"Verfasst von\" \/>\n\t<meta name=\"twitter:data1\" content=\"marioschrumpf\" \/>\n\t<meta name=\"twitter:label2\" content=\"Gesch\u00e4tzte Lesezeit\" \/>\n\t<meta name=\"twitter:data2\" content=\"2\u00a0Minuten\" \/>\n<script type=\"application\/ld+json\" class=\"yoast-schema-graph\">{\"@context\":\"https:\/\/schema.org\",\"@graph\":[{\"@type\":\"WebPage\",\"@id\":\"https:\/\/www.naturparkmagazin.de\/stechlin\/jubilaeum-20-apfeltag-in-menz\/\",\"url\":\"https:\/\/www.naturparkmagazin.de\/stechlin\/jubilaeum-20-apfeltag-in-menz\/\",\"name\":\"Jubil\u00e4um: 20. Apfeltag in Menz am 18.10.25 - Naturpark Stechlin-Ruppiner Land\",\"isPartOf\":{\"@id\":\"https:\/\/www.naturparkmagazin.de\/stechlin\/#website\"},\"datePublished\":\"2025-09-23T14:10:45+00:00\",\"dateModified\":\"2025-09-29T18:33:14+00:00\",\"author\":{\"@id\":\"https:\/\/www.naturparkmagazin.de\/stechlin\/#\/schema\/person\/3f0d93203df21c806dd63c76d9bb28bc\"},\"breadcrumb\":{\"@id\":\"https:\/\/www.naturparkmagazin.de\/stechlin\/jubilaeum-20-apfeltag-in-menz\/#breadcrumb\"},\"inLanguage\":\"de\",\"potentialAction\":[{\"@type\":\"ReadAction\",\"target\":[\"https:\/\/www.naturparkmagazin.de\/stechlin\/jubilaeum-20-apfeltag-in-menz\/\"]}]},{\"@type\":\"BreadcrumbList\",\"@id\":\"https:\/\/www.naturparkmagazin.de\/stechlin\/jubilaeum-20-apfeltag-in-menz\/#breadcrumb\",\"itemListElement\":[{\"@type\":\"ListItem\",\"position\":1,\"name\":\"Home\",\"item\":\"https:\/\/www.naturparkmagazin.de\/stechlin\/\"},{\"@type\":\"ListItem\",\"position\":2,\"name\":\"Jubil\u00e4um: 20. Apfeltag in Menz am 18.10.25\"}]},{\"@type\":\"WebSite\",\"@id\":\"https:\/\/www.naturparkmagazin.de\/stechlin\/#website\",\"url\":\"https:\/\/www.naturparkmagazin.de\/stechlin\/\",\"name\":\"Naturpark Stechlin-Ruppiner Land\",\"description\":\"\",\"potentialAction\":[{\"@type\":\"SearchAction\",\"target\":{\"@type\":\"EntryPoint\",\"urlTemplate\":\"https:\/\/www.naturparkmagazin.de\/stechlin\/?s={search_term_string}\"},\"query-input\":\"required name=search_term_string\"}],\"inLanguage\":\"de\"},{\"@type\":\"Person\",\"@id\":\"https:\/\/www.naturparkmagazin.de\/stechlin\/#\/schema\/person\/3f0d93203df21c806dd63c76d9bb28bc\",\"name\":\"marioschrumpf\",\"url\":\"https:\/\/www.naturparkmagazin.de\/stechlin\/author\/marioschrumpf\/\"}]}<\/script>\n<!-- \/ Yoast SEO plugin. -->","yoast_head_json":{"title":"Jubil\u00e4um: 20. Apfeltag in Menz am 18.10.25 - Naturpark Stechlin-Ruppiner Land","robots":{"index":"index","follow":"follow","max-snippet":"max-snippet:-1","max-image-preview":"max-image-preview:large","max-video-preview":"max-video-preview:-1"},"canonical":"https:\/\/www.naturparkmagazin.de\/stechlin\/jubilaeum-20-apfeltag-in-menz\/","og_locale":"de_DE","og_type":"article","og_title":"Jubil\u00e4um: 20. Apfeltag in Menz am 18.10.25 - Naturpark Stechlin-Ruppiner Land","og_description":"Am traditionellen Apfeltag feiern wir die paradiesische Frucht einen ganzen Tag lang mit einem vielf\u00e4ltigen Programm.","og_url":"https:\/\/www.naturparkmagazin.de\/stechlin\/jubilaeum-20-apfeltag-in-menz\/","og_site_name":"Naturpark Stechlin-Ruppiner Land","article_published_time":"2025-09-23T14:10:45+00:00","article_modified_time":"2025-09-29T18:33:14+00:00","og_image":[{"width":300,"height":300,"url":"https:\/\/www.naturparkmagazin.de\/stechlin\/wp-content\/uploads\/sites\/38\/DSC_0006-6-scaled-e1758709610549.jpg","type":"image\/jpeg"}],"author":"marioschrumpf","twitter_misc":{"Verfasst von":"marioschrumpf","Gesch\u00e4tzte Lesezeit":"2\u00a0Minuten"},"schema":{"@context":"https:\/\/schema.org","@graph":[{"@type":"WebPage","@id":"https:\/\/www.naturparkmagazin.de\/stechlin\/jubilaeum-20-apfeltag-in-menz\/","url":"https:\/\/www.naturparkmagazin.de\/stechlin\/jubilaeum-20-apfeltag-in-menz\/","name":"Jubil\u00e4um: 20. Apfeltag in Menz am 18.10.25 - Naturpark Stechlin-Ruppiner Land","isPartOf":{"@id":"https:\/\/www.naturparkmagazin.de\/stechlin\/#website"},"datePublished":"2025-09-23T14:10:45+00:00","dateModified":"2025-09-29T18:33:14+00:00","author":{"@id":"https:\/\/www.naturparkmagazin.de\/stechlin\/#\/schema\/person\/3f0d93203df21c806dd63c76d9bb28bc"},"breadcrumb":{"@id":"https:\/\/www.naturparkmagazin.de\/stechlin\/jubilaeum-20-apfeltag-in-menz\/#breadcrumb"},"inLanguage":"de","potentialAction":[{"@type":"ReadAction","target":["https:\/\/www.naturparkmagazin.de\/stechlin\/jubilaeum-20-apfeltag-in-menz\/"]}]},{"@type":"BreadcrumbList","@id":"https:\/\/www.naturparkmagazin.de\/stechlin\/jubilaeum-20-apfeltag-in-menz\/#breadcrumb","itemListElement":[{"@type":"ListItem","position":1,"name":"Home","item":"https:\/\/www.naturparkmagazin.de\/stechlin\/"},{"@type":"ListItem","position":2,"name":"Jubil\u00e4um: 20. Apfeltag in Menz am 18.10.25"}]},{"@type":"WebSite","@id":"https:\/\/www.naturparkmagazin.de\/stechlin\/#website","url":"https:\/\/www.naturparkmagazin.de\/stechlin\/","name":"Naturpark Stechlin-Ruppiner Land","description":"","potentialAction":[{"@type":"SearchAction","target":{"@type":"EntryPoint","urlTemplate":"https:\/\/www.naturparkmagazin.de\/stechlin\/?s={search_term_string}"},"query-input":"required name=search_term_string"}],"inLanguage":"de"},{"@type":"Person","@id":"https:\/\/www.naturparkmagazin.de\/stechlin\/#\/schema\/person\/3f0d93203df21c806dd63c76d9bb28bc","name":"marioschrumpf","url":"https:\/\/www.naturparkmagazin.de\/stechlin\/author\/marioschrumpf\/"}]}},"_links":{"self":[{"href":"https:\/\/www.naturparkmagazin.de\/stechlin\/wp-json\/wp\/v2\/posts\/17945"}],"collection":[{"href":"https:\/\/www.naturparkmagazin.de\/stechlin\/wp-json\/wp\/v2\/posts"}],"about":[{"href":"https:\/\/www.naturparkmagazin.de\/stechlin\/wp-json\/wp\/v2\/types\/post"}],"author":[{"embeddable":true,"href":"https:\/\/www.naturparkmagazin.de\/stechlin\/wp-json\/wp\/v2\/users\/39"}],"replies":[{"embeddable":true,"href":"https:\/\/www.naturparkmagazin.de\/stechlin\/wp-json\/wp\/v2\/comments?post=17945"}],"version-history":[{"count":19,"href":"https:\/\/www.naturparkmagazin.de\/stechlin\/wp-json\/wp\/v2\/posts\/17945\/revisions"}],"predecessor-version":[{"id":18260,"href":"https:\/\/www.naturparkmagazin.de\/stechlin\/wp-json\/wp\/v2\/posts\/17945\/revisions\/18260"}],"wp:featuredmedia":[{"embeddable":true,"href":"https:\/\/www.naturparkmagazin.de\/stechlin\/wp-json\/wp\/v2\/media\/17994"}],"wp:attachment":[{"href":"https:\/\/www.naturparkmagazin.de\/stechlin\/wp-json\/wp\/v2\/media?parent=17945"}],"wp:term":[{"taxonomy":"category","embeddable":true,"href":"https:\/\/www.naturparkmagazin.de\/stechlin\/wp-json\/wp\/v2\/categories?post=17945"},{"taxonomy":"post_tag","embeddable":true,"href":"https:\/\/www.naturparkmagazin.de\/stechlin\/wp-json\/wp\/v2\/tags?post=17945"}],"curies":[{"name":"wp","href":"https:\/\/api.w.org\/{rel}","templated":true}]}}