{"id":1795,"date":"2015-01-27T15:19:13","date_gmt":"2015-01-27T14:19:13","guid":{"rendered":"http:\/\/www.naturparkmagazin.de\/stechlin\/?p=1795"},"modified":"2015-01-27T15:19:13","modified_gmt":"2015-01-27T14:19:13","slug":"entwurf-des-pflege-und-entwicklungsplanes-liegt-aus","status":"publish","type":"post","link":"https:\/\/www.naturparkmagazin.de\/stechlin\/entwurf-des-pflege-und-entwicklungsplanes-liegt-aus\/","title":{"rendered":"Entwurf des Pflege- und Entwicklungsplanes liegt aus"},"content":{"rendered":"<p><a href=\"https:\/\/www.naturparkmagazin.de\/stechlin\/wp-content\/uploads\/sites\/38\/PEP_Auslegung.jpg\"><img decoding=\"async\" loading=\"lazy\" class=\"alignnone size-full wp-image-1799\" alt=\"NP SRL\/Archiv\" src=\"https:\/\/www.naturparkmagazin.de\/stechlin\/wp-content\/uploads\/sites\/38\/PEP_Auslegung.jpg\" width=\"300\" height=\"314\" srcset=\"https:\/\/www.naturparkmagazin.de\/stechlin\/wp-content\/uploads\/sites\/38\/PEP_Auslegung.jpg 300w, https:\/\/www.naturparkmagazin.de\/stechlin\/wp-content\/uploads\/sites\/38\/PEP_Auslegung-30x30.jpg 30w, https:\/\/www.naturparkmagazin.de\/stechlin\/wp-content\/uploads\/sites\/38\/PEP_Auslegung-200x209.jpg 200w\" sizes=\"(max-width: 300px) 100vw, 300px\" \/><\/a><\/p>\n<p>Der Entwurf des Pflege- und Entwicklungsplanes Naturpark Stechlin-Ruppiner Land liegt vom 26. Januar bis 20. Februar 2015 in der Naturparkverwaltung in Menz zur Einsichtnahme aus. Verbunden damit ist die M\u00f6glichkeit, Anmerkungen und Erg\u00e4nzungen zum Plan zu unterbreiten.<\/p>\n<p>Der von der B\u00fcrogemeinschaft Luftbild Brandenburg im Auftrag des Landesamtes f\u00fcr Umwelt, Gesundheit und Verbraucherschutz erarbeitete Pflege- und Entwicklungsplan (PEP) besteht aus sieben Teilen:<\/p>\n<p>I\u00a0\u00a0\u00a0\u00a0\u00a0\u00a0\u00a0\u00a0\u00a0\u00a0 Grundlagen<\/p>\n<p>II\u00a0\u00a0\u00a0\u00a0\u00a0\u00a0\u00a0\u00a0\u00a0 Fachbeitrag Flora, Vegetation und Biotope<\/p>\n<p>III\u00a0\u00a0\u00a0\u00a0\u00a0\u00a0\u00a0\u00a0 Fachbeitrag Fauna<\/p>\n<p>IV\u00a0\u00a0\u00a0\u00a0\u00a0\u00a0\u00a0 Fachbeitrag Gew\u00e4sser<\/p>\n<p>V\u00a0\u00a0\u00a0\u00a0\u00a0\u00a0\u00a0\u00a0 Fachbeitrag Forstwirtschaft und Jagd<\/p>\n<p>VI\u00a0\u00a0\u00a0\u00a0\u00a0\u00a0\u00a0 Fachbeitrag Landwirtschaft<\/p>\n<p>VII\u00a0\u00a0\u00a0\u00a0\u00a0\u00a0 Fachbeitrag Tourismus.<\/p>\n<p>Er ist eine naturschutzfachliche Angebotsplanung, die als Handlungskonzept in den Gro\u00dfschutzgebieten im Land Brandenburg aufgestellt wird. Die im PEP fixierten naturschutzfachlichen Leitbilder und Ziele sollen in den n\u00e4chsten Jahren gemeinsam und einvernehmlich mit den zahlreichen Eigent\u00fcmern, Nutzern und Kommunen des Naturparks umgesetzt werden. W\u00e4hrend der Plan gegen\u00fcber Privatpersonen keine Rechtsverbindlichkeit besitzt, m\u00fcssen ihn \u00f6ffentliche Verwaltungen nach erfolgtem Abstimmungsprozess bei anderen Planungen angemessen ber\u00fccksichtigen.<\/p>\n<p>In den vergangenen zwei Jahren wurde der Entwurf des PEP bereits in zahlreichen bilateralen Gespr\u00e4chen mit Akteuren im Naturpark abgestimmt und in wichtigen Fragen \u00dcbereinstimmung erzielt. Gleichzeitig wurden auch Anregungen in den Plan aufgenommen. Dar\u00fcber hinaus wurden zum Jahresende 2014 verschiedene Akteure zu einzelnen Fachbeitr\u00e4gen beteiligt.<\/p>\n<p>F\u00fcr die Einsichtnahme in das Planwerk sollte vorab ein Termin mit der Verfahrensbeauftragten \u00a0Silke Oldorff (Tel.: 033082-40717) vereinbart werden, damit diese f\u00fcr Nachfragen zur Verf\u00fcgung stehen kann.<\/p>\n","protected":false},"excerpt":{"rendered":"<p>Der Entwurf des Pflege- und Entwicklungsplanes Naturpark Stechlin-Ruppiner Land liegt vom 26. Januar bis 20. Februar 2015 in der Naturparkverwaltung in Menz zur Einsichtnahme aus. <\/p>\n","protected":false},"author":39,"featured_media":1799,"comment_status":"open","ping_status":"open","sticky":false,"template":"","format":"standard","meta":[],"categories":[7],"tags":[],"yoast_head":"<!-- This site is optimized with the Yoast SEO plugin v19.10 - https:\/\/yoast.com\/wordpress\/plugins\/seo\/ -->\n<title>Entwurf des Pflege- und Entwicklungsplanes liegt aus - Naturpark Stechlin-Ruppiner Land<\/title>\n<meta name=\"robots\" content=\"index, follow, max-snippet:-1, max-image-preview:large, max-video-preview:-1\" \/>\n<link rel=\"canonical\" href=\"https:\/\/www.naturparkmagazin.de\/stechlin\/entwurf-des-pflege-und-entwicklungsplanes-liegt-aus\/\" \/>\n<meta property=\"og:locale\" content=\"de_DE\" \/>\n<meta property=\"og:type\" content=\"article\" \/>\n<meta property=\"og:title\" content=\"Entwurf des Pflege- und Entwicklungsplanes liegt aus - Naturpark Stechlin-Ruppiner Land\" \/>\n<meta property=\"og:description\" content=\"Der Entwurf des Pflege- und Entwicklungsplanes Naturpark Stechlin-Ruppiner Land liegt vom 26. Januar bis 20. Februar 2015 in der Naturparkverwaltung in Menz zur Einsichtnahme aus.\" \/>\n<meta property=\"og:url\" content=\"https:\/\/www.naturparkmagazin.de\/stechlin\/entwurf-des-pflege-und-entwicklungsplanes-liegt-aus\/\" \/>\n<meta property=\"og:site_name\" content=\"Naturpark Stechlin-Ruppiner Land\" \/>\n<meta property=\"article:published_time\" content=\"2015-01-27T14:19:13+00:00\" \/>\n<meta property=\"og:image\" content=\"https:\/\/www.naturparkmagazin.de\/stechlin\/wp-content\/uploads\/sites\/38\/PEP_Auslegung.jpg\" \/>\n\t<meta property=\"og:image:width\" content=\"300\" \/>\n\t<meta property=\"og:image:height\" content=\"314\" \/>\n\t<meta property=\"og:image:type\" content=\"image\/jpeg\" \/>\n<meta name=\"author\" content=\"marioschrumpf\" \/>\n<meta name=\"twitter:label1\" content=\"Verfasst von\" \/>\n\t<meta name=\"twitter:data1\" content=\"marioschrumpf\" \/>\n\t<meta name=\"twitter:label2\" content=\"Gesch\u00e4tzte Lesezeit\" \/>\n\t<meta name=\"twitter:data2\" content=\"1\u00a0Minute\" \/>\n<script type=\"application\/ld+json\" class=\"yoast-schema-graph\">{\"@context\":\"https:\/\/schema.org\",\"@graph\":[{\"@type\":\"WebPage\",\"@id\":\"https:\/\/www.naturparkmagazin.de\/stechlin\/entwurf-des-pflege-und-entwicklungsplanes-liegt-aus\/\",\"url\":\"https:\/\/www.naturparkmagazin.de\/stechlin\/entwurf-des-pflege-und-entwicklungsplanes-liegt-aus\/\",\"name\":\"Entwurf des Pflege- und Entwicklungsplanes liegt aus - Naturpark Stechlin-Ruppiner Land\",\"isPartOf\":{\"@id\":\"https:\/\/www.naturparkmagazin.de\/stechlin\/#website\"},\"datePublished\":\"2015-01-27T14:19:13+00:00\",\"dateModified\":\"2015-01-27T14:19:13+00:00\",\"author\":{\"@id\":\"https:\/\/www.naturparkmagazin.de\/stechlin\/#\/schema\/person\/3f0d93203df21c806dd63c76d9bb28bc\"},\"breadcrumb\":{\"@id\":\"https:\/\/www.naturparkmagazin.de\/stechlin\/entwurf-des-pflege-und-entwicklungsplanes-liegt-aus\/#breadcrumb\"},\"inLanguage\":\"de\",\"potentialAction\":[{\"@type\":\"ReadAction\",\"target\":[\"https:\/\/www.naturparkmagazin.de\/stechlin\/entwurf-des-pflege-und-entwicklungsplanes-liegt-aus\/\"]}]},{\"@type\":\"BreadcrumbList\",\"@id\":\"https:\/\/www.naturparkmagazin.de\/stechlin\/entwurf-des-pflege-und-entwicklungsplanes-liegt-aus\/#breadcrumb\",\"itemListElement\":[{\"@type\":\"ListItem\",\"position\":1,\"name\":\"Home\",\"item\":\"https:\/\/www.naturparkmagazin.de\/stechlin\/\"},{\"@type\":\"ListItem\",\"position\":2,\"name\":\"Entwurf des Pflege- und Entwicklungsplanes liegt aus\"}]},{\"@type\":\"WebSite\",\"@id\":\"https:\/\/www.naturparkmagazin.de\/stechlin\/#website\",\"url\":\"https:\/\/www.naturparkmagazin.de\/stechlin\/\",\"name\":\"Naturpark Stechlin-Ruppiner Land\",\"description\":\"\",\"potentialAction\":[{\"@type\":\"SearchAction\",\"target\":{\"@type\":\"EntryPoint\",\"urlTemplate\":\"https:\/\/www.naturparkmagazin.de\/stechlin\/?s={search_term_string}\"},\"query-input\":\"required name=search_term_string\"}],\"inLanguage\":\"de\"},{\"@type\":\"Person\",\"@id\":\"https:\/\/www.naturparkmagazin.de\/stechlin\/#\/schema\/person\/3f0d93203df21c806dd63c76d9bb28bc\",\"name\":\"marioschrumpf\",\"url\":\"https:\/\/www.naturparkmagazin.de\/stechlin\/author\/marioschrumpf\/\"}]}<\/script>\n<!-- \/ Yoast SEO plugin. -->","yoast_head_json":{"title":"Entwurf des Pflege- und Entwicklungsplanes liegt aus - Naturpark Stechlin-Ruppiner Land","robots":{"index":"index","follow":"follow","max-snippet":"max-snippet:-1","max-image-preview":"max-image-preview:large","max-video-preview":"max-video-preview:-1"},"canonical":"https:\/\/www.naturparkmagazin.de\/stechlin\/entwurf-des-pflege-und-entwicklungsplanes-liegt-aus\/","og_locale":"de_DE","og_type":"article","og_title":"Entwurf des Pflege- und Entwicklungsplanes liegt aus - Naturpark Stechlin-Ruppiner Land","og_description":"Der Entwurf des Pflege- und Entwicklungsplanes Naturpark Stechlin-Ruppiner Land liegt vom 26. Januar bis 20. Februar 2015 in der Naturparkverwaltung in Menz zur Einsichtnahme aus.","og_url":"https:\/\/www.naturparkmagazin.de\/stechlin\/entwurf-des-pflege-und-entwicklungsplanes-liegt-aus\/","og_site_name":"Naturpark Stechlin-Ruppiner Land","article_published_time":"2015-01-27T14:19:13+00:00","og_image":[{"width":300,"height":314,"url":"https:\/\/www.naturparkmagazin.de\/stechlin\/wp-content\/uploads\/sites\/38\/PEP_Auslegung.jpg","type":"image\/jpeg"}],"author":"marioschrumpf","twitter_misc":{"Verfasst von":"marioschrumpf","Gesch\u00e4tzte Lesezeit":"1\u00a0Minute"},"schema":{"@context":"https:\/\/schema.org","@graph":[{"@type":"WebPage","@id":"https:\/\/www.naturparkmagazin.de\/stechlin\/entwurf-des-pflege-und-entwicklungsplanes-liegt-aus\/","url":"https:\/\/www.naturparkmagazin.de\/stechlin\/entwurf-des-pflege-und-entwicklungsplanes-liegt-aus\/","name":"Entwurf des Pflege- und Entwicklungsplanes liegt aus - Naturpark Stechlin-Ruppiner Land","isPartOf":{"@id":"https:\/\/www.naturparkmagazin.de\/stechlin\/#website"},"datePublished":"2015-01-27T14:19:13+00:00","dateModified":"2015-01-27T14:19:13+00:00","author":{"@id":"https:\/\/www.naturparkmagazin.de\/stechlin\/#\/schema\/person\/3f0d93203df21c806dd63c76d9bb28bc"},"breadcrumb":{"@id":"https:\/\/www.naturparkmagazin.de\/stechlin\/entwurf-des-pflege-und-entwicklungsplanes-liegt-aus\/#breadcrumb"},"inLanguage":"de","potentialAction":[{"@type":"ReadAction","target":["https:\/\/www.naturparkmagazin.de\/stechlin\/entwurf-des-pflege-und-entwicklungsplanes-liegt-aus\/"]}]},{"@type":"BreadcrumbList","@id":"https:\/\/www.naturparkmagazin.de\/stechlin\/entwurf-des-pflege-und-entwicklungsplanes-liegt-aus\/#breadcrumb","itemListElement":[{"@type":"ListItem","position":1,"name":"Home","item":"https:\/\/www.naturparkmagazin.de\/stechlin\/"},{"@type":"ListItem","position":2,"name":"Entwurf des Pflege- und Entwicklungsplanes liegt aus"}]},{"@type":"WebSite","@id":"https:\/\/www.naturparkmagazin.de\/stechlin\/#website","url":"https:\/\/www.naturparkmagazin.de\/stechlin\/","name":"Naturpark Stechlin-Ruppiner Land","description":"","potentialAction":[{"@type":"SearchAction","target":{"@type":"EntryPoint","urlTemplate":"https:\/\/www.naturparkmagazin.de\/stechlin\/?s={search_term_string}"},"query-input":"required name=search_term_string"}],"inLanguage":"de"},{"@type":"Person","@id":"https:\/\/www.naturparkmagazin.de\/stechlin\/#\/schema\/person\/3f0d93203df21c806dd63c76d9bb28bc","name":"marioschrumpf","url":"https:\/\/www.naturparkmagazin.de\/stechlin\/author\/marioschrumpf\/"}]}},"_links":{"self":[{"href":"https:\/\/www.naturparkmagazin.de\/stechlin\/wp-json\/wp\/v2\/posts\/1795"}],"collection":[{"href":"https:\/\/www.naturparkmagazin.de\/stechlin\/wp-json\/wp\/v2\/posts"}],"about":[{"href":"https:\/\/www.naturparkmagazin.de\/stechlin\/wp-json\/wp\/v2\/types\/post"}],"author":[{"embeddable":true,"href":"https:\/\/www.naturparkmagazin.de\/stechlin\/wp-json\/wp\/v2\/users\/39"}],"replies":[{"embeddable":true,"href":"https:\/\/www.naturparkmagazin.de\/stechlin\/wp-json\/wp\/v2\/comments?post=1795"}],"version-history":[{"count":4,"href":"https:\/\/www.naturparkmagazin.de\/stechlin\/wp-json\/wp\/v2\/posts\/1795\/revisions"}],"predecessor-version":[{"id":1803,"href":"https:\/\/www.naturparkmagazin.de\/stechlin\/wp-json\/wp\/v2\/posts\/1795\/revisions\/1803"}],"wp:featuredmedia":[{"embeddable":true,"href":"https:\/\/www.naturparkmagazin.de\/stechlin\/wp-json\/wp\/v2\/media\/1799"}],"wp:attachment":[{"href":"https:\/\/www.naturparkmagazin.de\/stechlin\/wp-json\/wp\/v2\/media?parent=1795"}],"wp:term":[{"taxonomy":"category","embeddable":true,"href":"https:\/\/www.naturparkmagazin.de\/stechlin\/wp-json\/wp\/v2\/categories?post=1795"},{"taxonomy":"post_tag","embeddable":true,"href":"https:\/\/www.naturparkmagazin.de\/stechlin\/wp-json\/wp\/v2\/tags?post=1795"}],"curies":[{"name":"wp","href":"https:\/\/api.w.org\/{rel}","templated":true}]}}