{"id":17970,"date":"2025-09-23T16:05:30","date_gmt":"2025-09-23T14:05:30","guid":{"rendered":"https:\/\/www.naturparkmagazin.de\/stechlin\/?p=17970"},"modified":"2025-09-28T21:08:25","modified_gmt":"2025-09-28T19:08:25","slug":"workshop-am-see-herbstliche-inspiration","status":"publish","type":"post","link":"https:\/\/www.naturparkmagazin.de\/stechlin\/workshop-am-see-herbstliche-inspiration\/","title":{"rendered":"Workshop am See &#8211; Herbstliche Inspiration"},"content":{"rendered":"<p>Im <em>\u201eBlauen Haus\u201c<\/em> in F\u00fcrstenberg\/Havel l\u00e4dt <strong>Silke Kirschning<\/strong> zu Zeichen-, Mal- und Schreibworkshops inmitten der Natur ein.<\/p>\n<p>Die Kurse verbinden k\u00fcnstlerische Praxis mit Ruhe und Inspiration \u2013 im Atelier, im Wald oder direkt am Wasser. Ob Tages- oder Wochenendkurs, ob Pilze, Wasserlandschaften oder Lost Places: Die Workshops er\u00f6ffnen neue Perspektiven auf die Natur. Teilnehmen k\u00f6nnen Anf\u00e4nger:innen und Fortgeschrittene, Einzelpersonen oder Gruppen. Ziel ist nicht Perfektion, sondern das Entdecken eigener Ausdrucksformen \u2013 ohne Leistungsdruck, aber mit Neugier und Freude.<\/p>\n<div id=\"attachment_17651\" style=\"width: 510px\" class=\"wp-caption aligncenter\"><a href=\"https:\/\/www.naturparkmagazin.de\/stechlin\/wp-content\/uploads\/sites\/38\/Ich-auf-Steg-malend-Kopie.jpg\"><img aria-describedby=\"caption-attachment-17651\" decoding=\"async\" loading=\"lazy\" class=\"size-full wp-image-17651\" src=\"https:\/\/www.naturparkmagazin.de\/stechlin\/wp-content\/uploads\/sites\/38\/Ich-auf-Steg-malend-Kopie.jpg\" alt=\"\" width=\"500\" height=\"300\" srcset=\"https:\/\/www.naturparkmagazin.de\/stechlin\/wp-content\/uploads\/sites\/38\/Ich-auf-Steg-malend-Kopie.jpg 500w, https:\/\/www.naturparkmagazin.de\/stechlin\/wp-content\/uploads\/sites\/38\/Ich-auf-Steg-malend-Kopie-300x180.jpg 300w, https:\/\/www.naturparkmagazin.de\/stechlin\/wp-content\/uploads\/sites\/38\/Ich-auf-Steg-malend-Kopie-200x120.jpg 200w\" sizes=\"(max-width: 500px) 100vw, 500px\" \/><\/a><p id=\"caption-attachment-17651\" class=\"wp-caption-text\">Malende Frau auf Bootssteg \u00a9 Silke Kirschning<\/p><\/div>\n<p>Das Angebot reicht von Tagesworkshops \u00fcber Wochenendkurse bis hin zu individuellen Workshop-Terminen f\u00fcr Gruppen, Teams und Bildungseinrichtungen.<\/p>\n<p><em>\u201eAktuell biete ich zeichnen und malen von Land und zu Wasser an. Wir malen das Wasser, das Schilf und die Tiere. Au\u00dferdem skizzieren wir Lost Places (verlassene Orte). Im September erweitere ich mein Angebot um das zeichnen und malen von Pilzen und Flechten. Denn der Wald ist voller kleiner Wunder. Wir sehen sie aber nur, wenn wir genau hinschauen. Ich m\u00f6chte R\u00e4ume schaffen, in denen Menschen etwas ausprobieren, ihre Wahrnehmung sch\u00e4rfen und dabei zur Ruhe kommen oder mutig werden. Ich freue mich, wenn Menschen ihren eigenen Ausdruck finden \u2013 ganz ohne Leistungsdruck\u201c<\/em>, so <strong>Silke Kirschning<\/strong>.<\/p>\n<p>Im <strong>Oktober<\/strong><strong> 2025<\/strong> werden beispielsweise folgende Workshops angeboten:<\/p>\n<ul>\n<li>04.10. Pilze &amp; Flechten, Zeichnen &amp; Malen<\/li>\n<li>19.10. Von Land und zu Wasser, Zeichnen &amp; Malen<\/li>\n<li>26.10. Pilze &amp; Flechten, Zeichnen &amp; Malen<\/li>\n<li>27.10. Verwunschene &amp; verfluchte Orte, Zeichnen, Malen &amp; Schreibwerkstatt<\/li>\n<\/ul>\n<p><a href=\"https:\/\/workshops-am-see.de\/\" target=\"_blank\" rel=\"noopener\">Weitergehende Informationen finden Sie hier!<\/a><\/p>\n<div id=\"attachment_17650\" style=\"width: 310px\" class=\"wp-caption aligncenter\"><a href=\"https:\/\/www.naturparkmagazin.de\/stechlin\/wp-content\/uploads\/sites\/38\/Haus-blau-See.jpg\"><img aria-describedby=\"caption-attachment-17650\" decoding=\"async\" loading=\"lazy\" class=\"size-full wp-image-17650\" src=\"https:\/\/www.naturparkmagazin.de\/stechlin\/wp-content\/uploads\/sites\/38\/Haus-blau-See.jpg\" alt=\"\" width=\"300\" height=\"500\" srcset=\"https:\/\/www.naturparkmagazin.de\/stechlin\/wp-content\/uploads\/sites\/38\/Haus-blau-See.jpg 300w, https:\/\/www.naturparkmagazin.de\/stechlin\/wp-content\/uploads\/sites\/38\/Haus-blau-See-200x333.jpg 200w\" sizes=\"(max-width: 300px) 100vw, 300px\" \/><\/a><p id=\"caption-attachment-17650\" class=\"wp-caption-text\">Der Veranstaltungsort \u00a9 Silke Kirschning<\/p><\/div>\n","protected":false},"excerpt":{"rendered":"<p>Im \u201eBlauen Haus\u201c in F\u00fcrstenberg\/Havel l\u00e4dt Silke Kirschning zu Zeichen-, Mal- und Schreibworkshops inmitten der Natur ein.<\/p>\n","protected":false},"author":39,"featured_media":17652,"comment_status":"open","ping_status":"open","sticky":false,"template":"","format":"standard","meta":[],"categories":[11],"tags":[],"yoast_head":"<!-- This site is optimized with the Yoast SEO plugin v19.10 - https:\/\/yoast.com\/wordpress\/plugins\/seo\/ -->\n<title>Workshop am See - Herbstliche Inspiration - Naturpark Stechlin-Ruppiner Land<\/title>\n<meta name=\"robots\" content=\"index, follow, max-snippet:-1, max-image-preview:large, max-video-preview:-1\" \/>\n<link rel=\"canonical\" href=\"https:\/\/www.naturparkmagazin.de\/stechlin\/workshop-am-see-herbstliche-inspiration\/\" \/>\n<meta property=\"og:locale\" content=\"de_DE\" \/>\n<meta property=\"og:type\" content=\"article\" \/>\n<meta property=\"og:title\" content=\"Workshop am See - Herbstliche Inspiration - Naturpark Stechlin-Ruppiner Land\" \/>\n<meta property=\"og:description\" content=\"Im \u201eBlauen Haus\u201c in F\u00fcrstenberg\/Havel l\u00e4dt Silke Kirschning zu Zeichen-, Mal- und Schreibworkshops inmitten der Natur ein.\" \/>\n<meta property=\"og:url\" content=\"https:\/\/www.naturparkmagazin.de\/stechlin\/workshop-am-see-herbstliche-inspiration\/\" \/>\n<meta property=\"og:site_name\" content=\"Naturpark Stechlin-Ruppiner Land\" \/>\n<meta property=\"article:published_time\" content=\"2025-09-23T14:05:30+00:00\" \/>\n<meta property=\"article:modified_time\" content=\"2025-09-28T19:08:25+00:00\" \/>\n<meta property=\"og:image\" content=\"https:\/\/www.naturparkmagazin.de\/stechlin\/wp-content\/uploads\/sites\/38\/Ich-auf-Steg-malend-Kopie_a.jpg\" \/>\n\t<meta property=\"og:image:width\" content=\"200\" \/>\n\t<meta property=\"og:image:height\" content=\"200\" \/>\n\t<meta property=\"og:image:type\" content=\"image\/jpeg\" \/>\n<meta name=\"author\" content=\"marioschrumpf\" \/>\n<meta name=\"twitter:label1\" content=\"Verfasst von\" \/>\n\t<meta name=\"twitter:data1\" content=\"marioschrumpf\" \/>\n\t<meta name=\"twitter:label2\" content=\"Gesch\u00e4tzte Lesezeit\" \/>\n\t<meta name=\"twitter:data2\" content=\"2\u00a0Minuten\" \/>\n<script type=\"application\/ld+json\" class=\"yoast-schema-graph\">{\"@context\":\"https:\/\/schema.org\",\"@graph\":[{\"@type\":\"WebPage\",\"@id\":\"https:\/\/www.naturparkmagazin.de\/stechlin\/workshop-am-see-herbstliche-inspiration\/\",\"url\":\"https:\/\/www.naturparkmagazin.de\/stechlin\/workshop-am-see-herbstliche-inspiration\/\",\"name\":\"Workshop am See - Herbstliche Inspiration - Naturpark Stechlin-Ruppiner Land\",\"isPartOf\":{\"@id\":\"https:\/\/www.naturparkmagazin.de\/stechlin\/#website\"},\"datePublished\":\"2025-09-23T14:05:30+00:00\",\"dateModified\":\"2025-09-28T19:08:25+00:00\",\"author\":{\"@id\":\"https:\/\/www.naturparkmagazin.de\/stechlin\/#\/schema\/person\/3f0d93203df21c806dd63c76d9bb28bc\"},\"breadcrumb\":{\"@id\":\"https:\/\/www.naturparkmagazin.de\/stechlin\/workshop-am-see-herbstliche-inspiration\/#breadcrumb\"},\"inLanguage\":\"de\",\"potentialAction\":[{\"@type\":\"ReadAction\",\"target\":[\"https:\/\/www.naturparkmagazin.de\/stechlin\/workshop-am-see-herbstliche-inspiration\/\"]}]},{\"@type\":\"BreadcrumbList\",\"@id\":\"https:\/\/www.naturparkmagazin.de\/stechlin\/workshop-am-see-herbstliche-inspiration\/#breadcrumb\",\"itemListElement\":[{\"@type\":\"ListItem\",\"position\":1,\"name\":\"Home\",\"item\":\"https:\/\/www.naturparkmagazin.de\/stechlin\/\"},{\"@type\":\"ListItem\",\"position\":2,\"name\":\"Workshop am See &#8211; Herbstliche Inspiration\"}]},{\"@type\":\"WebSite\",\"@id\":\"https:\/\/www.naturparkmagazin.de\/stechlin\/#website\",\"url\":\"https:\/\/www.naturparkmagazin.de\/stechlin\/\",\"name\":\"Naturpark Stechlin-Ruppiner Land\",\"description\":\"\",\"potentialAction\":[{\"@type\":\"SearchAction\",\"target\":{\"@type\":\"EntryPoint\",\"urlTemplate\":\"https:\/\/www.naturparkmagazin.de\/stechlin\/?s={search_term_string}\"},\"query-input\":\"required name=search_term_string\"}],\"inLanguage\":\"de\"},{\"@type\":\"Person\",\"@id\":\"https:\/\/www.naturparkmagazin.de\/stechlin\/#\/schema\/person\/3f0d93203df21c806dd63c76d9bb28bc\",\"name\":\"marioschrumpf\",\"url\":\"https:\/\/www.naturparkmagazin.de\/stechlin\/author\/marioschrumpf\/\"}]}<\/script>\n<!-- \/ Yoast SEO plugin. -->","yoast_head_json":{"title":"Workshop am See - Herbstliche Inspiration - Naturpark Stechlin-Ruppiner Land","robots":{"index":"index","follow":"follow","max-snippet":"max-snippet:-1","max-image-preview":"max-image-preview:large","max-video-preview":"max-video-preview:-1"},"canonical":"https:\/\/www.naturparkmagazin.de\/stechlin\/workshop-am-see-herbstliche-inspiration\/","og_locale":"de_DE","og_type":"article","og_title":"Workshop am See - Herbstliche Inspiration - Naturpark Stechlin-Ruppiner Land","og_description":"Im \u201eBlauen Haus\u201c in F\u00fcrstenberg\/Havel l\u00e4dt Silke Kirschning zu Zeichen-, Mal- und Schreibworkshops inmitten der Natur ein.","og_url":"https:\/\/www.naturparkmagazin.de\/stechlin\/workshop-am-see-herbstliche-inspiration\/","og_site_name":"Naturpark Stechlin-Ruppiner Land","article_published_time":"2025-09-23T14:05:30+00:00","article_modified_time":"2025-09-28T19:08:25+00:00","og_image":[{"width":200,"height":200,"url":"https:\/\/www.naturparkmagazin.de\/stechlin\/wp-content\/uploads\/sites\/38\/Ich-auf-Steg-malend-Kopie_a.jpg","type":"image\/jpeg"}],"author":"marioschrumpf","twitter_misc":{"Verfasst von":"marioschrumpf","Gesch\u00e4tzte Lesezeit":"2\u00a0Minuten"},"schema":{"@context":"https:\/\/schema.org","@graph":[{"@type":"WebPage","@id":"https:\/\/www.naturparkmagazin.de\/stechlin\/workshop-am-see-herbstliche-inspiration\/","url":"https:\/\/www.naturparkmagazin.de\/stechlin\/workshop-am-see-herbstliche-inspiration\/","name":"Workshop am See - Herbstliche Inspiration - Naturpark Stechlin-Ruppiner Land","isPartOf":{"@id":"https:\/\/www.naturparkmagazin.de\/stechlin\/#website"},"datePublished":"2025-09-23T14:05:30+00:00","dateModified":"2025-09-28T19:08:25+00:00","author":{"@id":"https:\/\/www.naturparkmagazin.de\/stechlin\/#\/schema\/person\/3f0d93203df21c806dd63c76d9bb28bc"},"breadcrumb":{"@id":"https:\/\/www.naturparkmagazin.de\/stechlin\/workshop-am-see-herbstliche-inspiration\/#breadcrumb"},"inLanguage":"de","potentialAction":[{"@type":"ReadAction","target":["https:\/\/www.naturparkmagazin.de\/stechlin\/workshop-am-see-herbstliche-inspiration\/"]}]},{"@type":"BreadcrumbList","@id":"https:\/\/www.naturparkmagazin.de\/stechlin\/workshop-am-see-herbstliche-inspiration\/#breadcrumb","itemListElement":[{"@type":"ListItem","position":1,"name":"Home","item":"https:\/\/www.naturparkmagazin.de\/stechlin\/"},{"@type":"ListItem","position":2,"name":"Workshop am See &#8211; Herbstliche Inspiration"}]},{"@type":"WebSite","@id":"https:\/\/www.naturparkmagazin.de\/stechlin\/#website","url":"https:\/\/www.naturparkmagazin.de\/stechlin\/","name":"Naturpark Stechlin-Ruppiner Land","description":"","potentialAction":[{"@type":"SearchAction","target":{"@type":"EntryPoint","urlTemplate":"https:\/\/www.naturparkmagazin.de\/stechlin\/?s={search_term_string}"},"query-input":"required name=search_term_string"}],"inLanguage":"de"},{"@type":"Person","@id":"https:\/\/www.naturparkmagazin.de\/stechlin\/#\/schema\/person\/3f0d93203df21c806dd63c76d9bb28bc","name":"marioschrumpf","url":"https:\/\/www.naturparkmagazin.de\/stechlin\/author\/marioschrumpf\/"}]}},"_links":{"self":[{"href":"https:\/\/www.naturparkmagazin.de\/stechlin\/wp-json\/wp\/v2\/posts\/17970"}],"collection":[{"href":"https:\/\/www.naturparkmagazin.de\/stechlin\/wp-json\/wp\/v2\/posts"}],"about":[{"href":"https:\/\/www.naturparkmagazin.de\/stechlin\/wp-json\/wp\/v2\/types\/post"}],"author":[{"embeddable":true,"href":"https:\/\/www.naturparkmagazin.de\/stechlin\/wp-json\/wp\/v2\/users\/39"}],"replies":[{"embeddable":true,"href":"https:\/\/www.naturparkmagazin.de\/stechlin\/wp-json\/wp\/v2\/comments?post=17970"}],"version-history":[{"count":4,"href":"https:\/\/www.naturparkmagazin.de\/stechlin\/wp-json\/wp\/v2\/posts\/17970\/revisions"}],"predecessor-version":[{"id":18133,"href":"https:\/\/www.naturparkmagazin.de\/stechlin\/wp-json\/wp\/v2\/posts\/17970\/revisions\/18133"}],"wp:featuredmedia":[{"embeddable":true,"href":"https:\/\/www.naturparkmagazin.de\/stechlin\/wp-json\/wp\/v2\/media\/17652"}],"wp:attachment":[{"href":"https:\/\/www.naturparkmagazin.de\/stechlin\/wp-json\/wp\/v2\/media?parent=17970"}],"wp:term":[{"taxonomy":"category","embeddable":true,"href":"https:\/\/www.naturparkmagazin.de\/stechlin\/wp-json\/wp\/v2\/categories?post=17970"},{"taxonomy":"post_tag","embeddable":true,"href":"https:\/\/www.naturparkmagazin.de\/stechlin\/wp-json\/wp\/v2\/tags?post=17970"}],"curies":[{"name":"wp","href":"https:\/\/api.w.org\/{rel}","templated":true}]}}