{"id":1801,"date":"2015-01-27T15:42:51","date_gmt":"2015-01-27T14:42:51","guid":{"rendered":"http:\/\/www.naturparkmagazin.de\/stechlin\/?p=1801"},"modified":"2015-01-27T15:56:21","modified_gmt":"2015-01-27T14:56:21","slug":"leader-regionen-bestaetigt","status":"publish","type":"post","link":"https:\/\/www.naturparkmagazin.de\/stechlin\/leader-regionen-bestaetigt\/","title":{"rendered":"LEADER-Regionen best\u00e4tigt"},"content":{"rendered":"<div id=\"attachment_1809\" style=\"width: 510px\" class=\"wp-caption alignnone\"><a href=\"https:\/\/www.naturparkmagazin.de\/stechlin\/wp-content\/uploads\/sites\/38\/Beckersmuehle1.jpg\"><img aria-describedby=\"caption-attachment-1809\" decoding=\"async\" loading=\"lazy\" class=\"size-full wp-image-1809\" alt=\"Das Wasserwanderleitsystem wurde in der zur\u00fcckliegenden F\u00f6rderperiode \u00fcber LEADER gef\u00f6rdert\" src=\"https:\/\/www.naturparkmagazin.de\/stechlin\/wp-content\/uploads\/sites\/38\/Beckersmuehle1.jpg\" width=\"500\" height=\"750\" srcset=\"https:\/\/www.naturparkmagazin.de\/stechlin\/wp-content\/uploads\/sites\/38\/Beckersmuehle1.jpg 500w, https:\/\/www.naturparkmagazin.de\/stechlin\/wp-content\/uploads\/sites\/38\/Beckersmuehle1-300x450.jpg 300w, https:\/\/www.naturparkmagazin.de\/stechlin\/wp-content\/uploads\/sites\/38\/Beckersmuehle1-200x300.jpg 200w\" sizes=\"(max-width: 500px) 100vw, 500px\" \/><\/a><p id=\"caption-attachment-1809\" class=\"wp-caption-text\">Das Wasserwanderleitsystem wurde in der zur\u00fcckliegenden F\u00f6rderperiode \u00fcber LEADER gef\u00f6rdert<\/p><\/div>\n<p>Agrarminister J\u00f6rg Vogels\u00e4nger hat f\u00fcr die EU-F\u00f6rderperiode bis 2020 die LEADER-Regionen f\u00fcr Brandenburg best\u00e4tigt. Das EU-Programm LEADER (&#8222;Liaison entre actions de developpement de I&#8217;economie rurale&#8220;) ist Teil des Europ\u00e4ischen Agrarfonds ELER. Es steht f\u00fcr die Verbindung von Aktionen zur Entwicklung der l\u00e4ndlichen Wirtschaft &#8211; also f\u00fcr Regionalentwicklung von unten nach oben. B\u00fcrger organisieren sich vor Ort in Aktionsgruppen und setzen selbst die Schwerpunkte \u00fcber F\u00f6rderprojekte im Politikfeld L\u00e4ndliche Entwicklung f\u00fcr die kommenden Jahre.Im Naturpark Stechlin-Ruppiner Land wurden f\u00fcr die F\u00f6rderperiode 2014-2020 die LEADER-Regionen Obere Havel und Ostprignitz-Ruppin best\u00e4tigt.<\/p>\n<p>Am 13. Januar traf die Richtlinie \u00fcber die Gew\u00e4hrung von Zuwendungen f\u00fcr die F\u00f6rderung der l\u00e4ndlichen Entwicklung im Rahmen von LEADER in Kraft.<\/p>\n","protected":false},"excerpt":{"rendered":"<p>Agrarminister J\u00f6rg Vogels\u00e4nger hat f\u00fcr die EU-F\u00f6rderperiode bis 2020 die LEADER-Regionen f\u00fcr Brandenburg best\u00e4tigt. Das EU-Programm LEADER (&#8222;Liaison entre actions de developpement de I&#8217;economie rurale&#8220;) ist Teil des Europ\u00e4ischen Agrarfonds ELER. Es steht f\u00fcr die Verbindung von Aktionen zur Entwicklung der l\u00e4ndlichen Wirtschaft &#8211; also f\u00fcr Regionalentwicklung von unten nach oben. B\u00fcrger organisieren sich vor<\/p>\n","protected":false},"author":39,"featured_media":476,"comment_status":"open","ping_status":"open","sticky":false,"template":"","format":"standard","meta":[],"categories":[7],"tags":[],"yoast_head":"<!-- This site is optimized with the Yoast SEO plugin v19.10 - https:\/\/yoast.com\/wordpress\/plugins\/seo\/ -->\n<title>LEADER-Regionen best\u00e4tigt - Naturpark Stechlin-Ruppiner Land<\/title>\n<meta name=\"robots\" content=\"index, follow, max-snippet:-1, max-image-preview:large, max-video-preview:-1\" \/>\n<link rel=\"canonical\" href=\"https:\/\/www.naturparkmagazin.de\/stechlin\/leader-regionen-bestaetigt\/\" \/>\n<meta property=\"og:locale\" content=\"de_DE\" \/>\n<meta property=\"og:type\" content=\"article\" \/>\n<meta property=\"og:title\" content=\"LEADER-Regionen best\u00e4tigt - Naturpark Stechlin-Ruppiner Land\" \/>\n<meta property=\"og:description\" content=\"Agrarminister J\u00f6rg Vogels\u00e4nger hat f\u00fcr die EU-F\u00f6rderperiode bis 2020 die LEADER-Regionen f\u00fcr Brandenburg best\u00e4tigt. Das EU-Programm LEADER (&#8222;Liaison entre actions de developpement de I&#8217;economie rurale&#8220;) ist Teil des Europ\u00e4ischen Agrarfonds ELER. Es steht f\u00fcr die Verbindung von Aktionen zur Entwicklung der l\u00e4ndlichen Wirtschaft &#8211; also f\u00fcr Regionalentwicklung von unten nach oben. B\u00fcrger organisieren sich vor\" \/>\n<meta property=\"og:url\" content=\"https:\/\/www.naturparkmagazin.de\/stechlin\/leader-regionen-bestaetigt\/\" \/>\n<meta property=\"og:site_name\" content=\"Naturpark Stechlin-Ruppiner Land\" \/>\n<meta property=\"article:published_time\" content=\"2015-01-27T14:42:51+00:00\" \/>\n<meta property=\"article:modified_time\" content=\"2015-01-27T14:56:21+00:00\" \/>\n<meta property=\"og:image\" content=\"https:\/\/www.naturparkmagazin.de\/stechlin\/wp-content\/uploads\/sites\/38\/Biodiversit\u00e4t.jpg\" \/>\n\t<meta property=\"og:image:width\" content=\"328\" \/>\n\t<meta property=\"og:image:height\" content=\"313\" \/>\n\t<meta property=\"og:image:type\" content=\"image\/jpeg\" \/>\n<meta name=\"author\" content=\"marioschrumpf\" \/>\n<meta name=\"twitter:label1\" content=\"Verfasst von\" \/>\n\t<meta name=\"twitter:data1\" content=\"marioschrumpf\" \/>\n\t<meta name=\"twitter:label2\" content=\"Gesch\u00e4tzte Lesezeit\" \/>\n\t<meta name=\"twitter:data2\" content=\"1\u00a0Minute\" \/>\n<script type=\"application\/ld+json\" class=\"yoast-schema-graph\">{\"@context\":\"https:\/\/schema.org\",\"@graph\":[{\"@type\":\"WebPage\",\"@id\":\"https:\/\/www.naturparkmagazin.de\/stechlin\/leader-regionen-bestaetigt\/\",\"url\":\"https:\/\/www.naturparkmagazin.de\/stechlin\/leader-regionen-bestaetigt\/\",\"name\":\"LEADER-Regionen best\u00e4tigt - Naturpark Stechlin-Ruppiner Land\",\"isPartOf\":{\"@id\":\"https:\/\/www.naturparkmagazin.de\/stechlin\/#website\"},\"datePublished\":\"2015-01-27T14:42:51+00:00\",\"dateModified\":\"2015-01-27T14:56:21+00:00\",\"author\":{\"@id\":\"https:\/\/www.naturparkmagazin.de\/stechlin\/#\/schema\/person\/3f0d93203df21c806dd63c76d9bb28bc\"},\"breadcrumb\":{\"@id\":\"https:\/\/www.naturparkmagazin.de\/stechlin\/leader-regionen-bestaetigt\/#breadcrumb\"},\"inLanguage\":\"de\",\"potentialAction\":[{\"@type\":\"ReadAction\",\"target\":[\"https:\/\/www.naturparkmagazin.de\/stechlin\/leader-regionen-bestaetigt\/\"]}]},{\"@type\":\"BreadcrumbList\",\"@id\":\"https:\/\/www.naturparkmagazin.de\/stechlin\/leader-regionen-bestaetigt\/#breadcrumb\",\"itemListElement\":[{\"@type\":\"ListItem\",\"position\":1,\"name\":\"Home\",\"item\":\"https:\/\/www.naturparkmagazin.de\/stechlin\/\"},{\"@type\":\"ListItem\",\"position\":2,\"name\":\"LEADER-Regionen best\u00e4tigt\"}]},{\"@type\":\"WebSite\",\"@id\":\"https:\/\/www.naturparkmagazin.de\/stechlin\/#website\",\"url\":\"https:\/\/www.naturparkmagazin.de\/stechlin\/\",\"name\":\"Naturpark Stechlin-Ruppiner Land\",\"description\":\"\",\"potentialAction\":[{\"@type\":\"SearchAction\",\"target\":{\"@type\":\"EntryPoint\",\"urlTemplate\":\"https:\/\/www.naturparkmagazin.de\/stechlin\/?s={search_term_string}\"},\"query-input\":\"required name=search_term_string\"}],\"inLanguage\":\"de\"},{\"@type\":\"Person\",\"@id\":\"https:\/\/www.naturparkmagazin.de\/stechlin\/#\/schema\/person\/3f0d93203df21c806dd63c76d9bb28bc\",\"name\":\"marioschrumpf\",\"url\":\"https:\/\/www.naturparkmagazin.de\/stechlin\/author\/marioschrumpf\/\"}]}<\/script>\n<!-- \/ Yoast SEO plugin. -->","yoast_head_json":{"title":"LEADER-Regionen best\u00e4tigt - Naturpark Stechlin-Ruppiner Land","robots":{"index":"index","follow":"follow","max-snippet":"max-snippet:-1","max-image-preview":"max-image-preview:large","max-video-preview":"max-video-preview:-1"},"canonical":"https:\/\/www.naturparkmagazin.de\/stechlin\/leader-regionen-bestaetigt\/","og_locale":"de_DE","og_type":"article","og_title":"LEADER-Regionen best\u00e4tigt - Naturpark Stechlin-Ruppiner Land","og_description":"Agrarminister J\u00f6rg Vogels\u00e4nger hat f\u00fcr die EU-F\u00f6rderperiode bis 2020 die LEADER-Regionen f\u00fcr Brandenburg best\u00e4tigt. Das EU-Programm LEADER (&#8222;Liaison entre actions de developpement de I&#8217;economie rurale&#8220;) ist Teil des Europ\u00e4ischen Agrarfonds ELER. Es steht f\u00fcr die Verbindung von Aktionen zur Entwicklung der l\u00e4ndlichen Wirtschaft &#8211; also f\u00fcr Regionalentwicklung von unten nach oben. B\u00fcrger organisieren sich vor","og_url":"https:\/\/www.naturparkmagazin.de\/stechlin\/leader-regionen-bestaetigt\/","og_site_name":"Naturpark Stechlin-Ruppiner Land","article_published_time":"2015-01-27T14:42:51+00:00","article_modified_time":"2015-01-27T14:56:21+00:00","og_image":[{"width":328,"height":313,"url":"https:\/\/www.naturparkmagazin.de\/stechlin\/wp-content\/uploads\/sites\/38\/Biodiversit\u00e4t.jpg","type":"image\/jpeg"}],"author":"marioschrumpf","twitter_misc":{"Verfasst von":"marioschrumpf","Gesch\u00e4tzte Lesezeit":"1\u00a0Minute"},"schema":{"@context":"https:\/\/schema.org","@graph":[{"@type":"WebPage","@id":"https:\/\/www.naturparkmagazin.de\/stechlin\/leader-regionen-bestaetigt\/","url":"https:\/\/www.naturparkmagazin.de\/stechlin\/leader-regionen-bestaetigt\/","name":"LEADER-Regionen best\u00e4tigt - Naturpark Stechlin-Ruppiner Land","isPartOf":{"@id":"https:\/\/www.naturparkmagazin.de\/stechlin\/#website"},"datePublished":"2015-01-27T14:42:51+00:00","dateModified":"2015-01-27T14:56:21+00:00","author":{"@id":"https:\/\/www.naturparkmagazin.de\/stechlin\/#\/schema\/person\/3f0d93203df21c806dd63c76d9bb28bc"},"breadcrumb":{"@id":"https:\/\/www.naturparkmagazin.de\/stechlin\/leader-regionen-bestaetigt\/#breadcrumb"},"inLanguage":"de","potentialAction":[{"@type":"ReadAction","target":["https:\/\/www.naturparkmagazin.de\/stechlin\/leader-regionen-bestaetigt\/"]}]},{"@type":"BreadcrumbList","@id":"https:\/\/www.naturparkmagazin.de\/stechlin\/leader-regionen-bestaetigt\/#breadcrumb","itemListElement":[{"@type":"ListItem","position":1,"name":"Home","item":"https:\/\/www.naturparkmagazin.de\/stechlin\/"},{"@type":"ListItem","position":2,"name":"LEADER-Regionen best\u00e4tigt"}]},{"@type":"WebSite","@id":"https:\/\/www.naturparkmagazin.de\/stechlin\/#website","url":"https:\/\/www.naturparkmagazin.de\/stechlin\/","name":"Naturpark Stechlin-Ruppiner Land","description":"","potentialAction":[{"@type":"SearchAction","target":{"@type":"EntryPoint","urlTemplate":"https:\/\/www.naturparkmagazin.de\/stechlin\/?s={search_term_string}"},"query-input":"required name=search_term_string"}],"inLanguage":"de"},{"@type":"Person","@id":"https:\/\/www.naturparkmagazin.de\/stechlin\/#\/schema\/person\/3f0d93203df21c806dd63c76d9bb28bc","name":"marioschrumpf","url":"https:\/\/www.naturparkmagazin.de\/stechlin\/author\/marioschrumpf\/"}]}},"_links":{"self":[{"href":"https:\/\/www.naturparkmagazin.de\/stechlin\/wp-json\/wp\/v2\/posts\/1801"}],"collection":[{"href":"https:\/\/www.naturparkmagazin.de\/stechlin\/wp-json\/wp\/v2\/posts"}],"about":[{"href":"https:\/\/www.naturparkmagazin.de\/stechlin\/wp-json\/wp\/v2\/types\/post"}],"author":[{"embeddable":true,"href":"https:\/\/www.naturparkmagazin.de\/stechlin\/wp-json\/wp\/v2\/users\/39"}],"replies":[{"embeddable":true,"href":"https:\/\/www.naturparkmagazin.de\/stechlin\/wp-json\/wp\/v2\/comments?post=1801"}],"version-history":[{"count":7,"href":"https:\/\/www.naturparkmagazin.de\/stechlin\/wp-json\/wp\/v2\/posts\/1801\/revisions"}],"predecessor-version":[{"id":1813,"href":"https:\/\/www.naturparkmagazin.de\/stechlin\/wp-json\/wp\/v2\/posts\/1801\/revisions\/1813"}],"wp:featuredmedia":[{"embeddable":true,"href":"https:\/\/www.naturparkmagazin.de\/stechlin\/wp-json\/wp\/v2\/media\/476"}],"wp:attachment":[{"href":"https:\/\/www.naturparkmagazin.de\/stechlin\/wp-json\/wp\/v2\/media?parent=1801"}],"wp:term":[{"taxonomy":"category","embeddable":true,"href":"https:\/\/www.naturparkmagazin.de\/stechlin\/wp-json\/wp\/v2\/categories?post=1801"},{"taxonomy":"post_tag","embeddable":true,"href":"https:\/\/www.naturparkmagazin.de\/stechlin\/wp-json\/wp\/v2\/tags?post=1801"}],"curies":[{"name":"wp","href":"https:\/\/api.w.org\/{rel}","templated":true}]}}