{"id":18299,"date":"2025-10-23T16:06:19","date_gmt":"2025-10-23T14:06:19","guid":{"rendered":"https:\/\/www.naturparkmagazin.de\/stechlin\/?p=18299"},"modified":"2025-10-30T12:17:31","modified_gmt":"2025-10-30T11:17:31","slug":"sternenfuehrung-in-der-kyritz-ruppiner-heide","status":"publish","type":"post","link":"https:\/\/www.naturparkmagazin.de\/stechlin\/sternenfuehrung-in-der-kyritz-ruppiner-heide\/","title":{"rendered":"Sternenf\u00fchrung in der Kyritz-Ruppiner Heide"},"content":{"rendered":"<p>Unter dem Titel &#8222;<em>Winterlicher Sternenhimmel<\/em>&#8222;, f\u00fchren <strong>Konrad Guhl<\/strong> vom F\u00f6rderverein der Archenhold-Sternwarte Berlin, <strong>Dr. Hannes Petrischak<\/strong>, Leiter des Gesch\u00e4ftsbereiches Sielmanns Naturlandschaften &amp; Naturerlebnis und <strong>G\u00fcnter Lutz<\/strong>, zertifizierter Natur- und Landschaftsf\u00fchrer des Naturparks durch die Nacht. Astronomische Hintergr\u00fcnde von Sternschnuppen und anderen Erscheinungen am Himmel werden genauso thematisiert, wie die \u00f6kologische Bedeutung der n\u00e4chtlichen Dunkelheit f\u00fcr die einzigartige Tierwelt im Bereich der Heide. Au\u00dferdem werden die Geschichten der Herbst- und Wintersternbilder erz\u00e4hlt: Sagenhafte Ungeheuer, Heldentaten und Liebesgeschichten aus der griechischen Mythologie sind am Himmel verewigt und werden an diesem Abend lebendig.<\/p>\n<p><strong>Wann:<\/strong> 21.11.25, 18 Uhr<\/p>\n<p><strong>Wo:<\/strong> Treffpunkt Parkplatz Pfalzheim<\/p>\n<p><strong>Kosten:<\/strong> 10 \u20ac (Kinder\/Jugendliche frei)<\/p>\n<p><strong>Anmeldung:<\/strong> per Email an G\u00fcnter Lutz: urlaubsberatung@t-online.de<\/p>\n<p><strong>Hinweis:<\/strong> Bei wolkenverhangenem Himmel laden wir alternativ ins Dorfgemeinschaftshaus R\u00e4gelin zum Vortrag &#8222;<em>Sterne und Sternbilder, wie wir uns am Himmel zurecht finden<\/em>&#8220; (Referent Konrad Guhl) ein.<\/p>\n<div id=\"attachment_18316\" style=\"width: 410px\" class=\"wp-caption aligncenter\"><a href=\"https:\/\/www.naturparkmagazin.de\/stechlin\/wp-content\/uploads\/sites\/38\/IMG_1789-scaled-e1761249524625.jpg\"><img aria-describedby=\"caption-attachment-18316\" decoding=\"async\" loading=\"lazy\" class=\"wp-image-18316 size-full\" src=\"https:\/\/www.naturparkmagazin.de\/stechlin\/wp-content\/uploads\/sites\/38\/IMG_1789-scaled-e1761249524625.jpg\" alt=\"\" width=\"400\" height=\"378\" srcset=\"https:\/\/www.naturparkmagazin.de\/stechlin\/wp-content\/uploads\/sites\/38\/IMG_1789-scaled-e1761249524625.jpg 400w, https:\/\/www.naturparkmagazin.de\/stechlin\/wp-content\/uploads\/sites\/38\/IMG_1789-scaled-e1761249524625-300x284.jpg 300w, https:\/\/www.naturparkmagazin.de\/stechlin\/wp-content\/uploads\/sites\/38\/IMG_1789-scaled-e1761249524625-200x189.jpg 200w\" sizes=\"(max-width: 400px) 100vw, 400px\" \/><\/a><p id=\"caption-attachment-18316\" class=\"wp-caption-text\">Sternenhimmel \u00fcber der Kyritz-Ruppiner Heide \u00a9 Dr. Andreas H\u00e4nel<\/p><\/div>\n","protected":false},"excerpt":{"rendered":"<p>Am 21.11.25 f\u00fchren Konrad Guhl vom F\u00f6rderverein Archenhold-Sternwarte Berlin, Dr. Hannes Petrischak, heinz Sielmann Stiftung und G\u00fcnter Lutz unter dem Titel &#8222;Winterlicher Sternenhimmel&#8220;, durch die Nacht.<\/p>\n","protected":false},"author":39,"featured_media":18316,"comment_status":"open","ping_status":"open","sticky":false,"template":"","format":"standard","meta":[],"categories":[11],"tags":[],"yoast_head":"<!-- This site is optimized with the Yoast SEO plugin v19.10 - https:\/\/yoast.com\/wordpress\/plugins\/seo\/ -->\n<title>Sternenf\u00fchrung in der Kyritz-Ruppiner Heide - Naturpark Stechlin-Ruppiner Land<\/title>\n<meta name=\"robots\" content=\"index, follow, max-snippet:-1, max-image-preview:large, max-video-preview:-1\" \/>\n<link rel=\"canonical\" href=\"https:\/\/www.naturparkmagazin.de\/stechlin\/sternenfuehrung-in-der-kyritz-ruppiner-heide\/\" \/>\n<meta property=\"og:locale\" content=\"de_DE\" \/>\n<meta property=\"og:type\" content=\"article\" \/>\n<meta property=\"og:title\" content=\"Sternenf\u00fchrung in der Kyritz-Ruppiner Heide - Naturpark Stechlin-Ruppiner Land\" \/>\n<meta property=\"og:description\" content=\"Am 21.11.25 f\u00fchren Konrad Guhl vom F\u00f6rderverein Archenhold-Sternwarte Berlin, Dr. Hannes Petrischak, heinz Sielmann Stiftung und G\u00fcnter Lutz unter dem Titel &quot;Winterlicher Sternenhimmel&quot;, durch die Nacht.\" \/>\n<meta property=\"og:url\" content=\"https:\/\/www.naturparkmagazin.de\/stechlin\/sternenfuehrung-in-der-kyritz-ruppiner-heide\/\" \/>\n<meta property=\"og:site_name\" content=\"Naturpark Stechlin-Ruppiner Land\" \/>\n<meta property=\"article:published_time\" content=\"2025-10-23T14:06:19+00:00\" \/>\n<meta property=\"article:modified_time\" content=\"2025-10-30T11:17:31+00:00\" \/>\n<meta property=\"og:image\" content=\"https:\/\/www.naturparkmagazin.de\/stechlin\/wp-content\/uploads\/sites\/38\/IMG_1789-scaled-e1761249524625.jpg\" \/>\n\t<meta property=\"og:image:width\" content=\"400\" \/>\n\t<meta property=\"og:image:height\" content=\"378\" \/>\n\t<meta property=\"og:image:type\" content=\"image\/jpeg\" \/>\n<meta name=\"author\" content=\"marioschrumpf\" \/>\n<meta name=\"twitter:label1\" content=\"Verfasst von\" \/>\n\t<meta name=\"twitter:data1\" content=\"marioschrumpf\" \/>\n\t<meta name=\"twitter:label2\" content=\"Gesch\u00e4tzte Lesezeit\" \/>\n\t<meta name=\"twitter:data2\" content=\"2\u00a0Minuten\" \/>\n<script type=\"application\/ld+json\" class=\"yoast-schema-graph\">{\"@context\":\"https:\/\/schema.org\",\"@graph\":[{\"@type\":\"WebPage\",\"@id\":\"https:\/\/www.naturparkmagazin.de\/stechlin\/sternenfuehrung-in-der-kyritz-ruppiner-heide\/\",\"url\":\"https:\/\/www.naturparkmagazin.de\/stechlin\/sternenfuehrung-in-der-kyritz-ruppiner-heide\/\",\"name\":\"Sternenf\u00fchrung in der Kyritz-Ruppiner Heide - Naturpark Stechlin-Ruppiner Land\",\"isPartOf\":{\"@id\":\"https:\/\/www.naturparkmagazin.de\/stechlin\/#website\"},\"datePublished\":\"2025-10-23T14:06:19+00:00\",\"dateModified\":\"2025-10-30T11:17:31+00:00\",\"author\":{\"@id\":\"https:\/\/www.naturparkmagazin.de\/stechlin\/#\/schema\/person\/3f0d93203df21c806dd63c76d9bb28bc\"},\"breadcrumb\":{\"@id\":\"https:\/\/www.naturparkmagazin.de\/stechlin\/sternenfuehrung-in-der-kyritz-ruppiner-heide\/#breadcrumb\"},\"inLanguage\":\"de\",\"potentialAction\":[{\"@type\":\"ReadAction\",\"target\":[\"https:\/\/www.naturparkmagazin.de\/stechlin\/sternenfuehrung-in-der-kyritz-ruppiner-heide\/\"]}]},{\"@type\":\"BreadcrumbList\",\"@id\":\"https:\/\/www.naturparkmagazin.de\/stechlin\/sternenfuehrung-in-der-kyritz-ruppiner-heide\/#breadcrumb\",\"itemListElement\":[{\"@type\":\"ListItem\",\"position\":1,\"name\":\"Home\",\"item\":\"https:\/\/www.naturparkmagazin.de\/stechlin\/\"},{\"@type\":\"ListItem\",\"position\":2,\"name\":\"Sternenf\u00fchrung in der Kyritz-Ruppiner Heide\"}]},{\"@type\":\"WebSite\",\"@id\":\"https:\/\/www.naturparkmagazin.de\/stechlin\/#website\",\"url\":\"https:\/\/www.naturparkmagazin.de\/stechlin\/\",\"name\":\"Naturpark Stechlin-Ruppiner Land\",\"description\":\"\",\"potentialAction\":[{\"@type\":\"SearchAction\",\"target\":{\"@type\":\"EntryPoint\",\"urlTemplate\":\"https:\/\/www.naturparkmagazin.de\/stechlin\/?s={search_term_string}\"},\"query-input\":\"required name=search_term_string\"}],\"inLanguage\":\"de\"},{\"@type\":\"Person\",\"@id\":\"https:\/\/www.naturparkmagazin.de\/stechlin\/#\/schema\/person\/3f0d93203df21c806dd63c76d9bb28bc\",\"name\":\"marioschrumpf\",\"url\":\"https:\/\/www.naturparkmagazin.de\/stechlin\/author\/marioschrumpf\/\"}]}<\/script>\n<!-- \/ Yoast SEO plugin. -->","yoast_head_json":{"title":"Sternenf\u00fchrung in der Kyritz-Ruppiner Heide - Naturpark Stechlin-Ruppiner Land","robots":{"index":"index","follow":"follow","max-snippet":"max-snippet:-1","max-image-preview":"max-image-preview:large","max-video-preview":"max-video-preview:-1"},"canonical":"https:\/\/www.naturparkmagazin.de\/stechlin\/sternenfuehrung-in-der-kyritz-ruppiner-heide\/","og_locale":"de_DE","og_type":"article","og_title":"Sternenf\u00fchrung in der Kyritz-Ruppiner Heide - Naturpark Stechlin-Ruppiner Land","og_description":"Am 21.11.25 f\u00fchren Konrad Guhl vom F\u00f6rderverein Archenhold-Sternwarte Berlin, Dr. Hannes Petrischak, heinz Sielmann Stiftung und G\u00fcnter Lutz unter dem Titel \"Winterlicher Sternenhimmel\", durch die Nacht.","og_url":"https:\/\/www.naturparkmagazin.de\/stechlin\/sternenfuehrung-in-der-kyritz-ruppiner-heide\/","og_site_name":"Naturpark Stechlin-Ruppiner Land","article_published_time":"2025-10-23T14:06:19+00:00","article_modified_time":"2025-10-30T11:17:31+00:00","og_image":[{"width":400,"height":378,"url":"https:\/\/www.naturparkmagazin.de\/stechlin\/wp-content\/uploads\/sites\/38\/IMG_1789-scaled-e1761249524625.jpg","type":"image\/jpeg"}],"author":"marioschrumpf","twitter_misc":{"Verfasst von":"marioschrumpf","Gesch\u00e4tzte Lesezeit":"2\u00a0Minuten"},"schema":{"@context":"https:\/\/schema.org","@graph":[{"@type":"WebPage","@id":"https:\/\/www.naturparkmagazin.de\/stechlin\/sternenfuehrung-in-der-kyritz-ruppiner-heide\/","url":"https:\/\/www.naturparkmagazin.de\/stechlin\/sternenfuehrung-in-der-kyritz-ruppiner-heide\/","name":"Sternenf\u00fchrung in der Kyritz-Ruppiner Heide - Naturpark Stechlin-Ruppiner Land","isPartOf":{"@id":"https:\/\/www.naturparkmagazin.de\/stechlin\/#website"},"datePublished":"2025-10-23T14:06:19+00:00","dateModified":"2025-10-30T11:17:31+00:00","author":{"@id":"https:\/\/www.naturparkmagazin.de\/stechlin\/#\/schema\/person\/3f0d93203df21c806dd63c76d9bb28bc"},"breadcrumb":{"@id":"https:\/\/www.naturparkmagazin.de\/stechlin\/sternenfuehrung-in-der-kyritz-ruppiner-heide\/#breadcrumb"},"inLanguage":"de","potentialAction":[{"@type":"ReadAction","target":["https:\/\/www.naturparkmagazin.de\/stechlin\/sternenfuehrung-in-der-kyritz-ruppiner-heide\/"]}]},{"@type":"BreadcrumbList","@id":"https:\/\/www.naturparkmagazin.de\/stechlin\/sternenfuehrung-in-der-kyritz-ruppiner-heide\/#breadcrumb","itemListElement":[{"@type":"ListItem","position":1,"name":"Home","item":"https:\/\/www.naturparkmagazin.de\/stechlin\/"},{"@type":"ListItem","position":2,"name":"Sternenf\u00fchrung in der Kyritz-Ruppiner Heide"}]},{"@type":"WebSite","@id":"https:\/\/www.naturparkmagazin.de\/stechlin\/#website","url":"https:\/\/www.naturparkmagazin.de\/stechlin\/","name":"Naturpark Stechlin-Ruppiner Land","description":"","potentialAction":[{"@type":"SearchAction","target":{"@type":"EntryPoint","urlTemplate":"https:\/\/www.naturparkmagazin.de\/stechlin\/?s={search_term_string}"},"query-input":"required name=search_term_string"}],"inLanguage":"de"},{"@type":"Person","@id":"https:\/\/www.naturparkmagazin.de\/stechlin\/#\/schema\/person\/3f0d93203df21c806dd63c76d9bb28bc","name":"marioschrumpf","url":"https:\/\/www.naturparkmagazin.de\/stechlin\/author\/marioschrumpf\/"}]}},"_links":{"self":[{"href":"https:\/\/www.naturparkmagazin.de\/stechlin\/wp-json\/wp\/v2\/posts\/18299"}],"collection":[{"href":"https:\/\/www.naturparkmagazin.de\/stechlin\/wp-json\/wp\/v2\/posts"}],"about":[{"href":"https:\/\/www.naturparkmagazin.de\/stechlin\/wp-json\/wp\/v2\/types\/post"}],"author":[{"embeddable":true,"href":"https:\/\/www.naturparkmagazin.de\/stechlin\/wp-json\/wp\/v2\/users\/39"}],"replies":[{"embeddable":true,"href":"https:\/\/www.naturparkmagazin.de\/stechlin\/wp-json\/wp\/v2\/comments?post=18299"}],"version-history":[{"count":13,"href":"https:\/\/www.naturparkmagazin.de\/stechlin\/wp-json\/wp\/v2\/posts\/18299\/revisions"}],"predecessor-version":[{"id":18542,"href":"https:\/\/www.naturparkmagazin.de\/stechlin\/wp-json\/wp\/v2\/posts\/18299\/revisions\/18542"}],"wp:featuredmedia":[{"embeddable":true,"href":"https:\/\/www.naturparkmagazin.de\/stechlin\/wp-json\/wp\/v2\/media\/18316"}],"wp:attachment":[{"href":"https:\/\/www.naturparkmagazin.de\/stechlin\/wp-json\/wp\/v2\/media?parent=18299"}],"wp:term":[{"taxonomy":"category","embeddable":true,"href":"https:\/\/www.naturparkmagazin.de\/stechlin\/wp-json\/wp\/v2\/categories?post=18299"},{"taxonomy":"post_tag","embeddable":true,"href":"https:\/\/www.naturparkmagazin.de\/stechlin\/wp-json\/wp\/v2\/tags?post=18299"}],"curies":[{"name":"wp","href":"https:\/\/api.w.org\/{rel}","templated":true}]}}