{"id":1832,"date":"2015-02-18T11:27:43","date_gmt":"2015-02-18T10:27:43","guid":{"rendered":"http:\/\/www.naturparkmagazin.de\/stechlin\/?p=1832"},"modified":"2015-02-25T18:14:28","modified_gmt":"2015-02-25T17:14:28","slug":"liebe-leserinnen-und-leser-7","status":"publish","type":"post","link":"https:\/\/www.naturparkmagazin.de\/stechlin\/liebe-leserinnen-und-leser-7\/","title":{"rendered":"Liebe Leserinnen und Leser,"},"content":{"rendered":"<p>ohne das ehrenamtliche Engagement zahlreicher Mitstreiterinnen und Mitstreiter w\u00e4re die erfolgreiche Arbeit unseres Naturparknetzwerkes undenkbar. Egal ob als Vereinsvorsitzender, Freiwilliger der Naturwacht, Biberrevierkartierer, Veranstaltungsorganisator oder einfach nur als stiller Helfer im \u00a0Hintergrund &#8211; die Vielfalt der Aktivit\u00e4ten im Naturpark w\u00e4re ohne sie undenkbar. Sch\u00f6n, dass unsere Gesellschaft sich von Zeit zu Zeit darin erinnert und das Ehrenamt \u00f6ffentlich w\u00fcrdigt und ins Rampenlicht r\u00fcckt, wie zum Jahresende mit der Verleihung des Ehrenamtspreises des Landkreises Oberhavel an den Vorsitzenden unseres F\u00f6rdervereins Naturlandschaft Stechlin und Menzer Heide e.V., Dr. Wolfgang Henkel.<\/p>\n<p>An dieser Stelle auch von mir nochmal ein herzliches Dankesch\u00f6n an all die flei\u00dfigen Geister vor und hinter den Kullissen unseres Naturparks!<\/p>\n<p>Viel Spa\u00df beim Lesen und eine sch\u00f6ne Vorfr\u00fchlingszeit!<\/p>\n<p>&nbsp;<\/p>\n<p>Dr. Mario Schrumpf\nTeamleiter des Naturparks Stechlin-Ruppiner Land<\/p>\n","protected":false},"excerpt":{"rendered":"<p>ohne das ehrenamtliche Engagement zahlreicher Mitstreiterinnen und Mitstreiter w\u00e4re die erfolgreiche Arbeit unseres Naturparknetzwerkes undenkbar. Egal ob als Vereinsvorsitzender, Freiwilliger der Naturwacht, Biberrevierkartierer, Veranstaltungsorganisator oder einfach nur als stiller Helfer im \u00a0Hintergrund &#8211; die Vielfalt der Aktivit\u00e4ten im Naturpark w\u00e4re ohne sie undenkbar. Sch\u00f6n, dass unsere Gesellschaft sich von Zeit zu Zeit darin erinnert und<\/p>\n","protected":false},"author":39,"featured_media":0,"comment_status":"open","ping_status":"open","sticky":false,"template":"","format":"standard","meta":[],"categories":[52],"tags":[],"yoast_head":"<!-- This site is optimized with the Yoast SEO plugin v19.10 - https:\/\/yoast.com\/wordpress\/plugins\/seo\/ -->\n<title>Liebe Leserinnen und Leser, - Naturpark Stechlin-Ruppiner Land<\/title>\n<meta name=\"robots\" content=\"index, follow, max-snippet:-1, max-image-preview:large, max-video-preview:-1\" \/>\n<link rel=\"canonical\" href=\"https:\/\/www.naturparkmagazin.de\/stechlin\/liebe-leserinnen-und-leser-7\/\" \/>\n<meta property=\"og:locale\" content=\"de_DE\" \/>\n<meta property=\"og:type\" content=\"article\" \/>\n<meta property=\"og:title\" content=\"Liebe Leserinnen und Leser, - Naturpark Stechlin-Ruppiner Land\" \/>\n<meta property=\"og:description\" content=\"ohne das ehrenamtliche Engagement zahlreicher Mitstreiterinnen und Mitstreiter w\u00e4re die erfolgreiche Arbeit unseres Naturparknetzwerkes undenkbar. Egal ob als Vereinsvorsitzender, Freiwilliger der Naturwacht, Biberrevierkartierer, Veranstaltungsorganisator oder einfach nur als stiller Helfer im \u00a0Hintergrund &#8211; die Vielfalt der Aktivit\u00e4ten im Naturpark w\u00e4re ohne sie undenkbar. Sch\u00f6n, dass unsere Gesellschaft sich von Zeit zu Zeit darin erinnert und\" \/>\n<meta property=\"og:url\" content=\"https:\/\/www.naturparkmagazin.de\/stechlin\/liebe-leserinnen-und-leser-7\/\" \/>\n<meta property=\"og:site_name\" content=\"Naturpark Stechlin-Ruppiner Land\" \/>\n<meta property=\"article:published_time\" content=\"2015-02-18T10:27:43+00:00\" \/>\n<meta property=\"article:modified_time\" content=\"2015-02-25T17:14:28+00:00\" \/>\n<meta name=\"author\" content=\"marioschrumpf\" \/>\n<meta name=\"twitter:label1\" content=\"Verfasst von\" \/>\n\t<meta name=\"twitter:data1\" content=\"marioschrumpf\" \/>\n\t<meta name=\"twitter:label2\" content=\"Gesch\u00e4tzte Lesezeit\" \/>\n\t<meta name=\"twitter:data2\" content=\"1\u00a0Minute\" \/>\n<script type=\"application\/ld+json\" class=\"yoast-schema-graph\">{\"@context\":\"https:\/\/schema.org\",\"@graph\":[{\"@type\":\"WebPage\",\"@id\":\"https:\/\/www.naturparkmagazin.de\/stechlin\/liebe-leserinnen-und-leser-7\/\",\"url\":\"https:\/\/www.naturparkmagazin.de\/stechlin\/liebe-leserinnen-und-leser-7\/\",\"name\":\"Liebe Leserinnen und Leser, - Naturpark Stechlin-Ruppiner Land\",\"isPartOf\":{\"@id\":\"https:\/\/www.naturparkmagazin.de\/stechlin\/#website\"},\"datePublished\":\"2015-02-18T10:27:43+00:00\",\"dateModified\":\"2015-02-25T17:14:28+00:00\",\"author\":{\"@id\":\"https:\/\/www.naturparkmagazin.de\/stechlin\/#\/schema\/person\/3f0d93203df21c806dd63c76d9bb28bc\"},\"breadcrumb\":{\"@id\":\"https:\/\/www.naturparkmagazin.de\/stechlin\/liebe-leserinnen-und-leser-7\/#breadcrumb\"},\"inLanguage\":\"de\",\"potentialAction\":[{\"@type\":\"ReadAction\",\"target\":[\"https:\/\/www.naturparkmagazin.de\/stechlin\/liebe-leserinnen-und-leser-7\/\"]}]},{\"@type\":\"BreadcrumbList\",\"@id\":\"https:\/\/www.naturparkmagazin.de\/stechlin\/liebe-leserinnen-und-leser-7\/#breadcrumb\",\"itemListElement\":[{\"@type\":\"ListItem\",\"position\":1,\"name\":\"Home\",\"item\":\"https:\/\/www.naturparkmagazin.de\/stechlin\/\"},{\"@type\":\"ListItem\",\"position\":2,\"name\":\"Liebe Leserinnen und Leser,\"}]},{\"@type\":\"WebSite\",\"@id\":\"https:\/\/www.naturparkmagazin.de\/stechlin\/#website\",\"url\":\"https:\/\/www.naturparkmagazin.de\/stechlin\/\",\"name\":\"Naturpark Stechlin-Ruppiner Land\",\"description\":\"\",\"potentialAction\":[{\"@type\":\"SearchAction\",\"target\":{\"@type\":\"EntryPoint\",\"urlTemplate\":\"https:\/\/www.naturparkmagazin.de\/stechlin\/?s={search_term_string}\"},\"query-input\":\"required name=search_term_string\"}],\"inLanguage\":\"de\"},{\"@type\":\"Person\",\"@id\":\"https:\/\/www.naturparkmagazin.de\/stechlin\/#\/schema\/person\/3f0d93203df21c806dd63c76d9bb28bc\",\"name\":\"marioschrumpf\",\"url\":\"https:\/\/www.naturparkmagazin.de\/stechlin\/author\/marioschrumpf\/\"}]}<\/script>\n<!-- \/ Yoast SEO plugin. -->","yoast_head_json":{"title":"Liebe Leserinnen und Leser, - Naturpark Stechlin-Ruppiner Land","robots":{"index":"index","follow":"follow","max-snippet":"max-snippet:-1","max-image-preview":"max-image-preview:large","max-video-preview":"max-video-preview:-1"},"canonical":"https:\/\/www.naturparkmagazin.de\/stechlin\/liebe-leserinnen-und-leser-7\/","og_locale":"de_DE","og_type":"article","og_title":"Liebe Leserinnen und Leser, - Naturpark Stechlin-Ruppiner Land","og_description":"ohne das ehrenamtliche Engagement zahlreicher Mitstreiterinnen und Mitstreiter w\u00e4re die erfolgreiche Arbeit unseres Naturparknetzwerkes undenkbar. Egal ob als Vereinsvorsitzender, Freiwilliger der Naturwacht, Biberrevierkartierer, Veranstaltungsorganisator oder einfach nur als stiller Helfer im \u00a0Hintergrund &#8211; die Vielfalt der Aktivit\u00e4ten im Naturpark w\u00e4re ohne sie undenkbar. Sch\u00f6n, dass unsere Gesellschaft sich von Zeit zu Zeit darin erinnert und","og_url":"https:\/\/www.naturparkmagazin.de\/stechlin\/liebe-leserinnen-und-leser-7\/","og_site_name":"Naturpark Stechlin-Ruppiner Land","article_published_time":"2015-02-18T10:27:43+00:00","article_modified_time":"2015-02-25T17:14:28+00:00","author":"marioschrumpf","twitter_misc":{"Verfasst von":"marioschrumpf","Gesch\u00e4tzte Lesezeit":"1\u00a0Minute"},"schema":{"@context":"https:\/\/schema.org","@graph":[{"@type":"WebPage","@id":"https:\/\/www.naturparkmagazin.de\/stechlin\/liebe-leserinnen-und-leser-7\/","url":"https:\/\/www.naturparkmagazin.de\/stechlin\/liebe-leserinnen-und-leser-7\/","name":"Liebe Leserinnen und Leser, - Naturpark Stechlin-Ruppiner Land","isPartOf":{"@id":"https:\/\/www.naturparkmagazin.de\/stechlin\/#website"},"datePublished":"2015-02-18T10:27:43+00:00","dateModified":"2015-02-25T17:14:28+00:00","author":{"@id":"https:\/\/www.naturparkmagazin.de\/stechlin\/#\/schema\/person\/3f0d93203df21c806dd63c76d9bb28bc"},"breadcrumb":{"@id":"https:\/\/www.naturparkmagazin.de\/stechlin\/liebe-leserinnen-und-leser-7\/#breadcrumb"},"inLanguage":"de","potentialAction":[{"@type":"ReadAction","target":["https:\/\/www.naturparkmagazin.de\/stechlin\/liebe-leserinnen-und-leser-7\/"]}]},{"@type":"BreadcrumbList","@id":"https:\/\/www.naturparkmagazin.de\/stechlin\/liebe-leserinnen-und-leser-7\/#breadcrumb","itemListElement":[{"@type":"ListItem","position":1,"name":"Home","item":"https:\/\/www.naturparkmagazin.de\/stechlin\/"},{"@type":"ListItem","position":2,"name":"Liebe Leserinnen und Leser,"}]},{"@type":"WebSite","@id":"https:\/\/www.naturparkmagazin.de\/stechlin\/#website","url":"https:\/\/www.naturparkmagazin.de\/stechlin\/","name":"Naturpark Stechlin-Ruppiner Land","description":"","potentialAction":[{"@type":"SearchAction","target":{"@type":"EntryPoint","urlTemplate":"https:\/\/www.naturparkmagazin.de\/stechlin\/?s={search_term_string}"},"query-input":"required name=search_term_string"}],"inLanguage":"de"},{"@type":"Person","@id":"https:\/\/www.naturparkmagazin.de\/stechlin\/#\/schema\/person\/3f0d93203df21c806dd63c76d9bb28bc","name":"marioschrumpf","url":"https:\/\/www.naturparkmagazin.de\/stechlin\/author\/marioschrumpf\/"}]}},"_links":{"self":[{"href":"https:\/\/www.naturparkmagazin.de\/stechlin\/wp-json\/wp\/v2\/posts\/1832"}],"collection":[{"href":"https:\/\/www.naturparkmagazin.de\/stechlin\/wp-json\/wp\/v2\/posts"}],"about":[{"href":"https:\/\/www.naturparkmagazin.de\/stechlin\/wp-json\/wp\/v2\/types\/post"}],"author":[{"embeddable":true,"href":"https:\/\/www.naturparkmagazin.de\/stechlin\/wp-json\/wp\/v2\/users\/39"}],"replies":[{"embeddable":true,"href":"https:\/\/www.naturparkmagazin.de\/stechlin\/wp-json\/wp\/v2\/comments?post=1832"}],"version-history":[{"count":7,"href":"https:\/\/www.naturparkmagazin.de\/stechlin\/wp-json\/wp\/v2\/posts\/1832\/revisions"}],"predecessor-version":[{"id":1930,"href":"https:\/\/www.naturparkmagazin.de\/stechlin\/wp-json\/wp\/v2\/posts\/1832\/revisions\/1930"}],"wp:attachment":[{"href":"https:\/\/www.naturparkmagazin.de\/stechlin\/wp-json\/wp\/v2\/media?parent=1832"}],"wp:term":[{"taxonomy":"category","embeddable":true,"href":"https:\/\/www.naturparkmagazin.de\/stechlin\/wp-json\/wp\/v2\/categories?post=1832"},{"taxonomy":"post_tag","embeddable":true,"href":"https:\/\/www.naturparkmagazin.de\/stechlin\/wp-json\/wp\/v2\/tags?post=1832"}],"curies":[{"name":"wp","href":"https:\/\/api.w.org\/{rel}","templated":true}]}}