{"id":1834,"date":"2015-02-18T11:56:37","date_gmt":"2015-02-18T10:56:37","guid":{"rendered":"http:\/\/www.naturparkmagazin.de\/stechlin\/?p=1834"},"modified":"2015-02-25T13:08:31","modified_gmt":"2015-02-25T12:08:31","slug":"verleihung-des-ehrenamtspreises-an-dr-wolfgang-henkel","status":"publish","type":"post","link":"https:\/\/www.naturparkmagazin.de\/stechlin\/verleihung-des-ehrenamtspreises-an-dr-wolfgang-henkel\/","title":{"rendered":"Verleihung des Ehrenamtspreises an Dr. Wolfgang Henkel"},"content":{"rendered":"<div id=\"attachment_963\" style=\"width: 517px\" class=\"wp-caption alignleft\"><a href=\"https:\/\/www.naturparkmagazin.de\/stechlin\/wp-content\/uploads\/sites\/38\/Danke-f.-Wolfgang-Henkel-5.jpg\"><img aria-describedby=\"caption-attachment-963\" decoding=\"async\" loading=\"lazy\" class=\"size-full wp-image-963  \" alt=\"Naturparkleiter Dr. Mario Schrumpf bedankt sich beim Vorsitzenden des F\u00f6rdervereins, Dr. Wolfgang Henkel\" src=\"https:\/\/www.naturparkmagazin.de\/stechlin\/wp-content\/uploads\/sites\/38\/Danke-f.-Wolfgang-Henkel-5.jpg\" width=\"507\" height=\"459\" \/><\/a><p id=\"caption-attachment-963\" class=\"wp-caption-text\">Naturparkleiter Dr. Mario Schrumpf bedankt sich beim Vorsitzenden des F\u00f6rdervereins, Dr. Wolfgang Henkel anl\u00e4\u00dflich des 20j\u00e4hrigen Vereins-Jubil\u00e4ums<\/p><\/div>\n<p>Ende des vergangenen Jahres wurde auf Vorschlag des Amtsdirektors des Amtes Gransee und Gemeinden Dr. Wolfgang Henkel mit dem Ehrenamtspreis des Landkreises Oberhavel und der Mittelbrandenburgischen Sparkasse geehrt. Dr. Henkel ist seit Jahrzehnten ehrenamtlich t\u00e4tig. Viele Jahre war er Mitglied der Gemeindevertretung, ehrenamtlicher B\u00fcrgermeister der damaligen Gemeinde Menz und nach der Gemeindegebietsreform bis 2003 ehrenamtlicher B\u00fcrgermeister der Gro\u00dfgemeinde Stechlin.<\/p>\n<p>Der 75-j\u00e4hrige wohnt seit \u00fcber 50 Jahren in Menz, wo er Jahrzehnte lang als Tierarzt praktizierte. Seit 2003 ist er Vorsitzender des F\u00f6rdervereins &#8222;Naturlandschaft Stechlin und Menzer Heide e.V.&#8220;. Wolfgang Henkel hat einen entscheidenden Anteil am Entstehen und der Entwicklung des Besucherzentrums NaturParkHaus Stechlin in Menz und des Glasmacherhauses in Neuglobsow sowie der Regionalwerkstatt Stechlin. Die Entwicklung des Naturparks ist untrennbar mit seinem Namen verbunden.<\/p>\n<p>Einzigartig sind seine Natur-Fotografien, die bereits mehrfach pr\u00e4miert wurden. Vom 5. Juni-4. September\u00a0wird er die sch\u00f6nsten Motive in einer Ausstellung in der Regionalwerkstatt Stechlin in Menz pr\u00e4sentieren.<\/p>\n","protected":false},"excerpt":{"rendered":"<p>Ende des vergangenen Jahres wurde auf Vorschlag des Amtsdirektors des Amtes Gransee und Gemeinden Dr. Wolfgang Henkel mit dem Ehrenamtspreis des Landkreises Oberhavel und der Mittelbrandenburgischen Sparkasse geehrt.<\/p>\n","protected":false},"author":39,"featured_media":1843,"comment_status":"open","ping_status":"open","sticky":false,"template":"","format":"standard","meta":[],"categories":[8],"tags":[],"yoast_head":"<!-- This site is optimized with the Yoast SEO plugin v19.10 - https:\/\/yoast.com\/wordpress\/plugins\/seo\/ -->\n<title>Verleihung des Ehrenamtspreises an Dr. Wolfgang Henkel - Naturpark Stechlin-Ruppiner Land<\/title>\n<meta name=\"robots\" content=\"index, follow, max-snippet:-1, max-image-preview:large, max-video-preview:-1\" \/>\n<link rel=\"canonical\" href=\"https:\/\/www.naturparkmagazin.de\/stechlin\/verleihung-des-ehrenamtspreises-an-dr-wolfgang-henkel\/\" \/>\n<meta property=\"og:locale\" content=\"de_DE\" \/>\n<meta property=\"og:type\" content=\"article\" \/>\n<meta property=\"og:title\" content=\"Verleihung des Ehrenamtspreises an Dr. Wolfgang Henkel - Naturpark Stechlin-Ruppiner Land\" \/>\n<meta property=\"og:description\" content=\"Ende des vergangenen Jahres wurde auf Vorschlag des Amtsdirektors des Amtes Gransee und Gemeinden Dr. Wolfgang Henkel mit dem Ehrenamtspreis des Landkreises Oberhavel und der Mittelbrandenburgischen Sparkasse geehrt.\" \/>\n<meta property=\"og:url\" content=\"https:\/\/www.naturparkmagazin.de\/stechlin\/verleihung-des-ehrenamtspreises-an-dr-wolfgang-henkel\/\" \/>\n<meta property=\"og:site_name\" content=\"Naturpark Stechlin-Ruppiner Land\" \/>\n<meta property=\"article:published_time\" content=\"2015-02-18T10:56:37+00:00\" \/>\n<meta property=\"article:modified_time\" content=\"2015-02-25T12:08:31+00:00\" \/>\n<meta property=\"og:image\" content=\"https:\/\/www.naturparkmagazin.de\/stechlin\/wp-content\/uploads\/sites\/38\/dr.henkel03.jpg\" \/>\n\t<meta property=\"og:image:width\" content=\"228\" \/>\n\t<meta property=\"og:image:height\" content=\"179\" \/>\n\t<meta property=\"og:image:type\" content=\"image\/jpeg\" \/>\n<meta name=\"author\" content=\"marioschrumpf\" \/>\n<meta name=\"twitter:label1\" content=\"Verfasst von\" \/>\n\t<meta name=\"twitter:data1\" content=\"marioschrumpf\" \/>\n\t<meta name=\"twitter:label2\" content=\"Gesch\u00e4tzte Lesezeit\" \/>\n\t<meta name=\"twitter:data2\" content=\"1\u00a0Minute\" \/>\n<script type=\"application\/ld+json\" class=\"yoast-schema-graph\">{\"@context\":\"https:\/\/schema.org\",\"@graph\":[{\"@type\":\"WebPage\",\"@id\":\"https:\/\/www.naturparkmagazin.de\/stechlin\/verleihung-des-ehrenamtspreises-an-dr-wolfgang-henkel\/\",\"url\":\"https:\/\/www.naturparkmagazin.de\/stechlin\/verleihung-des-ehrenamtspreises-an-dr-wolfgang-henkel\/\",\"name\":\"Verleihung des Ehrenamtspreises an Dr. Wolfgang Henkel - Naturpark Stechlin-Ruppiner Land\",\"isPartOf\":{\"@id\":\"https:\/\/www.naturparkmagazin.de\/stechlin\/#website\"},\"datePublished\":\"2015-02-18T10:56:37+00:00\",\"dateModified\":\"2015-02-25T12:08:31+00:00\",\"author\":{\"@id\":\"https:\/\/www.naturparkmagazin.de\/stechlin\/#\/schema\/person\/3f0d93203df21c806dd63c76d9bb28bc\"},\"breadcrumb\":{\"@id\":\"https:\/\/www.naturparkmagazin.de\/stechlin\/verleihung-des-ehrenamtspreises-an-dr-wolfgang-henkel\/#breadcrumb\"},\"inLanguage\":\"de\",\"potentialAction\":[{\"@type\":\"ReadAction\",\"target\":[\"https:\/\/www.naturparkmagazin.de\/stechlin\/verleihung-des-ehrenamtspreises-an-dr-wolfgang-henkel\/\"]}]},{\"@type\":\"BreadcrumbList\",\"@id\":\"https:\/\/www.naturparkmagazin.de\/stechlin\/verleihung-des-ehrenamtspreises-an-dr-wolfgang-henkel\/#breadcrumb\",\"itemListElement\":[{\"@type\":\"ListItem\",\"position\":1,\"name\":\"Home\",\"item\":\"https:\/\/www.naturparkmagazin.de\/stechlin\/\"},{\"@type\":\"ListItem\",\"position\":2,\"name\":\"Verleihung des Ehrenamtspreises an Dr. Wolfgang Henkel\"}]},{\"@type\":\"WebSite\",\"@id\":\"https:\/\/www.naturparkmagazin.de\/stechlin\/#website\",\"url\":\"https:\/\/www.naturparkmagazin.de\/stechlin\/\",\"name\":\"Naturpark Stechlin-Ruppiner Land\",\"description\":\"\",\"potentialAction\":[{\"@type\":\"SearchAction\",\"target\":{\"@type\":\"EntryPoint\",\"urlTemplate\":\"https:\/\/www.naturparkmagazin.de\/stechlin\/?s={search_term_string}\"},\"query-input\":\"required name=search_term_string\"}],\"inLanguage\":\"de\"},{\"@type\":\"Person\",\"@id\":\"https:\/\/www.naturparkmagazin.de\/stechlin\/#\/schema\/person\/3f0d93203df21c806dd63c76d9bb28bc\",\"name\":\"marioschrumpf\",\"url\":\"https:\/\/www.naturparkmagazin.de\/stechlin\/author\/marioschrumpf\/\"}]}<\/script>\n<!-- \/ Yoast SEO plugin. -->","yoast_head_json":{"title":"Verleihung des Ehrenamtspreises an Dr. Wolfgang Henkel - Naturpark Stechlin-Ruppiner Land","robots":{"index":"index","follow":"follow","max-snippet":"max-snippet:-1","max-image-preview":"max-image-preview:large","max-video-preview":"max-video-preview:-1"},"canonical":"https:\/\/www.naturparkmagazin.de\/stechlin\/verleihung-des-ehrenamtspreises-an-dr-wolfgang-henkel\/","og_locale":"de_DE","og_type":"article","og_title":"Verleihung des Ehrenamtspreises an Dr. Wolfgang Henkel - Naturpark Stechlin-Ruppiner Land","og_description":"Ende des vergangenen Jahres wurde auf Vorschlag des Amtsdirektors des Amtes Gransee und Gemeinden Dr. Wolfgang Henkel mit dem Ehrenamtspreis des Landkreises Oberhavel und der Mittelbrandenburgischen Sparkasse geehrt.","og_url":"https:\/\/www.naturparkmagazin.de\/stechlin\/verleihung-des-ehrenamtspreises-an-dr-wolfgang-henkel\/","og_site_name":"Naturpark Stechlin-Ruppiner Land","article_published_time":"2015-02-18T10:56:37+00:00","article_modified_time":"2015-02-25T12:08:31+00:00","og_image":[{"width":228,"height":179,"url":"https:\/\/www.naturparkmagazin.de\/stechlin\/wp-content\/uploads\/sites\/38\/dr.henkel03.jpg","type":"image\/jpeg"}],"author":"marioschrumpf","twitter_misc":{"Verfasst von":"marioschrumpf","Gesch\u00e4tzte Lesezeit":"1\u00a0Minute"},"schema":{"@context":"https:\/\/schema.org","@graph":[{"@type":"WebPage","@id":"https:\/\/www.naturparkmagazin.de\/stechlin\/verleihung-des-ehrenamtspreises-an-dr-wolfgang-henkel\/","url":"https:\/\/www.naturparkmagazin.de\/stechlin\/verleihung-des-ehrenamtspreises-an-dr-wolfgang-henkel\/","name":"Verleihung des Ehrenamtspreises an Dr. Wolfgang Henkel - Naturpark Stechlin-Ruppiner Land","isPartOf":{"@id":"https:\/\/www.naturparkmagazin.de\/stechlin\/#website"},"datePublished":"2015-02-18T10:56:37+00:00","dateModified":"2015-02-25T12:08:31+00:00","author":{"@id":"https:\/\/www.naturparkmagazin.de\/stechlin\/#\/schema\/person\/3f0d93203df21c806dd63c76d9bb28bc"},"breadcrumb":{"@id":"https:\/\/www.naturparkmagazin.de\/stechlin\/verleihung-des-ehrenamtspreises-an-dr-wolfgang-henkel\/#breadcrumb"},"inLanguage":"de","potentialAction":[{"@type":"ReadAction","target":["https:\/\/www.naturparkmagazin.de\/stechlin\/verleihung-des-ehrenamtspreises-an-dr-wolfgang-henkel\/"]}]},{"@type":"BreadcrumbList","@id":"https:\/\/www.naturparkmagazin.de\/stechlin\/verleihung-des-ehrenamtspreises-an-dr-wolfgang-henkel\/#breadcrumb","itemListElement":[{"@type":"ListItem","position":1,"name":"Home","item":"https:\/\/www.naturparkmagazin.de\/stechlin\/"},{"@type":"ListItem","position":2,"name":"Verleihung des Ehrenamtspreises an Dr. Wolfgang Henkel"}]},{"@type":"WebSite","@id":"https:\/\/www.naturparkmagazin.de\/stechlin\/#website","url":"https:\/\/www.naturparkmagazin.de\/stechlin\/","name":"Naturpark Stechlin-Ruppiner Land","description":"","potentialAction":[{"@type":"SearchAction","target":{"@type":"EntryPoint","urlTemplate":"https:\/\/www.naturparkmagazin.de\/stechlin\/?s={search_term_string}"},"query-input":"required name=search_term_string"}],"inLanguage":"de"},{"@type":"Person","@id":"https:\/\/www.naturparkmagazin.de\/stechlin\/#\/schema\/person\/3f0d93203df21c806dd63c76d9bb28bc","name":"marioschrumpf","url":"https:\/\/www.naturparkmagazin.de\/stechlin\/author\/marioschrumpf\/"}]}},"_links":{"self":[{"href":"https:\/\/www.naturparkmagazin.de\/stechlin\/wp-json\/wp\/v2\/posts\/1834"}],"collection":[{"href":"https:\/\/www.naturparkmagazin.de\/stechlin\/wp-json\/wp\/v2\/posts"}],"about":[{"href":"https:\/\/www.naturparkmagazin.de\/stechlin\/wp-json\/wp\/v2\/types\/post"}],"author":[{"embeddable":true,"href":"https:\/\/www.naturparkmagazin.de\/stechlin\/wp-json\/wp\/v2\/users\/39"}],"replies":[{"embeddable":true,"href":"https:\/\/www.naturparkmagazin.de\/stechlin\/wp-json\/wp\/v2\/comments?post=1834"}],"version-history":[{"count":5,"href":"https:\/\/www.naturparkmagazin.de\/stechlin\/wp-json\/wp\/v2\/posts\/1834\/revisions"}],"predecessor-version":[{"id":1928,"href":"https:\/\/www.naturparkmagazin.de\/stechlin\/wp-json\/wp\/v2\/posts\/1834\/revisions\/1928"}],"wp:featuredmedia":[{"embeddable":true,"href":"https:\/\/www.naturparkmagazin.de\/stechlin\/wp-json\/wp\/v2\/media\/1843"}],"wp:attachment":[{"href":"https:\/\/www.naturparkmagazin.de\/stechlin\/wp-json\/wp\/v2\/media?parent=1834"}],"wp:term":[{"taxonomy":"category","embeddable":true,"href":"https:\/\/www.naturparkmagazin.de\/stechlin\/wp-json\/wp\/v2\/categories?post=1834"},{"taxonomy":"post_tag","embeddable":true,"href":"https:\/\/www.naturparkmagazin.de\/stechlin\/wp-json\/wp\/v2\/tags?post=1834"}],"curies":[{"name":"wp","href":"https:\/\/api.w.org\/{rel}","templated":true}]}}