{"id":184,"date":"2013-09-26T09:01:57","date_gmt":"2013-09-26T07:01:57","guid":{"rendered":"http:\/\/www.naturparkmagazin.de\/stechlin\/?p=184"},"modified":"2013-10-01T15:42:37","modified_gmt":"2013-10-01T13:42:37","slug":"teamtag-im-naturpark-barnim","status":"publish","type":"post","link":"https:\/\/www.naturparkmagazin.de\/stechlin\/teamtag-im-naturpark-barnim\/","title":{"rendered":"Teamtag im Naturpark Barnim"},"content":{"rendered":"<p style=\"text-align: center\"><a href=\"https:\/\/www.naturparkmagazin.de\/stechlin\/wp-content\/uploads\/sites\/38\/k-DSC_0025.jpg\"><img decoding=\"async\" loading=\"lazy\" class=\"size-medium wp-image-185 aligncenter\" title=\"Dicht umlagert war der digitale Kartentisch im BARNIM-Panorama\" alt=\"Dicht umlagert war der digitale Kartentisch im BARNIM-Panorama\" src=\"https:\/\/www.naturparkmagazin.de\/stechlin\/wp-content\/uploads\/sites\/38\/k-DSC_0025-620x415.jpg\" width=\"620\" height=\"415\" srcset=\"https:\/\/www.naturparkmagazin.de\/stechlin\/wp-content\/uploads\/sites\/38\/k-DSC_0025-620x415.jpg 620w, https:\/\/www.naturparkmagazin.de\/stechlin\/wp-content\/uploads\/sites\/38\/k-DSC_0025-300x201.jpg 300w, https:\/\/www.naturparkmagazin.de\/stechlin\/wp-content\/uploads\/sites\/38\/k-DSC_0025-940x629.jpg 940w, https:\/\/www.naturparkmagazin.de\/stechlin\/wp-content\/uploads\/sites\/38\/k-DSC_0025-670x449.jpg 670w, https:\/\/www.naturparkmagazin.de\/stechlin\/wp-content\/uploads\/sites\/38\/k-DSC_0025-200x134.jpg 200w, https:\/\/www.naturparkmagazin.de\/stechlin\/wp-content\/uploads\/sites\/38\/k-DSC_0025.jpg 1936w\" sizes=\"(max-width: 620px) 100vw, 620px\" \/><\/a><\/p>\n<p>Am 11. September waren die Mitarbeiter der Naturparkverwaltung, des NaturParkHauses Stechlin und der Naturwacht auf Fachexkursion im Naturpark Barnim unterwegs. Im Rahmen des j\u00e4hrlichen Teamtages wurde der befreundete Naturpark am n\u00f6rdlichen Berliner Stadtrand besucht. Naturparkleiter Peter G\u00e4rtner lie\u00df es sich nicht nehmen, pers\u00f6nlich durch die Ausstellung im neu er\u00f6ffneten Besucherzentrum BARNIM-Panorama in Wandlitz zu f\u00fchren. Weitere Exkursionsziele waren der L\u00f6wenzahnpfad im Naturschutzgebiet Sch\u00f6nerlinder Teiche, Flie\u00dfgew\u00e4sserrenaturierungsma\u00dfnahmen am Pregnitzflie\u00df, das Moorwiedervern\u00e4ssungsprojekt Rabenluch und die Sohlgleite an der Hellm\u00fchle.<\/p>\n<p>&nbsp;<\/p>\n","protected":false},"excerpt":{"rendered":"<p>Am 11. September waren die Mitarbeiter der Naturparkverwaltung, des NaturParkHauses Stechlin und der Naturwacht auf Fachexkursion im Naturpark Barnim unterwegs. Im Rahmen des j\u00e4hrlichen Teamtages wurde der befreundete Naturpark am n\u00f6rdlichen Berliner Stadtrand besucht.<\/p>\n","protected":false},"author":39,"featured_media":185,"comment_status":"open","ping_status":"open","sticky":false,"template":"","format":"standard","meta":[],"categories":[7],"tags":[],"yoast_head":"<!-- This site is optimized with the Yoast SEO plugin v19.10 - https:\/\/yoast.com\/wordpress\/plugins\/seo\/ -->\n<title>Teamtag im Naturpark Barnim - Naturpark Stechlin-Ruppiner Land<\/title>\n<meta name=\"robots\" content=\"index, follow, max-snippet:-1, max-image-preview:large, max-video-preview:-1\" \/>\n<link rel=\"canonical\" href=\"https:\/\/www.naturparkmagazin.de\/stechlin\/teamtag-im-naturpark-barnim\/\" \/>\n<meta property=\"og:locale\" content=\"de_DE\" \/>\n<meta property=\"og:type\" content=\"article\" \/>\n<meta property=\"og:title\" content=\"Teamtag im Naturpark Barnim - Naturpark Stechlin-Ruppiner Land\" \/>\n<meta property=\"og:description\" content=\"Am 11. September waren die Mitarbeiter der Naturparkverwaltung, des NaturParkHauses Stechlin und der Naturwacht auf Fachexkursion im Naturpark Barnim unterwegs. Im Rahmen des j\u00e4hrlichen Teamtages wurde der befreundete Naturpark am n\u00f6rdlichen Berliner Stadtrand besucht.\" \/>\n<meta property=\"og:url\" content=\"https:\/\/www.naturparkmagazin.de\/stechlin\/teamtag-im-naturpark-barnim\/\" \/>\n<meta property=\"og:site_name\" content=\"Naturpark Stechlin-Ruppiner Land\" \/>\n<meta property=\"article:published_time\" content=\"2013-09-26T07:01:57+00:00\" \/>\n<meta property=\"article:modified_time\" content=\"2013-10-01T13:42:37+00:00\" \/>\n<meta property=\"og:image\" content=\"https:\/\/www.naturparkmagazin.de\/stechlin\/wp-content\/uploads\/sites\/38\/k-DSC_0025.jpg\" \/>\n\t<meta property=\"og:image:width\" content=\"1936\" \/>\n\t<meta property=\"og:image:height\" content=\"1296\" \/>\n\t<meta property=\"og:image:type\" content=\"image\/jpeg\" \/>\n<meta name=\"author\" content=\"marioschrumpf\" \/>\n<meta name=\"twitter:label1\" content=\"Verfasst von\" \/>\n\t<meta name=\"twitter:data1\" content=\"marioschrumpf\" \/>\n<script type=\"application\/ld+json\" class=\"yoast-schema-graph\">{\"@context\":\"https:\/\/schema.org\",\"@graph\":[{\"@type\":\"WebPage\",\"@id\":\"https:\/\/www.naturparkmagazin.de\/stechlin\/teamtag-im-naturpark-barnim\/\",\"url\":\"https:\/\/www.naturparkmagazin.de\/stechlin\/teamtag-im-naturpark-barnim\/\",\"name\":\"Teamtag im Naturpark Barnim - Naturpark Stechlin-Ruppiner Land\",\"isPartOf\":{\"@id\":\"https:\/\/www.naturparkmagazin.de\/stechlin\/#website\"},\"datePublished\":\"2013-09-26T07:01:57+00:00\",\"dateModified\":\"2013-10-01T13:42:37+00:00\",\"author\":{\"@id\":\"https:\/\/www.naturparkmagazin.de\/stechlin\/#\/schema\/person\/3f0d93203df21c806dd63c76d9bb28bc\"},\"breadcrumb\":{\"@id\":\"https:\/\/www.naturparkmagazin.de\/stechlin\/teamtag-im-naturpark-barnim\/#breadcrumb\"},\"inLanguage\":\"de\",\"potentialAction\":[{\"@type\":\"ReadAction\",\"target\":[\"https:\/\/www.naturparkmagazin.de\/stechlin\/teamtag-im-naturpark-barnim\/\"]}]},{\"@type\":\"BreadcrumbList\",\"@id\":\"https:\/\/www.naturparkmagazin.de\/stechlin\/teamtag-im-naturpark-barnim\/#breadcrumb\",\"itemListElement\":[{\"@type\":\"ListItem\",\"position\":1,\"name\":\"Home\",\"item\":\"https:\/\/www.naturparkmagazin.de\/stechlin\/\"},{\"@type\":\"ListItem\",\"position\":2,\"name\":\"Teamtag im Naturpark Barnim\"}]},{\"@type\":\"WebSite\",\"@id\":\"https:\/\/www.naturparkmagazin.de\/stechlin\/#website\",\"url\":\"https:\/\/www.naturparkmagazin.de\/stechlin\/\",\"name\":\"Naturpark Stechlin-Ruppiner Land\",\"description\":\"\",\"potentialAction\":[{\"@type\":\"SearchAction\",\"target\":{\"@type\":\"EntryPoint\",\"urlTemplate\":\"https:\/\/www.naturparkmagazin.de\/stechlin\/?s={search_term_string}\"},\"query-input\":\"required name=search_term_string\"}],\"inLanguage\":\"de\"},{\"@type\":\"Person\",\"@id\":\"https:\/\/www.naturparkmagazin.de\/stechlin\/#\/schema\/person\/3f0d93203df21c806dd63c76d9bb28bc\",\"name\":\"marioschrumpf\",\"url\":\"https:\/\/www.naturparkmagazin.de\/stechlin\/author\/marioschrumpf\/\"}]}<\/script>\n<!-- \/ Yoast SEO plugin. -->","yoast_head_json":{"title":"Teamtag im Naturpark Barnim - Naturpark Stechlin-Ruppiner Land","robots":{"index":"index","follow":"follow","max-snippet":"max-snippet:-1","max-image-preview":"max-image-preview:large","max-video-preview":"max-video-preview:-1"},"canonical":"https:\/\/www.naturparkmagazin.de\/stechlin\/teamtag-im-naturpark-barnim\/","og_locale":"de_DE","og_type":"article","og_title":"Teamtag im Naturpark Barnim - Naturpark Stechlin-Ruppiner Land","og_description":"Am 11. September waren die Mitarbeiter der Naturparkverwaltung, des NaturParkHauses Stechlin und der Naturwacht auf Fachexkursion im Naturpark Barnim unterwegs. Im Rahmen des j\u00e4hrlichen Teamtages wurde der befreundete Naturpark am n\u00f6rdlichen Berliner Stadtrand besucht.","og_url":"https:\/\/www.naturparkmagazin.de\/stechlin\/teamtag-im-naturpark-barnim\/","og_site_name":"Naturpark Stechlin-Ruppiner Land","article_published_time":"2013-09-26T07:01:57+00:00","article_modified_time":"2013-10-01T13:42:37+00:00","og_image":[{"width":1936,"height":1296,"url":"https:\/\/www.naturparkmagazin.de\/stechlin\/wp-content\/uploads\/sites\/38\/k-DSC_0025.jpg","type":"image\/jpeg"}],"author":"marioschrumpf","twitter_misc":{"Verfasst von":"marioschrumpf"},"schema":{"@context":"https:\/\/schema.org","@graph":[{"@type":"WebPage","@id":"https:\/\/www.naturparkmagazin.de\/stechlin\/teamtag-im-naturpark-barnim\/","url":"https:\/\/www.naturparkmagazin.de\/stechlin\/teamtag-im-naturpark-barnim\/","name":"Teamtag im Naturpark Barnim - Naturpark Stechlin-Ruppiner Land","isPartOf":{"@id":"https:\/\/www.naturparkmagazin.de\/stechlin\/#website"},"datePublished":"2013-09-26T07:01:57+00:00","dateModified":"2013-10-01T13:42:37+00:00","author":{"@id":"https:\/\/www.naturparkmagazin.de\/stechlin\/#\/schema\/person\/3f0d93203df21c806dd63c76d9bb28bc"},"breadcrumb":{"@id":"https:\/\/www.naturparkmagazin.de\/stechlin\/teamtag-im-naturpark-barnim\/#breadcrumb"},"inLanguage":"de","potentialAction":[{"@type":"ReadAction","target":["https:\/\/www.naturparkmagazin.de\/stechlin\/teamtag-im-naturpark-barnim\/"]}]},{"@type":"BreadcrumbList","@id":"https:\/\/www.naturparkmagazin.de\/stechlin\/teamtag-im-naturpark-barnim\/#breadcrumb","itemListElement":[{"@type":"ListItem","position":1,"name":"Home","item":"https:\/\/www.naturparkmagazin.de\/stechlin\/"},{"@type":"ListItem","position":2,"name":"Teamtag im Naturpark Barnim"}]},{"@type":"WebSite","@id":"https:\/\/www.naturparkmagazin.de\/stechlin\/#website","url":"https:\/\/www.naturparkmagazin.de\/stechlin\/","name":"Naturpark Stechlin-Ruppiner Land","description":"","potentialAction":[{"@type":"SearchAction","target":{"@type":"EntryPoint","urlTemplate":"https:\/\/www.naturparkmagazin.de\/stechlin\/?s={search_term_string}"},"query-input":"required name=search_term_string"}],"inLanguage":"de"},{"@type":"Person","@id":"https:\/\/www.naturparkmagazin.de\/stechlin\/#\/schema\/person\/3f0d93203df21c806dd63c76d9bb28bc","name":"marioschrumpf","url":"https:\/\/www.naturparkmagazin.de\/stechlin\/author\/marioschrumpf\/"}]}},"_links":{"self":[{"href":"https:\/\/www.naturparkmagazin.de\/stechlin\/wp-json\/wp\/v2\/posts\/184"}],"collection":[{"href":"https:\/\/www.naturparkmagazin.de\/stechlin\/wp-json\/wp\/v2\/posts"}],"about":[{"href":"https:\/\/www.naturparkmagazin.de\/stechlin\/wp-json\/wp\/v2\/types\/post"}],"author":[{"embeddable":true,"href":"https:\/\/www.naturparkmagazin.de\/stechlin\/wp-json\/wp\/v2\/users\/39"}],"replies":[{"embeddable":true,"href":"https:\/\/www.naturparkmagazin.de\/stechlin\/wp-json\/wp\/v2\/comments?post=184"}],"version-history":[{"count":5,"href":"https:\/\/www.naturparkmagazin.de\/stechlin\/wp-json\/wp\/v2\/posts\/184\/revisions"}],"predecessor-version":[{"id":342,"href":"https:\/\/www.naturparkmagazin.de\/stechlin\/wp-json\/wp\/v2\/posts\/184\/revisions\/342"}],"wp:featuredmedia":[{"embeddable":true,"href":"https:\/\/www.naturparkmagazin.de\/stechlin\/wp-json\/wp\/v2\/media\/185"}],"wp:attachment":[{"href":"https:\/\/www.naturparkmagazin.de\/stechlin\/wp-json\/wp\/v2\/media?parent=184"}],"wp:term":[{"taxonomy":"category","embeddable":true,"href":"https:\/\/www.naturparkmagazin.de\/stechlin\/wp-json\/wp\/v2\/categories?post=184"},{"taxonomy":"post_tag","embeddable":true,"href":"https:\/\/www.naturparkmagazin.de\/stechlin\/wp-json\/wp\/v2\/tags?post=184"}],"curies":[{"name":"wp","href":"https:\/\/api.w.org\/{rel}","templated":true}]}}