{"id":1840,"date":"2015-02-18T12:16:25","date_gmt":"2015-02-18T11:16:25","guid":{"rendered":"http:\/\/www.naturparkmagazin.de\/stechlin\/?p=1840"},"modified":"2015-02-24T14:25:17","modified_gmt":"2015-02-24T13:25:17","slug":"brandenburg-wirbt-auf-der-itb-fuer-lust-auf-natour","status":"publish","type":"post","link":"https:\/\/www.naturparkmagazin.de\/stechlin\/brandenburg-wirbt-auf-der-itb-fuer-lust-auf-natour\/","title":{"rendered":"Brandenburg wirbt auf der ITB f\u00fcr Lust auf NaTour"},"content":{"rendered":"<p><a href=\"https:\/\/www.naturparkmagazin.de\/stechlin\/wp-content\/uploads\/sites\/38\/Lust-auf-Natour.jpg\"><img decoding=\"async\" loading=\"lazy\" class=\"size-full wp-image-830 alignleft\" alt=\"NP SRL\/Dr. Mario Schrumpf\" src=\"https:\/\/www.naturparkmagazin.de\/stechlin\/wp-content\/uploads\/sites\/38\/Lust-auf-Natour.jpg\" width=\"300\" height=\"424\" srcset=\"https:\/\/www.naturparkmagazin.de\/stechlin\/wp-content\/uploads\/sites\/38\/Lust-auf-Natour.jpg 300w, https:\/\/www.naturparkmagazin.de\/stechlin\/wp-content\/uploads\/sites\/38\/Lust-auf-Natour-200x283.jpg 200w\" sizes=\"(max-width: 300px) 100vw, 300px\" \/><\/a>Brandenburgs 15 Gro\u00dfschutzgebiete werden vom 4. bis 8. M\u00e4rz auf der Internationalen Tourismusb\u00f6rse in Berlin (ITB) f\u00fcr ihre Angebote im Bereich Naturtourismus und Umweltbildung werben. Die elf Naturparke, drei Biosph\u00e4renreservate und der Nationalpark Unteres Odertal stellen sich im Rahmen der Brandenburg-Pr\u00e4sentation auf der ITB unter ihr langj\u00e4hriges Kampagnen-Motto &#8222;Lust auf NaTour&#8220;.<\/p>\n<p>Pr\u00e4sentiert werden die aktuellen Angebote f\u00fcr besondere Naturerlebnisse und regionales Genie\u00dfen in der zur ITB erscheinenden Ausgabe 2015 der &#8222;Lust auf NaTour-Angebote&#8220;. Die seit dem Jahr 2002 allj\u00e4hrlich erscheinende Brosch\u00fcre bietet einen \u00dcberblick \u00fcber buchbare Angebote in den 15 Naturlandschaften von Brandenburg, Kontaktdaten unter anderem von Natur- und Landschaftsf\u00fchrern und vieles mehr.<\/p>\n<p>In neuer Auflage erscheint zur Messe auch die Brosch\u00fcre &#8222;Lust auf NaTour&#8220;, das mehr als 100seitige Kompendium f\u00fcr Besucher der Brandenburgischen Naturlandschaften, das jedes Gebiet vorstellt, vielf\u00e4ltige Tipps und Anregungen f\u00fcr den Aufenthalt gibt und umfassende Serviceinformationen bietet.<\/p>\n<p>Beide Print-Medien sind nach der ITB auch kostenfrei im NaturParkHaus Stechlin in Menz erh\u00e4ltlich.<\/p>\n","protected":false},"excerpt":{"rendered":"<p>Brandenburgs 15 Gro\u00dfschutzgebiete werden vom 4. bis 8. M\u00e4rz auf der Internationalen Tourismusb\u00f6rse in Berlin (ITB) f\u00fcr ihre Angebote im Bereich Naturtourismus und Umweltbildung werben. <\/p>\n","protected":false},"author":39,"featured_media":830,"comment_status":"open","ping_status":"open","sticky":false,"template":"","format":"standard","meta":[],"categories":[7],"tags":[],"yoast_head":"<!-- This site is optimized with the Yoast SEO plugin v19.10 - https:\/\/yoast.com\/wordpress\/plugins\/seo\/ -->\n<title>Brandenburg wirbt auf der ITB f\u00fcr Lust auf NaTour - Naturpark Stechlin-Ruppiner Land<\/title>\n<meta name=\"robots\" content=\"index, follow, max-snippet:-1, max-image-preview:large, max-video-preview:-1\" \/>\n<link rel=\"canonical\" href=\"https:\/\/www.naturparkmagazin.de\/stechlin\/brandenburg-wirbt-auf-der-itb-fuer-lust-auf-natour\/\" \/>\n<meta property=\"og:locale\" content=\"de_DE\" \/>\n<meta property=\"og:type\" content=\"article\" \/>\n<meta property=\"og:title\" content=\"Brandenburg wirbt auf der ITB f\u00fcr Lust auf NaTour - Naturpark Stechlin-Ruppiner Land\" \/>\n<meta property=\"og:description\" content=\"Brandenburgs 15 Gro\u00dfschutzgebiete werden vom 4. bis 8. M\u00e4rz auf der Internationalen Tourismusb\u00f6rse in Berlin (ITB) f\u00fcr ihre Angebote im Bereich Naturtourismus und Umweltbildung werben.\" \/>\n<meta property=\"og:url\" content=\"https:\/\/www.naturparkmagazin.de\/stechlin\/brandenburg-wirbt-auf-der-itb-fuer-lust-auf-natour\/\" \/>\n<meta property=\"og:site_name\" content=\"Naturpark Stechlin-Ruppiner Land\" \/>\n<meta property=\"article:published_time\" content=\"2015-02-18T11:16:25+00:00\" \/>\n<meta property=\"article:modified_time\" content=\"2015-02-24T13:25:17+00:00\" \/>\n<meta property=\"og:image\" content=\"https:\/\/www.naturparkmagazin.de\/stechlin\/wp-content\/uploads\/sites\/38\/Lust-auf-Natour.jpg\" \/>\n\t<meta property=\"og:image:width\" content=\"300\" \/>\n\t<meta property=\"og:image:height\" content=\"424\" \/>\n\t<meta property=\"og:image:type\" content=\"image\/jpeg\" \/>\n<meta name=\"author\" content=\"marioschrumpf\" \/>\n<meta name=\"twitter:label1\" content=\"Verfasst von\" \/>\n\t<meta name=\"twitter:data1\" content=\"marioschrumpf\" \/>\n\t<meta name=\"twitter:label2\" content=\"Gesch\u00e4tzte Lesezeit\" \/>\n\t<meta name=\"twitter:data2\" content=\"1\u00a0Minute\" \/>\n<script type=\"application\/ld+json\" class=\"yoast-schema-graph\">{\"@context\":\"https:\/\/schema.org\",\"@graph\":[{\"@type\":\"WebPage\",\"@id\":\"https:\/\/www.naturparkmagazin.de\/stechlin\/brandenburg-wirbt-auf-der-itb-fuer-lust-auf-natour\/\",\"url\":\"https:\/\/www.naturparkmagazin.de\/stechlin\/brandenburg-wirbt-auf-der-itb-fuer-lust-auf-natour\/\",\"name\":\"Brandenburg wirbt auf der ITB f\u00fcr Lust auf NaTour - Naturpark Stechlin-Ruppiner Land\",\"isPartOf\":{\"@id\":\"https:\/\/www.naturparkmagazin.de\/stechlin\/#website\"},\"datePublished\":\"2015-02-18T11:16:25+00:00\",\"dateModified\":\"2015-02-24T13:25:17+00:00\",\"author\":{\"@id\":\"https:\/\/www.naturparkmagazin.de\/stechlin\/#\/schema\/person\/3f0d93203df21c806dd63c76d9bb28bc\"},\"breadcrumb\":{\"@id\":\"https:\/\/www.naturparkmagazin.de\/stechlin\/brandenburg-wirbt-auf-der-itb-fuer-lust-auf-natour\/#breadcrumb\"},\"inLanguage\":\"de\",\"potentialAction\":[{\"@type\":\"ReadAction\",\"target\":[\"https:\/\/www.naturparkmagazin.de\/stechlin\/brandenburg-wirbt-auf-der-itb-fuer-lust-auf-natour\/\"]}]},{\"@type\":\"BreadcrumbList\",\"@id\":\"https:\/\/www.naturparkmagazin.de\/stechlin\/brandenburg-wirbt-auf-der-itb-fuer-lust-auf-natour\/#breadcrumb\",\"itemListElement\":[{\"@type\":\"ListItem\",\"position\":1,\"name\":\"Home\",\"item\":\"https:\/\/www.naturparkmagazin.de\/stechlin\/\"},{\"@type\":\"ListItem\",\"position\":2,\"name\":\"Brandenburg wirbt auf der ITB f\u00fcr Lust auf NaTour\"}]},{\"@type\":\"WebSite\",\"@id\":\"https:\/\/www.naturparkmagazin.de\/stechlin\/#website\",\"url\":\"https:\/\/www.naturparkmagazin.de\/stechlin\/\",\"name\":\"Naturpark Stechlin-Ruppiner Land\",\"description\":\"\",\"potentialAction\":[{\"@type\":\"SearchAction\",\"target\":{\"@type\":\"EntryPoint\",\"urlTemplate\":\"https:\/\/www.naturparkmagazin.de\/stechlin\/?s={search_term_string}\"},\"query-input\":\"required name=search_term_string\"}],\"inLanguage\":\"de\"},{\"@type\":\"Person\",\"@id\":\"https:\/\/www.naturparkmagazin.de\/stechlin\/#\/schema\/person\/3f0d93203df21c806dd63c76d9bb28bc\",\"name\":\"marioschrumpf\",\"url\":\"https:\/\/www.naturparkmagazin.de\/stechlin\/author\/marioschrumpf\/\"}]}<\/script>\n<!-- \/ Yoast SEO plugin. -->","yoast_head_json":{"title":"Brandenburg wirbt auf der ITB f\u00fcr Lust auf NaTour - Naturpark Stechlin-Ruppiner Land","robots":{"index":"index","follow":"follow","max-snippet":"max-snippet:-1","max-image-preview":"max-image-preview:large","max-video-preview":"max-video-preview:-1"},"canonical":"https:\/\/www.naturparkmagazin.de\/stechlin\/brandenburg-wirbt-auf-der-itb-fuer-lust-auf-natour\/","og_locale":"de_DE","og_type":"article","og_title":"Brandenburg wirbt auf der ITB f\u00fcr Lust auf NaTour - Naturpark Stechlin-Ruppiner Land","og_description":"Brandenburgs 15 Gro\u00dfschutzgebiete werden vom 4. bis 8. M\u00e4rz auf der Internationalen Tourismusb\u00f6rse in Berlin (ITB) f\u00fcr ihre Angebote im Bereich Naturtourismus und Umweltbildung werben.","og_url":"https:\/\/www.naturparkmagazin.de\/stechlin\/brandenburg-wirbt-auf-der-itb-fuer-lust-auf-natour\/","og_site_name":"Naturpark Stechlin-Ruppiner Land","article_published_time":"2015-02-18T11:16:25+00:00","article_modified_time":"2015-02-24T13:25:17+00:00","og_image":[{"width":300,"height":424,"url":"https:\/\/www.naturparkmagazin.de\/stechlin\/wp-content\/uploads\/sites\/38\/Lust-auf-Natour.jpg","type":"image\/jpeg"}],"author":"marioschrumpf","twitter_misc":{"Verfasst von":"marioschrumpf","Gesch\u00e4tzte Lesezeit":"1\u00a0Minute"},"schema":{"@context":"https:\/\/schema.org","@graph":[{"@type":"WebPage","@id":"https:\/\/www.naturparkmagazin.de\/stechlin\/brandenburg-wirbt-auf-der-itb-fuer-lust-auf-natour\/","url":"https:\/\/www.naturparkmagazin.de\/stechlin\/brandenburg-wirbt-auf-der-itb-fuer-lust-auf-natour\/","name":"Brandenburg wirbt auf der ITB f\u00fcr Lust auf NaTour - Naturpark Stechlin-Ruppiner Land","isPartOf":{"@id":"https:\/\/www.naturparkmagazin.de\/stechlin\/#website"},"datePublished":"2015-02-18T11:16:25+00:00","dateModified":"2015-02-24T13:25:17+00:00","author":{"@id":"https:\/\/www.naturparkmagazin.de\/stechlin\/#\/schema\/person\/3f0d93203df21c806dd63c76d9bb28bc"},"breadcrumb":{"@id":"https:\/\/www.naturparkmagazin.de\/stechlin\/brandenburg-wirbt-auf-der-itb-fuer-lust-auf-natour\/#breadcrumb"},"inLanguage":"de","potentialAction":[{"@type":"ReadAction","target":["https:\/\/www.naturparkmagazin.de\/stechlin\/brandenburg-wirbt-auf-der-itb-fuer-lust-auf-natour\/"]}]},{"@type":"BreadcrumbList","@id":"https:\/\/www.naturparkmagazin.de\/stechlin\/brandenburg-wirbt-auf-der-itb-fuer-lust-auf-natour\/#breadcrumb","itemListElement":[{"@type":"ListItem","position":1,"name":"Home","item":"https:\/\/www.naturparkmagazin.de\/stechlin\/"},{"@type":"ListItem","position":2,"name":"Brandenburg wirbt auf der ITB f\u00fcr Lust auf NaTour"}]},{"@type":"WebSite","@id":"https:\/\/www.naturparkmagazin.de\/stechlin\/#website","url":"https:\/\/www.naturparkmagazin.de\/stechlin\/","name":"Naturpark Stechlin-Ruppiner Land","description":"","potentialAction":[{"@type":"SearchAction","target":{"@type":"EntryPoint","urlTemplate":"https:\/\/www.naturparkmagazin.de\/stechlin\/?s={search_term_string}"},"query-input":"required name=search_term_string"}],"inLanguage":"de"},{"@type":"Person","@id":"https:\/\/www.naturparkmagazin.de\/stechlin\/#\/schema\/person\/3f0d93203df21c806dd63c76d9bb28bc","name":"marioschrumpf","url":"https:\/\/www.naturparkmagazin.de\/stechlin\/author\/marioschrumpf\/"}]}},"_links":{"self":[{"href":"https:\/\/www.naturparkmagazin.de\/stechlin\/wp-json\/wp\/v2\/posts\/1840"}],"collection":[{"href":"https:\/\/www.naturparkmagazin.de\/stechlin\/wp-json\/wp\/v2\/posts"}],"about":[{"href":"https:\/\/www.naturparkmagazin.de\/stechlin\/wp-json\/wp\/v2\/types\/post"}],"author":[{"embeddable":true,"href":"https:\/\/www.naturparkmagazin.de\/stechlin\/wp-json\/wp\/v2\/users\/39"}],"replies":[{"embeddable":true,"href":"https:\/\/www.naturparkmagazin.de\/stechlin\/wp-json\/wp\/v2\/comments?post=1840"}],"version-history":[{"count":3,"href":"https:\/\/www.naturparkmagazin.de\/stechlin\/wp-json\/wp\/v2\/posts\/1840\/revisions"}],"predecessor-version":[{"id":1845,"href":"https:\/\/www.naturparkmagazin.de\/stechlin\/wp-json\/wp\/v2\/posts\/1840\/revisions\/1845"}],"wp:featuredmedia":[{"embeddable":true,"href":"https:\/\/www.naturparkmagazin.de\/stechlin\/wp-json\/wp\/v2\/media\/830"}],"wp:attachment":[{"href":"https:\/\/www.naturparkmagazin.de\/stechlin\/wp-json\/wp\/v2\/media?parent=1840"}],"wp:term":[{"taxonomy":"category","embeddable":true,"href":"https:\/\/www.naturparkmagazin.de\/stechlin\/wp-json\/wp\/v2\/categories?post=1840"},{"taxonomy":"post_tag","embeddable":true,"href":"https:\/\/www.naturparkmagazin.de\/stechlin\/wp-json\/wp\/v2\/tags?post=1840"}],"curies":[{"name":"wp","href":"https:\/\/api.w.org\/{rel}","templated":true}]}}