{"id":1849,"date":"2015-02-18T13:09:16","date_gmt":"2015-02-18T12:09:16","guid":{"rendered":"http:\/\/www.naturparkmagazin.de\/stechlin\/?p=1849"},"modified":"2015-02-25T10:26:19","modified_gmt":"2015-02-25T09:26:19","slug":"historische-fotos-von-menz-gesucht","status":"publish","type":"post","link":"https:\/\/www.naturparkmagazin.de\/stechlin\/historische-fotos-von-menz-gesucht\/","title":{"rendered":"Historische Fotos von Menz gesucht"},"content":{"rendered":"<p>Der Ort Menz, Sitz der Naturparkverwaltung, wird in diesem Jahr 725 Jahre alt. Zu Pfingsten 1290 hat Johannes de mentiz eine Urkunde der Grafen von Ruppin als Zeuge unterzeichnet. Dieses Dokument gilt als Erstw\u00e4hnung des Ortes.<\/p>\n<p>Pfarrer Mathias Wolf wird am 26. Juni, 18 Uhr in der\u00a0Kirche\u00a0anl\u00e4\u00dflich des 21. Menzer Waldfestes einen Vortrag \u00fcber die wechselvolle Geschichte des m\u00e4rkischen Dorfes halten.<\/p>\n<p>Anl\u00e4sslich des Jubil\u00e4ums werden alte Fotografien und Postkarten &#8211; Zeugnisse der Menzer Geschichte gesucht. Diese sollen in einer Ausstellung in der Dorfkirche gezeigt werden. Einiges wurde schon zusammengetragen. &#8222;<em>Sch\u00f6n w\u00e4re es, wenn Fotos\u00a0vom Schulplatz, alte Klassenfotos, Fotos vom Handwerk oder der Feldarbeit, von Dorffeiern oder Hochzeiten angeboten w\u00fcrden<\/em>&#8220; so Ortsbeiratsmitglied und Festkomitee-Vorsitzender Reimund Alheit. Alle sind aufgerufen in Fotoalben, auf Dachb\u00f6den\u00a0 und in entlegenen Schubladen zu suchen. Die Fotos werden eingescannt und gehen anschlie\u00dfend an die Besitzer zur\u00fcck.<\/p>\n<div id=\"attachment_1918\" style=\"width: 310px\" class=\"wp-caption alignright\"><a href=\"https:\/\/www.naturparkmagazin.de\/stechlin\/wp-content\/uploads\/sites\/38\/Die-Herren-von-der-Post-Lindenstra\u00dfe-12-von-Doro-Messner_kleiner.jpg\"><img aria-describedby=\"caption-attachment-1918\" decoding=\"async\" loading=\"lazy\" class=\"size-thumbnail wp-image-1918\" alt=\"die &quot;Herren von der Post&quot;, Lindenstra\u00dfe 12 (fr\u00fcher 10)\" src=\"https:\/\/www.naturparkmagazin.de\/stechlin\/wp-content\/uploads\/sites\/38\/Die-Herren-von-der-Post-Lindenstra\u00dfe-12-von-Doro-Messner_kleiner-300x199.jpg\" width=\"300\" height=\"199\" \/><\/a><p id=\"caption-attachment-1918\" class=\"wp-caption-text\">die &#8222;Herren von der Post&#8220;, Lindenstra\u00dfe 12 (fr\u00fcher 10)<\/p><\/div>\n<p>Bilder, aber auch Urkunden k\u00f6nnen entweder im Pfarramt bei Mathias Wolf in der Kirchstr. 1 , bei Reta Fl\u00fctsch in der Lindenstr. 11 abgegeben oder per E-Mail an <a href=\"mailto:wolfmenz@t-online.de\">wolfmenz@t-online.de<\/a> gesandt werden.<\/p>\n<p>&nbsp;<\/p>\n","protected":false},"excerpt":{"rendered":"<p>Der Ort Menz, Sitz der Naturparkverwaltung, wird in diesem Jahr 725 Jahre alt. Anl\u00e4sslich des Jubil\u00e4ums werden alte Fotografien und Postkarten &#8211; Zeugnisse der Menzer Geschichte gesucht.<\/p>\n","protected":false},"author":39,"featured_media":1918,"comment_status":"open","ping_status":"open","sticky":false,"template":"","format":"standard","meta":[],"categories":[7],"tags":[],"yoast_head":"<!-- This site is optimized with the Yoast SEO plugin v19.10 - https:\/\/yoast.com\/wordpress\/plugins\/seo\/ -->\n<title>Historische Fotos von Menz gesucht - Naturpark Stechlin-Ruppiner Land<\/title>\n<meta name=\"robots\" content=\"index, follow, max-snippet:-1, max-image-preview:large, max-video-preview:-1\" \/>\n<link rel=\"canonical\" href=\"https:\/\/www.naturparkmagazin.de\/stechlin\/historische-fotos-von-menz-gesucht\/\" \/>\n<meta property=\"og:locale\" content=\"de_DE\" \/>\n<meta property=\"og:type\" content=\"article\" \/>\n<meta property=\"og:title\" content=\"Historische Fotos von Menz gesucht - Naturpark Stechlin-Ruppiner Land\" \/>\n<meta property=\"og:description\" content=\"Der Ort Menz, Sitz der Naturparkverwaltung, wird in diesem Jahr 725 Jahre alt. Anl\u00e4sslich des Jubil\u00e4ums werden alte Fotografien und Postkarten - Zeugnisse der Menzer Geschichte gesucht.\" \/>\n<meta property=\"og:url\" content=\"https:\/\/www.naturparkmagazin.de\/stechlin\/historische-fotos-von-menz-gesucht\/\" \/>\n<meta property=\"og:site_name\" content=\"Naturpark Stechlin-Ruppiner Land\" \/>\n<meta property=\"article:published_time\" content=\"2015-02-18T12:09:16+00:00\" \/>\n<meta property=\"article:modified_time\" content=\"2015-02-25T09:26:19+00:00\" \/>\n<meta property=\"og:image\" content=\"https:\/\/www.naturparkmagazin.de\/stechlin\/wp-content\/uploads\/sites\/38\/Die-Herren-von-der-Post-Lindenstra\u00dfe-12-von-Doro-Messner_kleiner.jpg\" \/>\n\t<meta property=\"og:image:width\" content=\"1472\" \/>\n\t<meta property=\"og:image:height\" content=\"979\" \/>\n\t<meta property=\"og:image:type\" content=\"image\/jpeg\" \/>\n<meta name=\"author\" content=\"marioschrumpf\" \/>\n<meta name=\"twitter:label1\" content=\"Verfasst von\" \/>\n\t<meta name=\"twitter:data1\" content=\"marioschrumpf\" \/>\n\t<meta name=\"twitter:label2\" content=\"Gesch\u00e4tzte Lesezeit\" \/>\n\t<meta name=\"twitter:data2\" content=\"1\u00a0Minute\" \/>\n<script type=\"application\/ld+json\" class=\"yoast-schema-graph\">{\"@context\":\"https:\/\/schema.org\",\"@graph\":[{\"@type\":\"WebPage\",\"@id\":\"https:\/\/www.naturparkmagazin.de\/stechlin\/historische-fotos-von-menz-gesucht\/\",\"url\":\"https:\/\/www.naturparkmagazin.de\/stechlin\/historische-fotos-von-menz-gesucht\/\",\"name\":\"Historische Fotos von Menz gesucht - Naturpark Stechlin-Ruppiner Land\",\"isPartOf\":{\"@id\":\"https:\/\/www.naturparkmagazin.de\/stechlin\/#website\"},\"datePublished\":\"2015-02-18T12:09:16+00:00\",\"dateModified\":\"2015-02-25T09:26:19+00:00\",\"author\":{\"@id\":\"https:\/\/www.naturparkmagazin.de\/stechlin\/#\/schema\/person\/3f0d93203df21c806dd63c76d9bb28bc\"},\"breadcrumb\":{\"@id\":\"https:\/\/www.naturparkmagazin.de\/stechlin\/historische-fotos-von-menz-gesucht\/#breadcrumb\"},\"inLanguage\":\"de\",\"potentialAction\":[{\"@type\":\"ReadAction\",\"target\":[\"https:\/\/www.naturparkmagazin.de\/stechlin\/historische-fotos-von-menz-gesucht\/\"]}]},{\"@type\":\"BreadcrumbList\",\"@id\":\"https:\/\/www.naturparkmagazin.de\/stechlin\/historische-fotos-von-menz-gesucht\/#breadcrumb\",\"itemListElement\":[{\"@type\":\"ListItem\",\"position\":1,\"name\":\"Home\",\"item\":\"https:\/\/www.naturparkmagazin.de\/stechlin\/\"},{\"@type\":\"ListItem\",\"position\":2,\"name\":\"Historische Fotos von Menz gesucht\"}]},{\"@type\":\"WebSite\",\"@id\":\"https:\/\/www.naturparkmagazin.de\/stechlin\/#website\",\"url\":\"https:\/\/www.naturparkmagazin.de\/stechlin\/\",\"name\":\"Naturpark Stechlin-Ruppiner Land\",\"description\":\"\",\"potentialAction\":[{\"@type\":\"SearchAction\",\"target\":{\"@type\":\"EntryPoint\",\"urlTemplate\":\"https:\/\/www.naturparkmagazin.de\/stechlin\/?s={search_term_string}\"},\"query-input\":\"required name=search_term_string\"}],\"inLanguage\":\"de\"},{\"@type\":\"Person\",\"@id\":\"https:\/\/www.naturparkmagazin.de\/stechlin\/#\/schema\/person\/3f0d93203df21c806dd63c76d9bb28bc\",\"name\":\"marioschrumpf\",\"url\":\"https:\/\/www.naturparkmagazin.de\/stechlin\/author\/marioschrumpf\/\"}]}<\/script>\n<!-- \/ Yoast SEO plugin. -->","yoast_head_json":{"title":"Historische Fotos von Menz gesucht - Naturpark Stechlin-Ruppiner Land","robots":{"index":"index","follow":"follow","max-snippet":"max-snippet:-1","max-image-preview":"max-image-preview:large","max-video-preview":"max-video-preview:-1"},"canonical":"https:\/\/www.naturparkmagazin.de\/stechlin\/historische-fotos-von-menz-gesucht\/","og_locale":"de_DE","og_type":"article","og_title":"Historische Fotos von Menz gesucht - Naturpark Stechlin-Ruppiner Land","og_description":"Der Ort Menz, Sitz der Naturparkverwaltung, wird in diesem Jahr 725 Jahre alt. Anl\u00e4sslich des Jubil\u00e4ums werden alte Fotografien und Postkarten - Zeugnisse der Menzer Geschichte gesucht.","og_url":"https:\/\/www.naturparkmagazin.de\/stechlin\/historische-fotos-von-menz-gesucht\/","og_site_name":"Naturpark Stechlin-Ruppiner Land","article_published_time":"2015-02-18T12:09:16+00:00","article_modified_time":"2015-02-25T09:26:19+00:00","og_image":[{"width":1472,"height":979,"url":"https:\/\/www.naturparkmagazin.de\/stechlin\/wp-content\/uploads\/sites\/38\/Die-Herren-von-der-Post-Lindenstra\u00dfe-12-von-Doro-Messner_kleiner.jpg","type":"image\/jpeg"}],"author":"marioschrumpf","twitter_misc":{"Verfasst von":"marioschrumpf","Gesch\u00e4tzte Lesezeit":"1\u00a0Minute"},"schema":{"@context":"https:\/\/schema.org","@graph":[{"@type":"WebPage","@id":"https:\/\/www.naturparkmagazin.de\/stechlin\/historische-fotos-von-menz-gesucht\/","url":"https:\/\/www.naturparkmagazin.de\/stechlin\/historische-fotos-von-menz-gesucht\/","name":"Historische Fotos von Menz gesucht - Naturpark Stechlin-Ruppiner Land","isPartOf":{"@id":"https:\/\/www.naturparkmagazin.de\/stechlin\/#website"},"datePublished":"2015-02-18T12:09:16+00:00","dateModified":"2015-02-25T09:26:19+00:00","author":{"@id":"https:\/\/www.naturparkmagazin.de\/stechlin\/#\/schema\/person\/3f0d93203df21c806dd63c76d9bb28bc"},"breadcrumb":{"@id":"https:\/\/www.naturparkmagazin.de\/stechlin\/historische-fotos-von-menz-gesucht\/#breadcrumb"},"inLanguage":"de","potentialAction":[{"@type":"ReadAction","target":["https:\/\/www.naturparkmagazin.de\/stechlin\/historische-fotos-von-menz-gesucht\/"]}]},{"@type":"BreadcrumbList","@id":"https:\/\/www.naturparkmagazin.de\/stechlin\/historische-fotos-von-menz-gesucht\/#breadcrumb","itemListElement":[{"@type":"ListItem","position":1,"name":"Home","item":"https:\/\/www.naturparkmagazin.de\/stechlin\/"},{"@type":"ListItem","position":2,"name":"Historische Fotos von Menz gesucht"}]},{"@type":"WebSite","@id":"https:\/\/www.naturparkmagazin.de\/stechlin\/#website","url":"https:\/\/www.naturparkmagazin.de\/stechlin\/","name":"Naturpark Stechlin-Ruppiner Land","description":"","potentialAction":[{"@type":"SearchAction","target":{"@type":"EntryPoint","urlTemplate":"https:\/\/www.naturparkmagazin.de\/stechlin\/?s={search_term_string}"},"query-input":"required name=search_term_string"}],"inLanguage":"de"},{"@type":"Person","@id":"https:\/\/www.naturparkmagazin.de\/stechlin\/#\/schema\/person\/3f0d93203df21c806dd63c76d9bb28bc","name":"marioschrumpf","url":"https:\/\/www.naturparkmagazin.de\/stechlin\/author\/marioschrumpf\/"}]}},"_links":{"self":[{"href":"https:\/\/www.naturparkmagazin.de\/stechlin\/wp-json\/wp\/v2\/posts\/1849"}],"collection":[{"href":"https:\/\/www.naturparkmagazin.de\/stechlin\/wp-json\/wp\/v2\/posts"}],"about":[{"href":"https:\/\/www.naturparkmagazin.de\/stechlin\/wp-json\/wp\/v2\/types\/post"}],"author":[{"embeddable":true,"href":"https:\/\/www.naturparkmagazin.de\/stechlin\/wp-json\/wp\/v2\/users\/39"}],"replies":[{"embeddable":true,"href":"https:\/\/www.naturparkmagazin.de\/stechlin\/wp-json\/wp\/v2\/comments?post=1849"}],"version-history":[{"count":4,"href":"https:\/\/www.naturparkmagazin.de\/stechlin\/wp-json\/wp\/v2\/posts\/1849\/revisions"}],"predecessor-version":[{"id":1919,"href":"https:\/\/www.naturparkmagazin.de\/stechlin\/wp-json\/wp\/v2\/posts\/1849\/revisions\/1919"}],"wp:featuredmedia":[{"embeddable":true,"href":"https:\/\/www.naturparkmagazin.de\/stechlin\/wp-json\/wp\/v2\/media\/1918"}],"wp:attachment":[{"href":"https:\/\/www.naturparkmagazin.de\/stechlin\/wp-json\/wp\/v2\/media?parent=1849"}],"wp:term":[{"taxonomy":"category","embeddable":true,"href":"https:\/\/www.naturparkmagazin.de\/stechlin\/wp-json\/wp\/v2\/categories?post=1849"},{"taxonomy":"post_tag","embeddable":true,"href":"https:\/\/www.naturparkmagazin.de\/stechlin\/wp-json\/wp\/v2\/tags?post=1849"}],"curies":[{"name":"wp","href":"https:\/\/api.w.org\/{rel}","templated":true}]}}