{"id":1853,"date":"2015-02-18T13:37:20","date_gmt":"2015-02-18T12:37:20","guid":{"rendered":"http:\/\/www.naturparkmagazin.de\/stechlin\/?p=1853"},"modified":"2015-02-24T14:29:04","modified_gmt":"2015-02-24T13:29:04","slug":"radwanderkarte-neu-aufgelegt","status":"publish","type":"post","link":"https:\/\/www.naturparkmagazin.de\/stechlin\/radwanderkarte-neu-aufgelegt\/","title":{"rendered":"Radwanderkarte neu aufgelegt"},"content":{"rendered":"<div id=\"attachment_1830\" style=\"width: 105px\" class=\"wp-caption alignleft\"><a href=\"https:\/\/www.naturparkmagazin.de\/stechlin\/wp-content\/uploads\/sites\/38\/Flyer-Radwanderkarte-ge\u00e4ndert.jpg\"><img aria-describedby=\"caption-attachment-1830\" decoding=\"async\" loading=\"lazy\" class=\"size-full wp-image-1830 \" alt=\"Radwanderkarte\" src=\"https:\/\/www.naturparkmagazin.de\/stechlin\/wp-content\/uploads\/sites\/38\/Flyer-Radwanderkarte-ge\u00e4ndert.jpg\" width=\"95\" height=\"200\" \/><\/a><p id=\"caption-attachment-1830\" class=\"wp-caption-text\">Radwanderkarte<\/p><\/div>\n<p>Unter dem Titel &#8222;Radeln zwischen Mecklenburgischer Seenplatte, Ruppiner Seenland und Uckermark&#8220; hat die Regio-Nord die 2. aktualiserte Auflage einer Radwanderkarte f\u00fcr die Region um Zehdenick, F\u00fcrstenberg\/Havel und Gransee herausgegeben. Nicht nur das Radwegenetz, sondern auch Ausflugstipps und Wissenswertes \u00fcber die Region im Nordosten des Naturparks sind zu finden. F\u00fcr diese Saison wurde eine Auflage von 2.500 St\u00fcck gedruckt.<\/p>\n<p>Die Karte ist in den Tourist-Informationen Zehdenick, Stechlin, F\u00fcrstenberg\/Havel und Himmelpfort erh\u00e4ltlich oder im Online-Shop unter <a href=\"http:\/\/www.stechlin.de\">www.stechlin.de<\/a>, <a href=\"http:\/\/www.fuerstenberger-seenland.de\">www.fuerstenberger-seenland.de<\/a> und <a href=\"http:\/\/www.himmelpfort.de\">www.himmelpfort.de<\/a>.<\/p>\n","protected":false},"excerpt":{"rendered":"<p>Unter dem Titel &#8222;Radeln zwischen Mecklenburgischer Seenplatte, Ruppiner Seenland und Uckermark&#8220; hat die Regio-Nord die 2. aktualiserte Auflage einer Radwanderkarte f\u00fcr die Region um Zehdenick, F\u00fcrstenberg\/Havel und Gransee herausgegeben. <\/p>\n","protected":false},"author":39,"featured_media":1655,"comment_status":"open","ping_status":"open","sticky":false,"template":"","format":"standard","meta":[],"categories":[7],"tags":[],"yoast_head":"<!-- This site is optimized with the Yoast SEO plugin v19.10 - https:\/\/yoast.com\/wordpress\/plugins\/seo\/ -->\n<title>Radwanderkarte neu aufgelegt - Naturpark Stechlin-Ruppiner Land<\/title>\n<meta name=\"robots\" content=\"index, follow, max-snippet:-1, max-image-preview:large, max-video-preview:-1\" \/>\n<link rel=\"canonical\" href=\"https:\/\/www.naturparkmagazin.de\/stechlin\/radwanderkarte-neu-aufgelegt\/\" \/>\n<meta property=\"og:locale\" content=\"de_DE\" \/>\n<meta property=\"og:type\" content=\"article\" \/>\n<meta property=\"og:title\" content=\"Radwanderkarte neu aufgelegt - Naturpark Stechlin-Ruppiner Land\" \/>\n<meta property=\"og:description\" content=\"Unter dem Titel &quot;Radeln zwischen Mecklenburgischer Seenplatte, Ruppiner Seenland und Uckermark&quot; hat die Regio-Nord die 2. aktualiserte Auflage einer Radwanderkarte f\u00fcr die Region um Zehdenick, F\u00fcrstenberg\/Havel und Gransee herausgegeben.\" \/>\n<meta property=\"og:url\" content=\"https:\/\/www.naturparkmagazin.de\/stechlin\/radwanderkarte-neu-aufgelegt\/\" \/>\n<meta property=\"og:site_name\" content=\"Naturpark Stechlin-Ruppiner Land\" \/>\n<meta property=\"article:published_time\" content=\"2015-02-18T12:37:20+00:00\" \/>\n<meta property=\"article:modified_time\" content=\"2015-02-24T13:29:04+00:00\" \/>\n<meta property=\"og:image\" content=\"https:\/\/www.naturparkmagazin.de\/stechlin\/wp-content\/uploads\/sites\/38\/k-DSC_0426.jpg\" \/>\n\t<meta property=\"og:image:width\" content=\"640\" \/>\n\t<meta property=\"og:image:height\" content=\"480\" \/>\n\t<meta property=\"og:image:type\" content=\"image\/jpeg\" \/>\n<meta name=\"author\" content=\"marioschrumpf\" \/>\n<meta name=\"twitter:label1\" content=\"Verfasst von\" \/>\n\t<meta name=\"twitter:data1\" content=\"marioschrumpf\" \/>\n<script type=\"application\/ld+json\" class=\"yoast-schema-graph\">{\"@context\":\"https:\/\/schema.org\",\"@graph\":[{\"@type\":\"WebPage\",\"@id\":\"https:\/\/www.naturparkmagazin.de\/stechlin\/radwanderkarte-neu-aufgelegt\/\",\"url\":\"https:\/\/www.naturparkmagazin.de\/stechlin\/radwanderkarte-neu-aufgelegt\/\",\"name\":\"Radwanderkarte neu aufgelegt - Naturpark Stechlin-Ruppiner Land\",\"isPartOf\":{\"@id\":\"https:\/\/www.naturparkmagazin.de\/stechlin\/#website\"},\"datePublished\":\"2015-02-18T12:37:20+00:00\",\"dateModified\":\"2015-02-24T13:29:04+00:00\",\"author\":{\"@id\":\"https:\/\/www.naturparkmagazin.de\/stechlin\/#\/schema\/person\/3f0d93203df21c806dd63c76d9bb28bc\"},\"breadcrumb\":{\"@id\":\"https:\/\/www.naturparkmagazin.de\/stechlin\/radwanderkarte-neu-aufgelegt\/#breadcrumb\"},\"inLanguage\":\"de\",\"potentialAction\":[{\"@type\":\"ReadAction\",\"target\":[\"https:\/\/www.naturparkmagazin.de\/stechlin\/radwanderkarte-neu-aufgelegt\/\"]}]},{\"@type\":\"BreadcrumbList\",\"@id\":\"https:\/\/www.naturparkmagazin.de\/stechlin\/radwanderkarte-neu-aufgelegt\/#breadcrumb\",\"itemListElement\":[{\"@type\":\"ListItem\",\"position\":1,\"name\":\"Home\",\"item\":\"https:\/\/www.naturparkmagazin.de\/stechlin\/\"},{\"@type\":\"ListItem\",\"position\":2,\"name\":\"Radwanderkarte neu aufgelegt\"}]},{\"@type\":\"WebSite\",\"@id\":\"https:\/\/www.naturparkmagazin.de\/stechlin\/#website\",\"url\":\"https:\/\/www.naturparkmagazin.de\/stechlin\/\",\"name\":\"Naturpark Stechlin-Ruppiner Land\",\"description\":\"\",\"potentialAction\":[{\"@type\":\"SearchAction\",\"target\":{\"@type\":\"EntryPoint\",\"urlTemplate\":\"https:\/\/www.naturparkmagazin.de\/stechlin\/?s={search_term_string}\"},\"query-input\":\"required name=search_term_string\"}],\"inLanguage\":\"de\"},{\"@type\":\"Person\",\"@id\":\"https:\/\/www.naturparkmagazin.de\/stechlin\/#\/schema\/person\/3f0d93203df21c806dd63c76d9bb28bc\",\"name\":\"marioschrumpf\",\"url\":\"https:\/\/www.naturparkmagazin.de\/stechlin\/author\/marioschrumpf\/\"}]}<\/script>\n<!-- \/ Yoast SEO plugin. -->","yoast_head_json":{"title":"Radwanderkarte neu aufgelegt - Naturpark Stechlin-Ruppiner Land","robots":{"index":"index","follow":"follow","max-snippet":"max-snippet:-1","max-image-preview":"max-image-preview:large","max-video-preview":"max-video-preview:-1"},"canonical":"https:\/\/www.naturparkmagazin.de\/stechlin\/radwanderkarte-neu-aufgelegt\/","og_locale":"de_DE","og_type":"article","og_title":"Radwanderkarte neu aufgelegt - Naturpark Stechlin-Ruppiner Land","og_description":"Unter dem Titel \"Radeln zwischen Mecklenburgischer Seenplatte, Ruppiner Seenland und Uckermark\" hat die Regio-Nord die 2. aktualiserte Auflage einer Radwanderkarte f\u00fcr die Region um Zehdenick, F\u00fcrstenberg\/Havel und Gransee herausgegeben.","og_url":"https:\/\/www.naturparkmagazin.de\/stechlin\/radwanderkarte-neu-aufgelegt\/","og_site_name":"Naturpark Stechlin-Ruppiner Land","article_published_time":"2015-02-18T12:37:20+00:00","article_modified_time":"2015-02-24T13:29:04+00:00","og_image":[{"width":640,"height":480,"url":"https:\/\/www.naturparkmagazin.de\/stechlin\/wp-content\/uploads\/sites\/38\/k-DSC_0426.jpg","type":"image\/jpeg"}],"author":"marioschrumpf","twitter_misc":{"Verfasst von":"marioschrumpf"},"schema":{"@context":"https:\/\/schema.org","@graph":[{"@type":"WebPage","@id":"https:\/\/www.naturparkmagazin.de\/stechlin\/radwanderkarte-neu-aufgelegt\/","url":"https:\/\/www.naturparkmagazin.de\/stechlin\/radwanderkarte-neu-aufgelegt\/","name":"Radwanderkarte neu aufgelegt - Naturpark Stechlin-Ruppiner Land","isPartOf":{"@id":"https:\/\/www.naturparkmagazin.de\/stechlin\/#website"},"datePublished":"2015-02-18T12:37:20+00:00","dateModified":"2015-02-24T13:29:04+00:00","author":{"@id":"https:\/\/www.naturparkmagazin.de\/stechlin\/#\/schema\/person\/3f0d93203df21c806dd63c76d9bb28bc"},"breadcrumb":{"@id":"https:\/\/www.naturparkmagazin.de\/stechlin\/radwanderkarte-neu-aufgelegt\/#breadcrumb"},"inLanguage":"de","potentialAction":[{"@type":"ReadAction","target":["https:\/\/www.naturparkmagazin.de\/stechlin\/radwanderkarte-neu-aufgelegt\/"]}]},{"@type":"BreadcrumbList","@id":"https:\/\/www.naturparkmagazin.de\/stechlin\/radwanderkarte-neu-aufgelegt\/#breadcrumb","itemListElement":[{"@type":"ListItem","position":1,"name":"Home","item":"https:\/\/www.naturparkmagazin.de\/stechlin\/"},{"@type":"ListItem","position":2,"name":"Radwanderkarte neu aufgelegt"}]},{"@type":"WebSite","@id":"https:\/\/www.naturparkmagazin.de\/stechlin\/#website","url":"https:\/\/www.naturparkmagazin.de\/stechlin\/","name":"Naturpark Stechlin-Ruppiner Land","description":"","potentialAction":[{"@type":"SearchAction","target":{"@type":"EntryPoint","urlTemplate":"https:\/\/www.naturparkmagazin.de\/stechlin\/?s={search_term_string}"},"query-input":"required name=search_term_string"}],"inLanguage":"de"},{"@type":"Person","@id":"https:\/\/www.naturparkmagazin.de\/stechlin\/#\/schema\/person\/3f0d93203df21c806dd63c76d9bb28bc","name":"marioschrumpf","url":"https:\/\/www.naturparkmagazin.de\/stechlin\/author\/marioschrumpf\/"}]}},"_links":{"self":[{"href":"https:\/\/www.naturparkmagazin.de\/stechlin\/wp-json\/wp\/v2\/posts\/1853"}],"collection":[{"href":"https:\/\/www.naturparkmagazin.de\/stechlin\/wp-json\/wp\/v2\/posts"}],"about":[{"href":"https:\/\/www.naturparkmagazin.de\/stechlin\/wp-json\/wp\/v2\/types\/post"}],"author":[{"embeddable":true,"href":"https:\/\/www.naturparkmagazin.de\/stechlin\/wp-json\/wp\/v2\/users\/39"}],"replies":[{"embeddable":true,"href":"https:\/\/www.naturparkmagazin.de\/stechlin\/wp-json\/wp\/v2\/comments?post=1853"}],"version-history":[{"count":3,"href":"https:\/\/www.naturparkmagazin.de\/stechlin\/wp-json\/wp\/v2\/posts\/1853\/revisions"}],"predecessor-version":[{"id":1856,"href":"https:\/\/www.naturparkmagazin.de\/stechlin\/wp-json\/wp\/v2\/posts\/1853\/revisions\/1856"}],"wp:featuredmedia":[{"embeddable":true,"href":"https:\/\/www.naturparkmagazin.de\/stechlin\/wp-json\/wp\/v2\/media\/1655"}],"wp:attachment":[{"href":"https:\/\/www.naturparkmagazin.de\/stechlin\/wp-json\/wp\/v2\/media?parent=1853"}],"wp:term":[{"taxonomy":"category","embeddable":true,"href":"https:\/\/www.naturparkmagazin.de\/stechlin\/wp-json\/wp\/v2\/categories?post=1853"},{"taxonomy":"post_tag","embeddable":true,"href":"https:\/\/www.naturparkmagazin.de\/stechlin\/wp-json\/wp\/v2\/tags?post=1853"}],"curies":[{"name":"wp","href":"https:\/\/api.w.org\/{rel}","templated":true}]}}